{"id":216488,"date":"2026-02-18T15:46:00","date_gmt":"2026-02-18T18:46:00","guid":{"rendered":"https:\/\/portaltela.pt\/noticias\/2026\/02\/18\/quinta-feira-e-dia-de-ver-a-perola-e-a-filigrana\/"},"modified":"2026-02-18T15:46:00","modified_gmt":"2026-02-18T18:46:00","slug":"quinta-feira-e-dia-de-ver-a-perola-e-a-filigrana","status":"publish","type":"post","link":"https:\/\/portaltela.pt\/noticias\/2026\/02\/18\/quinta-feira-e-dia-de-ver-a-perola-e-a-filigrana\/","title":{"rendered":"Quinta-feira \u00e9 dia de ver A P\u00e9rola e a filigrana"},"content":{"rendered":"<p>A comitiva cultural da semana traz v\u00e1rias propostas em Portugal, desde teatro a exposi\u00e7\u00f5es e concertos. Em Lisboa, Gondomar, Porto e Vila Vi\u00e7osa h\u00e1 sess\u00f5es de teatro, visitas museol\u00f3gicas, espet\u00e1culos musicais e mostra hist\u00f3rica, com entradas acess\u00edveis e programa\u00e7\u00e3o para diferentes p\u00fablicos. A agenda destaca obras e artistas nacionais e internacionais.<\/p>\n<p>Em Lisboa, o Teatro da Comuna recebe A P\u00e9rola, de John Steinbeck, numa encena\u00e7\u00e3o de Jorge Gomes Ribeiro. A pe\u00e7a fica em cena de 19 de fevereiro a 7 de mar\u00e7o, de quinta a s\u00e1bado, \u00e0s 21h, para maiores de 12 anos, com bilheteira a 15\u20ac.<\/p>\n<p>Ainda em Lisboa, o Museu Municipal da Filigrana tem a Casa Branca de Gramido e oferece mostra sobre a arte da filigrana, aberta de ter\u00e7a a s\u00e1bado, em hor\u00e1rios de manh\u00e3 e tarde, com entrada entre gratuita e 2\u20ac. O espa\u00e7o integra a Rota da Filigrana.<\/p>\n<p>Em Portugal Continental, o cartaz inclui Raul Mid\u00f3n em concerto no Hot Five Jazz &amp; Blues Club, no Porto, a 19 de fevereiro, \u00e0s 21h30, com pre\u00e7os entre 25\u20ac e 70\u20ac, apresentando o seu one man show e o \u00e1lbum mais recente Lost &amp; Found (2024).<\/p>\n<p>Na mesma cidade, a Casa da M\u00fasica recebe Michelle Gurevich a 19 de fevereiro, \u00e0s 21h30, com bilhetes entre 30\u20ac e 30\u20ac, apresentando o \u00e1lbum It Was the Moment (2024) em estilo folk e slowcore, descrito como uma experi\u00eancia de catarse musical.<\/p>\n<p>Em Lisboa, Conversas de Miguel volta aos palcos do Campo Pequeno entre 19 e 21 de fevereiro, com sess\u00f5es \u00e0s 22h, idades a partir de 16 anos e bilhetes entre 26\u20ac e 40\u20ac, trazendo Pedro Teixeira da Mota e Carlos Coutinho Vilhena ao vivo em formato de debate.<\/p>\n<p>Em Vila Vi\u00e7osa, o Pa\u00e7o Ducal exp\u00f5e Am\u00e9lia de Orl\u00e9ans e o Esp\u00f3lio da Rainha, de 20 de setembro de 2025 a 30 de agosto de 2026, com hor\u00e1rios variados e entrada a 2,50\u20ac. A mostra celebra o 160\u00ba anivers\u00e1rio do nascimento de D. Am\u00e9lia, com pe\u00e7as \u00fanicas do esp\u00f3lio da rainha.<\/p>\n","protected":false},"excerpt":{"rendered":"<ul>\n<li>A p\u00e9rola, em Lisboa, no Teatro da Comuna, de 19\/2 a 7\/3; quinta a s\u00e1bado, \u00e0s 21h; recomendado a maiores de 12 anos; bilheteira a 15\u20ac; encena\u00e7\u00e3o de Jorge Gomes Ribeiro e elenco diverso, baseado no conto de Steinbeck.<\/li>\n<li>Museu Municipal da Filigrana de Gondomar, em Gondomar, Casa Branca de Gramido &#8211; Valbom; aberto ter a s\u00e1b, das 9h \u00e0s 13h e das 14h \u00e0s 17h30; entrada gratuita a 2\u20ac; esp\u00f3lio sobre a arte da filigrana e in\u00edcio da Rota da Filigrana.<\/li>\n<li>Raul Mid\u00f3n, no Hot Five Jazz &amp; Blues Club, no Porto, 19\/2, \u00e0s 21h30; para maiores de 16 anos; bilhete de 25\u20ac a 70\u20ac; one man show; disco mais recente \u00e9 Lost &amp; Found (2024).<\/li>\n<li>Michelle Gurevich, na Casa da M\u00fasica, no Porto, 19\/2, \u00e0s 21h30; para maiores de 6 anos; bilhete de 30\u20ac; apresenta\u00e7\u00e3o de It Was the Moment (2024), folk e slowcore.<\/li>\n<li>Conversas de Miguel, em Lisboa, Campo Pequeno, de 19 a 21\/2; quinta a s\u00e1bado, \u00e0s 22h; maiores de 16 anos; bilhete de 26\u20ac a 40\u20ac; formato ao vivo de debates e humor originado de podcast.<\/li>\n<\/ul>\n","protected":false},"author":2,"featured_media":216492,"comment_status":"closed","ping_status":"closed","sticky":false,"template":"","format":"standard","meta":{"footnotes":""},"categories":[1],"tags":[1397,981,122,982,119,4750],"class_list":["post-216488","post","type-post","status-publish","format-standard","has-post-thumbnail","hentry","category-noticias","tag-exposicoes","tag-lisboa","tag-musica","tag-porto","tag-teatro","tag-vila-vicosa"],"yoast_head":"<!-- This site is optimized with the Yoast SEO plugin v27.2 - https:\/\/yoast.com\/product\/yoast-seo-wordpress\/ -->\n<title>Quinta-feira \u00e9 dia de ver A P\u00e9rola e a filigrana - Portal Tela Portugal<\/title>\n<meta name=\"robots\" content=\"index, follow, max-snippet:-1, max-image-preview:large, max-video-preview:-1\" \/>\n<meta property=\"og:locale\" content=\"pt_PT\" \/>\n<meta property=\"og:type\" content=\"article\" \/>\n<meta property=\"og:title\" content=\"Quinta-feira \u00e9 dia de ver A P\u00e9rola e a filigrana - Portal Tela Portugal\" \/>\n<meta property=\"og:description\" content=\"A p\u00e9rola, em Lisboa, no Teatro da Comuna, de 19\/2 a 7\/3; quinta a s\u00e1bado, \u00e0s 21h; recomendado a maiores de 12 anos; bilheteira a 15\u20ac; encena\u00e7\u00e3o de Jorge Gomes Ribeiro e elenco diverso, baseado no conto de Steinbeck. Museu Municipal da Filigrana de Gondomar, em Gondomar, Casa Branca de Gramido - Valbom; aberto ter a s\u00e1b, das 9h \u00e0s 13h e das 14h \u00e0s 17h30; entrada gratuita a 2\u20ac; esp\u00f3lio sobre a arte da filigrana e in\u00edcio da Rota da Filigrana. Raul Mid\u00f3n, no Hot Five Jazz &amp; Blues Club, no Porto, 19\/2, \u00e0s 21h30; para maiores de 16 anos; bilhete de 25\u20ac a 70\u20ac; one man show; disco mais recente \u00e9 Lost &amp; Found (2024). Michelle Gurevich, na Casa da M\u00fasica, no Porto, 19\/2, \u00e0s 21h30; para maiores de 6 anos; bilhete de 30\u20ac; apresenta\u00e7\u00e3o de It Was the Moment (2024), folk e slowcore. Conversas de Miguel, em Lisboa, Campo Pequeno, de 19 a 21\/2; quinta a s\u00e1bado, \u00e0s 22h; maiores de 16 anos; bilhete de 26\u20ac a 40\u20ac; formato ao vivo de debates e humor originado de podcast.\" \/>\n<meta property=\"og:url\" content=\"https:\/\/portaltela.pt\/noticias\/2026\/02\/18\/quinta-feira-e-dia-de-ver-a-perola-e-a-filigrana\/\" \/>\n<meta property=\"og:site_name\" content=\"Portal Tela Portugal\" \/>\n<meta property=\"article:published_time\" content=\"2026-02-18T18:46:00+00:00\" \/>\n<meta name=\"author\" content=\"Telinha\" \/>\n<meta name=\"twitter:card\" content=\"summary_large_image\" \/>\n<meta name=\"twitter:label1\" content=\"Escrito por\" \/>\n\t<meta name=\"twitter:data1\" content=\"Telinha\" \/>\n\t<meta name=\"twitter:label2\" content=\"Tempo estimado de leitura\" \/>\n\t<meta name=\"twitter:data2\" content=\"2 minutos\" \/>\n<script type=\"application\/ld+json\" class=\"yoast-schema-graph\">{\"@context\":\"https:\/\/schema.org\",\"@graph\":[{\"@type\":\"Article\",\"@id\":\"https:\/\/portaltela.pt\/noticias\/2026\/02\/18\/quinta-feira-e-dia-de-ver-a-perola-e-a-filigrana\/#article\",\"isPartOf\":{\"@id\":\"https:\/\/portaltela.pt\/noticias\/2026\/02\/18\/quinta-feira-e-dia-de-ver-a-perola-e-a-filigrana\/\"},\"author\":{\"name\":\"Telinha\",\"@id\":\"https:\/\/portaltela.pt\/#\/schema\/person\/c4278d4a6028830caff9ee44b42d32ed\"},\"headline\":\"Quinta-feira \u00e9 dia de ver A P\u00e9rola e a filigrana\",\"datePublished\":\"2026-02-18T18:46:00+00:00\",\"mainEntityOfPage\":{\"@id\":\"https:\/\/portaltela.pt\/noticias\/2026\/02\/18\/quinta-feira-e-dia-de-ver-a-perola-e-a-filigrana\/\"},\"wordCount\":352,\"image\":{\"@id\":\"https:\/\/portaltela.pt\/noticias\/2026\/02\/18\/quinta-feira-e-dia-de-ver-a-perola-e-a-filigrana\/#primaryimage\"},\"thumbnailUrl\":\"https:\/\/portaltela.pt\/s.01k8rhncp4jt1\/2026\/02\/2068118.jpg\",\"keywords\":[\"exposi\u00e7\u00f5es\",\"Lisboa\",\"m\u00fasica\",\"Porto\",\"teatro\",\"Vila Vi\u00e7osa\"],\"articleSection\":[\"Not\u00edcias\"],\"inLanguage\":\"pt-PT\"},{\"@type\":\"WebPage\",\"@id\":\"https:\/\/portaltela.pt\/noticias\/2026\/02\/18\/quinta-feira-e-dia-de-ver-a-perola-e-a-filigrana\/\",\"url\":\"https:\/\/portaltela.pt\/noticias\/2026\/02\/18\/quinta-feira-e-dia-de-ver-a-perola-e-a-filigrana\/\",\"name\":\"Quinta-feira \u00e9 dia de ver A P\u00e9rola e a filigrana - Portal Tela Portugal\",\"isPartOf\":{\"@id\":\"https:\/\/portaltela.pt\/#website\"},\"primaryImageOfPage\":{\"@id\":\"https:\/\/portaltela.pt\/noticias\/2026\/02\/18\/quinta-feira-e-dia-de-ver-a-perola-e-a-filigrana\/#primaryimage\"},\"image\":{\"@id\":\"https:\/\/portaltela.pt\/noticias\/2026\/02\/18\/quinta-feira-e-dia-de-ver-a-perola-e-a-filigrana\/#primaryimage\"},\"thumbnailUrl\":\"https:\/\/portaltela.pt\/s.01k8rhncp4jt1\/2026\/02\/2068118.jpg\",\"datePublished\":\"2026-02-18T18:46:00+00:00\",\"author\":{\"@id\":\"https:\/\/portaltela.pt\/#\/schema\/person\/c4278d4a6028830caff9ee44b42d32ed\"},\"breadcrumb\":{\"@id\":\"https:\/\/portaltela.pt\/noticias\/2026\/02\/18\/quinta-feira-e-dia-de-ver-a-perola-e-a-filigrana\/#breadcrumb\"},\"inLanguage\":\"pt-PT\",\"potentialAction\":[{\"@type\":\"ReadAction\",\"target\":[\"https:\/\/portaltela.pt\/noticias\/2026\/02\/18\/quinta-feira-e-dia-de-ver-a-perola-e-a-filigrana\/\"]}]},{\"@type\":\"ImageObject\",\"inLanguage\":\"pt-PT\",\"@id\":\"https:\/\/portaltela.pt\/noticias\/2026\/02\/18\/quinta-feira-e-dia-de-ver-a-perola-e-a-filigrana\/#primaryimage\",\"url\":\"https:\/\/portaltela.pt\/s.01k8rhncp4jt1\/2026\/02\/2068118.jpg\",\"contentUrl\":\"https:\/\/portaltela.pt\/s.01k8rhncp4jt1\/2026\/02\/2068118.jpg\",\"width\":796,\"height\":448,\"caption\":\"A P\u00e9rola volta a Teatro da Comuna\"},{\"@type\":\"BreadcrumbList\",\"@id\":\"https:\/\/portaltela.pt\/noticias\/2026\/02\/18\/quinta-feira-e-dia-de-ver-a-perola-e-a-filigrana\/#breadcrumb\",\"itemListElement\":[{\"@type\":\"ListItem\",\"position\":1,\"name\":\"In\u00edcio\",\"item\":\"https:\/\/portaltela.pt\/\"},{\"@type\":\"ListItem\",\"position\":2,\"name\":\"Quinta-feira \u00e9 dia de ver A P\u00e9rola e a filigrana\"}]},{\"@type\":\"WebSite\",\"@id\":\"https:\/\/portaltela.pt\/#website\",\"url\":\"https:\/\/portaltela.pt\/\",\"name\":\"Portal Tela Portugal\",\"description\":\"\",\"potentialAction\":[{\"@type\":\"SearchAction\",\"target\":{\"@type\":\"EntryPoint\",\"urlTemplate\":\"https:\/\/portaltela.pt\/?s={search_term_string}\"},\"query-input\":{\"@type\":\"PropertyValueSpecification\",\"valueRequired\":true,\"valueName\":\"search_term_string\"}}],\"inLanguage\":\"pt-PT\"},{\"@type\":\"Person\",\"@id\":\"https:\/\/portaltela.pt\/#\/schema\/person\/c4278d4a6028830caff9ee44b42d32ed\",\"name\":\"Telinha\",\"image\":{\"@type\":\"ImageObject\",\"inLanguage\":\"pt-PT\",\"@id\":\"https:\/\/portaltela.pt\/s.01k8rhncp4jt1\/2025\/11\/talking-bot-125x125.png\",\"url\":\"https:\/\/portaltela.pt\/s.01k8rhncp4jt1\/2025\/11\/talking-bot-125x125.png\",\"contentUrl\":\"https:\/\/portaltela.pt\/s.01k8rhncp4jt1\/2025\/11\/talking-bot-125x125.png\",\"caption\":\"Telinha\"},\"sameAs\":[\"https:\/\/portaltela.pt\/\"],\"url\":\"https:\/\/portaltela.pt\/por\/367410592786\/\"}]}<\/script>\n<!-- \/ Yoast SEO plugin. -->","yoast_head_json":{"title":"Quinta-feira \u00e9 dia de ver A P\u00e9rola e a filigrana - Portal Tela Portugal","robots":{"index":"index","follow":"follow","max-snippet":"max-snippet:-1","max-image-preview":"max-image-preview:large","max-video-preview":"max-video-preview:-1"},"og_locale":"pt_PT","og_type":"article","og_title":"Quinta-feira \u00e9 dia de ver A P\u00e9rola e a filigrana - Portal Tela Portugal","og_description":"A p\u00e9rola, em Lisboa, no Teatro da Comuna, de 19\/2 a 7\/3; quinta a s\u00e1bado, \u00e0s 21h; recomendado a maiores de 12 anos; bilheteira a 15\u20ac; encena\u00e7\u00e3o de Jorge Gomes Ribeiro e elenco diverso, baseado no conto de Steinbeck. Museu Municipal da Filigrana de Gondomar, em Gondomar, Casa Branca de Gramido - Valbom; aberto ter a s\u00e1b, das 9h \u00e0s 13h e das 14h \u00e0s 17h30; entrada gratuita a 2\u20ac; esp\u00f3lio sobre a arte da filigrana e in\u00edcio da Rota da Filigrana. Raul Mid\u00f3n, no Hot Five Jazz &amp; Blues Club, no Porto, 19\/2, \u00e0s 21h30; para maiores de 16 anos; bilhete de 25\u20ac a 70\u20ac; one man show; disco mais recente \u00e9 Lost &amp; Found (2024). Michelle Gurevich, na Casa da M\u00fasica, no Porto, 19\/2, \u00e0s 21h30; para maiores de 6 anos; bilhete de 30\u20ac; apresenta\u00e7\u00e3o de It Was the Moment (2024), folk e slowcore. Conversas de Miguel, em Lisboa, Campo Pequeno, de 19 a 21\/2; quinta a s\u00e1bado, \u00e0s 22h; maiores de 16 anos; bilhete de 26\u20ac a 40\u20ac; formato ao vivo de debates e humor originado de podcast.","og_url":"https:\/\/portaltela.pt\/noticias\/2026\/02\/18\/quinta-feira-e-dia-de-ver-a-perola-e-a-filigrana\/","og_site_name":"Portal Tela Portugal","article_published_time":"2026-02-18T18:46:00+00:00","author":"Telinha","twitter_card":"summary_large_image","twitter_misc":{"Escrito por":"Telinha","Tempo estimado de leitura":"2 minutos"},"schema":{"@context":"https:\/\/schema.org","@graph":[{"@type":"Article","@id":"https:\/\/portaltela.pt\/noticias\/2026\/02\/18\/quinta-feira-e-dia-de-ver-a-perola-e-a-filigrana\/#article","isPartOf":{"@id":"https:\/\/portaltela.pt\/noticias\/2026\/02\/18\/quinta-feira-e-dia-de-ver-a-perola-e-a-filigrana\/"},"author":{"name":"Telinha","@id":"https:\/\/portaltela.pt\/#\/schema\/person\/c4278d4a6028830caff9ee44b42d32ed"},"headline":"Quinta-feira \u00e9 dia de ver A P\u00e9rola e a filigrana","datePublished":"2026-02-18T18:46:00+00:00","mainEntityOfPage":{"@id":"https:\/\/portaltela.pt\/noticias\/2026\/02\/18\/quinta-feira-e-dia-de-ver-a-perola-e-a-filigrana\/"},"wordCount":352,"image":{"@id":"https:\/\/portaltela.pt\/noticias\/2026\/02\/18\/quinta-feira-e-dia-de-ver-a-perola-e-a-filigrana\/#primaryimage"},"thumbnailUrl":"https:\/\/portaltela.pt\/s.01k8rhncp4jt1\/2026\/02\/2068118.jpg","keywords":["exposi\u00e7\u00f5es","Lisboa","m\u00fasica","Porto","teatro","Vila Vi\u00e7osa"],"articleSection":["Not\u00edcias"],"inLanguage":"pt-PT"},{"@type":"WebPage","@id":"https:\/\/portaltela.pt\/noticias\/2026\/02\/18\/quinta-feira-e-dia-de-ver-a-perola-e-a-filigrana\/","url":"https:\/\/portaltela.pt\/noticias\/2026\/02\/18\/quinta-feira-e-dia-de-ver-a-perola-e-a-filigrana\/","name":"Quinta-feira \u00e9 dia de ver A P\u00e9rola e a filigrana - Portal Tela Portugal","isPartOf":{"@id":"https:\/\/portaltela.pt\/#website"},"primaryImageOfPage":{"@id":"https:\/\/portaltela.pt\/noticias\/2026\/02\/18\/quinta-feira-e-dia-de-ver-a-perola-e-a-filigrana\/#primaryimage"},"image":{"@id":"https:\/\/portaltela.pt\/noticias\/2026\/02\/18\/quinta-feira-e-dia-de-ver-a-perola-e-a-filigrana\/#primaryimage"},"thumbnailUrl":"https:\/\/portaltela.pt\/s.01k8rhncp4jt1\/2026\/02\/2068118.jpg","datePublished":"2026-02-18T18:46:00+00:00","author":{"@id":"https:\/\/portaltela.pt\/#\/schema\/person\/c4278d4a6028830caff9ee44b42d32ed"},"breadcrumb":{"@id":"https:\/\/portaltela.pt\/noticias\/2026\/02\/18\/quinta-feira-e-dia-de-ver-a-perola-e-a-filigrana\/#breadcrumb"},"inLanguage":"pt-PT","potentialAction":[{"@type":"ReadAction","target":["https:\/\/portaltela.pt\/noticias\/2026\/02\/18\/quinta-feira-e-dia-de-ver-a-perola-e-a-filigrana\/"]}]},{"@type":"ImageObject","inLanguage":"pt-PT","@id":"https:\/\/portaltela.pt\/noticias\/2026\/02\/18\/quinta-feira-e-dia-de-ver-a-perola-e-a-filigrana\/#primaryimage","url":"https:\/\/portaltela.pt\/s.01k8rhncp4jt1\/2026\/02\/2068118.jpg","contentUrl":"https:\/\/portaltela.pt\/s.01k8rhncp4jt1\/2026\/02\/2068118.jpg","width":796,"height":448,"caption":"A P\u00e9rola volta a Teatro da Comuna"},{"@type":"BreadcrumbList","@id":"https:\/\/portaltela.pt\/noticias\/2026\/02\/18\/quinta-feira-e-dia-de-ver-a-perola-e-a-filigrana\/#breadcrumb","itemListElement":[{"@type":"ListItem","position":1,"name":"In\u00edcio","item":"https:\/\/portaltela.pt\/"},{"@type":"ListItem","position":2,"name":"Quinta-feira \u00e9 dia de ver A P\u00e9rola e a filigrana"}]},{"@type":"WebSite","@id":"https:\/\/portaltela.pt\/#website","url":"https:\/\/portaltela.pt\/","name":"Portal Tela Portugal","description":"","potentialAction":[{"@type":"SearchAction","target":{"@type":"EntryPoint","urlTemplate":"https:\/\/portaltela.pt\/?s={search_term_string}"},"query-input":{"@type":"PropertyValueSpecification","valueRequired":true,"valueName":"search_term_string"}}],"inLanguage":"pt-PT"},{"@type":"Person","@id":"https:\/\/portaltela.pt\/#\/schema\/person\/c4278d4a6028830caff9ee44b42d32ed","name":"Telinha","image":{"@type":"ImageObject","inLanguage":"pt-PT","@id":"https:\/\/portaltela.pt\/s.01k8rhncp4jt1\/2025\/11\/talking-bot-125x125.png","url":"https:\/\/portaltela.pt\/s.01k8rhncp4jt1\/2025\/11\/talking-bot-125x125.png","contentUrl":"https:\/\/portaltela.pt\/s.01k8rhncp4jt1\/2025\/11\/talking-bot-125x125.png","caption":"Telinha"},"sameAs":["https:\/\/portaltela.pt\/"],"url":"https:\/\/portaltela.pt\/por\/367410592786\/"}]}},"_links":{"self":[{"href":"https:\/\/portaltela.pt\/api\/wp\/v2\/posts\/216488","targetHints":{"allow":["GET"]}}],"collection":[{"href":"https:\/\/portaltela.pt\/api\/wp\/v2\/posts"}],"about":[{"href":"https:\/\/portaltela.pt\/api\/wp\/v2\/types\/post"}],"author":[{"embeddable":true,"href":"https:\/\/portaltela.pt\/api\/wp\/v2\/users\/2"}],"replies":[{"embeddable":true,"href":"https:\/\/portaltela.pt\/api\/wp\/v2\/comments?post=216488"}],"version-history":[{"count":0,"href":"https:\/\/portaltela.pt\/api\/wp\/v2\/posts\/216488\/revisions"}],"wp:featuredmedia":[{"embeddable":true,"href":"https:\/\/portaltela.pt\/api\/wp\/v2\/media\/216492"}],"wp:attachment":[{"href":"https:\/\/portaltela.pt\/api\/wp\/v2\/media?parent=216488"}],"wp:term":[{"taxonomy":"category","embeddable":true,"href":"https:\/\/portaltela.pt\/api\/wp\/v2\/categories?post=216488"},{"taxonomy":"post_tag","embeddable":true,"href":"https:\/\/portaltela.pt\/api\/wp\/v2\/tags?post=216488"}],"curies":[{"name":"wp","href":"https:\/\/api.w.org\/{rel}","templated":true}]}}