{"id":216472,"date":"2026-02-18T15:47:01","date_gmt":"2026-02-18T18:47:01","guid":{"rendered":"https:\/\/portaltela.pt\/noticias\/2026\/02\/18\/ue-define-procedimento-para-escolher-pais-anfitriao-da-autoridade-aduaneira\/"},"modified":"2026-02-18T15:47:01","modified_gmt":"2026-02-18T18:47:01","slug":"ue-define-procedimento-para-escolher-pais-anfitriao-da-autoridade-aduaneira","status":"publish","type":"post","link":"https:\/\/portaltela.pt\/noticias\/internacional\/2026\/02\/18\/ue-define-procedimento-para-escolher-pais-anfitriao-da-autoridade-aduaneira\/","title":{"rendered":"UE define procedimento para escolher pa\u00eds anfitri\u00e3o da Autoridade Aduaneira"},"content":{"rendered":"<p>A UE definiu um procedimento para escolher o pa\u00eds anfitri\u00e3o da futura Autoridade Aduaneira Europeia. A decis\u00e3o envolve o Parlamento Europeu e o Conselho da UE, com aprova\u00e7\u00e3o esperada nos pr\u00f3ximos dias. A ag\u00eancia dever\u00e1 nascer em 2026 e estar operacional em 2028.<\/p>\n<p>V\u00e1rios pa\u00edses apresentaram candidatura: B\u00e9lgica, Espanha, Fran\u00e7a, Cro\u00e1cia, It\u00e1lia, Pa\u00edses Baixos, Pol\u00f3nia, Portugal e Rom\u00e9nia. Na reuni\u00e3o de janeiro, todos apresentaram propostas, com Espanha, Fran\u00e7a, Pol\u00f3nia e Pa\u00edses Baixos a responderem ao maior n\u00famero de perguntas.<\/p>\n<p>A necessidade de um m\u00e9todo espec\u00edfico resulta da inexist\u00eancia de um crit\u00e9rio pr\u00e9-definido. A localiza\u00e7\u00e3o de uma ag\u00eancia da UE pode tornar-se tema sens\u00edvel entre Estados-membros, justificando um processo transparente e equilibrado.<\/p>\n<h3>Desenho do processo de sele\u00e7\u00e3o<\/h3>\n<p>Segundo o projeto de procedimento a que a Euronews teve acesso, Parlamentares e Conselho escolher\u00e3o, de forma independente, dois candidatos preferidos cada. Segue sess\u00e3o conjunta para revelar as listas.<\/p>\n<p>Se existir sobreposi\u00e7\u00e3o entre as listas, o candidato comum \u00e9 declarado vencedor. Caso contr\u00e1rio, seguem-se tr\u00eas rondas de votos com regras distintas.<\/p>\n<p>Na primeira ronda, basta a maioria em ambas as institui\u00e7\u00f5es para eleger. Sem maioria, entram cen\u00e1rios de segunda volta. Dois candidatos empatados podem seguir, ou dois menos votados s\u00e3o eliminados, conforme o cen\u00e1rio.<\/p>\n<p>Na segunda ronda, vota-se conjuntamente. \u00c9 necess\u00e1ria uma maioria de tr\u00eas quartos. Se n\u00e3o houver, avan\u00e7a-se para a terceira volta.<\/p>\n<p>Na terceira volta, o mesmo funciona com uma maioria de dois ter\u00e7os, podendo repetir-se at\u00e9 tr\u00eas vezes. Se persisterem dificuldades, aplica-se uma maioria simples.<\/p>\n","protected":false},"excerpt":{"rendered":"<ul>\n<li>A Uni\u00e3o Europeia definiu um procedimento para escolher o pa\u00eds anfitri\u00e3o da futura Autoridade Aduaneira Europeia, criada em 2026 e operacional em 2028.<\/li>\n<li>Os pa\u00edses candidatos anunciados foram B\u00e9lgica, Espanha, Fran\u00e7a, Cro\u00e1cia, It\u00e1lia, Pa\u00edses Baixos, Pol\u00f3nia, Portugal e Rom\u00e9nia; todos apresentaram candidaturas numa reuni\u00e3o da comiss\u00e3o parlamentar em janeiro.<\/li>\n<li>O Parlamento Europeu e o Conselho da UE v\u00e3o, cada um, indicar dois candidatos preferidos; se houver sobreposi\u00e7\u00e3o, o candidato comum \u00e9 automaticamente eleito.<\/li>\n<li>Se n\u00e3o houver sobreposi\u00e7\u00e3o, seguem\u2011se tr\u00eas ciclos de vota\u00e7\u00e3o conjunta, com regras diferentes: democracia maiorit\u00e1ria na primeira volta, tr\u00eas quartos na segunda, e dois ter\u00e7os na terceira, repetidos at\u00e9 tr\u00eas vezes; se ningu\u00e9m atingir o limiar, passa a maioria simples.<\/li>\n<li>O objetivo \u00e9 assegurar um processo imparcial para uma decis\u00e3o politicamente sens\u00edvel, dada a import\u00e2ncia da gest\u00e3o aduaneira no contexto global.<\/li>\n<\/ul>\n","protected":false},"author":2,"featured_media":216476,"comment_status":"closed","ping_status":"closed","sticky":false,"template":"","format":"standard","meta":{"footnotes":""},"categories":[4,1],"tags":[3055,4787,5698,3667,2055],"class_list":["post-216472","post","type-post","status-publish","format-standard","has-post-thumbnail","hentry","category-internacional","category-noticias","tag-autoridade-aduaneira","tag-colaboracao-internacional","tag-politica-internacional","tag-processos","tag-uniao-europeia"],"yoast_head":"<!-- This site is optimized with the Yoast SEO plugin v27.2 - https:\/\/yoast.com\/product\/yoast-seo-wordpress\/ -->\n<title>UE define procedimento para escolher pa\u00eds anfitri\u00e3o da Autoridade Aduaneira - Portal Tela Portugal<\/title>\n<meta name=\"robots\" content=\"index, follow, max-snippet:-1, max-image-preview:large, max-video-preview:-1\" \/>\n<meta property=\"og:locale\" content=\"pt_PT\" \/>\n<meta property=\"og:type\" content=\"article\" \/>\n<meta property=\"og:title\" content=\"UE define procedimento para escolher pa\u00eds anfitri\u00e3o da Autoridade Aduaneira - Portal Tela Portugal\" \/>\n<meta property=\"og:description\" content=\"A Uni\u00e3o Europeia definiu um procedimento para escolher o pa\u00eds anfitri\u00e3o da futura Autoridade Aduaneira Europeia, criada em 2026 e operacional em 2028. Os pa\u00edses candidatos anunciados foram B\u00e9lgica, Espanha, Fran\u00e7a, Cro\u00e1cia, It\u00e1lia, Pa\u00edses Baixos, Pol\u00f3nia, Portugal e Rom\u00e9nia; todos apresentaram candidaturas numa reuni\u00e3o da comiss\u00e3o parlamentar em janeiro. O Parlamento Europeu e o Conselho da UE v\u00e3o, cada um, indicar dois candidatos preferidos; se houver sobreposi\u00e7\u00e3o, o candidato comum \u00e9 automaticamente eleito. Se n\u00e3o houver sobreposi\u00e7\u00e3o, seguem\u2011se tr\u00eas ciclos de vota\u00e7\u00e3o conjunta, com regras diferentes: democracia maiorit\u00e1ria na primeira volta, tr\u00eas quartos na segunda, e dois ter\u00e7os na terceira, repetidos at\u00e9 tr\u00eas vezes; se ningu\u00e9m atingir o limiar, passa a maioria simples. O objetivo \u00e9 assegurar um processo imparcial para uma decis\u00e3o politicamente sens\u00edvel, dada a import\u00e2ncia da gest\u00e3o aduaneira no contexto global.\" \/>\n<meta property=\"og:url\" content=\"https:\/\/portaltela.pt\/noticias\/2026\/02\/18\/ue-define-procedimento-para-escolher-pais-anfitriao-da-autoridade-aduaneira\/\" \/>\n<meta property=\"og:site_name\" content=\"Portal Tela Portugal\" \/>\n<meta property=\"article:published_time\" content=\"2026-02-18T18:47:01+00:00\" \/>\n<meta name=\"author\" content=\"Telinha\" \/>\n<meta name=\"twitter:card\" content=\"summary_large_image\" \/>\n<meta name=\"twitter:label1\" content=\"Escrito por\" \/>\n\t<meta name=\"twitter:data1\" content=\"Telinha\" \/>\n\t<meta name=\"twitter:label2\" content=\"Tempo estimado de leitura\" \/>\n\t<meta name=\"twitter:data2\" content=\"1 minuto\" \/>\n<script type=\"application\/ld+json\" class=\"yoast-schema-graph\">{\"@context\":\"https:\/\/schema.org\",\"@graph\":[{\"@type\":\"Article\",\"@id\":\"https:\/\/portaltela.pt\/noticias\/2026\/02\/18\/ue-define-procedimento-para-escolher-pais-anfitriao-da-autoridade-aduaneira\/#article\",\"isPartOf\":{\"@id\":\"https:\/\/portaltela.pt\/noticias\/2026\/02\/18\/ue-define-procedimento-para-escolher-pais-anfitriao-da-autoridade-aduaneira\/\"},\"author\":{\"name\":\"Telinha\",\"@id\":\"https:\/\/portaltela.pt\/#\/schema\/person\/c4278d4a6028830caff9ee44b42d32ed\"},\"headline\":\"UE define procedimento para escolher pa\u00eds anfitri\u00e3o da Autoridade Aduaneira\",\"datePublished\":\"2026-02-18T18:47:01+00:00\",\"mainEntityOfPage\":{\"@id\":\"https:\/\/portaltela.pt\/noticias\/2026\/02\/18\/ue-define-procedimento-para-escolher-pais-anfitriao-da-autoridade-aduaneira\/\"},\"wordCount\":296,\"image\":{\"@id\":\"https:\/\/portaltela.pt\/noticias\/2026\/02\/18\/ue-define-procedimento-para-escolher-pais-anfitriao-da-autoridade-aduaneira\/#primaryimage\"},\"thumbnailUrl\":\"https:\/\/portaltela.pt\/s.01k8rhncp4jt1\/2026\/02\/1536x864_cmsv2_59bb88fb-505b-5395-bfa9-dbd394118129-9656397.jpg\",\"keywords\":[\"Autoridade Aduaneira\",\"colabora\u00e7\u00e3o internacional\",\"pol\u00edtica internacional\",\"processos\",\"Uni\u00e3o Europeia\"],\"articleSection\":[\"Internacional\",\"Not\u00edcias\"],\"inLanguage\":\"pt-PT\"},{\"@type\":\"WebPage\",\"@id\":\"https:\/\/portaltela.pt\/noticias\/2026\/02\/18\/ue-define-procedimento-para-escolher-pais-anfitriao-da-autoridade-aduaneira\/\",\"url\":\"https:\/\/portaltela.pt\/noticias\/2026\/02\/18\/ue-define-procedimento-para-escolher-pais-anfitriao-da-autoridade-aduaneira\/\",\"name\":\"UE define procedimento para escolher pa\u00eds anfitri\u00e3o da Autoridade Aduaneira - Portal Tela Portugal\",\"isPartOf\":{\"@id\":\"https:\/\/portaltela.pt\/#website\"},\"primaryImageOfPage\":{\"@id\":\"https:\/\/portaltela.pt\/noticias\/2026\/02\/18\/ue-define-procedimento-para-escolher-pais-anfitriao-da-autoridade-aduaneira\/#primaryimage\"},\"image\":{\"@id\":\"https:\/\/portaltela.pt\/noticias\/2026\/02\/18\/ue-define-procedimento-para-escolher-pais-anfitriao-da-autoridade-aduaneira\/#primaryimage\"},\"thumbnailUrl\":\"https:\/\/portaltela.pt\/s.01k8rhncp4jt1\/2026\/02\/1536x864_cmsv2_59bb88fb-505b-5395-bfa9-dbd394118129-9656397.jpg\",\"datePublished\":\"2026-02-18T18:47:01+00:00\",\"author\":{\"@id\":\"https:\/\/portaltela.pt\/#\/schema\/person\/c4278d4a6028830caff9ee44b42d32ed\"},\"breadcrumb\":{\"@id\":\"https:\/\/portaltela.pt\/noticias\/2026\/02\/18\/ue-define-procedimento-para-escolher-pais-anfitriao-da-autoridade-aduaneira\/#breadcrumb\"},\"inLanguage\":\"pt-PT\",\"potentialAction\":[{\"@type\":\"ReadAction\",\"target\":[\"https:\/\/portaltela.pt\/noticias\/2026\/02\/18\/ue-define-procedimento-para-escolher-pais-anfitriao-da-autoridade-aduaneira\/\"]}]},{\"@type\":\"ImageObject\",\"inLanguage\":\"pt-PT\",\"@id\":\"https:\/\/portaltela.pt\/noticias\/2026\/02\/18\/ue-define-procedimento-para-escolher-pais-anfitriao-da-autoridade-aduaneira\/#primaryimage\",\"url\":\"https:\/\/portaltela.pt\/s.01k8rhncp4jt1\/2026\/02\/1536x864_cmsv2_59bb88fb-505b-5395-bfa9-dbd394118129-9656397.jpg\",\"contentUrl\":\"https:\/\/portaltela.pt\/s.01k8rhncp4jt1\/2026\/02\/1536x864_cmsv2_59bb88fb-505b-5395-bfa9-dbd394118129-9656397.jpg\",\"width\":796,\"height\":448,\"caption\":\"O transatl\u00e2ntico comercial Alexander Maersk, de pavilh\u00e3o dinamarqu\u00eas, em junho de 2018\"},{\"@type\":\"BreadcrumbList\",\"@id\":\"https:\/\/portaltela.pt\/noticias\/2026\/02\/18\/ue-define-procedimento-para-escolher-pais-anfitriao-da-autoridade-aduaneira\/#breadcrumb\",\"itemListElement\":[{\"@type\":\"ListItem\",\"position\":1,\"name\":\"In\u00edcio\",\"item\":\"https:\/\/portaltela.pt\/\"},{\"@type\":\"ListItem\",\"position\":2,\"name\":\"UE define procedimento para escolher pa\u00eds anfitri\u00e3o da Autoridade Aduaneira\"}]},{\"@type\":\"WebSite\",\"@id\":\"https:\/\/portaltela.pt\/#website\",\"url\":\"https:\/\/portaltela.pt\/\",\"name\":\"Portal Tela Portugal\",\"description\":\"\",\"potentialAction\":[{\"@type\":\"SearchAction\",\"target\":{\"@type\":\"EntryPoint\",\"urlTemplate\":\"https:\/\/portaltela.pt\/?s={search_term_string}\"},\"query-input\":{\"@type\":\"PropertyValueSpecification\",\"valueRequired\":true,\"valueName\":\"search_term_string\"}}],\"inLanguage\":\"pt-PT\"},{\"@type\":\"Person\",\"@id\":\"https:\/\/portaltela.pt\/#\/schema\/person\/c4278d4a6028830caff9ee44b42d32ed\",\"name\":\"Telinha\",\"image\":{\"@type\":\"ImageObject\",\"inLanguage\":\"pt-PT\",\"@id\":\"https:\/\/portaltela.pt\/s.01k8rhncp4jt1\/2025\/11\/talking-bot-125x125.png\",\"url\":\"https:\/\/portaltela.pt\/s.01k8rhncp4jt1\/2025\/11\/talking-bot-125x125.png\",\"contentUrl\":\"https:\/\/portaltela.pt\/s.01k8rhncp4jt1\/2025\/11\/talking-bot-125x125.png\",\"caption\":\"Telinha\"},\"sameAs\":[\"https:\/\/portaltela.pt\/\"],\"url\":\"https:\/\/portaltela.pt\/por\/367410592786\/\"}]}<\/script>\n<!-- \/ Yoast SEO plugin. -->","yoast_head_json":{"title":"UE define procedimento para escolher pa\u00eds anfitri\u00e3o da Autoridade Aduaneira - Portal Tela Portugal","robots":{"index":"index","follow":"follow","max-snippet":"max-snippet:-1","max-image-preview":"max-image-preview:large","max-video-preview":"max-video-preview:-1"},"og_locale":"pt_PT","og_type":"article","og_title":"UE define procedimento para escolher pa\u00eds anfitri\u00e3o da Autoridade Aduaneira - Portal Tela Portugal","og_description":"A Uni\u00e3o Europeia definiu um procedimento para escolher o pa\u00eds anfitri\u00e3o da futura Autoridade Aduaneira Europeia, criada em 2026 e operacional em 2028. Os pa\u00edses candidatos anunciados foram B\u00e9lgica, Espanha, Fran\u00e7a, Cro\u00e1cia, It\u00e1lia, Pa\u00edses Baixos, Pol\u00f3nia, Portugal e Rom\u00e9nia; todos apresentaram candidaturas numa reuni\u00e3o da comiss\u00e3o parlamentar em janeiro. O Parlamento Europeu e o Conselho da UE v\u00e3o, cada um, indicar dois candidatos preferidos; se houver sobreposi\u00e7\u00e3o, o candidato comum \u00e9 automaticamente eleito. Se n\u00e3o houver sobreposi\u00e7\u00e3o, seguem\u2011se tr\u00eas ciclos de vota\u00e7\u00e3o conjunta, com regras diferentes: democracia maiorit\u00e1ria na primeira volta, tr\u00eas quartos na segunda, e dois ter\u00e7os na terceira, repetidos at\u00e9 tr\u00eas vezes; se ningu\u00e9m atingir o limiar, passa a maioria simples. O objetivo \u00e9 assegurar um processo imparcial para uma decis\u00e3o politicamente sens\u00edvel, dada a import\u00e2ncia da gest\u00e3o aduaneira no contexto global.","og_url":"https:\/\/portaltela.pt\/noticias\/2026\/02\/18\/ue-define-procedimento-para-escolher-pais-anfitriao-da-autoridade-aduaneira\/","og_site_name":"Portal Tela Portugal","article_published_time":"2026-02-18T18:47:01+00:00","author":"Telinha","twitter_card":"summary_large_image","twitter_misc":{"Escrito por":"Telinha","Tempo estimado de leitura":"1 minuto"},"schema":{"@context":"https:\/\/schema.org","@graph":[{"@type":"Article","@id":"https:\/\/portaltela.pt\/noticias\/2026\/02\/18\/ue-define-procedimento-para-escolher-pais-anfitriao-da-autoridade-aduaneira\/#article","isPartOf":{"@id":"https:\/\/portaltela.pt\/noticias\/2026\/02\/18\/ue-define-procedimento-para-escolher-pais-anfitriao-da-autoridade-aduaneira\/"},"author":{"name":"Telinha","@id":"https:\/\/portaltela.pt\/#\/schema\/person\/c4278d4a6028830caff9ee44b42d32ed"},"headline":"UE define procedimento para escolher pa\u00eds anfitri\u00e3o da Autoridade Aduaneira","datePublished":"2026-02-18T18:47:01+00:00","mainEntityOfPage":{"@id":"https:\/\/portaltela.pt\/noticias\/2026\/02\/18\/ue-define-procedimento-para-escolher-pais-anfitriao-da-autoridade-aduaneira\/"},"wordCount":296,"image":{"@id":"https:\/\/portaltela.pt\/noticias\/2026\/02\/18\/ue-define-procedimento-para-escolher-pais-anfitriao-da-autoridade-aduaneira\/#primaryimage"},"thumbnailUrl":"https:\/\/portaltela.pt\/s.01k8rhncp4jt1\/2026\/02\/1536x864_cmsv2_59bb88fb-505b-5395-bfa9-dbd394118129-9656397.jpg","keywords":["Autoridade Aduaneira","colabora\u00e7\u00e3o internacional","pol\u00edtica internacional","processos","Uni\u00e3o Europeia"],"articleSection":["Internacional","Not\u00edcias"],"inLanguage":"pt-PT"},{"@type":"WebPage","@id":"https:\/\/portaltela.pt\/noticias\/2026\/02\/18\/ue-define-procedimento-para-escolher-pais-anfitriao-da-autoridade-aduaneira\/","url":"https:\/\/portaltela.pt\/noticias\/2026\/02\/18\/ue-define-procedimento-para-escolher-pais-anfitriao-da-autoridade-aduaneira\/","name":"UE define procedimento para escolher pa\u00eds anfitri\u00e3o da Autoridade Aduaneira - Portal Tela Portugal","isPartOf":{"@id":"https:\/\/portaltela.pt\/#website"},"primaryImageOfPage":{"@id":"https:\/\/portaltela.pt\/noticias\/2026\/02\/18\/ue-define-procedimento-para-escolher-pais-anfitriao-da-autoridade-aduaneira\/#primaryimage"},"image":{"@id":"https:\/\/portaltela.pt\/noticias\/2026\/02\/18\/ue-define-procedimento-para-escolher-pais-anfitriao-da-autoridade-aduaneira\/#primaryimage"},"thumbnailUrl":"https:\/\/portaltela.pt\/s.01k8rhncp4jt1\/2026\/02\/1536x864_cmsv2_59bb88fb-505b-5395-bfa9-dbd394118129-9656397.jpg","datePublished":"2026-02-18T18:47:01+00:00","author":{"@id":"https:\/\/portaltela.pt\/#\/schema\/person\/c4278d4a6028830caff9ee44b42d32ed"},"breadcrumb":{"@id":"https:\/\/portaltela.pt\/noticias\/2026\/02\/18\/ue-define-procedimento-para-escolher-pais-anfitriao-da-autoridade-aduaneira\/#breadcrumb"},"inLanguage":"pt-PT","potentialAction":[{"@type":"ReadAction","target":["https:\/\/portaltela.pt\/noticias\/2026\/02\/18\/ue-define-procedimento-para-escolher-pais-anfitriao-da-autoridade-aduaneira\/"]}]},{"@type":"ImageObject","inLanguage":"pt-PT","@id":"https:\/\/portaltela.pt\/noticias\/2026\/02\/18\/ue-define-procedimento-para-escolher-pais-anfitriao-da-autoridade-aduaneira\/#primaryimage","url":"https:\/\/portaltela.pt\/s.01k8rhncp4jt1\/2026\/02\/1536x864_cmsv2_59bb88fb-505b-5395-bfa9-dbd394118129-9656397.jpg","contentUrl":"https:\/\/portaltela.pt\/s.01k8rhncp4jt1\/2026\/02\/1536x864_cmsv2_59bb88fb-505b-5395-bfa9-dbd394118129-9656397.jpg","width":796,"height":448,"caption":"O transatl\u00e2ntico comercial Alexander Maersk, de pavilh\u00e3o dinamarqu\u00eas, em junho de 2018"},{"@type":"BreadcrumbList","@id":"https:\/\/portaltela.pt\/noticias\/2026\/02\/18\/ue-define-procedimento-para-escolher-pais-anfitriao-da-autoridade-aduaneira\/#breadcrumb","itemListElement":[{"@type":"ListItem","position":1,"name":"In\u00edcio","item":"https:\/\/portaltela.pt\/"},{"@type":"ListItem","position":2,"name":"UE define procedimento para escolher pa\u00eds anfitri\u00e3o da Autoridade Aduaneira"}]},{"@type":"WebSite","@id":"https:\/\/portaltela.pt\/#website","url":"https:\/\/portaltela.pt\/","name":"Portal Tela Portugal","description":"","potentialAction":[{"@type":"SearchAction","target":{"@type":"EntryPoint","urlTemplate":"https:\/\/portaltela.pt\/?s={search_term_string}"},"query-input":{"@type":"PropertyValueSpecification","valueRequired":true,"valueName":"search_term_string"}}],"inLanguage":"pt-PT"},{"@type":"Person","@id":"https:\/\/portaltela.pt\/#\/schema\/person\/c4278d4a6028830caff9ee44b42d32ed","name":"Telinha","image":{"@type":"ImageObject","inLanguage":"pt-PT","@id":"https:\/\/portaltela.pt\/s.01k8rhncp4jt1\/2025\/11\/talking-bot-125x125.png","url":"https:\/\/portaltela.pt\/s.01k8rhncp4jt1\/2025\/11\/talking-bot-125x125.png","contentUrl":"https:\/\/portaltela.pt\/s.01k8rhncp4jt1\/2025\/11\/talking-bot-125x125.png","caption":"Telinha"},"sameAs":["https:\/\/portaltela.pt\/"],"url":"https:\/\/portaltela.pt\/por\/367410592786\/"}]}},"_links":{"self":[{"href":"https:\/\/portaltela.pt\/api\/wp\/v2\/posts\/216472","targetHints":{"allow":["GET"]}}],"collection":[{"href":"https:\/\/portaltela.pt\/api\/wp\/v2\/posts"}],"about":[{"href":"https:\/\/portaltela.pt\/api\/wp\/v2\/types\/post"}],"author":[{"embeddable":true,"href":"https:\/\/portaltela.pt\/api\/wp\/v2\/users\/2"}],"replies":[{"embeddable":true,"href":"https:\/\/portaltela.pt\/api\/wp\/v2\/comments?post=216472"}],"version-history":[{"count":0,"href":"https:\/\/portaltela.pt\/api\/wp\/v2\/posts\/216472\/revisions"}],"wp:featuredmedia":[{"embeddable":true,"href":"https:\/\/portaltela.pt\/api\/wp\/v2\/media\/216476"}],"wp:attachment":[{"href":"https:\/\/portaltela.pt\/api\/wp\/v2\/media?parent=216472"}],"wp:term":[{"taxonomy":"category","embeddable":true,"href":"https:\/\/portaltela.pt\/api\/wp\/v2\/categories?post=216472"},{"taxonomy":"post_tag","embeddable":true,"href":"https:\/\/portaltela.pt\/api\/wp\/v2\/tags?post=216472"}],"curies":[{"name":"wp","href":"https:\/\/api.w.org\/{rel}","templated":true}]}}