{"id":216468,"date":"2026-02-18T15:44:48","date_gmt":"2026-02-18T18:44:48","guid":{"rendered":"https:\/\/portaltela.pt\/noticias\/2026\/02\/18\/metade-das-casas-expostas-nos-municipios-afetados-nao-tinham-seguro\/"},"modified":"2026-02-18T15:44:48","modified_gmt":"2026-02-18T18:44:48","slug":"metade-das-casas-expostas-nos-municipios-afetados-nao-tinham-seguro","status":"publish","type":"post","link":"https:\/\/portaltela.pt\/noticias\/2026\/02\/18\/metade-das-casas-expostas-nos-municipios-afetados-nao-tinham-seguro\/","title":{"rendered":"Metade das casas expostas nos munic\u00edpios afetados n\u00e3o tinham seguro"},"content":{"rendered":"<p>O presidente da ASF, Gabriel Bernardino, afirmou nesta quarta-feira que 49% das habita\u00e7\u00f5es expostas nos concelhos afetados pelo mau tempo n\u00e3o tinham seguro com cobertura de tempestades ou inunda\u00e7\u00f5es. O dado foi apresentado na audi\u00e7\u00e3o da Autoridade de Supervis\u00e3o de Seguros e Fundos de Pens\u00f5es.<\/p>\n<p>Foram j\u00e1 registados 114 mil sinistros, com um total pago de 42 milh\u00f5es de euros. Os valores refletem o impacto das intemp\u00e9ries, incluindo a depress\u00e3o Kristin, segundo a ASF, no contexto de requerimentos do Chega e do PS.<\/p>\n<p>De acordo com c\u00e1lculos de resseguradores internacionais, as perdas seguradas podem alcan\u00e7ar at\u00e9 600 milh\u00f5es de euros. A reparti\u00e7\u00e3o estimada \u00e9 40% para habita\u00e7\u00e3o, 24% para com\u00e9rcio e 36% para ind\u00fastria.<\/p>\n<p>O relat\u00f3rio da ASF surge na sequ\u00eancia da an\u00e1lise de riscos e das consequ\u00eancias das intemp\u00e9ries ocorridas nos concelhos em estado de calamidade. A autoridade ressalva a import\u00e2ncia de avalia\u00e7\u00e3o cuidadosa de coberturas de seguro.<\/p>\n<p>As informa\u00e7\u00f5es destacam a necessidade de clarificar ofertas de seguro para \u00e1reas vulner\u00e1veis, bem como a gest\u00e3o de riscos por parte de seguradoras e residentes afetados. A avalia\u00e7\u00e3o continua a ser acompanhada pelas autoridades competentes.<\/p>\n","protected":false},"excerpt":{"rendered":"<ul>\n<li>A ASF indicou que 49% das habita\u00e7\u00f5es expostas nos concelhos afetados pelo mau tempo n\u00e3o tinham seguro com cobertura de tempestades e\/ou inunda\u00e7\u00f5es.<\/li>\n<li>J\u00e1 foram participados 114 mil sinistros, com 42 milh\u00f5es de euros pagos.<\/li>\n<li>A informa\u00e7\u00e3o foi dita numa audi\u00e7\u00e3o da Autoridade de Supervis\u00e3o de Seguros e Fundos de Pens\u00f5es, no \u00e2mbito de requerimentos do Chega e do PS, ap\u00f3s as intemp\u00e9ries, incluindo a depress\u00e3o Kristin.<\/li>\n<li>Segundo c\u00e1lculos de resseguradores internacionais, as perdas seguradas podem chegar aos 600 milh\u00f5es de euros, com 40% a habita\u00e7\u00e3o, 24% a com\u00e9rcio e 36% a ind\u00fastria.<\/li>\n<li>Os dados referem-se aos concelhos em estado de calamidade.<\/li>\n<\/ul>\n","protected":false},"author":2,"featured_media":216473,"comment_status":"closed","ping_status":"closed","sticky":false,"template":"","format":"standard","meta":{"footnotes":""},"categories":[1],"tags":[5050,373,6063,150,2745,2325],"class_list":["post-216468","post","type-post","status-publish","format-standard","has-post-thumbnail","hentry","category-noticias","tag-calamidades-publicas","tag-concelhos","tag-desastres","tag-habitacao","tag-indenizacoes","tag-seguro-habitacao"],"yoast_head":"<!-- This site is optimized with the Yoast SEO plugin v27.2 - https:\/\/yoast.com\/product\/yoast-seo-wordpress\/ -->\n<title>Metade das casas expostas nos munic\u00edpios afetados n\u00e3o tinham seguro - Portal Tela Portugal<\/title>\n<meta name=\"robots\" content=\"index, follow, max-snippet:-1, max-image-preview:large, max-video-preview:-1\" \/>\n<meta property=\"og:locale\" content=\"pt_PT\" \/>\n<meta property=\"og:type\" content=\"article\" \/>\n<meta property=\"og:title\" content=\"Metade das casas expostas nos munic\u00edpios afetados n\u00e3o tinham seguro - Portal Tela Portugal\" \/>\n<meta property=\"og:description\" content=\"A ASF indicou que 49% das habita\u00e7\u00f5es expostas nos concelhos afetados pelo mau tempo n\u00e3o tinham seguro com cobertura de tempestades e\/ou inunda\u00e7\u00f5es. J\u00e1 foram participados 114 mil sinistros, com 42 milh\u00f5es de euros pagos. A informa\u00e7\u00e3o foi dita numa audi\u00e7\u00e3o da Autoridade de Supervis\u00e3o de Seguros e Fundos de Pens\u00f5es, no \u00e2mbito de requerimentos do Chega e do PS, ap\u00f3s as intemp\u00e9ries, incluindo a depress\u00e3o Kristin. Segundo c\u00e1lculos de resseguradores internacionais, as perdas seguradas podem chegar aos 600 milh\u00f5es de euros, com 40% a habita\u00e7\u00e3o, 24% a com\u00e9rcio e 36% a ind\u00fastria. Os dados referem-se aos concelhos em estado de calamidade.\" \/>\n<meta property=\"og:url\" content=\"https:\/\/portaltela.pt\/noticias\/2026\/02\/18\/metade-das-casas-expostas-nos-municipios-afetados-nao-tinham-seguro\/\" \/>\n<meta property=\"og:site_name\" content=\"Portal Tela Portugal\" \/>\n<meta property=\"article:published_time\" content=\"2026-02-18T18:44:48+00:00\" \/>\n<meta name=\"author\" content=\"Telinha\" \/>\n<meta name=\"twitter:card\" content=\"summary_large_image\" \/>\n<meta name=\"twitter:label1\" content=\"Escrito por\" \/>\n\t<meta name=\"twitter:data1\" content=\"Telinha\" \/>\n\t<meta name=\"twitter:label2\" content=\"Tempo estimado de leitura\" \/>\n\t<meta name=\"twitter:data2\" content=\"1 minuto\" \/>\n<script type=\"application\/ld+json\" class=\"yoast-schema-graph\">{\"@context\":\"https:\/\/schema.org\",\"@graph\":[{\"@type\":\"Article\",\"@id\":\"https:\/\/portaltela.pt\/noticias\/2026\/02\/18\/metade-das-casas-expostas-nos-municipios-afetados-nao-tinham-seguro\/#article\",\"isPartOf\":{\"@id\":\"https:\/\/portaltela.pt\/noticias\/2026\/02\/18\/metade-das-casas-expostas-nos-municipios-afetados-nao-tinham-seguro\/\"},\"author\":{\"name\":\"Telinha\",\"@id\":\"https:\/\/portaltela.pt\/#\/schema\/person\/c4278d4a6028830caff9ee44b42d32ed\"},\"headline\":\"Metade das casas expostas nos munic\u00edpios afetados n\u00e3o tinham seguro\",\"datePublished\":\"2026-02-18T18:44:48+00:00\",\"mainEntityOfPage\":{\"@id\":\"https:\/\/portaltela.pt\/noticias\/2026\/02\/18\/metade-das-casas-expostas-nos-municipios-afetados-nao-tinham-seguro\/\"},\"wordCount\":215,\"image\":{\"@id\":\"https:\/\/portaltela.pt\/noticias\/2026\/02\/18\/metade-das-casas-expostas-nos-municipios-afetados-nao-tinham-seguro\/#primaryimage\"},\"thumbnailUrl\":\"https:\/\/portaltela.pt\/s.01k8rhncp4jt1\/2026\/02\/img_1280x721uu2025-11-13-14-06-35-2247943.jpg\",\"keywords\":[\"calamidades p\u00fablicas\",\"concelhos\",\"desastres\",\"habita\u00e7\u00e3o\",\"indeniza\u00e7\u00f5es\",\"Seguro Habita\u00e7\u00e3o\"],\"articleSection\":[\"Not\u00edcias\"],\"inLanguage\":\"pt-PT\"},{\"@type\":\"WebPage\",\"@id\":\"https:\/\/portaltela.pt\/noticias\/2026\/02\/18\/metade-das-casas-expostas-nos-municipios-afetados-nao-tinham-seguro\/\",\"url\":\"https:\/\/portaltela.pt\/noticias\/2026\/02\/18\/metade-das-casas-expostas-nos-municipios-afetados-nao-tinham-seguro\/\",\"name\":\"Metade das casas expostas nos munic\u00edpios afetados n\u00e3o tinham seguro - Portal Tela Portugal\",\"isPartOf\":{\"@id\":\"https:\/\/portaltela.pt\/#website\"},\"primaryImageOfPage\":{\"@id\":\"https:\/\/portaltela.pt\/noticias\/2026\/02\/18\/metade-das-casas-expostas-nos-municipios-afetados-nao-tinham-seguro\/#primaryimage\"},\"image\":{\"@id\":\"https:\/\/portaltela.pt\/noticias\/2026\/02\/18\/metade-das-casas-expostas-nos-municipios-afetados-nao-tinham-seguro\/#primaryimage\"},\"thumbnailUrl\":\"https:\/\/portaltela.pt\/s.01k8rhncp4jt1\/2026\/02\/img_1280x721uu2025-11-13-14-06-35-2247943.jpg\",\"datePublished\":\"2026-02-18T18:44:48+00:00\",\"author\":{\"@id\":\"https:\/\/portaltela.pt\/#\/schema\/person\/c4278d4a6028830caff9ee44b42d32ed\"},\"breadcrumb\":{\"@id\":\"https:\/\/portaltela.pt\/noticias\/2026\/02\/18\/metade-das-casas-expostas-nos-municipios-afetados-nao-tinham-seguro\/#breadcrumb\"},\"inLanguage\":\"pt-PT\",\"potentialAction\":[{\"@type\":\"ReadAction\",\"target\":[\"https:\/\/portaltela.pt\/noticias\/2026\/02\/18\/metade-das-casas-expostas-nos-municipios-afetados-nao-tinham-seguro\/\"]}]},{\"@type\":\"ImageObject\",\"inLanguage\":\"pt-PT\",\"@id\":\"https:\/\/portaltela.pt\/noticias\/2026\/02\/18\/metade-das-casas-expostas-nos-municipios-afetados-nao-tinham-seguro\/#primaryimage\",\"url\":\"https:\/\/portaltela.pt\/s.01k8rhncp4jt1\/2026\/02\/img_1280x721uu2025-11-13-14-06-35-2247943.jpg\",\"contentUrl\":\"https:\/\/portaltela.pt\/s.01k8rhncp4jt1\/2026\/02\/img_1280x721uu2025-11-13-14-06-35-2247943.jpg\",\"width\":1280,\"height\":721,\"caption\":\"Casa inundada devido ao mau tempo em Portugal\"},{\"@type\":\"BreadcrumbList\",\"@id\":\"https:\/\/portaltela.pt\/noticias\/2026\/02\/18\/metade-das-casas-expostas-nos-municipios-afetados-nao-tinham-seguro\/#breadcrumb\",\"itemListElement\":[{\"@type\":\"ListItem\",\"position\":1,\"name\":\"In\u00edcio\",\"item\":\"https:\/\/portaltela.pt\/\"},{\"@type\":\"ListItem\",\"position\":2,\"name\":\"Metade das casas expostas nos munic\u00edpios afetados n\u00e3o tinham seguro\"}]},{\"@type\":\"WebSite\",\"@id\":\"https:\/\/portaltela.pt\/#website\",\"url\":\"https:\/\/portaltela.pt\/\",\"name\":\"Portal Tela Portugal\",\"description\":\"\",\"potentialAction\":[{\"@type\":\"SearchAction\",\"target\":{\"@type\":\"EntryPoint\",\"urlTemplate\":\"https:\/\/portaltela.pt\/?s={search_term_string}\"},\"query-input\":{\"@type\":\"PropertyValueSpecification\",\"valueRequired\":true,\"valueName\":\"search_term_string\"}}],\"inLanguage\":\"pt-PT\"},{\"@type\":\"Person\",\"@id\":\"https:\/\/portaltela.pt\/#\/schema\/person\/c4278d4a6028830caff9ee44b42d32ed\",\"name\":\"Telinha\",\"image\":{\"@type\":\"ImageObject\",\"inLanguage\":\"pt-PT\",\"@id\":\"https:\/\/portaltela.pt\/s.01k8rhncp4jt1\/2025\/11\/talking-bot-125x125.png\",\"url\":\"https:\/\/portaltela.pt\/s.01k8rhncp4jt1\/2025\/11\/talking-bot-125x125.png\",\"contentUrl\":\"https:\/\/portaltela.pt\/s.01k8rhncp4jt1\/2025\/11\/talking-bot-125x125.png\",\"caption\":\"Telinha\"},\"sameAs\":[\"https:\/\/portaltela.pt\/\"],\"url\":\"https:\/\/portaltela.pt\/por\/367410592786\/\"}]}<\/script>\n<!-- \/ Yoast SEO plugin. -->","yoast_head_json":{"title":"Metade das casas expostas nos munic\u00edpios afetados n\u00e3o tinham seguro - Portal Tela Portugal","robots":{"index":"index","follow":"follow","max-snippet":"max-snippet:-1","max-image-preview":"max-image-preview:large","max-video-preview":"max-video-preview:-1"},"og_locale":"pt_PT","og_type":"article","og_title":"Metade das casas expostas nos munic\u00edpios afetados n\u00e3o tinham seguro - Portal Tela Portugal","og_description":"A ASF indicou que 49% das habita\u00e7\u00f5es expostas nos concelhos afetados pelo mau tempo n\u00e3o tinham seguro com cobertura de tempestades e\/ou inunda\u00e7\u00f5es. J\u00e1 foram participados 114 mil sinistros, com 42 milh\u00f5es de euros pagos. A informa\u00e7\u00e3o foi dita numa audi\u00e7\u00e3o da Autoridade de Supervis\u00e3o de Seguros e Fundos de Pens\u00f5es, no \u00e2mbito de requerimentos do Chega e do PS, ap\u00f3s as intemp\u00e9ries, incluindo a depress\u00e3o Kristin. Segundo c\u00e1lculos de resseguradores internacionais, as perdas seguradas podem chegar aos 600 milh\u00f5es de euros, com 40% a habita\u00e7\u00e3o, 24% a com\u00e9rcio e 36% a ind\u00fastria. Os dados referem-se aos concelhos em estado de calamidade.","og_url":"https:\/\/portaltela.pt\/noticias\/2026\/02\/18\/metade-das-casas-expostas-nos-municipios-afetados-nao-tinham-seguro\/","og_site_name":"Portal Tela Portugal","article_published_time":"2026-02-18T18:44:48+00:00","author":"Telinha","twitter_card":"summary_large_image","twitter_misc":{"Escrito por":"Telinha","Tempo estimado de leitura":"1 minuto"},"schema":{"@context":"https:\/\/schema.org","@graph":[{"@type":"Article","@id":"https:\/\/portaltela.pt\/noticias\/2026\/02\/18\/metade-das-casas-expostas-nos-municipios-afetados-nao-tinham-seguro\/#article","isPartOf":{"@id":"https:\/\/portaltela.pt\/noticias\/2026\/02\/18\/metade-das-casas-expostas-nos-municipios-afetados-nao-tinham-seguro\/"},"author":{"name":"Telinha","@id":"https:\/\/portaltela.pt\/#\/schema\/person\/c4278d4a6028830caff9ee44b42d32ed"},"headline":"Metade das casas expostas nos munic\u00edpios afetados n\u00e3o tinham seguro","datePublished":"2026-02-18T18:44:48+00:00","mainEntityOfPage":{"@id":"https:\/\/portaltela.pt\/noticias\/2026\/02\/18\/metade-das-casas-expostas-nos-municipios-afetados-nao-tinham-seguro\/"},"wordCount":215,"image":{"@id":"https:\/\/portaltela.pt\/noticias\/2026\/02\/18\/metade-das-casas-expostas-nos-municipios-afetados-nao-tinham-seguro\/#primaryimage"},"thumbnailUrl":"https:\/\/portaltela.pt\/s.01k8rhncp4jt1\/2026\/02\/img_1280x721uu2025-11-13-14-06-35-2247943.jpg","keywords":["calamidades p\u00fablicas","concelhos","desastres","habita\u00e7\u00e3o","indeniza\u00e7\u00f5es","Seguro Habita\u00e7\u00e3o"],"articleSection":["Not\u00edcias"],"inLanguage":"pt-PT"},{"@type":"WebPage","@id":"https:\/\/portaltela.pt\/noticias\/2026\/02\/18\/metade-das-casas-expostas-nos-municipios-afetados-nao-tinham-seguro\/","url":"https:\/\/portaltela.pt\/noticias\/2026\/02\/18\/metade-das-casas-expostas-nos-municipios-afetados-nao-tinham-seguro\/","name":"Metade das casas expostas nos munic\u00edpios afetados n\u00e3o tinham seguro - Portal Tela Portugal","isPartOf":{"@id":"https:\/\/portaltela.pt\/#website"},"primaryImageOfPage":{"@id":"https:\/\/portaltela.pt\/noticias\/2026\/02\/18\/metade-das-casas-expostas-nos-municipios-afetados-nao-tinham-seguro\/#primaryimage"},"image":{"@id":"https:\/\/portaltela.pt\/noticias\/2026\/02\/18\/metade-das-casas-expostas-nos-municipios-afetados-nao-tinham-seguro\/#primaryimage"},"thumbnailUrl":"https:\/\/portaltela.pt\/s.01k8rhncp4jt1\/2026\/02\/img_1280x721uu2025-11-13-14-06-35-2247943.jpg","datePublished":"2026-02-18T18:44:48+00:00","author":{"@id":"https:\/\/portaltela.pt\/#\/schema\/person\/c4278d4a6028830caff9ee44b42d32ed"},"breadcrumb":{"@id":"https:\/\/portaltela.pt\/noticias\/2026\/02\/18\/metade-das-casas-expostas-nos-municipios-afetados-nao-tinham-seguro\/#breadcrumb"},"inLanguage":"pt-PT","potentialAction":[{"@type":"ReadAction","target":["https:\/\/portaltela.pt\/noticias\/2026\/02\/18\/metade-das-casas-expostas-nos-municipios-afetados-nao-tinham-seguro\/"]}]},{"@type":"ImageObject","inLanguage":"pt-PT","@id":"https:\/\/portaltela.pt\/noticias\/2026\/02\/18\/metade-das-casas-expostas-nos-municipios-afetados-nao-tinham-seguro\/#primaryimage","url":"https:\/\/portaltela.pt\/s.01k8rhncp4jt1\/2026\/02\/img_1280x721uu2025-11-13-14-06-35-2247943.jpg","contentUrl":"https:\/\/portaltela.pt\/s.01k8rhncp4jt1\/2026\/02\/img_1280x721uu2025-11-13-14-06-35-2247943.jpg","width":1280,"height":721,"caption":"Casa inundada devido ao mau tempo em Portugal"},{"@type":"BreadcrumbList","@id":"https:\/\/portaltela.pt\/noticias\/2026\/02\/18\/metade-das-casas-expostas-nos-municipios-afetados-nao-tinham-seguro\/#breadcrumb","itemListElement":[{"@type":"ListItem","position":1,"name":"In\u00edcio","item":"https:\/\/portaltela.pt\/"},{"@type":"ListItem","position":2,"name":"Metade das casas expostas nos munic\u00edpios afetados n\u00e3o tinham seguro"}]},{"@type":"WebSite","@id":"https:\/\/portaltela.pt\/#website","url":"https:\/\/portaltela.pt\/","name":"Portal Tela Portugal","description":"","potentialAction":[{"@type":"SearchAction","target":{"@type":"EntryPoint","urlTemplate":"https:\/\/portaltela.pt\/?s={search_term_string}"},"query-input":{"@type":"PropertyValueSpecification","valueRequired":true,"valueName":"search_term_string"}}],"inLanguage":"pt-PT"},{"@type":"Person","@id":"https:\/\/portaltela.pt\/#\/schema\/person\/c4278d4a6028830caff9ee44b42d32ed","name":"Telinha","image":{"@type":"ImageObject","inLanguage":"pt-PT","@id":"https:\/\/portaltela.pt\/s.01k8rhncp4jt1\/2025\/11\/talking-bot-125x125.png","url":"https:\/\/portaltela.pt\/s.01k8rhncp4jt1\/2025\/11\/talking-bot-125x125.png","contentUrl":"https:\/\/portaltela.pt\/s.01k8rhncp4jt1\/2025\/11\/talking-bot-125x125.png","caption":"Telinha"},"sameAs":["https:\/\/portaltela.pt\/"],"url":"https:\/\/portaltela.pt\/por\/367410592786\/"}]}},"_links":{"self":[{"href":"https:\/\/portaltela.pt\/api\/wp\/v2\/posts\/216468","targetHints":{"allow":["GET"]}}],"collection":[{"href":"https:\/\/portaltela.pt\/api\/wp\/v2\/posts"}],"about":[{"href":"https:\/\/portaltela.pt\/api\/wp\/v2\/types\/post"}],"author":[{"embeddable":true,"href":"https:\/\/portaltela.pt\/api\/wp\/v2\/users\/2"}],"replies":[{"embeddable":true,"href":"https:\/\/portaltela.pt\/api\/wp\/v2\/comments?post=216468"}],"version-history":[{"count":0,"href":"https:\/\/portaltela.pt\/api\/wp\/v2\/posts\/216468\/revisions"}],"wp:featuredmedia":[{"embeddable":true,"href":"https:\/\/portaltela.pt\/api\/wp\/v2\/media\/216473"}],"wp:attachment":[{"href":"https:\/\/portaltela.pt\/api\/wp\/v2\/media?parent=216468"}],"wp:term":[{"taxonomy":"category","embeddable":true,"href":"https:\/\/portaltela.pt\/api\/wp\/v2\/categories?post=216468"},{"taxonomy":"post_tag","embeddable":true,"href":"https:\/\/portaltela.pt\/api\/wp\/v2\/tags?post=216468"}],"curies":[{"name":"wp","href":"https:\/\/api.w.org\/{rel}","templated":true}]}}