{"id":216459,"date":"2026-02-18T15:40:05","date_gmt":"2026-02-18T18:40:05","guid":{"rendered":"https:\/\/portaltela.pt\/noticias\/2026\/02\/18\/psd-da-madeira-vao-votar-a-favor-das-alteracoes-ao-subsidio-de-mobilidade\/"},"modified":"2026-02-18T15:40:05","modified_gmt":"2026-02-18T18:40:05","slug":"psd-da-madeira-vao-votar-a-favor-das-alteracoes-ao-subsidio-de-mobilidade","status":"publish","type":"post","link":"https:\/\/portaltela.pt\/noticias\/2026\/02\/18\/psd-da-madeira-vao-votar-a-favor-das-alteracoes-ao-subsidio-de-mobilidade\/","title":{"rendered":"PSD da Madeira v\u00e3o votar a favor das altera\u00e7\u00f5es ao subs\u00eddio de mobilidade"},"content":{"rendered":"<p>O presidente do Governo da Madeira, Miguel Albuquerque, afirmou que os tr\u00eas deputados social-democratas eleitos pela regi\u00e3o v\u00e3o votar, nesta quarta-feira, a favor de propostas de altera\u00e7\u00e3o ao subs\u00eddio de mobilidade na Assembleia da Rep\u00fablica. A declara\u00e7\u00e3o ocorreu durante a inaugura\u00e7\u00e3o de uma escultura no Funchal.<\/p>\n<p>Albuquerque disse que o novo regime do Subs\u00eddio Social de Mobilidade, em vigor desde 6 de janeiro, tem gerado confus\u00e3o e stress entre os residentes. Criticou a plataforma de reembolso e a exig\u00eancia de certid\u00e3o de d\u00edvida regularizada, classificando-a de burocr\u00e1tica.<\/p>\n<p>O l\u00edder regional afirmou que as mudan\u00e7as visam simplificar o acesso e acabar com discrimina\u00e7\u00f5es, defendendo que a Madeira est\u00e1 em primeiro lugar. O Governo regional n\u00e3o revelou se os deputados apoiar\u00e3o todos os diplomas em debate.<\/p>\n<h3>Debates na Assembleia da Rep\u00fablica<\/h3>\n<p>Est\u00e1 em agenda, nesta sess\u00e3o, a aprecia\u00e7\u00e3o de decretos-lei que alteram o acesso ao SSM para viagens entre as regi\u00f5es aut\u00f3nomas e o continente. Est\u00e3o previstas iniciativas do PS e do Chega, com propostas de modifica\u00e7\u00e3o do regime.<\/p>\n<p>O Chega tamb\u00e9m apresentou uma proposta de altera\u00e7\u00e3o ao decreto-lei que refor\u00e7a a mobilidade a\u00e9rea como direito dos cidad\u00e3os das regi\u00f5es aut\u00f3nomas, visando uma maior coes\u00e3o territorial. Est\u00e3o ainda em discuss\u00e3o antepropostas j\u00e1 aprovadas nos parlamentos dos A\u00e7ores e da Madeira.<\/p>\n<p>Miguel Albuquerque reiterou que os deputados do PSD v\u00e3o votar pela derroga\u00e7\u00e3o das normas consideradas pol\u00e9micas, para simplificar o processo. O objetivo \u00e9 eliminar a exig\u00eancia de situa\u00e7\u00e3o contributiva regularizada, segundo o chefe do executivo madeirense.<\/p>\n<p>O presidente insistiu que, apesar de o modelo ser uma medida do Governo da Regi\u00e3o, a prioridade \u00e9 a Madeira e a popula\u00e7\u00e3o. Comentou que se a situa\u00e7\u00e3o fosse em contr\u00e1rio, os residentes com filhos no continente seriam rapidamente Ouvidos.<\/p>\n<p>O subs\u00eddio social de mobilidade, criado em 2015, reembolsa parte do custo da passagem entre as ilhas e o continente. A diferen\u00e7a entre o custo eleg\u00edvel e a tarifa m\u00e1xima suportada pelo residente determina o valor a receber.<\/p>\n","protected":false},"excerpt":{"rendered":"<ul>\n<li>O presidente do Governo da Madeira, Miguel Albuquerque, disse que os tr\u00eas deputados do PSD eleitos pela regi\u00e3o v\u00e3o votar, na Assembleia da Rep\u00fablica, a favor das altera\u00e7\u00f5es ao subs\u00eddio de mobilidade.<\/li>\n<li>A inten\u00e7\u00e3o \u00e9 derrogar as normas pol\u00e9micas do novo regime do subs\u00eddio, visto que tem causado confus\u00e3o e stress, sobretudo para quem tem filhos a estudar no continente.<\/li>\n<li>Albuquerque criticou a plataforma de reembolso e a exig\u00eancia de certid\u00e3o de n\u00e3o d\u00edvida, que est\u00e1 suspensa at\u00e9 31 de mar\u00e7o, defendendo simplifica\u00e7\u00e3o r\u00e1pida.<\/li>\n<li>Na AR, discutem-se propostas do PS e do Chega para alterar o decreto-lei que alterou o subs\u00eddio, bem como duas antepropostas aprovadas nos parlamentos dos A\u00e7ores e da Madeira.<\/li>\n<li>O subs\u00eddio social de mobilidade tem tarifas m\u00e1ximas e custos eleg\u00edveis espec\u00edficos para moradores e estudantes entre Madeira, continente e entre os arquip\u00e9lagos, e os deputados madeirenses v\u00e3o votar pela derroga\u00e7\u00e3o para simplificar o acesso.<\/li>\n<\/ul>\n","protected":false},"author":2,"featured_media":216462,"comment_status":"closed","ping_status":"closed","sticky":false,"template":"","format":"standard","meta":{"footnotes":""},"categories":[1],"tags":[34,859,2110,2832,5243,2575],"class_list":["post-216459","post","type-post","status-publish","format-standard","has-post-thumbnail","hentry","category-noticias","tag-governo","tag-madeira","tag-mobilidade","tag-politica","tag-regiao-autonoma","tag-subsidio-social"],"yoast_head":"<!-- This site is optimized with the Yoast SEO plugin v27.2 - https:\/\/yoast.com\/product\/yoast-seo-wordpress\/ -->\n<title>PSD da Madeira v\u00e3o votar a favor das altera\u00e7\u00f5es ao subs\u00eddio de mobilidade - Portal Tela Portugal<\/title>\n<meta name=\"robots\" content=\"index, follow, max-snippet:-1, max-image-preview:large, max-video-preview:-1\" \/>\n<meta property=\"og:locale\" content=\"pt_PT\" \/>\n<meta property=\"og:type\" content=\"article\" \/>\n<meta property=\"og:title\" content=\"PSD da Madeira v\u00e3o votar a favor das altera\u00e7\u00f5es ao subs\u00eddio de mobilidade - Portal Tela Portugal\" \/>\n<meta property=\"og:description\" content=\"O presidente do Governo da Madeira, Miguel Albuquerque, disse que os tr\u00eas deputados do PSD eleitos pela regi\u00e3o v\u00e3o votar, na Assembleia da Rep\u00fablica, a favor das altera\u00e7\u00f5es ao subs\u00eddio de mobilidade. A inten\u00e7\u00e3o \u00e9 derrogar as normas pol\u00e9micas do novo regime do subs\u00eddio, visto que tem causado confus\u00e3o e stress, sobretudo para quem tem filhos a estudar no continente. Albuquerque criticou a plataforma de reembolso e a exig\u00eancia de certid\u00e3o de n\u00e3o d\u00edvida, que est\u00e1 suspensa at\u00e9 31 de mar\u00e7o, defendendo simplifica\u00e7\u00e3o r\u00e1pida. Na AR, discutem-se propostas do PS e do Chega para alterar o decreto-lei que alterou o subs\u00eddio, bem como duas antepropostas aprovadas nos parlamentos dos A\u00e7ores e da Madeira. O subs\u00eddio social de mobilidade tem tarifas m\u00e1ximas e custos eleg\u00edveis espec\u00edficos para moradores e estudantes entre Madeira, continente e entre os arquip\u00e9lagos, e os deputados madeirenses v\u00e3o votar pela derroga\u00e7\u00e3o para simplificar o acesso.\" \/>\n<meta property=\"og:url\" content=\"https:\/\/portaltela.pt\/noticias\/2026\/02\/18\/psd-da-madeira-vao-votar-a-favor-das-alteracoes-ao-subsidio-de-mobilidade\/\" \/>\n<meta property=\"og:site_name\" content=\"Portal Tela Portugal\" \/>\n<meta property=\"article:published_time\" content=\"2026-02-18T18:40:05+00:00\" \/>\n<meta name=\"author\" content=\"Telinha\" \/>\n<meta name=\"twitter:card\" content=\"summary_large_image\" \/>\n<meta name=\"twitter:label1\" content=\"Escrito por\" \/>\n\t<meta name=\"twitter:data1\" content=\"Telinha\" \/>\n\t<meta name=\"twitter:label2\" content=\"Tempo estimado de leitura\" \/>\n\t<meta name=\"twitter:data2\" content=\"2 minutos\" \/>\n<script type=\"application\/ld+json\" class=\"yoast-schema-graph\">{\"@context\":\"https:\/\/schema.org\",\"@graph\":[{\"@type\":\"Article\",\"@id\":\"https:\/\/portaltela.pt\/noticias\/2026\/02\/18\/psd-da-madeira-vao-votar-a-favor-das-alteracoes-ao-subsidio-de-mobilidade\/#article\",\"isPartOf\":{\"@id\":\"https:\/\/portaltela.pt\/noticias\/2026\/02\/18\/psd-da-madeira-vao-votar-a-favor-das-alteracoes-ao-subsidio-de-mobilidade\/\"},\"author\":{\"name\":\"Telinha\",\"@id\":\"https:\/\/portaltela.pt\/#\/schema\/person\/c4278d4a6028830caff9ee44b42d32ed\"},\"headline\":\"PSD da Madeira v\u00e3o votar a favor das altera\u00e7\u00f5es ao subs\u00eddio de mobilidade\",\"datePublished\":\"2026-02-18T18:40:05+00:00\",\"mainEntityOfPage\":{\"@id\":\"https:\/\/portaltela.pt\/noticias\/2026\/02\/18\/psd-da-madeira-vao-votar-a-favor-das-alteracoes-ao-subsidio-de-mobilidade\/\"},\"wordCount\":384,\"image\":{\"@id\":\"https:\/\/portaltela.pt\/noticias\/2026\/02\/18\/psd-da-madeira-vao-votar-a-favor-das-alteracoes-ao-subsidio-de-mobilidade\/#primaryimage\"},\"thumbnailUrl\":\"https:\/\/portaltela.pt\/s.01k8rhncp4jt1\/2026\/02\/img_1500x1000uu2026-02-18-18-39-27-2267581.jpg\",\"keywords\":[\"governo\",\"Madeira\",\"mobilidade\",\"pol\u00edtica\",\"Regi\u00e3o Aut\u00f3noma\",\"Subs\u00eddio Social\"],\"articleSection\":[\"Not\u00edcias\"],\"inLanguage\":\"pt-PT\"},{\"@type\":\"WebPage\",\"@id\":\"https:\/\/portaltela.pt\/noticias\/2026\/02\/18\/psd-da-madeira-vao-votar-a-favor-das-alteracoes-ao-subsidio-de-mobilidade\/\",\"url\":\"https:\/\/portaltela.pt\/noticias\/2026\/02\/18\/psd-da-madeira-vao-votar-a-favor-das-alteracoes-ao-subsidio-de-mobilidade\/\",\"name\":\"PSD da Madeira v\u00e3o votar a favor das altera\u00e7\u00f5es ao subs\u00eddio de mobilidade - Portal Tela Portugal\",\"isPartOf\":{\"@id\":\"https:\/\/portaltela.pt\/#website\"},\"primaryImageOfPage\":{\"@id\":\"https:\/\/portaltela.pt\/noticias\/2026\/02\/18\/psd-da-madeira-vao-votar-a-favor-das-alteracoes-ao-subsidio-de-mobilidade\/#primaryimage\"},\"image\":{\"@id\":\"https:\/\/portaltela.pt\/noticias\/2026\/02\/18\/psd-da-madeira-vao-votar-a-favor-das-alteracoes-ao-subsidio-de-mobilidade\/#primaryimage\"},\"thumbnailUrl\":\"https:\/\/portaltela.pt\/s.01k8rhncp4jt1\/2026\/02\/img_1500x1000uu2026-02-18-18-39-27-2267581.jpg\",\"datePublished\":\"2026-02-18T18:40:05+00:00\",\"author\":{\"@id\":\"https:\/\/portaltela.pt\/#\/schema\/person\/c4278d4a6028830caff9ee44b42d32ed\"},\"breadcrumb\":{\"@id\":\"https:\/\/portaltela.pt\/noticias\/2026\/02\/18\/psd-da-madeira-vao-votar-a-favor-das-alteracoes-ao-subsidio-de-mobilidade\/#breadcrumb\"},\"inLanguage\":\"pt-PT\",\"potentialAction\":[{\"@type\":\"ReadAction\",\"target\":[\"https:\/\/portaltela.pt\/noticias\/2026\/02\/18\/psd-da-madeira-vao-votar-a-favor-das-alteracoes-ao-subsidio-de-mobilidade\/\"]}]},{\"@type\":\"ImageObject\",\"inLanguage\":\"pt-PT\",\"@id\":\"https:\/\/portaltela.pt\/noticias\/2026\/02\/18\/psd-da-madeira-vao-votar-a-favor-das-alteracoes-ao-subsidio-de-mobilidade\/#primaryimage\",\"url\":\"https:\/\/portaltela.pt\/s.01k8rhncp4jt1\/2026\/02\/img_1500x1000uu2026-02-18-18-39-27-2267581.jpg\",\"contentUrl\":\"https:\/\/portaltela.pt\/s.01k8rhncp4jt1\/2026\/02\/img_1500x1000uu2026-02-18-18-39-27-2267581.jpg\",\"width\":1500,\"height\":1000,\"caption\":\"Miguel Albuquerque\"},{\"@type\":\"BreadcrumbList\",\"@id\":\"https:\/\/portaltela.pt\/noticias\/2026\/02\/18\/psd-da-madeira-vao-votar-a-favor-das-alteracoes-ao-subsidio-de-mobilidade\/#breadcrumb\",\"itemListElement\":[{\"@type\":\"ListItem\",\"position\":1,\"name\":\"In\u00edcio\",\"item\":\"https:\/\/portaltela.pt\/\"},{\"@type\":\"ListItem\",\"position\":2,\"name\":\"PSD da Madeira v\u00e3o votar a favor das altera\u00e7\u00f5es ao subs\u00eddio de mobilidade\"}]},{\"@type\":\"WebSite\",\"@id\":\"https:\/\/portaltela.pt\/#website\",\"url\":\"https:\/\/portaltela.pt\/\",\"name\":\"Portal Tela Portugal\",\"description\":\"\",\"potentialAction\":[{\"@type\":\"SearchAction\",\"target\":{\"@type\":\"EntryPoint\",\"urlTemplate\":\"https:\/\/portaltela.pt\/?s={search_term_string}\"},\"query-input\":{\"@type\":\"PropertyValueSpecification\",\"valueRequired\":true,\"valueName\":\"search_term_string\"}}],\"inLanguage\":\"pt-PT\"},{\"@type\":\"Person\",\"@id\":\"https:\/\/portaltela.pt\/#\/schema\/person\/c4278d4a6028830caff9ee44b42d32ed\",\"name\":\"Telinha\",\"image\":{\"@type\":\"ImageObject\",\"inLanguage\":\"pt-PT\",\"@id\":\"https:\/\/portaltela.pt\/s.01k8rhncp4jt1\/2025\/11\/talking-bot-125x125.png\",\"url\":\"https:\/\/portaltela.pt\/s.01k8rhncp4jt1\/2025\/11\/talking-bot-125x125.png\",\"contentUrl\":\"https:\/\/portaltela.pt\/s.01k8rhncp4jt1\/2025\/11\/talking-bot-125x125.png\",\"caption\":\"Telinha\"},\"sameAs\":[\"https:\/\/portaltela.pt\/\"],\"url\":\"https:\/\/portaltela.pt\/por\/367410592786\/\"}]}<\/script>\n<!-- \/ Yoast SEO plugin. -->","yoast_head_json":{"title":"PSD da Madeira v\u00e3o votar a favor das altera\u00e7\u00f5es ao subs\u00eddio de mobilidade - Portal Tela Portugal","robots":{"index":"index","follow":"follow","max-snippet":"max-snippet:-1","max-image-preview":"max-image-preview:large","max-video-preview":"max-video-preview:-1"},"og_locale":"pt_PT","og_type":"article","og_title":"PSD da Madeira v\u00e3o votar a favor das altera\u00e7\u00f5es ao subs\u00eddio de mobilidade - Portal Tela Portugal","og_description":"O presidente do Governo da Madeira, Miguel Albuquerque, disse que os tr\u00eas deputados do PSD eleitos pela regi\u00e3o v\u00e3o votar, na Assembleia da Rep\u00fablica, a favor das altera\u00e7\u00f5es ao subs\u00eddio de mobilidade. A inten\u00e7\u00e3o \u00e9 derrogar as normas pol\u00e9micas do novo regime do subs\u00eddio, visto que tem causado confus\u00e3o e stress, sobretudo para quem tem filhos a estudar no continente. Albuquerque criticou a plataforma de reembolso e a exig\u00eancia de certid\u00e3o de n\u00e3o d\u00edvida, que est\u00e1 suspensa at\u00e9 31 de mar\u00e7o, defendendo simplifica\u00e7\u00e3o r\u00e1pida. Na AR, discutem-se propostas do PS e do Chega para alterar o decreto-lei que alterou o subs\u00eddio, bem como duas antepropostas aprovadas nos parlamentos dos A\u00e7ores e da Madeira. O subs\u00eddio social de mobilidade tem tarifas m\u00e1ximas e custos eleg\u00edveis espec\u00edficos para moradores e estudantes entre Madeira, continente e entre os arquip\u00e9lagos, e os deputados madeirenses v\u00e3o votar pela derroga\u00e7\u00e3o para simplificar o acesso.","og_url":"https:\/\/portaltela.pt\/noticias\/2026\/02\/18\/psd-da-madeira-vao-votar-a-favor-das-alteracoes-ao-subsidio-de-mobilidade\/","og_site_name":"Portal Tela Portugal","article_published_time":"2026-02-18T18:40:05+00:00","author":"Telinha","twitter_card":"summary_large_image","twitter_misc":{"Escrito por":"Telinha","Tempo estimado de leitura":"2 minutos"},"schema":{"@context":"https:\/\/schema.org","@graph":[{"@type":"Article","@id":"https:\/\/portaltela.pt\/noticias\/2026\/02\/18\/psd-da-madeira-vao-votar-a-favor-das-alteracoes-ao-subsidio-de-mobilidade\/#article","isPartOf":{"@id":"https:\/\/portaltela.pt\/noticias\/2026\/02\/18\/psd-da-madeira-vao-votar-a-favor-das-alteracoes-ao-subsidio-de-mobilidade\/"},"author":{"name":"Telinha","@id":"https:\/\/portaltela.pt\/#\/schema\/person\/c4278d4a6028830caff9ee44b42d32ed"},"headline":"PSD da Madeira v\u00e3o votar a favor das altera\u00e7\u00f5es ao subs\u00eddio de mobilidade","datePublished":"2026-02-18T18:40:05+00:00","mainEntityOfPage":{"@id":"https:\/\/portaltela.pt\/noticias\/2026\/02\/18\/psd-da-madeira-vao-votar-a-favor-das-alteracoes-ao-subsidio-de-mobilidade\/"},"wordCount":384,"image":{"@id":"https:\/\/portaltela.pt\/noticias\/2026\/02\/18\/psd-da-madeira-vao-votar-a-favor-das-alteracoes-ao-subsidio-de-mobilidade\/#primaryimage"},"thumbnailUrl":"https:\/\/portaltela.pt\/s.01k8rhncp4jt1\/2026\/02\/img_1500x1000uu2026-02-18-18-39-27-2267581.jpg","keywords":["governo","Madeira","mobilidade","pol\u00edtica","Regi\u00e3o Aut\u00f3noma","Subs\u00eddio Social"],"articleSection":["Not\u00edcias"],"inLanguage":"pt-PT"},{"@type":"WebPage","@id":"https:\/\/portaltela.pt\/noticias\/2026\/02\/18\/psd-da-madeira-vao-votar-a-favor-das-alteracoes-ao-subsidio-de-mobilidade\/","url":"https:\/\/portaltela.pt\/noticias\/2026\/02\/18\/psd-da-madeira-vao-votar-a-favor-das-alteracoes-ao-subsidio-de-mobilidade\/","name":"PSD da Madeira v\u00e3o votar a favor das altera\u00e7\u00f5es ao subs\u00eddio de mobilidade - Portal Tela Portugal","isPartOf":{"@id":"https:\/\/portaltela.pt\/#website"},"primaryImageOfPage":{"@id":"https:\/\/portaltela.pt\/noticias\/2026\/02\/18\/psd-da-madeira-vao-votar-a-favor-das-alteracoes-ao-subsidio-de-mobilidade\/#primaryimage"},"image":{"@id":"https:\/\/portaltela.pt\/noticias\/2026\/02\/18\/psd-da-madeira-vao-votar-a-favor-das-alteracoes-ao-subsidio-de-mobilidade\/#primaryimage"},"thumbnailUrl":"https:\/\/portaltela.pt\/s.01k8rhncp4jt1\/2026\/02\/img_1500x1000uu2026-02-18-18-39-27-2267581.jpg","datePublished":"2026-02-18T18:40:05+00:00","author":{"@id":"https:\/\/portaltela.pt\/#\/schema\/person\/c4278d4a6028830caff9ee44b42d32ed"},"breadcrumb":{"@id":"https:\/\/portaltela.pt\/noticias\/2026\/02\/18\/psd-da-madeira-vao-votar-a-favor-das-alteracoes-ao-subsidio-de-mobilidade\/#breadcrumb"},"inLanguage":"pt-PT","potentialAction":[{"@type":"ReadAction","target":["https:\/\/portaltela.pt\/noticias\/2026\/02\/18\/psd-da-madeira-vao-votar-a-favor-das-alteracoes-ao-subsidio-de-mobilidade\/"]}]},{"@type":"ImageObject","inLanguage":"pt-PT","@id":"https:\/\/portaltela.pt\/noticias\/2026\/02\/18\/psd-da-madeira-vao-votar-a-favor-das-alteracoes-ao-subsidio-de-mobilidade\/#primaryimage","url":"https:\/\/portaltela.pt\/s.01k8rhncp4jt1\/2026\/02\/img_1500x1000uu2026-02-18-18-39-27-2267581.jpg","contentUrl":"https:\/\/portaltela.pt\/s.01k8rhncp4jt1\/2026\/02\/img_1500x1000uu2026-02-18-18-39-27-2267581.jpg","width":1500,"height":1000,"caption":"Miguel Albuquerque"},{"@type":"BreadcrumbList","@id":"https:\/\/portaltela.pt\/noticias\/2026\/02\/18\/psd-da-madeira-vao-votar-a-favor-das-alteracoes-ao-subsidio-de-mobilidade\/#breadcrumb","itemListElement":[{"@type":"ListItem","position":1,"name":"In\u00edcio","item":"https:\/\/portaltela.pt\/"},{"@type":"ListItem","position":2,"name":"PSD da Madeira v\u00e3o votar a favor das altera\u00e7\u00f5es ao subs\u00eddio de mobilidade"}]},{"@type":"WebSite","@id":"https:\/\/portaltela.pt\/#website","url":"https:\/\/portaltela.pt\/","name":"Portal Tela Portugal","description":"","potentialAction":[{"@type":"SearchAction","target":{"@type":"EntryPoint","urlTemplate":"https:\/\/portaltela.pt\/?s={search_term_string}"},"query-input":{"@type":"PropertyValueSpecification","valueRequired":true,"valueName":"search_term_string"}}],"inLanguage":"pt-PT"},{"@type":"Person","@id":"https:\/\/portaltela.pt\/#\/schema\/person\/c4278d4a6028830caff9ee44b42d32ed","name":"Telinha","image":{"@type":"ImageObject","inLanguage":"pt-PT","@id":"https:\/\/portaltela.pt\/s.01k8rhncp4jt1\/2025\/11\/talking-bot-125x125.png","url":"https:\/\/portaltela.pt\/s.01k8rhncp4jt1\/2025\/11\/talking-bot-125x125.png","contentUrl":"https:\/\/portaltela.pt\/s.01k8rhncp4jt1\/2025\/11\/talking-bot-125x125.png","caption":"Telinha"},"sameAs":["https:\/\/portaltela.pt\/"],"url":"https:\/\/portaltela.pt\/por\/367410592786\/"}]}},"_links":{"self":[{"href":"https:\/\/portaltela.pt\/api\/wp\/v2\/posts\/216459","targetHints":{"allow":["GET"]}}],"collection":[{"href":"https:\/\/portaltela.pt\/api\/wp\/v2\/posts"}],"about":[{"href":"https:\/\/portaltela.pt\/api\/wp\/v2\/types\/post"}],"author":[{"embeddable":true,"href":"https:\/\/portaltela.pt\/api\/wp\/v2\/users\/2"}],"replies":[{"embeddable":true,"href":"https:\/\/portaltela.pt\/api\/wp\/v2\/comments?post=216459"}],"version-history":[{"count":0,"href":"https:\/\/portaltela.pt\/api\/wp\/v2\/posts\/216459\/revisions"}],"wp:featuredmedia":[{"embeddable":true,"href":"https:\/\/portaltela.pt\/api\/wp\/v2\/media\/216462"}],"wp:attachment":[{"href":"https:\/\/portaltela.pt\/api\/wp\/v2\/media?parent=216459"}],"wp:term":[{"taxonomy":"category","embeddable":true,"href":"https:\/\/portaltela.pt\/api\/wp\/v2\/categories?post=216459"},{"taxonomy":"post_tag","embeddable":true,"href":"https:\/\/portaltela.pt\/api\/wp\/v2\/tags?post=216459"}],"curies":[{"name":"wp","href":"https:\/\/api.w.org\/{rel}","templated":true}]}}