{"id":216437,"date":"2026-02-18T15:25:30","date_gmt":"2026-02-18T18:25:30","guid":{"rendered":"https:\/\/portaltela.pt\/noticias\/2026\/02\/18\/parlamento-aprova-diplomas-para-acores-e-madeira-alterar-subsidio-de-mobilidade\/"},"modified":"2026-02-18T15:25:30","modified_gmt":"2026-02-18T18:25:30","slug":"parlamento-aprova-diplomas-para-acores-e-madeira-alterar-subsidio-de-mobilidade","status":"publish","type":"post","link":"https:\/\/portaltela.pt\/noticias\/politica\/2026\/02\/18\/parlamento-aprova-diplomas-para-acores-e-madeira-alterar-subsidio-de-mobilidade\/","title":{"rendered":"Parlamento aprova diplomas para A\u00e7ores e Madeira alterar subs\u00eddio de mobilidade"},"content":{"rendered":"<p>A Assembleia da Rep\u00fablica aprovou, na generalidade, duas propostas de lei apresentadas pelos parlamentos regionais dos A\u00e7ores e da Madeira. Os diplomas visam dispensar a exig\u00eancia de situa\u00e7\u00e3o contributiva regularizada para aceder ao subs\u00eddio social de mobilidade (SSM) nas viagens a\u00e9reas.<\/p>\n<p>A viabiliza\u00e7\u00e3o ocorreu com o voto contra das bancadas do PSD e do CDS-PP, partidos que apoiam o Governo. Exce\u00e7\u00e3o feita aos seis deputados social-democratas eleitos por cada regi\u00e3o aut\u00f3noma, que votaram a favor.<\/p>\n<p>Os deputados do PSD que votaram a favor pertencem aos c\u00edrculos dos A\u00e7ores e da Madeira: Paulo Moniz, Francisco Pimentel e Nuna Menezes (A\u00e7ores) e Pedro Coelho, V\u00e2nia Jesus e Paulo Neves (Madeira). O direito de liberdade de voto tinha sido anunciado pelo l\u00edder parlamentar social-democrata, Hugo Soares.<\/p>\n","protected":false},"excerpt":{"rendered":"<ul>\n<li>A Assembleia da Rep\u00fablica aprovou, na generalidade, dois diplomas dos parlamentos regionais dos A\u00e7ores e da Madeira que dispensam a exig\u00eancia de situa\u00e7\u00e3o contributiva regularizada para aceder ao subs\u00eddio social de mobilidade em viagens a\u00e9reas.<\/li>\n<li>Os diplomas foram viabilizados com votos contra do PSD e do CDS-PP, exce\u00e7\u00e3o feita aos seis deputados eleitos pelas regi\u00f5es aut\u00f3nomas que votaram a favor.<\/li>\n<li>Os deputados do PSD que votaram a favor foram Paulo Moniz, Francisco Pimentel e Nuna Menezes (A\u00e7ores) e Pedro Coelho, V\u00e2nia Jesus e Paulo Neves (Madeira), exercendo o direito de voto livre.<\/li>\n<li>O l\u00edder do PSD, Hugo Soares, tinha anunciado previamente o direito de liberdade de voto para os seus correlegion\u00e1rios.<\/li>\n<\/ul>\n","protected":false},"author":2,"featured_media":216445,"comment_status":"closed","ping_status":"closed","sticky":false,"template":"","format":"standard","meta":{"footnotes":""},"categories":[1,5],"tags":[5881,822,2478,2110,3695,2575],"class_list":["post-216437","post","type-post","status-publish","format-standard","has-post-thumbnail","hentry","category-noticias","category-politica","tag-a-madeira","tag-acores","tag-cds","tag-mobilidade","tag-psd","tag-subsidio-social"],"yoast_head":"<!-- This site is optimized with the Yoast SEO plugin v27.2 - https:\/\/yoast.com\/product\/yoast-seo-wordpress\/ -->\n<title>Parlamento aprova diplomas para A\u00e7ores e Madeira alterar subs\u00eddio de mobilidade - Portal Tela Portugal<\/title>\n<meta name=\"robots\" content=\"index, follow, max-snippet:-1, max-image-preview:large, max-video-preview:-1\" \/>\n<meta property=\"og:locale\" content=\"pt_PT\" \/>\n<meta property=\"og:type\" content=\"article\" \/>\n<meta property=\"og:title\" content=\"Parlamento aprova diplomas para A\u00e7ores e Madeira alterar subs\u00eddio de mobilidade - Portal Tela Portugal\" \/>\n<meta property=\"og:description\" content=\"A Assembleia da Rep\u00fablica aprovou, na generalidade, dois diplomas dos parlamentos regionais dos A\u00e7ores e da Madeira que dispensam a exig\u00eancia de situa\u00e7\u00e3o contributiva regularizada para aceder ao subs\u00eddio social de mobilidade em viagens a\u00e9reas. Os diplomas foram viabilizados com votos contra do PSD e do CDS-PP, exce\u00e7\u00e3o feita aos seis deputados eleitos pelas regi\u00f5es aut\u00f3nomas que votaram a favor. Os deputados do PSD que votaram a favor foram Paulo Moniz, Francisco Pimentel e Nuna Menezes (A\u00e7ores) e Pedro Coelho, V\u00e2nia Jesus e Paulo Neves (Madeira), exercendo o direito de voto livre. O l\u00edder do PSD, Hugo Soares, tinha anunciado previamente o direito de liberdade de voto para os seus correlegion\u00e1rios.\" \/>\n<meta property=\"og:url\" content=\"https:\/\/portaltela.pt\/noticias\/2026\/02\/18\/parlamento-aprova-diplomas-para-acores-e-madeira-alterar-subsidio-de-mobilidade\/\" \/>\n<meta property=\"og:site_name\" content=\"Portal Tela Portugal\" \/>\n<meta property=\"article:published_time\" content=\"2026-02-18T18:25:30+00:00\" \/>\n<meta name=\"author\" content=\"Telinha\" \/>\n<meta name=\"twitter:card\" content=\"summary_large_image\" \/>\n<meta name=\"twitter:label1\" content=\"Escrito por\" \/>\n\t<meta name=\"twitter:data1\" content=\"Telinha\" \/>\n\t<meta name=\"twitter:label2\" content=\"Tempo estimado de leitura\" \/>\n\t<meta name=\"twitter:data2\" content=\"1 minuto\" \/>\n<script type=\"application\/ld+json\" class=\"yoast-schema-graph\">{\"@context\":\"https:\/\/schema.org\",\"@graph\":[{\"@type\":\"Article\",\"@id\":\"https:\/\/portaltela.pt\/noticias\/2026\/02\/18\/parlamento-aprova-diplomas-para-acores-e-madeira-alterar-subsidio-de-mobilidade\/#article\",\"isPartOf\":{\"@id\":\"https:\/\/portaltela.pt\/noticias\/2026\/02\/18\/parlamento-aprova-diplomas-para-acores-e-madeira-alterar-subsidio-de-mobilidade\/\"},\"author\":{\"name\":\"Telinha\",\"@id\":\"https:\/\/portaltela.pt\/#\/schema\/person\/c4278d4a6028830caff9ee44b42d32ed\"},\"headline\":\"Parlamento aprova diplomas para A\u00e7ores e Madeira alterar subs\u00eddio de mobilidade\",\"datePublished\":\"2026-02-18T18:25:30+00:00\",\"mainEntityOfPage\":{\"@id\":\"https:\/\/portaltela.pt\/noticias\/2026\/02\/18\/parlamento-aprova-diplomas-para-acores-e-madeira-alterar-subsidio-de-mobilidade\/\"},\"wordCount\":151,\"image\":{\"@id\":\"https:\/\/portaltela.pt\/noticias\/2026\/02\/18\/parlamento-aprova-diplomas-para-acores-e-madeira-alterar-subsidio-de-mobilidade\/#primaryimage\"},\"thumbnailUrl\":\"https:\/\/portaltela.pt\/s.01k8rhncp4jt1\/2026\/02\/img_1500x1000uu2024-03-07-23-45-40-1593046-2.jpg\",\"keywords\":[\"a madeira\",\"A\u00e7ores\",\"CDS\",\"mobilidade\",\"PSD\",\"Subs\u00eddio Social\"],\"articleSection\":[\"Not\u00edcias\",\"Pol\u00edtica\"],\"inLanguage\":\"pt-PT\"},{\"@type\":\"WebPage\",\"@id\":\"https:\/\/portaltela.pt\/noticias\/2026\/02\/18\/parlamento-aprova-diplomas-para-acores-e-madeira-alterar-subsidio-de-mobilidade\/\",\"url\":\"https:\/\/portaltela.pt\/noticias\/2026\/02\/18\/parlamento-aprova-diplomas-para-acores-e-madeira-alterar-subsidio-de-mobilidade\/\",\"name\":\"Parlamento aprova diplomas para A\u00e7ores e Madeira alterar subs\u00eddio de mobilidade - Portal Tela Portugal\",\"isPartOf\":{\"@id\":\"https:\/\/portaltela.pt\/#website\"},\"primaryImageOfPage\":{\"@id\":\"https:\/\/portaltela.pt\/noticias\/2026\/02\/18\/parlamento-aprova-diplomas-para-acores-e-madeira-alterar-subsidio-de-mobilidade\/#primaryimage\"},\"image\":{\"@id\":\"https:\/\/portaltela.pt\/noticias\/2026\/02\/18\/parlamento-aprova-diplomas-para-acores-e-madeira-alterar-subsidio-de-mobilidade\/#primaryimage\"},\"thumbnailUrl\":\"https:\/\/portaltela.pt\/s.01k8rhncp4jt1\/2026\/02\/img_1500x1000uu2024-03-07-23-45-40-1593046-2.jpg\",\"datePublished\":\"2026-02-18T18:25:30+00:00\",\"author\":{\"@id\":\"https:\/\/portaltela.pt\/#\/schema\/person\/c4278d4a6028830caff9ee44b42d32ed\"},\"breadcrumb\":{\"@id\":\"https:\/\/portaltela.pt\/noticias\/2026\/02\/18\/parlamento-aprova-diplomas-para-acores-e-madeira-alterar-subsidio-de-mobilidade\/#breadcrumb\"},\"inLanguage\":\"pt-PT\",\"potentialAction\":[{\"@type\":\"ReadAction\",\"target\":[\"https:\/\/portaltela.pt\/noticias\/2026\/02\/18\/parlamento-aprova-diplomas-para-acores-e-madeira-alterar-subsidio-de-mobilidade\/\"]}]},{\"@type\":\"ImageObject\",\"inLanguage\":\"pt-PT\",\"@id\":\"https:\/\/portaltela.pt\/noticias\/2026\/02\/18\/parlamento-aprova-diplomas-para-acores-e-madeira-alterar-subsidio-de-mobilidade\/#primaryimage\",\"url\":\"https:\/\/portaltela.pt\/s.01k8rhncp4jt1\/2026\/02\/img_1500x1000uu2024-03-07-23-45-40-1593046-2.jpg\",\"contentUrl\":\"https:\/\/portaltela.pt\/s.01k8rhncp4jt1\/2026\/02\/img_1500x1000uu2024-03-07-23-45-40-1593046-2.jpg\",\"width\":796,\"height\":448,\"caption\":\"Assembleia da Rep\u00fablica\"},{\"@type\":\"BreadcrumbList\",\"@id\":\"https:\/\/portaltela.pt\/noticias\/2026\/02\/18\/parlamento-aprova-diplomas-para-acores-e-madeira-alterar-subsidio-de-mobilidade\/#breadcrumb\",\"itemListElement\":[{\"@type\":\"ListItem\",\"position\":1,\"name\":\"In\u00edcio\",\"item\":\"https:\/\/portaltela.pt\/\"},{\"@type\":\"ListItem\",\"position\":2,\"name\":\"Parlamento aprova diplomas para A\u00e7ores e Madeira alterar subs\u00eddio de mobilidade\"}]},{\"@type\":\"WebSite\",\"@id\":\"https:\/\/portaltela.pt\/#website\",\"url\":\"https:\/\/portaltela.pt\/\",\"name\":\"Portal Tela Portugal\",\"description\":\"\",\"potentialAction\":[{\"@type\":\"SearchAction\",\"target\":{\"@type\":\"EntryPoint\",\"urlTemplate\":\"https:\/\/portaltela.pt\/?s={search_term_string}\"},\"query-input\":{\"@type\":\"PropertyValueSpecification\",\"valueRequired\":true,\"valueName\":\"search_term_string\"}}],\"inLanguage\":\"pt-PT\"},{\"@type\":\"Person\",\"@id\":\"https:\/\/portaltela.pt\/#\/schema\/person\/c4278d4a6028830caff9ee44b42d32ed\",\"name\":\"Telinha\",\"image\":{\"@type\":\"ImageObject\",\"inLanguage\":\"pt-PT\",\"@id\":\"https:\/\/portaltela.pt\/s.01k8rhncp4jt1\/2025\/11\/talking-bot-125x125.png\",\"url\":\"https:\/\/portaltela.pt\/s.01k8rhncp4jt1\/2025\/11\/talking-bot-125x125.png\",\"contentUrl\":\"https:\/\/portaltela.pt\/s.01k8rhncp4jt1\/2025\/11\/talking-bot-125x125.png\",\"caption\":\"Telinha\"},\"sameAs\":[\"https:\/\/portaltela.pt\/\"],\"url\":\"https:\/\/portaltela.pt\/por\/367410592786\/\"}]}<\/script>\n<!-- \/ Yoast SEO plugin. -->","yoast_head_json":{"title":"Parlamento aprova diplomas para A\u00e7ores e Madeira alterar subs\u00eddio de mobilidade - Portal Tela Portugal","robots":{"index":"index","follow":"follow","max-snippet":"max-snippet:-1","max-image-preview":"max-image-preview:large","max-video-preview":"max-video-preview:-1"},"og_locale":"pt_PT","og_type":"article","og_title":"Parlamento aprova diplomas para A\u00e7ores e Madeira alterar subs\u00eddio de mobilidade - Portal Tela Portugal","og_description":"A Assembleia da Rep\u00fablica aprovou, na generalidade, dois diplomas dos parlamentos regionais dos A\u00e7ores e da Madeira que dispensam a exig\u00eancia de situa\u00e7\u00e3o contributiva regularizada para aceder ao subs\u00eddio social de mobilidade em viagens a\u00e9reas. Os diplomas foram viabilizados com votos contra do PSD e do CDS-PP, exce\u00e7\u00e3o feita aos seis deputados eleitos pelas regi\u00f5es aut\u00f3nomas que votaram a favor. Os deputados do PSD que votaram a favor foram Paulo Moniz, Francisco Pimentel e Nuna Menezes (A\u00e7ores) e Pedro Coelho, V\u00e2nia Jesus e Paulo Neves (Madeira), exercendo o direito de voto livre. O l\u00edder do PSD, Hugo Soares, tinha anunciado previamente o direito de liberdade de voto para os seus correlegion\u00e1rios.","og_url":"https:\/\/portaltela.pt\/noticias\/2026\/02\/18\/parlamento-aprova-diplomas-para-acores-e-madeira-alterar-subsidio-de-mobilidade\/","og_site_name":"Portal Tela Portugal","article_published_time":"2026-02-18T18:25:30+00:00","author":"Telinha","twitter_card":"summary_large_image","twitter_misc":{"Escrito por":"Telinha","Tempo estimado de leitura":"1 minuto"},"schema":{"@context":"https:\/\/schema.org","@graph":[{"@type":"Article","@id":"https:\/\/portaltela.pt\/noticias\/2026\/02\/18\/parlamento-aprova-diplomas-para-acores-e-madeira-alterar-subsidio-de-mobilidade\/#article","isPartOf":{"@id":"https:\/\/portaltela.pt\/noticias\/2026\/02\/18\/parlamento-aprova-diplomas-para-acores-e-madeira-alterar-subsidio-de-mobilidade\/"},"author":{"name":"Telinha","@id":"https:\/\/portaltela.pt\/#\/schema\/person\/c4278d4a6028830caff9ee44b42d32ed"},"headline":"Parlamento aprova diplomas para A\u00e7ores e Madeira alterar subs\u00eddio de mobilidade","datePublished":"2026-02-18T18:25:30+00:00","mainEntityOfPage":{"@id":"https:\/\/portaltela.pt\/noticias\/2026\/02\/18\/parlamento-aprova-diplomas-para-acores-e-madeira-alterar-subsidio-de-mobilidade\/"},"wordCount":151,"image":{"@id":"https:\/\/portaltela.pt\/noticias\/2026\/02\/18\/parlamento-aprova-diplomas-para-acores-e-madeira-alterar-subsidio-de-mobilidade\/#primaryimage"},"thumbnailUrl":"https:\/\/portaltela.pt\/s.01k8rhncp4jt1\/2026\/02\/img_1500x1000uu2024-03-07-23-45-40-1593046-2.jpg","keywords":["a madeira","A\u00e7ores","CDS","mobilidade","PSD","Subs\u00eddio Social"],"articleSection":["Not\u00edcias","Pol\u00edtica"],"inLanguage":"pt-PT"},{"@type":"WebPage","@id":"https:\/\/portaltela.pt\/noticias\/2026\/02\/18\/parlamento-aprova-diplomas-para-acores-e-madeira-alterar-subsidio-de-mobilidade\/","url":"https:\/\/portaltela.pt\/noticias\/2026\/02\/18\/parlamento-aprova-diplomas-para-acores-e-madeira-alterar-subsidio-de-mobilidade\/","name":"Parlamento aprova diplomas para A\u00e7ores e Madeira alterar subs\u00eddio de mobilidade - Portal Tela Portugal","isPartOf":{"@id":"https:\/\/portaltela.pt\/#website"},"primaryImageOfPage":{"@id":"https:\/\/portaltela.pt\/noticias\/2026\/02\/18\/parlamento-aprova-diplomas-para-acores-e-madeira-alterar-subsidio-de-mobilidade\/#primaryimage"},"image":{"@id":"https:\/\/portaltela.pt\/noticias\/2026\/02\/18\/parlamento-aprova-diplomas-para-acores-e-madeira-alterar-subsidio-de-mobilidade\/#primaryimage"},"thumbnailUrl":"https:\/\/portaltela.pt\/s.01k8rhncp4jt1\/2026\/02\/img_1500x1000uu2024-03-07-23-45-40-1593046-2.jpg","datePublished":"2026-02-18T18:25:30+00:00","author":{"@id":"https:\/\/portaltela.pt\/#\/schema\/person\/c4278d4a6028830caff9ee44b42d32ed"},"breadcrumb":{"@id":"https:\/\/portaltela.pt\/noticias\/2026\/02\/18\/parlamento-aprova-diplomas-para-acores-e-madeira-alterar-subsidio-de-mobilidade\/#breadcrumb"},"inLanguage":"pt-PT","potentialAction":[{"@type":"ReadAction","target":["https:\/\/portaltela.pt\/noticias\/2026\/02\/18\/parlamento-aprova-diplomas-para-acores-e-madeira-alterar-subsidio-de-mobilidade\/"]}]},{"@type":"ImageObject","inLanguage":"pt-PT","@id":"https:\/\/portaltela.pt\/noticias\/2026\/02\/18\/parlamento-aprova-diplomas-para-acores-e-madeira-alterar-subsidio-de-mobilidade\/#primaryimage","url":"https:\/\/portaltela.pt\/s.01k8rhncp4jt1\/2026\/02\/img_1500x1000uu2024-03-07-23-45-40-1593046-2.jpg","contentUrl":"https:\/\/portaltela.pt\/s.01k8rhncp4jt1\/2026\/02\/img_1500x1000uu2024-03-07-23-45-40-1593046-2.jpg","width":796,"height":448,"caption":"Assembleia da Rep\u00fablica"},{"@type":"BreadcrumbList","@id":"https:\/\/portaltela.pt\/noticias\/2026\/02\/18\/parlamento-aprova-diplomas-para-acores-e-madeira-alterar-subsidio-de-mobilidade\/#breadcrumb","itemListElement":[{"@type":"ListItem","position":1,"name":"In\u00edcio","item":"https:\/\/portaltela.pt\/"},{"@type":"ListItem","position":2,"name":"Parlamento aprova diplomas para A\u00e7ores e Madeira alterar subs\u00eddio de mobilidade"}]},{"@type":"WebSite","@id":"https:\/\/portaltela.pt\/#website","url":"https:\/\/portaltela.pt\/","name":"Portal Tela Portugal","description":"","potentialAction":[{"@type":"SearchAction","target":{"@type":"EntryPoint","urlTemplate":"https:\/\/portaltela.pt\/?s={search_term_string}"},"query-input":{"@type":"PropertyValueSpecification","valueRequired":true,"valueName":"search_term_string"}}],"inLanguage":"pt-PT"},{"@type":"Person","@id":"https:\/\/portaltela.pt\/#\/schema\/person\/c4278d4a6028830caff9ee44b42d32ed","name":"Telinha","image":{"@type":"ImageObject","inLanguage":"pt-PT","@id":"https:\/\/portaltela.pt\/s.01k8rhncp4jt1\/2025\/11\/talking-bot-125x125.png","url":"https:\/\/portaltela.pt\/s.01k8rhncp4jt1\/2025\/11\/talking-bot-125x125.png","contentUrl":"https:\/\/portaltela.pt\/s.01k8rhncp4jt1\/2025\/11\/talking-bot-125x125.png","caption":"Telinha"},"sameAs":["https:\/\/portaltela.pt\/"],"url":"https:\/\/portaltela.pt\/por\/367410592786\/"}]}},"_links":{"self":[{"href":"https:\/\/portaltela.pt\/api\/wp\/v2\/posts\/216437","targetHints":{"allow":["GET"]}}],"collection":[{"href":"https:\/\/portaltela.pt\/api\/wp\/v2\/posts"}],"about":[{"href":"https:\/\/portaltela.pt\/api\/wp\/v2\/types\/post"}],"author":[{"embeddable":true,"href":"https:\/\/portaltela.pt\/api\/wp\/v2\/users\/2"}],"replies":[{"embeddable":true,"href":"https:\/\/portaltela.pt\/api\/wp\/v2\/comments?post=216437"}],"version-history":[{"count":0,"href":"https:\/\/portaltela.pt\/api\/wp\/v2\/posts\/216437\/revisions"}],"wp:featuredmedia":[{"embeddable":true,"href":"https:\/\/portaltela.pt\/api\/wp\/v2\/media\/216445"}],"wp:attachment":[{"href":"https:\/\/portaltela.pt\/api\/wp\/v2\/media?parent=216437"}],"wp:term":[{"taxonomy":"category","embeddable":true,"href":"https:\/\/portaltela.pt\/api\/wp\/v2\/categories?post=216437"},{"taxonomy":"post_tag","embeddable":true,"href":"https:\/\/portaltela.pt\/api\/wp\/v2\/tags?post=216437"}],"curies":[{"name":"wp","href":"https:\/\/api.w.org\/{rel}","templated":true}]}}