{"id":216434,"date":"2026-02-18T15:19:00","date_gmt":"2026-02-18T18:19:00","guid":{"rendered":"https:\/\/portaltela.pt\/noticias\/2026\/02\/18\/ex-benfica-radonjic-afastado-do-plantel-do-estrela-vermelha-por-problemas-disciplinares\/"},"modified":"2026-02-18T15:19:00","modified_gmt":"2026-02-18T18:19:00","slug":"ex-benfica-radonjic-afastado-do-plantel-do-estrela-vermelha-por-problemas-disciplinares","status":"publish","type":"post","link":"https:\/\/portaltela.pt\/desporto\/futebol\/2026\/02\/18\/ex-benfica-radonjic-afastado-do-plantel-do-estrela-vermelha-por-problemas-disciplinares\/","title":{"rendered":"Ex-Benfica Radonjic afastado do plantel do Estrela Vermelha por problemas disciplinares"},"content":{"rendered":"<p>Nemanja Radonjic foi afastado do Estrela Vermelha, por tempo indeterminado, devido a falta de profissionalismo. O clube de Belgrado comunicou a decis\u00e3o, que impede o extremo de treinar e jogar at\u00e9 novo aviso. A medida foi tomada antes do jogo com o Lille, da Liga Europa.<\/p>\n<p>Radonjic ter\u00e1 de cumprir a suspens\u00e3o enquanto o v\u00ednculo com o Estrela Vermelha permanece em vigor, j\u00e1 que o contrato termina nesta \u00e9poca. O clube indicou que ofereceu v\u00e1rias oportunidades para demonstrar compromisso com a equipa, sem sucesso.<\/p>\n<h3>Impacto no Estrela Vermelha<\/h3>\n<p>A dire\u00e7\u00e3o destaca que a atitude fora de campo comprometeu a perman\u00eancia do jogador. O afastamento afeta a linha ofensiva para o duelo europeu frente ao Lille e pode abrir espa\u00e7o a outras op\u00e7\u00f5es do plantel, conforme a gest\u00e3o t\u00e9cnica.<\/p>\n","protected":false},"excerpt":{"rendered":"<ul>\n<li>O Estrela Vermelha afastou Nemanja Radonjic por tempo indeterminado devido a comportamento pouco profissional.<\/li>\n<li>O extremo s\u00e9rvio vai falhar o jogo com o Lille, da Liga Europa, e pode ficar suspenso por mais partidas.<\/li>\n<li>O clube belgradense justificou a decis\u00e3o com atitudes fora de campo que prejudicaram a equipa.<\/li>\n<li>O contrato de Radonjic com o Estrela Vermelha termina nesta \u00e9poca.<\/li>\n<li>Radonjic j\u00e1 passou pelo Benfica na \u00e9poca 2021\/22.<\/li>\n<\/ul>\n","protected":false},"author":2,"featured_media":216444,"comment_status":"closed","ping_status":"closed","sticky":false,"template":"","format":"standard","meta":{"footnotes":""},"categories":[21,24],"tags":[4657,4018,32,3338,2006],"class_list":["post-216434","post","type-post","status-publish","format-standard","has-post-thumbnail","hentry","category-desporto","category-futebol","tag-afastamentos","tag-estrela-vermelha","tag-futebol","tag-futebol-internacional","tag-liga-europa"],"yoast_head":"<!-- This site is optimized with the Yoast SEO plugin v27.2 - https:\/\/yoast.com\/product\/yoast-seo-wordpress\/ -->\n<title>Ex-Benfica Radonjic afastado do plantel do Estrela Vermelha por problemas disciplinares - Portal Tela Portugal<\/title>\n<meta name=\"robots\" content=\"index, follow, max-snippet:-1, max-image-preview:large, max-video-preview:-1\" \/>\n<meta property=\"og:locale\" content=\"pt_PT\" \/>\n<meta property=\"og:type\" content=\"article\" \/>\n<meta property=\"og:title\" content=\"Ex-Benfica Radonjic afastado do plantel do Estrela Vermelha por problemas disciplinares - Portal Tela Portugal\" \/>\n<meta property=\"og:description\" content=\"O Estrela Vermelha afastou Nemanja Radonjic por tempo indeterminado devido a comportamento pouco profissional. O extremo s\u00e9rvio vai falhar o jogo com o Lille, da Liga Europa, e pode ficar suspenso por mais partidas. O clube belgradense justificou a decis\u00e3o com atitudes fora de campo que prejudicaram a equipa. O contrato de Radonjic com o Estrela Vermelha termina nesta \u00e9poca. Radonjic j\u00e1 passou pelo Benfica na \u00e9poca 2021\/22.\" \/>\n<meta property=\"og:url\" content=\"https:\/\/portaltela.pt\/noticias\/2026\/02\/18\/ex-benfica-radonjic-afastado-do-plantel-do-estrela-vermelha-por-problemas-disciplinares\/\" \/>\n<meta property=\"og:site_name\" content=\"Portal Tela Portugal\" \/>\n<meta property=\"article:published_time\" content=\"2026-02-18T18:19:00+00:00\" \/>\n<meta name=\"author\" content=\"Telinha\" \/>\n<meta name=\"twitter:card\" content=\"summary_large_image\" \/>\n<meta name=\"twitter:label1\" content=\"Escrito por\" \/>\n\t<meta name=\"twitter:data1\" content=\"Telinha\" \/>\n\t<meta name=\"twitter:label2\" content=\"Tempo estimado de leitura\" \/>\n\t<meta name=\"twitter:data2\" content=\"1 minuto\" \/>\n<script type=\"application\/ld+json\" class=\"yoast-schema-graph\">{\"@context\":\"https:\/\/schema.org\",\"@graph\":[{\"@type\":\"Article\",\"@id\":\"https:\/\/portaltela.pt\/noticias\/2026\/02\/18\/ex-benfica-radonjic-afastado-do-plantel-do-estrela-vermelha-por-problemas-disciplinares\/#article\",\"isPartOf\":{\"@id\":\"https:\/\/portaltela.pt\/noticias\/2026\/02\/18\/ex-benfica-radonjic-afastado-do-plantel-do-estrela-vermelha-por-problemas-disciplinares\/\"},\"author\":{\"name\":\"Telinha\",\"@id\":\"https:\/\/portaltela.pt\/#\/schema\/person\/c4278d4a6028830caff9ee44b42d32ed\"},\"headline\":\"Ex-Benfica Radonjic afastado do plantel do Estrela Vermelha por problemas disciplinares\",\"datePublished\":\"2026-02-18T18:19:00+00:00\",\"mainEntityOfPage\":{\"@id\":\"https:\/\/portaltela.pt\/noticias\/2026\/02\/18\/ex-benfica-radonjic-afastado-do-plantel-do-estrela-vermelha-por-problemas-disciplinares\/\"},\"wordCount\":149,\"image\":{\"@id\":\"https:\/\/portaltela.pt\/noticias\/2026\/02\/18\/ex-benfica-radonjic-afastado-do-plantel-do-estrela-vermelha-por-problemas-disciplinares\/#primaryimage\"},\"thumbnailUrl\":\"https:\/\/portaltela.pt\/s.01k8rhncp4jt1\/2026\/02\/img_920x518uu2026-02-18-18-16-48-2422392.jpg\",\"keywords\":[\"afastamentos\",\"Estrela Vermelha\",\"futebol\",\"futebol internacional\",\"Liga Europa\"],\"articleSection\":[\"Desporto\",\"Futebol\"],\"inLanguage\":\"pt-PT\"},{\"@type\":\"WebPage\",\"@id\":\"https:\/\/portaltela.pt\/noticias\/2026\/02\/18\/ex-benfica-radonjic-afastado-do-plantel-do-estrela-vermelha-por-problemas-disciplinares\/\",\"url\":\"https:\/\/portaltela.pt\/noticias\/2026\/02\/18\/ex-benfica-radonjic-afastado-do-plantel-do-estrela-vermelha-por-problemas-disciplinares\/\",\"name\":\"Ex-Benfica Radonjic afastado do plantel do Estrela Vermelha por problemas disciplinares - Portal Tela Portugal\",\"isPartOf\":{\"@id\":\"https:\/\/portaltela.pt\/#website\"},\"primaryImageOfPage\":{\"@id\":\"https:\/\/portaltela.pt\/noticias\/2026\/02\/18\/ex-benfica-radonjic-afastado-do-plantel-do-estrela-vermelha-por-problemas-disciplinares\/#primaryimage\"},\"image\":{\"@id\":\"https:\/\/portaltela.pt\/noticias\/2026\/02\/18\/ex-benfica-radonjic-afastado-do-plantel-do-estrela-vermelha-por-problemas-disciplinares\/#primaryimage\"},\"thumbnailUrl\":\"https:\/\/portaltela.pt\/s.01k8rhncp4jt1\/2026\/02\/img_920x518uu2026-02-18-18-16-48-2422392.jpg\",\"datePublished\":\"2026-02-18T18:19:00+00:00\",\"author\":{\"@id\":\"https:\/\/portaltela.pt\/#\/schema\/person\/c4278d4a6028830caff9ee44b42d32ed\"},\"breadcrumb\":{\"@id\":\"https:\/\/portaltela.pt\/noticias\/2026\/02\/18\/ex-benfica-radonjic-afastado-do-plantel-do-estrela-vermelha-por-problemas-disciplinares\/#breadcrumb\"},\"inLanguage\":\"pt-PT\",\"potentialAction\":[{\"@type\":\"ReadAction\",\"target\":[\"https:\/\/portaltela.pt\/noticias\/2026\/02\/18\/ex-benfica-radonjic-afastado-do-plantel-do-estrela-vermelha-por-problemas-disciplinares\/\"]}]},{\"@type\":\"ImageObject\",\"inLanguage\":\"pt-PT\",\"@id\":\"https:\/\/portaltela.pt\/noticias\/2026\/02\/18\/ex-benfica-radonjic-afastado-do-plantel-do-estrela-vermelha-por-problemas-disciplinares\/#primaryimage\",\"url\":\"https:\/\/portaltela.pt\/s.01k8rhncp4jt1\/2026\/02\/img_920x518uu2026-02-18-18-16-48-2422392.jpg\",\"contentUrl\":\"https:\/\/portaltela.pt\/s.01k8rhncp4jt1\/2026\/02\/img_920x518uu2026-02-18-18-16-48-2422392.jpg\",\"width\":796,\"height\":448,\"caption\":\"Radonjic no Estrela Vermelha\"},{\"@type\":\"BreadcrumbList\",\"@id\":\"https:\/\/portaltela.pt\/noticias\/2026\/02\/18\/ex-benfica-radonjic-afastado-do-plantel-do-estrela-vermelha-por-problemas-disciplinares\/#breadcrumb\",\"itemListElement\":[{\"@type\":\"ListItem\",\"position\":1,\"name\":\"In\u00edcio\",\"item\":\"https:\/\/portaltela.pt\/\"},{\"@type\":\"ListItem\",\"position\":2,\"name\":\"Ex-Benfica Radonjic afastado do plantel do Estrela Vermelha por problemas disciplinares\"}]},{\"@type\":\"WebSite\",\"@id\":\"https:\/\/portaltela.pt\/#website\",\"url\":\"https:\/\/portaltela.pt\/\",\"name\":\"Portal Tela Portugal\",\"description\":\"\",\"potentialAction\":[{\"@type\":\"SearchAction\",\"target\":{\"@type\":\"EntryPoint\",\"urlTemplate\":\"https:\/\/portaltela.pt\/?s={search_term_string}\"},\"query-input\":{\"@type\":\"PropertyValueSpecification\",\"valueRequired\":true,\"valueName\":\"search_term_string\"}}],\"inLanguage\":\"pt-PT\"},{\"@type\":\"Person\",\"@id\":\"https:\/\/portaltela.pt\/#\/schema\/person\/c4278d4a6028830caff9ee44b42d32ed\",\"name\":\"Telinha\",\"image\":{\"@type\":\"ImageObject\",\"inLanguage\":\"pt-PT\",\"@id\":\"https:\/\/portaltela.pt\/s.01k8rhncp4jt1\/2025\/11\/talking-bot-125x125.png\",\"url\":\"https:\/\/portaltela.pt\/s.01k8rhncp4jt1\/2025\/11\/talking-bot-125x125.png\",\"contentUrl\":\"https:\/\/portaltela.pt\/s.01k8rhncp4jt1\/2025\/11\/talking-bot-125x125.png\",\"caption\":\"Telinha\"},\"sameAs\":[\"https:\/\/portaltela.pt\/\"],\"url\":\"https:\/\/portaltela.pt\/por\/367410592786\/\"}]}<\/script>\n<!-- \/ Yoast SEO plugin. -->","yoast_head_json":{"title":"Ex-Benfica Radonjic afastado do plantel do Estrela Vermelha por problemas disciplinares - Portal Tela Portugal","robots":{"index":"index","follow":"follow","max-snippet":"max-snippet:-1","max-image-preview":"max-image-preview:large","max-video-preview":"max-video-preview:-1"},"og_locale":"pt_PT","og_type":"article","og_title":"Ex-Benfica Radonjic afastado do plantel do Estrela Vermelha por problemas disciplinares - Portal Tela Portugal","og_description":"O Estrela Vermelha afastou Nemanja Radonjic por tempo indeterminado devido a comportamento pouco profissional. O extremo s\u00e9rvio vai falhar o jogo com o Lille, da Liga Europa, e pode ficar suspenso por mais partidas. O clube belgradense justificou a decis\u00e3o com atitudes fora de campo que prejudicaram a equipa. O contrato de Radonjic com o Estrela Vermelha termina nesta \u00e9poca. Radonjic j\u00e1 passou pelo Benfica na \u00e9poca 2021\/22.","og_url":"https:\/\/portaltela.pt\/noticias\/2026\/02\/18\/ex-benfica-radonjic-afastado-do-plantel-do-estrela-vermelha-por-problemas-disciplinares\/","og_site_name":"Portal Tela Portugal","article_published_time":"2026-02-18T18:19:00+00:00","author":"Telinha","twitter_card":"summary_large_image","twitter_misc":{"Escrito por":"Telinha","Tempo estimado de leitura":"1 minuto"},"schema":{"@context":"https:\/\/schema.org","@graph":[{"@type":"Article","@id":"https:\/\/portaltela.pt\/noticias\/2026\/02\/18\/ex-benfica-radonjic-afastado-do-plantel-do-estrela-vermelha-por-problemas-disciplinares\/#article","isPartOf":{"@id":"https:\/\/portaltela.pt\/noticias\/2026\/02\/18\/ex-benfica-radonjic-afastado-do-plantel-do-estrela-vermelha-por-problemas-disciplinares\/"},"author":{"name":"Telinha","@id":"https:\/\/portaltela.pt\/#\/schema\/person\/c4278d4a6028830caff9ee44b42d32ed"},"headline":"Ex-Benfica Radonjic afastado do plantel do Estrela Vermelha por problemas disciplinares","datePublished":"2026-02-18T18:19:00+00:00","mainEntityOfPage":{"@id":"https:\/\/portaltela.pt\/noticias\/2026\/02\/18\/ex-benfica-radonjic-afastado-do-plantel-do-estrela-vermelha-por-problemas-disciplinares\/"},"wordCount":149,"image":{"@id":"https:\/\/portaltela.pt\/noticias\/2026\/02\/18\/ex-benfica-radonjic-afastado-do-plantel-do-estrela-vermelha-por-problemas-disciplinares\/#primaryimage"},"thumbnailUrl":"https:\/\/portaltela.pt\/s.01k8rhncp4jt1\/2026\/02\/img_920x518uu2026-02-18-18-16-48-2422392.jpg","keywords":["afastamentos","Estrela Vermelha","futebol","futebol internacional","Liga Europa"],"articleSection":["Desporto","Futebol"],"inLanguage":"pt-PT"},{"@type":"WebPage","@id":"https:\/\/portaltela.pt\/noticias\/2026\/02\/18\/ex-benfica-radonjic-afastado-do-plantel-do-estrela-vermelha-por-problemas-disciplinares\/","url":"https:\/\/portaltela.pt\/noticias\/2026\/02\/18\/ex-benfica-radonjic-afastado-do-plantel-do-estrela-vermelha-por-problemas-disciplinares\/","name":"Ex-Benfica Radonjic afastado do plantel do Estrela Vermelha por problemas disciplinares - Portal Tela Portugal","isPartOf":{"@id":"https:\/\/portaltela.pt\/#website"},"primaryImageOfPage":{"@id":"https:\/\/portaltela.pt\/noticias\/2026\/02\/18\/ex-benfica-radonjic-afastado-do-plantel-do-estrela-vermelha-por-problemas-disciplinares\/#primaryimage"},"image":{"@id":"https:\/\/portaltela.pt\/noticias\/2026\/02\/18\/ex-benfica-radonjic-afastado-do-plantel-do-estrela-vermelha-por-problemas-disciplinares\/#primaryimage"},"thumbnailUrl":"https:\/\/portaltela.pt\/s.01k8rhncp4jt1\/2026\/02\/img_920x518uu2026-02-18-18-16-48-2422392.jpg","datePublished":"2026-02-18T18:19:00+00:00","author":{"@id":"https:\/\/portaltela.pt\/#\/schema\/person\/c4278d4a6028830caff9ee44b42d32ed"},"breadcrumb":{"@id":"https:\/\/portaltela.pt\/noticias\/2026\/02\/18\/ex-benfica-radonjic-afastado-do-plantel-do-estrela-vermelha-por-problemas-disciplinares\/#breadcrumb"},"inLanguage":"pt-PT","potentialAction":[{"@type":"ReadAction","target":["https:\/\/portaltela.pt\/noticias\/2026\/02\/18\/ex-benfica-radonjic-afastado-do-plantel-do-estrela-vermelha-por-problemas-disciplinares\/"]}]},{"@type":"ImageObject","inLanguage":"pt-PT","@id":"https:\/\/portaltela.pt\/noticias\/2026\/02\/18\/ex-benfica-radonjic-afastado-do-plantel-do-estrela-vermelha-por-problemas-disciplinares\/#primaryimage","url":"https:\/\/portaltela.pt\/s.01k8rhncp4jt1\/2026\/02\/img_920x518uu2026-02-18-18-16-48-2422392.jpg","contentUrl":"https:\/\/portaltela.pt\/s.01k8rhncp4jt1\/2026\/02\/img_920x518uu2026-02-18-18-16-48-2422392.jpg","width":796,"height":448,"caption":"Radonjic no Estrela Vermelha"},{"@type":"BreadcrumbList","@id":"https:\/\/portaltela.pt\/noticias\/2026\/02\/18\/ex-benfica-radonjic-afastado-do-plantel-do-estrela-vermelha-por-problemas-disciplinares\/#breadcrumb","itemListElement":[{"@type":"ListItem","position":1,"name":"In\u00edcio","item":"https:\/\/portaltela.pt\/"},{"@type":"ListItem","position":2,"name":"Ex-Benfica Radonjic afastado do plantel do Estrela Vermelha por problemas disciplinares"}]},{"@type":"WebSite","@id":"https:\/\/portaltela.pt\/#website","url":"https:\/\/portaltela.pt\/","name":"Portal Tela Portugal","description":"","potentialAction":[{"@type":"SearchAction","target":{"@type":"EntryPoint","urlTemplate":"https:\/\/portaltela.pt\/?s={search_term_string}"},"query-input":{"@type":"PropertyValueSpecification","valueRequired":true,"valueName":"search_term_string"}}],"inLanguage":"pt-PT"},{"@type":"Person","@id":"https:\/\/portaltela.pt\/#\/schema\/person\/c4278d4a6028830caff9ee44b42d32ed","name":"Telinha","image":{"@type":"ImageObject","inLanguage":"pt-PT","@id":"https:\/\/portaltela.pt\/s.01k8rhncp4jt1\/2025\/11\/talking-bot-125x125.png","url":"https:\/\/portaltela.pt\/s.01k8rhncp4jt1\/2025\/11\/talking-bot-125x125.png","contentUrl":"https:\/\/portaltela.pt\/s.01k8rhncp4jt1\/2025\/11\/talking-bot-125x125.png","caption":"Telinha"},"sameAs":["https:\/\/portaltela.pt\/"],"url":"https:\/\/portaltela.pt\/por\/367410592786\/"}]}},"_links":{"self":[{"href":"https:\/\/portaltela.pt\/api\/wp\/v2\/posts\/216434","targetHints":{"allow":["GET"]}}],"collection":[{"href":"https:\/\/portaltela.pt\/api\/wp\/v2\/posts"}],"about":[{"href":"https:\/\/portaltela.pt\/api\/wp\/v2\/types\/post"}],"author":[{"embeddable":true,"href":"https:\/\/portaltela.pt\/api\/wp\/v2\/users\/2"}],"replies":[{"embeddable":true,"href":"https:\/\/portaltela.pt\/api\/wp\/v2\/comments?post=216434"}],"version-history":[{"count":0,"href":"https:\/\/portaltela.pt\/api\/wp\/v2\/posts\/216434\/revisions"}],"wp:featuredmedia":[{"embeddable":true,"href":"https:\/\/portaltela.pt\/api\/wp\/v2\/media\/216444"}],"wp:attachment":[{"href":"https:\/\/portaltela.pt\/api\/wp\/v2\/media?parent=216434"}],"wp:term":[{"taxonomy":"category","embeddable":true,"href":"https:\/\/portaltela.pt\/api\/wp\/v2\/categories?post=216434"},{"taxonomy":"post_tag","embeddable":true,"href":"https:\/\/portaltela.pt\/api\/wp\/v2\/tags?post=216434"}],"curies":[{"name":"wp","href":"https:\/\/api.w.org\/{rel}","templated":true}]}}