{"id":216423,"date":"2026-02-18T15:02:00","date_gmt":"2026-02-18T18:02:00","guid":{"rendered":"https:\/\/portaltela.pt\/noticias\/2026\/02\/18\/paul-magnier-lidera-a-1a-etapa-da-volta-ao-algarve\/"},"modified":"2026-02-18T15:02:00","modified_gmt":"2026-02-18T18:02:00","slug":"paul-magnier-lidera-a-1a-etapa-da-volta-ao-algarve","status":"publish","type":"post","link":"https:\/\/portaltela.pt\/desporto\/2026\/02\/18\/paul-magnier-lidera-a-1a-etapa-da-volta-ao-algarve\/","title":{"rendered":"Paul Magnier lidera a 1\u00aa etapa da Volta ao Algarve"},"content":{"rendered":"<p>A primeira etapa da Volta ao Algarve ligou Vila Real de Santo Ant\u00f3nio a Tavira, realizada nesta quarta-feira. O franc\u00eas Paul Magnier (Soudal Quick-Step) foi o vencedor do sprint final, com o pelot\u00e3o compacto a chegar em carreira, ap\u00f3s 147,5 km de prova. Rui Oliveira (UAE-Emirates) foi o melhor portugu\u00eas, em d\u00e9cimo lugar, numa jornada marcada por uma fuga de nove corredores de equipas nacionais.<\/p>\n<p>A fuga do dia saiu cedo, com nove ciclistas que nunca chegaram a ter mais de tr\u00eas minutos de vantagem. Tom\u00e1s Contte (Aviludo &#8211; Louletano &#8211; Loul\u00e9) liderou a classifica\u00e7\u00e3o da montanha nas duas terceiras categorias, terminando no grupo ao final da etapa. O p\u00f3dio do sprint n\u00e3o foi pac\u00edfico, com o pelot\u00e3o a apagar as diferen\u00e7as nos \u00faltimos quil\u00f3metros.<\/p>\n<p>Atingidos os \u00faltimos 25 km, o ritmo acelerou para decidir o resultado. Hugo Nunes venceu dois dos tr\u00eas sprints interm\u00e9dios, mas n\u00e3o segurou o trio de frente. Juan Ayuso (Lidl-Trek) destacou-se entre os favoritos, conquistando segundos repartidos entre os sprints. Ant\u00f3nio Morgado sofreu um furo perto da meta, sem impacto aparente no desenrolar da chegada.<\/p>\n<h3>Vencedor e rea\u00e7\u00e3o<\/h3>\n<p>Magnier celebrou a vit\u00f3ria, destacando o apoio da equipa e o momento da temporada. O diretor desportivo da Soudal Quick-Step indicou que a equipa colocou energia total para assegurar o triunfo do sprint. O l\u00edder da classifica\u00e7\u00e3o geral ainda n\u00e3o foi definido, cabendo novas batalhas na etapa de quinta-feira.<\/p>\n<h3>Estrutura da prova e segunda metade<\/h3>\n<p>A etapa abriu com um perfil est\u00e1vel, seguido por um final com vento de frente na parte final. Espera-se uma nova batalha entre candidatos \u00e0 geral na liga\u00e7\u00e3o Portim\u00e3o \u00e0 F\u00f3ia (Monchique), com 147 km de dist\u00e2ncia e a subida final de 8,8 km a 6,2% de inclina\u00e7\u00e3o.<\/p>\n","protected":false},"excerpt":{"rendered":"<ul>\n<li>Paul Magnier (Soudal Quick-Step) venceu a primeira etapa da Volta ao Algarve, ligando Vila Real de Santo Ant\u00f3nio a Tavira, num sprint compacto.<\/li>\n<li>Rui Oliveira (UAE-Emirates) foi o melhor portugu\u00eas do dia, em d\u00e9cimo lugar; Santiago Mesa (Anicolor\/Campicarn) foi quinto, mas relegado por sprint irregular.<\/li>\n<li>A fuga do dia reuniu nove corredores, todos de equipas portuguesas, com vantagem m\u00e1xima inferior a tr\u00eas minutos.<\/li>\n<li>Ant\u00f3nio Morgado fura a cinco quil\u00f3metros da meta, tentando ajudar Rui Oliveira a disputar a chegada.<\/li>\n<li>A etapa foi favor\u00e1vel \u00e0 equipa belga, com Magnier a explorar o final dif\u00edcil; a pr\u00f3xima tirada liga Portim\u00e3o a F\u00f3ia, com subida no fim.<\/li>\n<\/ul>\n","protected":false},"author":2,"featured_media":216425,"comment_status":"closed","ping_status":"closed","sticky":false,"template":"","format":"standard","meta":{"footnotes":""},"categories":[21],"tags":[923,152,6083,5588,3997],"class_list":["post-216423","post","type-post","status-publish","format-standard","has-post-thumbnail","hentry","category-desporto","tag-ciclismo","tag-desporto","tag-lidl-trek","tag-soudal-quick-step","tag-uae-emirates"],"yoast_head":"<!-- This site is optimized with the Yoast SEO plugin v27.2 - https:\/\/yoast.com\/product\/yoast-seo-wordpress\/ -->\n<title>Paul Magnier lidera a 1\u00aa etapa da Volta ao Algarve - Portal Tela Portugal<\/title>\n<meta name=\"robots\" content=\"index, follow, max-snippet:-1, max-image-preview:large, max-video-preview:-1\" \/>\n<meta property=\"og:locale\" content=\"pt_PT\" \/>\n<meta property=\"og:type\" content=\"article\" \/>\n<meta property=\"og:title\" content=\"Paul Magnier lidera a 1\u00aa etapa da Volta ao Algarve - Portal Tela Portugal\" \/>\n<meta property=\"og:description\" content=\"Paul Magnier (Soudal Quick-Step) venceu a primeira etapa da Volta ao Algarve, ligando Vila Real de Santo Ant\u00f3nio a Tavira, num sprint compacto. Rui Oliveira (UAE-Emirates) foi o melhor portugu\u00eas do dia, em d\u00e9cimo lugar; Santiago Mesa (Anicolor\/Campicarn) foi quinto, mas relegado por sprint irregular. A fuga do dia reuniu nove corredores, todos de equipas portuguesas, com vantagem m\u00e1xima inferior a tr\u00eas minutos. Ant\u00f3nio Morgado fura a cinco quil\u00f3metros da meta, tentando ajudar Rui Oliveira a disputar a chegada. A etapa foi favor\u00e1vel \u00e0 equipa belga, com Magnier a explorar o final dif\u00edcil; a pr\u00f3xima tirada liga Portim\u00e3o a F\u00f3ia, com subida no fim.\" \/>\n<meta property=\"og:url\" content=\"https:\/\/portaltela.pt\/noticias\/2026\/02\/18\/paul-magnier-lidera-a-1a-etapa-da-volta-ao-algarve\/\" \/>\n<meta property=\"og:site_name\" content=\"Portal Tela Portugal\" \/>\n<meta property=\"article:published_time\" content=\"2026-02-18T18:02:00+00:00\" \/>\n<meta name=\"author\" content=\"Telinha\" \/>\n<meta name=\"twitter:card\" content=\"summary_large_image\" \/>\n<meta name=\"twitter:label1\" content=\"Escrito por\" \/>\n\t<meta name=\"twitter:data1\" content=\"Telinha\" \/>\n\t<meta name=\"twitter:label2\" content=\"Tempo estimado de leitura\" \/>\n\t<meta name=\"twitter:data2\" content=\"2 minutos\" \/>\n<script type=\"application\/ld+json\" class=\"yoast-schema-graph\">{\"@context\":\"https:\/\/schema.org\",\"@graph\":[{\"@type\":\"Article\",\"@id\":\"https:\/\/portaltela.pt\/noticias\/2026\/02\/18\/paul-magnier-lidera-a-1a-etapa-da-volta-ao-algarve\/#article\",\"isPartOf\":{\"@id\":\"https:\/\/portaltela.pt\/noticias\/2026\/02\/18\/paul-magnier-lidera-a-1a-etapa-da-volta-ao-algarve\/\"},\"author\":{\"name\":\"Telinha\",\"@id\":\"https:\/\/portaltela.pt\/#\/schema\/person\/c4278d4a6028830caff9ee44b42d32ed\"},\"headline\":\"Paul Magnier lidera a 1\u00aa etapa da Volta ao Algarve\",\"datePublished\":\"2026-02-18T18:02:00+00:00\",\"mainEntityOfPage\":{\"@id\":\"https:\/\/portaltela.pt\/noticias\/2026\/02\/18\/paul-magnier-lidera-a-1a-etapa-da-volta-ao-algarve\/\"},\"wordCount\":318,\"image\":{\"@id\":\"https:\/\/portaltela.pt\/noticias\/2026\/02\/18\/paul-magnier-lidera-a-1a-etapa-da-volta-ao-algarve\/#primaryimage\"},\"thumbnailUrl\":\"https:\/\/portaltela.pt\/s.01k8rhncp4jt1\/2026\/02\/2068072.jpg\",\"keywords\":[\"ciclismo\",\"desporto\",\"Lidl-Trek\",\"Soudal Quick-Step\",\"UAE Emirates\"],\"articleSection\":[\"Desporto\"],\"inLanguage\":\"pt-PT\"},{\"@type\":\"WebPage\",\"@id\":\"https:\/\/portaltela.pt\/noticias\/2026\/02\/18\/paul-magnier-lidera-a-1a-etapa-da-volta-ao-algarve\/\",\"url\":\"https:\/\/portaltela.pt\/noticias\/2026\/02\/18\/paul-magnier-lidera-a-1a-etapa-da-volta-ao-algarve\/\",\"name\":\"Paul Magnier lidera a 1\u00aa etapa da Volta ao Algarve - Portal Tela Portugal\",\"isPartOf\":{\"@id\":\"https:\/\/portaltela.pt\/#website\"},\"primaryImageOfPage\":{\"@id\":\"https:\/\/portaltela.pt\/noticias\/2026\/02\/18\/paul-magnier-lidera-a-1a-etapa-da-volta-ao-algarve\/#primaryimage\"},\"image\":{\"@id\":\"https:\/\/portaltela.pt\/noticias\/2026\/02\/18\/paul-magnier-lidera-a-1a-etapa-da-volta-ao-algarve\/#primaryimage\"},\"thumbnailUrl\":\"https:\/\/portaltela.pt\/s.01k8rhncp4jt1\/2026\/02\/2068072.jpg\",\"datePublished\":\"2026-02-18T18:02:00+00:00\",\"author\":{\"@id\":\"https:\/\/portaltela.pt\/#\/schema\/person\/c4278d4a6028830caff9ee44b42d32ed\"},\"breadcrumb\":{\"@id\":\"https:\/\/portaltela.pt\/noticias\/2026\/02\/18\/paul-magnier-lidera-a-1a-etapa-da-volta-ao-algarve\/#breadcrumb\"},\"inLanguage\":\"pt-PT\",\"potentialAction\":[{\"@type\":\"ReadAction\",\"target\":[\"https:\/\/portaltela.pt\/noticias\/2026\/02\/18\/paul-magnier-lidera-a-1a-etapa-da-volta-ao-algarve\/\"]}]},{\"@type\":\"ImageObject\",\"inLanguage\":\"pt-PT\",\"@id\":\"https:\/\/portaltela.pt\/noticias\/2026\/02\/18\/paul-magnier-lidera-a-1a-etapa-da-volta-ao-algarve\/#primaryimage\",\"url\":\"https:\/\/portaltela.pt\/s.01k8rhncp4jt1\/2026\/02\/2068072.jpg\",\"contentUrl\":\"https:\/\/portaltela.pt\/s.01k8rhncp4jt1\/2026\/02\/2068072.jpg\",\"width\":796,\"height\":448,\"caption\":\"Paul Magnier venceu pela primeira vez na Volta ao Algarve\"},{\"@type\":\"BreadcrumbList\",\"@id\":\"https:\/\/portaltela.pt\/noticias\/2026\/02\/18\/paul-magnier-lidera-a-1a-etapa-da-volta-ao-algarve\/#breadcrumb\",\"itemListElement\":[{\"@type\":\"ListItem\",\"position\":1,\"name\":\"In\u00edcio\",\"item\":\"https:\/\/portaltela.pt\/\"},{\"@type\":\"ListItem\",\"position\":2,\"name\":\"Paul Magnier lidera a 1\u00aa etapa da Volta ao Algarve\"}]},{\"@type\":\"WebSite\",\"@id\":\"https:\/\/portaltela.pt\/#website\",\"url\":\"https:\/\/portaltela.pt\/\",\"name\":\"Portal Tela Portugal\",\"description\":\"\",\"potentialAction\":[{\"@type\":\"SearchAction\",\"target\":{\"@type\":\"EntryPoint\",\"urlTemplate\":\"https:\/\/portaltela.pt\/?s={search_term_string}\"},\"query-input\":{\"@type\":\"PropertyValueSpecification\",\"valueRequired\":true,\"valueName\":\"search_term_string\"}}],\"inLanguage\":\"pt-PT\"},{\"@type\":\"Person\",\"@id\":\"https:\/\/portaltela.pt\/#\/schema\/person\/c4278d4a6028830caff9ee44b42d32ed\",\"name\":\"Telinha\",\"image\":{\"@type\":\"ImageObject\",\"inLanguage\":\"pt-PT\",\"@id\":\"https:\/\/portaltela.pt\/s.01k8rhncp4jt1\/2025\/11\/talking-bot-125x125.png\",\"url\":\"https:\/\/portaltela.pt\/s.01k8rhncp4jt1\/2025\/11\/talking-bot-125x125.png\",\"contentUrl\":\"https:\/\/portaltela.pt\/s.01k8rhncp4jt1\/2025\/11\/talking-bot-125x125.png\",\"caption\":\"Telinha\"},\"sameAs\":[\"https:\/\/portaltela.pt\/\"],\"url\":\"https:\/\/portaltela.pt\/por\/367410592786\/\"}]}<\/script>\n<!-- \/ Yoast SEO plugin. -->","yoast_head_json":{"title":"Paul Magnier lidera a 1\u00aa etapa da Volta ao Algarve - Portal Tela Portugal","robots":{"index":"index","follow":"follow","max-snippet":"max-snippet:-1","max-image-preview":"max-image-preview:large","max-video-preview":"max-video-preview:-1"},"og_locale":"pt_PT","og_type":"article","og_title":"Paul Magnier lidera a 1\u00aa etapa da Volta ao Algarve - Portal Tela Portugal","og_description":"Paul Magnier (Soudal Quick-Step) venceu a primeira etapa da Volta ao Algarve, ligando Vila Real de Santo Ant\u00f3nio a Tavira, num sprint compacto. Rui Oliveira (UAE-Emirates) foi o melhor portugu\u00eas do dia, em d\u00e9cimo lugar; Santiago Mesa (Anicolor\/Campicarn) foi quinto, mas relegado por sprint irregular. A fuga do dia reuniu nove corredores, todos de equipas portuguesas, com vantagem m\u00e1xima inferior a tr\u00eas minutos. Ant\u00f3nio Morgado fura a cinco quil\u00f3metros da meta, tentando ajudar Rui Oliveira a disputar a chegada. A etapa foi favor\u00e1vel \u00e0 equipa belga, com Magnier a explorar o final dif\u00edcil; a pr\u00f3xima tirada liga Portim\u00e3o a F\u00f3ia, com subida no fim.","og_url":"https:\/\/portaltela.pt\/noticias\/2026\/02\/18\/paul-magnier-lidera-a-1a-etapa-da-volta-ao-algarve\/","og_site_name":"Portal Tela Portugal","article_published_time":"2026-02-18T18:02:00+00:00","author":"Telinha","twitter_card":"summary_large_image","twitter_misc":{"Escrito por":"Telinha","Tempo estimado de leitura":"2 minutos"},"schema":{"@context":"https:\/\/schema.org","@graph":[{"@type":"Article","@id":"https:\/\/portaltela.pt\/noticias\/2026\/02\/18\/paul-magnier-lidera-a-1a-etapa-da-volta-ao-algarve\/#article","isPartOf":{"@id":"https:\/\/portaltela.pt\/noticias\/2026\/02\/18\/paul-magnier-lidera-a-1a-etapa-da-volta-ao-algarve\/"},"author":{"name":"Telinha","@id":"https:\/\/portaltela.pt\/#\/schema\/person\/c4278d4a6028830caff9ee44b42d32ed"},"headline":"Paul Magnier lidera a 1\u00aa etapa da Volta ao Algarve","datePublished":"2026-02-18T18:02:00+00:00","mainEntityOfPage":{"@id":"https:\/\/portaltela.pt\/noticias\/2026\/02\/18\/paul-magnier-lidera-a-1a-etapa-da-volta-ao-algarve\/"},"wordCount":318,"image":{"@id":"https:\/\/portaltela.pt\/noticias\/2026\/02\/18\/paul-magnier-lidera-a-1a-etapa-da-volta-ao-algarve\/#primaryimage"},"thumbnailUrl":"https:\/\/portaltela.pt\/s.01k8rhncp4jt1\/2026\/02\/2068072.jpg","keywords":["ciclismo","desporto","Lidl-Trek","Soudal Quick-Step","UAE Emirates"],"articleSection":["Desporto"],"inLanguage":"pt-PT"},{"@type":"WebPage","@id":"https:\/\/portaltela.pt\/noticias\/2026\/02\/18\/paul-magnier-lidera-a-1a-etapa-da-volta-ao-algarve\/","url":"https:\/\/portaltela.pt\/noticias\/2026\/02\/18\/paul-magnier-lidera-a-1a-etapa-da-volta-ao-algarve\/","name":"Paul Magnier lidera a 1\u00aa etapa da Volta ao Algarve - Portal Tela Portugal","isPartOf":{"@id":"https:\/\/portaltela.pt\/#website"},"primaryImageOfPage":{"@id":"https:\/\/portaltela.pt\/noticias\/2026\/02\/18\/paul-magnier-lidera-a-1a-etapa-da-volta-ao-algarve\/#primaryimage"},"image":{"@id":"https:\/\/portaltela.pt\/noticias\/2026\/02\/18\/paul-magnier-lidera-a-1a-etapa-da-volta-ao-algarve\/#primaryimage"},"thumbnailUrl":"https:\/\/portaltela.pt\/s.01k8rhncp4jt1\/2026\/02\/2068072.jpg","datePublished":"2026-02-18T18:02:00+00:00","author":{"@id":"https:\/\/portaltela.pt\/#\/schema\/person\/c4278d4a6028830caff9ee44b42d32ed"},"breadcrumb":{"@id":"https:\/\/portaltela.pt\/noticias\/2026\/02\/18\/paul-magnier-lidera-a-1a-etapa-da-volta-ao-algarve\/#breadcrumb"},"inLanguage":"pt-PT","potentialAction":[{"@type":"ReadAction","target":["https:\/\/portaltela.pt\/noticias\/2026\/02\/18\/paul-magnier-lidera-a-1a-etapa-da-volta-ao-algarve\/"]}]},{"@type":"ImageObject","inLanguage":"pt-PT","@id":"https:\/\/portaltela.pt\/noticias\/2026\/02\/18\/paul-magnier-lidera-a-1a-etapa-da-volta-ao-algarve\/#primaryimage","url":"https:\/\/portaltela.pt\/s.01k8rhncp4jt1\/2026\/02\/2068072.jpg","contentUrl":"https:\/\/portaltela.pt\/s.01k8rhncp4jt1\/2026\/02\/2068072.jpg","width":796,"height":448,"caption":"Paul Magnier venceu pela primeira vez na Volta ao Algarve"},{"@type":"BreadcrumbList","@id":"https:\/\/portaltela.pt\/noticias\/2026\/02\/18\/paul-magnier-lidera-a-1a-etapa-da-volta-ao-algarve\/#breadcrumb","itemListElement":[{"@type":"ListItem","position":1,"name":"In\u00edcio","item":"https:\/\/portaltela.pt\/"},{"@type":"ListItem","position":2,"name":"Paul Magnier lidera a 1\u00aa etapa da Volta ao Algarve"}]},{"@type":"WebSite","@id":"https:\/\/portaltela.pt\/#website","url":"https:\/\/portaltela.pt\/","name":"Portal Tela Portugal","description":"","potentialAction":[{"@type":"SearchAction","target":{"@type":"EntryPoint","urlTemplate":"https:\/\/portaltela.pt\/?s={search_term_string}"},"query-input":{"@type":"PropertyValueSpecification","valueRequired":true,"valueName":"search_term_string"}}],"inLanguage":"pt-PT"},{"@type":"Person","@id":"https:\/\/portaltela.pt\/#\/schema\/person\/c4278d4a6028830caff9ee44b42d32ed","name":"Telinha","image":{"@type":"ImageObject","inLanguage":"pt-PT","@id":"https:\/\/portaltela.pt\/s.01k8rhncp4jt1\/2025\/11\/talking-bot-125x125.png","url":"https:\/\/portaltela.pt\/s.01k8rhncp4jt1\/2025\/11\/talking-bot-125x125.png","contentUrl":"https:\/\/portaltela.pt\/s.01k8rhncp4jt1\/2025\/11\/talking-bot-125x125.png","caption":"Telinha"},"sameAs":["https:\/\/portaltela.pt\/"],"url":"https:\/\/portaltela.pt\/por\/367410592786\/"}]}},"_links":{"self":[{"href":"https:\/\/portaltela.pt\/api\/wp\/v2\/posts\/216423","targetHints":{"allow":["GET"]}}],"collection":[{"href":"https:\/\/portaltela.pt\/api\/wp\/v2\/posts"}],"about":[{"href":"https:\/\/portaltela.pt\/api\/wp\/v2\/types\/post"}],"author":[{"embeddable":true,"href":"https:\/\/portaltela.pt\/api\/wp\/v2\/users\/2"}],"replies":[{"embeddable":true,"href":"https:\/\/portaltela.pt\/api\/wp\/v2\/comments?post=216423"}],"version-history":[{"count":0,"href":"https:\/\/portaltela.pt\/api\/wp\/v2\/posts\/216423\/revisions"}],"wp:featuredmedia":[{"embeddable":true,"href":"https:\/\/portaltela.pt\/api\/wp\/v2\/media\/216425"}],"wp:attachment":[{"href":"https:\/\/portaltela.pt\/api\/wp\/v2\/media?parent=216423"}],"wp:term":[{"taxonomy":"category","embeddable":true,"href":"https:\/\/portaltela.pt\/api\/wp\/v2\/categories?post=216423"},{"taxonomy":"post_tag","embeddable":true,"href":"https:\/\/portaltela.pt\/api\/wp\/v2\/tags?post=216423"}],"curies":[{"name":"wp","href":"https:\/\/api.w.org\/{rel}","templated":true}]}}