{"id":216419,"date":"2026-02-18T15:12:33","date_gmt":"2026-02-18T18:12:33","guid":{"rendered":"https:\/\/portaltela.pt\/noticias\/2026\/02\/18\/governo-quer-reorientar-verbas-do-prr-para-telecomunicacoes-e-energia\/"},"modified":"2026-02-18T15:12:33","modified_gmt":"2026-02-18T18:12:33","slug":"governo-quer-reorientar-verbas-do-prr-para-telecomunicacoes-e-energia","status":"publish","type":"post","link":"https:\/\/portaltela.pt\/noticias\/politica\/2026\/02\/18\/governo-quer-reorientar-verbas-do-prr-para-telecomunicacoes-e-energia\/","title":{"rendered":"Governo quer reorientar verbas do PRR para telecomunica\u00e7\u00f5es e energia"},"content":{"rendered":"<p>O Governo aponta para o redirecionamento de verbas n\u00e3o utilizadas do PRR para telecomunica\u00e7\u00f5es e energia, para responder aos estragos causados pelo mau tempo. H\u00e9lder Reis confirmou o levantamento dos danos, sobretudo no centro do pa\u00eds.<\/p>\n<p>O secret\u00e1rio de Estado do Planeamento referiu que o pacote de apoio \u00e0s v\u00edtimas, no valor global de 2,5 mil milh\u00f5es de euros, pode n\u00e3o ser suficiente. A ideia \u00e9 ajustar investimentos at\u00e9 31 de agosto para n\u00e3o perder dota\u00e7\u00e3o do PRR.<\/p>\n<p>Bruxelas n\u00e3o aceitou adiar o PRR, segundo o governante, mas est\u00e1 a ser estudado o realoca\u00e7\u00e3o de verbas para interven\u00e7\u00f5es concretas, como a SIRESP e sistemas de prote\u00e7\u00e3o civil, sem perder a dota\u00e7\u00e3o do plano.<\/p>\n<h3>Reabilita\u00e7\u00e3o e telecomunica\u00e7\u00f5es<\/h3>\n<p>O Governo apontou que o BRT de Braga n\u00e3o ficar\u00e1 dentro do prazo; pretende-se destinar os 76 milh\u00f5es de euros previstos para financiar redes de telecomunica\u00e7\u00f5es, incluindo a SIRESP em freguesias, bombeiros e sa\u00fade.<\/p>\n<p>Tamb\u00e9m se contempla uma aposta em telecomunica\u00e7\u00f5es via sat\u00e9lite, como Starlink, para superar falhas de comunica\u00e7\u00e3o em \u00e1reas afetadas. A meta \u00e9 ampliar a resili\u00eancia digital do pa\u00eds.<\/p>\n<h3>Energia e benef\u00edcios da UE<\/h3>\n<p>\u00c0 luz da falta de eletricidade em algumas zonas, o Executivo prop\u00f5e reavaliar o pacote energ\u00e9tico com verba PRR n\u00e3o utilizada, para adquirir baterias, acumuladores e pain\u00e9is solares para edif\u00edcios p\u00fablicos.<\/p>\n<p>Portugal envolve-se com a Comiss\u00e3o Europeia nas negocia\u00e7\u00f5es sobre estas medidas, refor\u00e7ando que o processo depende de acordos e documenta\u00e7\u00e3o adequados.<\/p>\n<h3>Fundo de Solidariedade e prazos<\/h3>\n<p>O secret\u00e1rio de Estado lembrou que o pa\u00eds tem 12 semanas para solicitar apoio do Fundo de Solidariedade da UE, com base num relat\u00f3rio de preju\u00edzos. O levantamento est\u00e1 a avan\u00e7ar, mas n\u00e3o est\u00e1 conclu\u00eddo.<\/p>\n<p>A UE n\u00e3o \u00e9 a \u00fanica fonte: em 2023 Portugal recebeu apenas 48 milh\u00f5es de euros do Fundo de Solidariedade, num total solicitado de 1.228 milh\u00f5es de euros, conforme dados j\u00e1 p\u00fablicos.<\/p>\n<h3>Apoios locais e perspetivas<\/h3>\n<p>Refor\u00e7ar a equidade de apoio \u00e9 tamb\u00e9m uma prioridade: o Governo pretende tratar munic\u00edpios de calamidade e conting\u00eancia de forma uniforme, independentemente da classifica\u00e7\u00e3o inicial.<\/p>\n<p>Amea\u00e7as como cheias, ventos fortes e inunda\u00e7\u00f5es continuam a exigir prepara\u00e7\u00e3o. O secret\u00e1rio de Estado sublinhou a necessidade de um plano claro com passos e ajudas dispon\u00edveis.<\/p>\n<h3>Perspetivas a m\u00e9dio prazo<\/h3>\n<p>No plano de longo prazo, H\u00e9lder Reis destacou a import\u00e2ncia de regulamentar procedimentos para epis\u00f3dios extremos, assegurando resposta r\u00e1pida e est\u00e1vel com fundos nacionais e europeus.<\/p>\n<p>Os danos registados pelas depress\u00f5es Kristin, Leonardo e Marta incluem mortes, ferimentos, desalojos e cortes em energia, \u00e1gua e comunica\u00e7\u00f5es, afetando sobretudo as regi\u00f5es Centro, Lisboa e Alentejo.<\/p>\n<p>Portugal encerrou a situa\u00e7\u00e3o de calamidade nos 68 concelhos mais atingidos a 15 de fevereiro, mantendo a monitoriza\u00e7\u00e3o para eventuais necessidades futuras.<\/p>\n","protected":false},"excerpt":{"rendered":"<ul>\n<li>O Governo quer reorientar verbas n\u00e3o utilizadas do Plano de Recupera\u00e7\u00e3o e Resili\u00eancia (PRR) para telecomunica\u00e7\u00f5es e energia, em negocia\u00e7\u00e3o com Bruxelas.<\/li>\n<li>H\u00e9lder Reis, secret\u00e1rio de Estado do Planeamento, indicou que o levantamento dos estragos do mau tempo continua e que o pacote de 2,5 mil milh\u00f5es de euros pode n\u00e3o bastar.<\/li>\n<li>Bruxelas recusou adiar os prazos do PRR, mas est\u00e1 a avaliar a realoca\u00e7\u00e3o de investimentos at\u00e9 31 de agosto para \u00e1reas concretas, evitando a perda de dota\u00e7\u00e3o.<\/li>\n<li>O Governo quer usar 76 milh\u00f5es de euros do projeto do Transporte R\u00e1pido por Autocarro (BRT) de Braga para financiar sistemas de telecomunica\u00e7\u00f5es, incluindo o SIRESP, e explorar telecomunica\u00e7\u00f5es via sat\u00e9lite, como Starlink.<\/li>\n<li>A primeira prioridade \u00e9 repensar o pacote de energia com verbas n\u00e3o utilizadas do PRR para adquirir baterias, acumuladores e pain\u00e9is solares para edif\u00edcios p\u00fablicos; Portugal tem 12 semanas para pedir apoio ao Fundo de Solidariedade da Uni\u00e3o Europeia.<\/li>\n<\/ul>\n","protected":false},"author":2,"featured_media":216422,"comment_status":"closed","ping_status":"closed","sticky":false,"template":"","format":"standard","meta":{"footnotes":""},"categories":[1,5],"tags":[4687,174,4907,320,2171,2055],"class_list":["post-216419","post","type-post","status-publish","format-standard","has-post-thumbnail","hentry","category-noticias","category-politica","tag-calamidade-publica","tag-energia","tag-fundo-de-solidariedade","tag-protecao-civil","tag-telecomunicacoes","tag-uniao-europeia"],"yoast_head":"<!-- This site is optimized with the Yoast SEO plugin v27.2 - https:\/\/yoast.com\/product\/yoast-seo-wordpress\/ -->\n<title>Governo quer reorientar verbas do PRR para telecomunica\u00e7\u00f5es e energia - Portal Tela Portugal<\/title>\n<meta name=\"robots\" content=\"index, follow, max-snippet:-1, max-image-preview:large, max-video-preview:-1\" \/>\n<meta property=\"og:locale\" content=\"pt_PT\" \/>\n<meta property=\"og:type\" content=\"article\" \/>\n<meta property=\"og:title\" content=\"Governo quer reorientar verbas do PRR para telecomunica\u00e7\u00f5es e energia - Portal Tela Portugal\" \/>\n<meta property=\"og:description\" content=\"O Governo quer reorientar verbas n\u00e3o utilizadas do Plano de Recupera\u00e7\u00e3o e Resili\u00eancia (PRR) para telecomunica\u00e7\u00f5es e energia, em negocia\u00e7\u00e3o com Bruxelas. H\u00e9lder Reis, secret\u00e1rio de Estado do Planeamento, indicou que o levantamento dos estragos do mau tempo continua e que o pacote de 2,5 mil milh\u00f5es de euros pode n\u00e3o bastar. Bruxelas recusou adiar os prazos do PRR, mas est\u00e1 a avaliar a realoca\u00e7\u00e3o de investimentos at\u00e9 31 de agosto para \u00e1reas concretas, evitando a perda de dota\u00e7\u00e3o. O Governo quer usar 76 milh\u00f5es de euros do projeto do Transporte R\u00e1pido por Autocarro (BRT) de Braga para financiar sistemas de telecomunica\u00e7\u00f5es, incluindo o SIRESP, e explorar telecomunica\u00e7\u00f5es via sat\u00e9lite, como Starlink. A primeira prioridade \u00e9 repensar o pacote de energia com verbas n\u00e3o utilizadas do PRR para adquirir baterias, acumuladores e pain\u00e9is solares para edif\u00edcios p\u00fablicos; Portugal tem 12 semanas para pedir apoio ao Fundo de Solidariedade da Uni\u00e3o Europeia.\" \/>\n<meta property=\"og:url\" content=\"https:\/\/portaltela.pt\/noticias\/2026\/02\/18\/governo-quer-reorientar-verbas-do-prr-para-telecomunicacoes-e-energia\/\" \/>\n<meta property=\"og:site_name\" content=\"Portal Tela Portugal\" \/>\n<meta property=\"article:published_time\" content=\"2026-02-18T18:12:33+00:00\" \/>\n<meta name=\"author\" content=\"Telinha\" \/>\n<meta name=\"twitter:card\" content=\"summary_large_image\" \/>\n<meta name=\"twitter:label1\" content=\"Escrito por\" \/>\n\t<meta name=\"twitter:data1\" content=\"Telinha\" \/>\n\t<meta name=\"twitter:label2\" content=\"Tempo estimado de leitura\" \/>\n\t<meta name=\"twitter:data2\" content=\"2 minutos\" \/>\n<script type=\"application\/ld+json\" class=\"yoast-schema-graph\">{\"@context\":\"https:\/\/schema.org\",\"@graph\":[{\"@type\":\"Article\",\"@id\":\"https:\/\/portaltela.pt\/noticias\/2026\/02\/18\/governo-quer-reorientar-verbas-do-prr-para-telecomunicacoes-e-energia\/#article\",\"isPartOf\":{\"@id\":\"https:\/\/portaltela.pt\/noticias\/2026\/02\/18\/governo-quer-reorientar-verbas-do-prr-para-telecomunicacoes-e-energia\/\"},\"author\":{\"name\":\"Telinha\",\"@id\":\"https:\/\/portaltela.pt\/#\/schema\/person\/c4278d4a6028830caff9ee44b42d32ed\"},\"headline\":\"Governo quer reorientar verbas do PRR para telecomunica\u00e7\u00f5es e energia\",\"datePublished\":\"2026-02-18T18:12:33+00:00\",\"mainEntityOfPage\":{\"@id\":\"https:\/\/portaltela.pt\/noticias\/2026\/02\/18\/governo-quer-reorientar-verbas-do-prr-para-telecomunicacoes-e-energia\/\"},\"wordCount\":510,\"image\":{\"@id\":\"https:\/\/portaltela.pt\/noticias\/2026\/02\/18\/governo-quer-reorientar-verbas-do-prr-para-telecomunicacoes-e-energia\/#primaryimage\"},\"thumbnailUrl\":\"https:\/\/portaltela.pt\/s.01k8rhncp4jt1\/2026\/02\/img_1280x721uu2025-04-28-12-27-00-2205426-2.jpg\",\"keywords\":[\"calamidade p\u00fablica\",\"energia\",\"Fundo de Solidariedade\",\"prote\u00e7\u00e3o civil\",\"telecomunica\u00e7\u00f5es\",\"Uni\u00e3o Europeia\"],\"articleSection\":[\"Not\u00edcias\",\"Pol\u00edtica\"],\"inLanguage\":\"pt-PT\"},{\"@type\":\"WebPage\",\"@id\":\"https:\/\/portaltela.pt\/noticias\/2026\/02\/18\/governo-quer-reorientar-verbas-do-prr-para-telecomunicacoes-e-energia\/\",\"url\":\"https:\/\/portaltela.pt\/noticias\/2026\/02\/18\/governo-quer-reorientar-verbas-do-prr-para-telecomunicacoes-e-energia\/\",\"name\":\"Governo quer reorientar verbas do PRR para telecomunica\u00e7\u00f5es e energia - Portal Tela Portugal\",\"isPartOf\":{\"@id\":\"https:\/\/portaltela.pt\/#website\"},\"primaryImageOfPage\":{\"@id\":\"https:\/\/portaltela.pt\/noticias\/2026\/02\/18\/governo-quer-reorientar-verbas-do-prr-para-telecomunicacoes-e-energia\/#primaryimage\"},\"image\":{\"@id\":\"https:\/\/portaltela.pt\/noticias\/2026\/02\/18\/governo-quer-reorientar-verbas-do-prr-para-telecomunicacoes-e-energia\/#primaryimage\"},\"thumbnailUrl\":\"https:\/\/portaltela.pt\/s.01k8rhncp4jt1\/2026\/02\/img_1280x721uu2025-04-28-12-27-00-2205426-2.jpg\",\"datePublished\":\"2026-02-18T18:12:33+00:00\",\"author\":{\"@id\":\"https:\/\/portaltela.pt\/#\/schema\/person\/c4278d4a6028830caff9ee44b42d32ed\"},\"breadcrumb\":{\"@id\":\"https:\/\/portaltela.pt\/noticias\/2026\/02\/18\/governo-quer-reorientar-verbas-do-prr-para-telecomunicacoes-e-energia\/#breadcrumb\"},\"inLanguage\":\"pt-PT\",\"potentialAction\":[{\"@type\":\"ReadAction\",\"target\":[\"https:\/\/portaltela.pt\/noticias\/2026\/02\/18\/governo-quer-reorientar-verbas-do-prr-para-telecomunicacoes-e-energia\/\"]}]},{\"@type\":\"ImageObject\",\"inLanguage\":\"pt-PT\",\"@id\":\"https:\/\/portaltela.pt\/noticias\/2026\/02\/18\/governo-quer-reorientar-verbas-do-prr-para-telecomunicacoes-e-energia\/#primaryimage\",\"url\":\"https:\/\/portaltela.pt\/s.01k8rhncp4jt1\/2026\/02\/img_1280x721uu2025-04-28-12-27-00-2205426-2.jpg\",\"contentUrl\":\"https:\/\/portaltela.pt\/s.01k8rhncp4jt1\/2026\/02\/img_1280x721uu2025-04-28-12-27-00-2205426-2.jpg\",\"width\":796,\"height\":448,\"caption\":\"Energia, eletricidade\"},{\"@type\":\"BreadcrumbList\",\"@id\":\"https:\/\/portaltela.pt\/noticias\/2026\/02\/18\/governo-quer-reorientar-verbas-do-prr-para-telecomunicacoes-e-energia\/#breadcrumb\",\"itemListElement\":[{\"@type\":\"ListItem\",\"position\":1,\"name\":\"In\u00edcio\",\"item\":\"https:\/\/portaltela.pt\/\"},{\"@type\":\"ListItem\",\"position\":2,\"name\":\"Governo quer reorientar verbas do PRR para telecomunica\u00e7\u00f5es e energia\"}]},{\"@type\":\"WebSite\",\"@id\":\"https:\/\/portaltela.pt\/#website\",\"url\":\"https:\/\/portaltela.pt\/\",\"name\":\"Portal Tela Portugal\",\"description\":\"\",\"potentialAction\":[{\"@type\":\"SearchAction\",\"target\":{\"@type\":\"EntryPoint\",\"urlTemplate\":\"https:\/\/portaltela.pt\/?s={search_term_string}\"},\"query-input\":{\"@type\":\"PropertyValueSpecification\",\"valueRequired\":true,\"valueName\":\"search_term_string\"}}],\"inLanguage\":\"pt-PT\"},{\"@type\":\"Person\",\"@id\":\"https:\/\/portaltela.pt\/#\/schema\/person\/c4278d4a6028830caff9ee44b42d32ed\",\"name\":\"Telinha\",\"image\":{\"@type\":\"ImageObject\",\"inLanguage\":\"pt-PT\",\"@id\":\"https:\/\/portaltela.pt\/s.01k8rhncp4jt1\/2025\/11\/talking-bot-125x125.png\",\"url\":\"https:\/\/portaltela.pt\/s.01k8rhncp4jt1\/2025\/11\/talking-bot-125x125.png\",\"contentUrl\":\"https:\/\/portaltela.pt\/s.01k8rhncp4jt1\/2025\/11\/talking-bot-125x125.png\",\"caption\":\"Telinha\"},\"sameAs\":[\"https:\/\/portaltela.pt\/\"],\"url\":\"https:\/\/portaltela.pt\/por\/367410592786\/\"}]}<\/script>\n<!-- \/ Yoast SEO plugin. -->","yoast_head_json":{"title":"Governo quer reorientar verbas do PRR para telecomunica\u00e7\u00f5es e energia - Portal Tela Portugal","robots":{"index":"index","follow":"follow","max-snippet":"max-snippet:-1","max-image-preview":"max-image-preview:large","max-video-preview":"max-video-preview:-1"},"og_locale":"pt_PT","og_type":"article","og_title":"Governo quer reorientar verbas do PRR para telecomunica\u00e7\u00f5es e energia - Portal Tela Portugal","og_description":"O Governo quer reorientar verbas n\u00e3o utilizadas do Plano de Recupera\u00e7\u00e3o e Resili\u00eancia (PRR) para telecomunica\u00e7\u00f5es e energia, em negocia\u00e7\u00e3o com Bruxelas. H\u00e9lder Reis, secret\u00e1rio de Estado do Planeamento, indicou que o levantamento dos estragos do mau tempo continua e que o pacote de 2,5 mil milh\u00f5es de euros pode n\u00e3o bastar. Bruxelas recusou adiar os prazos do PRR, mas est\u00e1 a avaliar a realoca\u00e7\u00e3o de investimentos at\u00e9 31 de agosto para \u00e1reas concretas, evitando a perda de dota\u00e7\u00e3o. O Governo quer usar 76 milh\u00f5es de euros do projeto do Transporte R\u00e1pido por Autocarro (BRT) de Braga para financiar sistemas de telecomunica\u00e7\u00f5es, incluindo o SIRESP, e explorar telecomunica\u00e7\u00f5es via sat\u00e9lite, como Starlink. A primeira prioridade \u00e9 repensar o pacote de energia com verbas n\u00e3o utilizadas do PRR para adquirir baterias, acumuladores e pain\u00e9is solares para edif\u00edcios p\u00fablicos; Portugal tem 12 semanas para pedir apoio ao Fundo de Solidariedade da Uni\u00e3o Europeia.","og_url":"https:\/\/portaltela.pt\/noticias\/2026\/02\/18\/governo-quer-reorientar-verbas-do-prr-para-telecomunicacoes-e-energia\/","og_site_name":"Portal Tela Portugal","article_published_time":"2026-02-18T18:12:33+00:00","author":"Telinha","twitter_card":"summary_large_image","twitter_misc":{"Escrito por":"Telinha","Tempo estimado de leitura":"2 minutos"},"schema":{"@context":"https:\/\/schema.org","@graph":[{"@type":"Article","@id":"https:\/\/portaltela.pt\/noticias\/2026\/02\/18\/governo-quer-reorientar-verbas-do-prr-para-telecomunicacoes-e-energia\/#article","isPartOf":{"@id":"https:\/\/portaltela.pt\/noticias\/2026\/02\/18\/governo-quer-reorientar-verbas-do-prr-para-telecomunicacoes-e-energia\/"},"author":{"name":"Telinha","@id":"https:\/\/portaltela.pt\/#\/schema\/person\/c4278d4a6028830caff9ee44b42d32ed"},"headline":"Governo quer reorientar verbas do PRR para telecomunica\u00e7\u00f5es e energia","datePublished":"2026-02-18T18:12:33+00:00","mainEntityOfPage":{"@id":"https:\/\/portaltela.pt\/noticias\/2026\/02\/18\/governo-quer-reorientar-verbas-do-prr-para-telecomunicacoes-e-energia\/"},"wordCount":510,"image":{"@id":"https:\/\/portaltela.pt\/noticias\/2026\/02\/18\/governo-quer-reorientar-verbas-do-prr-para-telecomunicacoes-e-energia\/#primaryimage"},"thumbnailUrl":"https:\/\/portaltela.pt\/s.01k8rhncp4jt1\/2026\/02\/img_1280x721uu2025-04-28-12-27-00-2205426-2.jpg","keywords":["calamidade p\u00fablica","energia","Fundo de Solidariedade","prote\u00e7\u00e3o civil","telecomunica\u00e7\u00f5es","Uni\u00e3o Europeia"],"articleSection":["Not\u00edcias","Pol\u00edtica"],"inLanguage":"pt-PT"},{"@type":"WebPage","@id":"https:\/\/portaltela.pt\/noticias\/2026\/02\/18\/governo-quer-reorientar-verbas-do-prr-para-telecomunicacoes-e-energia\/","url":"https:\/\/portaltela.pt\/noticias\/2026\/02\/18\/governo-quer-reorientar-verbas-do-prr-para-telecomunicacoes-e-energia\/","name":"Governo quer reorientar verbas do PRR para telecomunica\u00e7\u00f5es e energia - Portal Tela Portugal","isPartOf":{"@id":"https:\/\/portaltela.pt\/#website"},"primaryImageOfPage":{"@id":"https:\/\/portaltela.pt\/noticias\/2026\/02\/18\/governo-quer-reorientar-verbas-do-prr-para-telecomunicacoes-e-energia\/#primaryimage"},"image":{"@id":"https:\/\/portaltela.pt\/noticias\/2026\/02\/18\/governo-quer-reorientar-verbas-do-prr-para-telecomunicacoes-e-energia\/#primaryimage"},"thumbnailUrl":"https:\/\/portaltela.pt\/s.01k8rhncp4jt1\/2026\/02\/img_1280x721uu2025-04-28-12-27-00-2205426-2.jpg","datePublished":"2026-02-18T18:12:33+00:00","author":{"@id":"https:\/\/portaltela.pt\/#\/schema\/person\/c4278d4a6028830caff9ee44b42d32ed"},"breadcrumb":{"@id":"https:\/\/portaltela.pt\/noticias\/2026\/02\/18\/governo-quer-reorientar-verbas-do-prr-para-telecomunicacoes-e-energia\/#breadcrumb"},"inLanguage":"pt-PT","potentialAction":[{"@type":"ReadAction","target":["https:\/\/portaltela.pt\/noticias\/2026\/02\/18\/governo-quer-reorientar-verbas-do-prr-para-telecomunicacoes-e-energia\/"]}]},{"@type":"ImageObject","inLanguage":"pt-PT","@id":"https:\/\/portaltela.pt\/noticias\/2026\/02\/18\/governo-quer-reorientar-verbas-do-prr-para-telecomunicacoes-e-energia\/#primaryimage","url":"https:\/\/portaltela.pt\/s.01k8rhncp4jt1\/2026\/02\/img_1280x721uu2025-04-28-12-27-00-2205426-2.jpg","contentUrl":"https:\/\/portaltela.pt\/s.01k8rhncp4jt1\/2026\/02\/img_1280x721uu2025-04-28-12-27-00-2205426-2.jpg","width":796,"height":448,"caption":"Energia, eletricidade"},{"@type":"BreadcrumbList","@id":"https:\/\/portaltela.pt\/noticias\/2026\/02\/18\/governo-quer-reorientar-verbas-do-prr-para-telecomunicacoes-e-energia\/#breadcrumb","itemListElement":[{"@type":"ListItem","position":1,"name":"In\u00edcio","item":"https:\/\/portaltela.pt\/"},{"@type":"ListItem","position":2,"name":"Governo quer reorientar verbas do PRR para telecomunica\u00e7\u00f5es e energia"}]},{"@type":"WebSite","@id":"https:\/\/portaltela.pt\/#website","url":"https:\/\/portaltela.pt\/","name":"Portal Tela Portugal","description":"","potentialAction":[{"@type":"SearchAction","target":{"@type":"EntryPoint","urlTemplate":"https:\/\/portaltela.pt\/?s={search_term_string}"},"query-input":{"@type":"PropertyValueSpecification","valueRequired":true,"valueName":"search_term_string"}}],"inLanguage":"pt-PT"},{"@type":"Person","@id":"https:\/\/portaltela.pt\/#\/schema\/person\/c4278d4a6028830caff9ee44b42d32ed","name":"Telinha","image":{"@type":"ImageObject","inLanguage":"pt-PT","@id":"https:\/\/portaltela.pt\/s.01k8rhncp4jt1\/2025\/11\/talking-bot-125x125.png","url":"https:\/\/portaltela.pt\/s.01k8rhncp4jt1\/2025\/11\/talking-bot-125x125.png","contentUrl":"https:\/\/portaltela.pt\/s.01k8rhncp4jt1\/2025\/11\/talking-bot-125x125.png","caption":"Telinha"},"sameAs":["https:\/\/portaltela.pt\/"],"url":"https:\/\/portaltela.pt\/por\/367410592786\/"}]}},"_links":{"self":[{"href":"https:\/\/portaltela.pt\/api\/wp\/v2\/posts\/216419","targetHints":{"allow":["GET"]}}],"collection":[{"href":"https:\/\/portaltela.pt\/api\/wp\/v2\/posts"}],"about":[{"href":"https:\/\/portaltela.pt\/api\/wp\/v2\/types\/post"}],"author":[{"embeddable":true,"href":"https:\/\/portaltela.pt\/api\/wp\/v2\/users\/2"}],"replies":[{"embeddable":true,"href":"https:\/\/portaltela.pt\/api\/wp\/v2\/comments?post=216419"}],"version-history":[{"count":0,"href":"https:\/\/portaltela.pt\/api\/wp\/v2\/posts\/216419\/revisions"}],"wp:featuredmedia":[{"embeddable":true,"href":"https:\/\/portaltela.pt\/api\/wp\/v2\/media\/216422"}],"wp:attachment":[{"href":"https:\/\/portaltela.pt\/api\/wp\/v2\/media?parent=216419"}],"wp:term":[{"taxonomy":"category","embeddable":true,"href":"https:\/\/portaltela.pt\/api\/wp\/v2\/categories?post=216419"},{"taxonomy":"post_tag","embeddable":true,"href":"https:\/\/portaltela.pt\/api\/wp\/v2\/tags?post=216419"}],"curies":[{"name":"wp","href":"https:\/\/api.w.org\/{rel}","templated":true}]}}