{"id":216411,"date":"2026-02-18T15:17:07","date_gmt":"2026-02-18T18:17:07","guid":{"rendered":"https:\/\/portaltela.pt\/noticias\/2026\/02\/18\/jovem-portugues-suspeito-de-tentar-vender-informacoes-da-nato-a-russia\/"},"modified":"2026-02-18T15:17:07","modified_gmt":"2026-02-18T18:17:07","slug":"jovem-portugues-suspeito-de-tentar-vender-informacoes-da-nato-a-russia","status":"publish","type":"post","link":"https:\/\/portaltela.pt\/noticias\/2026\/02\/18\/jovem-portugues-suspeito-de-tentar-vender-informacoes-da-nato-a-russia\/","title":{"rendered":"Jovem portugu\u00eas suspeito de tentar vender informa\u00e7\u00f5es da NATO \u00e0 R\u00fassia"},"content":{"rendered":"<p>Um jovem portugu\u00eas de 23 anos est\u00e1 acusado de espionagem pelo Minist\u00e9rio P\u00fablico por tentar vender informa\u00e7\u00f5es da NATO \u00e0 R\u00fassia. A Procuradoria-Geral da Rep\u00fablica confirmou que o suspeito acreditava deter materiais secretos e classificados.<\/p>\n<p>Segundo o MP, o indiv\u00edduo ter\u00e1 usado um computador e um iPad pertencentes \u00e0 NATO e \u00e0 Marinha sueca, que estavam ao servi\u00e7o de um militar da NATO. A tentativa ocorreu ap\u00f3s ter tomado esses dispositivos durante uma miss\u00e3o.<\/p>\n<p>O facto ocorreu em fevereiro do ano passado, na Escola da Base Naval de Lisboa, no Alfeite, Almada, durante a Confer\u00eancia Inicial de Planeamento do exerc\u00edcio REP MUS. O evento reuniu cerca de 300 participantes, maioritariamente militares, com relev\u00e2ncia t\u00e1tica para a NATO e aliados.<\/p>\n<h3>Atua\u00e7\u00e3o e alega\u00e7\u00f5es<\/h3>\n<p>O arguido ter\u00e1 tido conhecimento do evento e permaneceu alojado no mesmo hotel dos participantes. Convicto de possuir conte\u00fados secretos, tentou aceder e copiar o material para vender \u00e0 Federa\u00e7\u00e3o Russa, dirigindo-se \u00e0 Embaixada da R\u00fassia em Lisboa. A PGR descreve que n\u00e3o houve sucesso nas suas tentativas.<\/p>\n<p>O suspeito alegou, ap\u00f3s a deten\u00e7\u00e3o, colaborar com as autoridades ao denunciar uma suposta organiza\u00e7\u00e3o criminosa dedicada a espionagem e viola\u00e7\u00e3o de segredo de Estado, informa\u00e7\u00e3o que, no entanto, n\u00e3o corresponde \u00e0 realidade, segundo o MP.<\/p>\n<p>Para al\u00e9m do crime de espionagem na forma tentada, o arguido enfrenta ainda acusa\u00e7\u00f5es de furto qualificado (em tr\u00eas crimes, dois em coautoria), uso de documento de identifica\u00e7\u00e3o alheio (duas ocasi\u00f5es), falsas declara\u00e7\u00f5es, pornografia de menores, condu\u00e7\u00e3o sem carta e onze crimes de den\u00fancia caluniosa.<\/p>\n<p>O homem encontra-se em pris\u00e3o preventiva, com proibi\u00e7\u00e3o de contactos. Os restantes dois arguidos est\u00e3o sujeitos a termo de identidade e resid\u00eancia.<\/p>\n","protected":false},"excerpt":{"rendered":"<ul>\n<li>O homem, de 23 anos, \u00e9 acusado de espionagem na forma tentada por tentar vender informa\u00e7\u00f5es da NATO \u00e0 Federa\u00e7\u00e3o Russa, depois de se ter apoderado de um computador e de um iPad pertencentes \u00e0 NATO e \u00e0 Marinha sueca.<\/li>\n<li>O epis\u00f3dio remonta a fevereiro, na Escola da Base Naval de Lisboa (Alfeite), em Almada, durante a Confer\u00eancia Inicial de Planeamento do exerc\u00edcio MUS REP, que reuniu cerca de 300 pessoas, maioritariamente militares.<\/li>\n<li>Segundo a Procuradoria-Geral da Rep\u00fablica, ele procurou aceder ao conte\u00fado confidencial e vend\u00ea-lo a agentes russos junto da Embaixada da Federa\u00e7\u00e3o Russa, em Lisboa; a tentativa n\u00e3o teve sucesso.<\/li>\n<li>Ap\u00f3s a deten\u00e7\u00e3o, o arguido alegou colaborar com as autoridades e denunciar uma suposta organiza\u00e7\u00e3o criminosa envolvida em espionagem, vers\u00e3o que a PGR afirma ser falsa e apenas um artif\u00edcio para desviar a investiga\u00e7\u00e3o.<\/li>\n<li>Al\u00e9m de espionagem na forma tentada, o homem enfrenta ainda acusa\u00e7\u00f5es de furto qualificado (tr\u00eas crimes, dois em coautoria), uso de documento de identifica\u00e7\u00e3o alheio (duas acusa\u00e7\u00f5es), falsas declara\u00e7\u00f5es, pornografia de menores, condu\u00e7\u00e3o sem carta e onze den\u00fancias caluniosas; permanece em pris\u00e3o preventiva, com proibi\u00e7\u00e3o de contactos, sendo os outros dois arguidos sujeitos a termo de identidade e resid\u00eancia.<\/li>\n<\/ul>\n","protected":false},"author":2,"featured_media":216417,"comment_status":"closed","ping_status":"closed","sticky":false,"template":"","format":"standard","meta":{"footnotes":""},"categories":[1],"tags":[2861,3007,1659,1432,1014,3110],"class_list":["post-216411","post","type-post","status-publish","format-standard","has-post-thumbnail","hentry","category-noticias","tag-denuncia-crime","tag-espionagem","tag-furto-qualificado","tag-pornografia-de-menores","tag-portugal","tag-russia"],"yoast_head":"<!-- This site is optimized with the Yoast SEO plugin v27.2 - https:\/\/yoast.com\/product\/yoast-seo-wordpress\/ -->\n<title>Jovem portugu\u00eas suspeito de tentar vender informa\u00e7\u00f5es da NATO \u00e0 R\u00fassia - Portal Tela Portugal<\/title>\n<meta name=\"robots\" content=\"index, follow, max-snippet:-1, max-image-preview:large, max-video-preview:-1\" \/>\n<meta property=\"og:locale\" content=\"pt_PT\" \/>\n<meta property=\"og:type\" content=\"article\" \/>\n<meta property=\"og:title\" content=\"Jovem portugu\u00eas suspeito de tentar vender informa\u00e7\u00f5es da NATO \u00e0 R\u00fassia - Portal Tela Portugal\" \/>\n<meta property=\"og:description\" content=\"O homem, de 23 anos, \u00e9 acusado de espionagem na forma tentada por tentar vender informa\u00e7\u00f5es da NATO \u00e0 Federa\u00e7\u00e3o Russa, depois de se ter apoderado de um computador e de um iPad pertencentes \u00e0 NATO e \u00e0 Marinha sueca. O epis\u00f3dio remonta a fevereiro, na Escola da Base Naval de Lisboa (Alfeite), em Almada, durante a Confer\u00eancia Inicial de Planeamento do exerc\u00edcio MUS REP, que reuniu cerca de 300 pessoas, maioritariamente militares. Segundo a Procuradoria-Geral da Rep\u00fablica, ele procurou aceder ao conte\u00fado confidencial e vend\u00ea-lo a agentes russos junto da Embaixada da Federa\u00e7\u00e3o Russa, em Lisboa; a tentativa n\u00e3o teve sucesso. Ap\u00f3s a deten\u00e7\u00e3o, o arguido alegou colaborar com as autoridades e denunciar uma suposta organiza\u00e7\u00e3o criminosa envolvida em espionagem, vers\u00e3o que a PGR afirma ser falsa e apenas um artif\u00edcio para desviar a investiga\u00e7\u00e3o. Al\u00e9m de espionagem na forma tentada, o homem enfrenta ainda acusa\u00e7\u00f5es de furto qualificado (tr\u00eas crimes, dois em coautoria), uso de documento de identifica\u00e7\u00e3o alheio (duas acusa\u00e7\u00f5es), falsas declara\u00e7\u00f5es, pornografia de menores, condu\u00e7\u00e3o sem carta e onze den\u00fancias caluniosas; permanece em pris\u00e3o preventiva, com proibi\u00e7\u00e3o de contactos, sendo os outros dois arguidos sujeitos a termo de identidade e resid\u00eancia.\" \/>\n<meta property=\"og:url\" content=\"https:\/\/portaltela.pt\/noticias\/2026\/02\/18\/jovem-portugues-suspeito-de-tentar-vender-informacoes-da-nato-a-russia\/\" \/>\n<meta property=\"og:site_name\" content=\"Portal Tela Portugal\" \/>\n<meta property=\"article:published_time\" content=\"2026-02-18T18:17:07+00:00\" \/>\n<meta name=\"author\" content=\"Telinha\" \/>\n<meta name=\"twitter:card\" content=\"summary_large_image\" \/>\n<meta name=\"twitter:label1\" content=\"Escrito por\" \/>\n\t<meta name=\"twitter:data1\" content=\"Telinha\" \/>\n\t<meta name=\"twitter:label2\" content=\"Tempo estimado de leitura\" \/>\n\t<meta name=\"twitter:data2\" content=\"2 minutos\" \/>\n<script type=\"application\/ld+json\" class=\"yoast-schema-graph\">{\"@context\":\"https:\/\/schema.org\",\"@graph\":[{\"@type\":\"Article\",\"@id\":\"https:\/\/portaltela.pt\/noticias\/2026\/02\/18\/jovem-portugues-suspeito-de-tentar-vender-informacoes-da-nato-a-russia\/#article\",\"isPartOf\":{\"@id\":\"https:\/\/portaltela.pt\/noticias\/2026\/02\/18\/jovem-portugues-suspeito-de-tentar-vender-informacoes-da-nato-a-russia\/\"},\"author\":{\"name\":\"Telinha\",\"@id\":\"https:\/\/portaltela.pt\/#\/schema\/person\/c4278d4a6028830caff9ee44b42d32ed\"},\"headline\":\"Jovem portugu\u00eas suspeito de tentar vender informa\u00e7\u00f5es da NATO \u00e0 R\u00fassia\",\"datePublished\":\"2026-02-18T18:17:07+00:00\",\"mainEntityOfPage\":{\"@id\":\"https:\/\/portaltela.pt\/noticias\/2026\/02\/18\/jovem-portugues-suspeito-de-tentar-vender-informacoes-da-nato-a-russia\/\"},\"wordCount\":316,\"image\":{\"@id\":\"https:\/\/portaltela.pt\/noticias\/2026\/02\/18\/jovem-portugues-suspeito-de-tentar-vender-informacoes-da-nato-a-russia\/#primaryimage\"},\"thumbnailUrl\":\"https:\/\/portaltela.pt\/s.01k8rhncp4jt1\/2026\/02\/1536x864_cmsv2_ea0e05e8-9347-5f93-9624-5627946e6b02-9656441.jpg\",\"keywords\":[\"den\u00fancia-crime\",\"espionagem\",\"furto qualificado\",\"pornografia de menores\",\"Portugal\",\"R\u00fassia\"],\"articleSection\":[\"Not\u00edcias\"],\"inLanguage\":\"pt-PT\"},{\"@type\":\"WebPage\",\"@id\":\"https:\/\/portaltela.pt\/noticias\/2026\/02\/18\/jovem-portugues-suspeito-de-tentar-vender-informacoes-da-nato-a-russia\/\",\"url\":\"https:\/\/portaltela.pt\/noticias\/2026\/02\/18\/jovem-portugues-suspeito-de-tentar-vender-informacoes-da-nato-a-russia\/\",\"name\":\"Jovem portugu\u00eas suspeito de tentar vender informa\u00e7\u00f5es da NATO \u00e0 R\u00fassia - Portal Tela Portugal\",\"isPartOf\":{\"@id\":\"https:\/\/portaltela.pt\/#website\"},\"primaryImageOfPage\":{\"@id\":\"https:\/\/portaltela.pt\/noticias\/2026\/02\/18\/jovem-portugues-suspeito-de-tentar-vender-informacoes-da-nato-a-russia\/#primaryimage\"},\"image\":{\"@id\":\"https:\/\/portaltela.pt\/noticias\/2026\/02\/18\/jovem-portugues-suspeito-de-tentar-vender-informacoes-da-nato-a-russia\/#primaryimage\"},\"thumbnailUrl\":\"https:\/\/portaltela.pt\/s.01k8rhncp4jt1\/2026\/02\/1536x864_cmsv2_ea0e05e8-9347-5f93-9624-5627946e6b02-9656441.jpg\",\"datePublished\":\"2026-02-18T18:17:07+00:00\",\"author\":{\"@id\":\"https:\/\/portaltela.pt\/#\/schema\/person\/c4278d4a6028830caff9ee44b42d32ed\"},\"breadcrumb\":{\"@id\":\"https:\/\/portaltela.pt\/noticias\/2026\/02\/18\/jovem-portugues-suspeito-de-tentar-vender-informacoes-da-nato-a-russia\/#breadcrumb\"},\"inLanguage\":\"pt-PT\",\"potentialAction\":[{\"@type\":\"ReadAction\",\"target\":[\"https:\/\/portaltela.pt\/noticias\/2026\/02\/18\/jovem-portugues-suspeito-de-tentar-vender-informacoes-da-nato-a-russia\/\"]}]},{\"@type\":\"ImageObject\",\"inLanguage\":\"pt-PT\",\"@id\":\"https:\/\/portaltela.pt\/noticias\/2026\/02\/18\/jovem-portugues-suspeito-de-tentar-vender-informacoes-da-nato-a-russia\/#primaryimage\",\"url\":\"https:\/\/portaltela.pt\/s.01k8rhncp4jt1\/2026\/02\/1536x864_cmsv2_ea0e05e8-9347-5f93-9624-5627946e6b02-9656441.jpg\",\"contentUrl\":\"https:\/\/portaltela.pt\/s.01k8rhncp4jt1\/2026\/02\/1536x864_cmsv2_ea0e05e8-9347-5f93-9624-5627946e6b02-9656441.jpg\",\"width\":796,\"height\":448,\"caption\":\"Jovem portugu\u00eas tenta vender informa\u00e7\u00f5es da NATO \u00e0 R\u00fassia\"},{\"@type\":\"BreadcrumbList\",\"@id\":\"https:\/\/portaltela.pt\/noticias\/2026\/02\/18\/jovem-portugues-suspeito-de-tentar-vender-informacoes-da-nato-a-russia\/#breadcrumb\",\"itemListElement\":[{\"@type\":\"ListItem\",\"position\":1,\"name\":\"In\u00edcio\",\"item\":\"https:\/\/portaltela.pt\/\"},{\"@type\":\"ListItem\",\"position\":2,\"name\":\"Jovem portugu\u00eas suspeito de tentar vender informa\u00e7\u00f5es da NATO \u00e0 R\u00fassia\"}]},{\"@type\":\"WebSite\",\"@id\":\"https:\/\/portaltela.pt\/#website\",\"url\":\"https:\/\/portaltela.pt\/\",\"name\":\"Portal Tela Portugal\",\"description\":\"\",\"potentialAction\":[{\"@type\":\"SearchAction\",\"target\":{\"@type\":\"EntryPoint\",\"urlTemplate\":\"https:\/\/portaltela.pt\/?s={search_term_string}\"},\"query-input\":{\"@type\":\"PropertyValueSpecification\",\"valueRequired\":true,\"valueName\":\"search_term_string\"}}],\"inLanguage\":\"pt-PT\"},{\"@type\":\"Person\",\"@id\":\"https:\/\/portaltela.pt\/#\/schema\/person\/c4278d4a6028830caff9ee44b42d32ed\",\"name\":\"Telinha\",\"image\":{\"@type\":\"ImageObject\",\"inLanguage\":\"pt-PT\",\"@id\":\"https:\/\/portaltela.pt\/s.01k8rhncp4jt1\/2025\/11\/talking-bot-125x125.png\",\"url\":\"https:\/\/portaltela.pt\/s.01k8rhncp4jt1\/2025\/11\/talking-bot-125x125.png\",\"contentUrl\":\"https:\/\/portaltela.pt\/s.01k8rhncp4jt1\/2025\/11\/talking-bot-125x125.png\",\"caption\":\"Telinha\"},\"sameAs\":[\"https:\/\/portaltela.pt\/\"],\"url\":\"https:\/\/portaltela.pt\/por\/367410592786\/\"}]}<\/script>\n<!-- \/ Yoast SEO plugin. -->","yoast_head_json":{"title":"Jovem portugu\u00eas suspeito de tentar vender informa\u00e7\u00f5es da NATO \u00e0 R\u00fassia - Portal Tela Portugal","robots":{"index":"index","follow":"follow","max-snippet":"max-snippet:-1","max-image-preview":"max-image-preview:large","max-video-preview":"max-video-preview:-1"},"og_locale":"pt_PT","og_type":"article","og_title":"Jovem portugu\u00eas suspeito de tentar vender informa\u00e7\u00f5es da NATO \u00e0 R\u00fassia - Portal Tela Portugal","og_description":"O homem, de 23 anos, \u00e9 acusado de espionagem na forma tentada por tentar vender informa\u00e7\u00f5es da NATO \u00e0 Federa\u00e7\u00e3o Russa, depois de se ter apoderado de um computador e de um iPad pertencentes \u00e0 NATO e \u00e0 Marinha sueca. O epis\u00f3dio remonta a fevereiro, na Escola da Base Naval de Lisboa (Alfeite), em Almada, durante a Confer\u00eancia Inicial de Planeamento do exerc\u00edcio MUS REP, que reuniu cerca de 300 pessoas, maioritariamente militares. Segundo a Procuradoria-Geral da Rep\u00fablica, ele procurou aceder ao conte\u00fado confidencial e vend\u00ea-lo a agentes russos junto da Embaixada da Federa\u00e7\u00e3o Russa, em Lisboa; a tentativa n\u00e3o teve sucesso. Ap\u00f3s a deten\u00e7\u00e3o, o arguido alegou colaborar com as autoridades e denunciar uma suposta organiza\u00e7\u00e3o criminosa envolvida em espionagem, vers\u00e3o que a PGR afirma ser falsa e apenas um artif\u00edcio para desviar a investiga\u00e7\u00e3o. Al\u00e9m de espionagem na forma tentada, o homem enfrenta ainda acusa\u00e7\u00f5es de furto qualificado (tr\u00eas crimes, dois em coautoria), uso de documento de identifica\u00e7\u00e3o alheio (duas acusa\u00e7\u00f5es), falsas declara\u00e7\u00f5es, pornografia de menores, condu\u00e7\u00e3o sem carta e onze den\u00fancias caluniosas; permanece em pris\u00e3o preventiva, com proibi\u00e7\u00e3o de contactos, sendo os outros dois arguidos sujeitos a termo de identidade e resid\u00eancia.","og_url":"https:\/\/portaltela.pt\/noticias\/2026\/02\/18\/jovem-portugues-suspeito-de-tentar-vender-informacoes-da-nato-a-russia\/","og_site_name":"Portal Tela Portugal","article_published_time":"2026-02-18T18:17:07+00:00","author":"Telinha","twitter_card":"summary_large_image","twitter_misc":{"Escrito por":"Telinha","Tempo estimado de leitura":"2 minutos"},"schema":{"@context":"https:\/\/schema.org","@graph":[{"@type":"Article","@id":"https:\/\/portaltela.pt\/noticias\/2026\/02\/18\/jovem-portugues-suspeito-de-tentar-vender-informacoes-da-nato-a-russia\/#article","isPartOf":{"@id":"https:\/\/portaltela.pt\/noticias\/2026\/02\/18\/jovem-portugues-suspeito-de-tentar-vender-informacoes-da-nato-a-russia\/"},"author":{"name":"Telinha","@id":"https:\/\/portaltela.pt\/#\/schema\/person\/c4278d4a6028830caff9ee44b42d32ed"},"headline":"Jovem portugu\u00eas suspeito de tentar vender informa\u00e7\u00f5es da NATO \u00e0 R\u00fassia","datePublished":"2026-02-18T18:17:07+00:00","mainEntityOfPage":{"@id":"https:\/\/portaltela.pt\/noticias\/2026\/02\/18\/jovem-portugues-suspeito-de-tentar-vender-informacoes-da-nato-a-russia\/"},"wordCount":316,"image":{"@id":"https:\/\/portaltela.pt\/noticias\/2026\/02\/18\/jovem-portugues-suspeito-de-tentar-vender-informacoes-da-nato-a-russia\/#primaryimage"},"thumbnailUrl":"https:\/\/portaltela.pt\/s.01k8rhncp4jt1\/2026\/02\/1536x864_cmsv2_ea0e05e8-9347-5f93-9624-5627946e6b02-9656441.jpg","keywords":["den\u00fancia-crime","espionagem","furto qualificado","pornografia de menores","Portugal","R\u00fassia"],"articleSection":["Not\u00edcias"],"inLanguage":"pt-PT"},{"@type":"WebPage","@id":"https:\/\/portaltela.pt\/noticias\/2026\/02\/18\/jovem-portugues-suspeito-de-tentar-vender-informacoes-da-nato-a-russia\/","url":"https:\/\/portaltela.pt\/noticias\/2026\/02\/18\/jovem-portugues-suspeito-de-tentar-vender-informacoes-da-nato-a-russia\/","name":"Jovem portugu\u00eas suspeito de tentar vender informa\u00e7\u00f5es da NATO \u00e0 R\u00fassia - Portal Tela Portugal","isPartOf":{"@id":"https:\/\/portaltela.pt\/#website"},"primaryImageOfPage":{"@id":"https:\/\/portaltela.pt\/noticias\/2026\/02\/18\/jovem-portugues-suspeito-de-tentar-vender-informacoes-da-nato-a-russia\/#primaryimage"},"image":{"@id":"https:\/\/portaltela.pt\/noticias\/2026\/02\/18\/jovem-portugues-suspeito-de-tentar-vender-informacoes-da-nato-a-russia\/#primaryimage"},"thumbnailUrl":"https:\/\/portaltela.pt\/s.01k8rhncp4jt1\/2026\/02\/1536x864_cmsv2_ea0e05e8-9347-5f93-9624-5627946e6b02-9656441.jpg","datePublished":"2026-02-18T18:17:07+00:00","author":{"@id":"https:\/\/portaltela.pt\/#\/schema\/person\/c4278d4a6028830caff9ee44b42d32ed"},"breadcrumb":{"@id":"https:\/\/portaltela.pt\/noticias\/2026\/02\/18\/jovem-portugues-suspeito-de-tentar-vender-informacoes-da-nato-a-russia\/#breadcrumb"},"inLanguage":"pt-PT","potentialAction":[{"@type":"ReadAction","target":["https:\/\/portaltela.pt\/noticias\/2026\/02\/18\/jovem-portugues-suspeito-de-tentar-vender-informacoes-da-nato-a-russia\/"]}]},{"@type":"ImageObject","inLanguage":"pt-PT","@id":"https:\/\/portaltela.pt\/noticias\/2026\/02\/18\/jovem-portugues-suspeito-de-tentar-vender-informacoes-da-nato-a-russia\/#primaryimage","url":"https:\/\/portaltela.pt\/s.01k8rhncp4jt1\/2026\/02\/1536x864_cmsv2_ea0e05e8-9347-5f93-9624-5627946e6b02-9656441.jpg","contentUrl":"https:\/\/portaltela.pt\/s.01k8rhncp4jt1\/2026\/02\/1536x864_cmsv2_ea0e05e8-9347-5f93-9624-5627946e6b02-9656441.jpg","width":796,"height":448,"caption":"Jovem portugu\u00eas tenta vender informa\u00e7\u00f5es da NATO \u00e0 R\u00fassia"},{"@type":"BreadcrumbList","@id":"https:\/\/portaltela.pt\/noticias\/2026\/02\/18\/jovem-portugues-suspeito-de-tentar-vender-informacoes-da-nato-a-russia\/#breadcrumb","itemListElement":[{"@type":"ListItem","position":1,"name":"In\u00edcio","item":"https:\/\/portaltela.pt\/"},{"@type":"ListItem","position":2,"name":"Jovem portugu\u00eas suspeito de tentar vender informa\u00e7\u00f5es da NATO \u00e0 R\u00fassia"}]},{"@type":"WebSite","@id":"https:\/\/portaltela.pt\/#website","url":"https:\/\/portaltela.pt\/","name":"Portal Tela Portugal","description":"","potentialAction":[{"@type":"SearchAction","target":{"@type":"EntryPoint","urlTemplate":"https:\/\/portaltela.pt\/?s={search_term_string}"},"query-input":{"@type":"PropertyValueSpecification","valueRequired":true,"valueName":"search_term_string"}}],"inLanguage":"pt-PT"},{"@type":"Person","@id":"https:\/\/portaltela.pt\/#\/schema\/person\/c4278d4a6028830caff9ee44b42d32ed","name":"Telinha","image":{"@type":"ImageObject","inLanguage":"pt-PT","@id":"https:\/\/portaltela.pt\/s.01k8rhncp4jt1\/2025\/11\/talking-bot-125x125.png","url":"https:\/\/portaltela.pt\/s.01k8rhncp4jt1\/2025\/11\/talking-bot-125x125.png","contentUrl":"https:\/\/portaltela.pt\/s.01k8rhncp4jt1\/2025\/11\/talking-bot-125x125.png","caption":"Telinha"},"sameAs":["https:\/\/portaltela.pt\/"],"url":"https:\/\/portaltela.pt\/por\/367410592786\/"}]}},"_links":{"self":[{"href":"https:\/\/portaltela.pt\/api\/wp\/v2\/posts\/216411","targetHints":{"allow":["GET"]}}],"collection":[{"href":"https:\/\/portaltela.pt\/api\/wp\/v2\/posts"}],"about":[{"href":"https:\/\/portaltela.pt\/api\/wp\/v2\/types\/post"}],"author":[{"embeddable":true,"href":"https:\/\/portaltela.pt\/api\/wp\/v2\/users\/2"}],"replies":[{"embeddable":true,"href":"https:\/\/portaltela.pt\/api\/wp\/v2\/comments?post=216411"}],"version-history":[{"count":0,"href":"https:\/\/portaltela.pt\/api\/wp\/v2\/posts\/216411\/revisions"}],"wp:featuredmedia":[{"embeddable":true,"href":"https:\/\/portaltela.pt\/api\/wp\/v2\/media\/216417"}],"wp:attachment":[{"href":"https:\/\/portaltela.pt\/api\/wp\/v2\/media?parent=216411"}],"wp:term":[{"taxonomy":"category","embeddable":true,"href":"https:\/\/portaltela.pt\/api\/wp\/v2\/categories?post=216411"},{"taxonomy":"post_tag","embeddable":true,"href":"https:\/\/portaltela.pt\/api\/wp\/v2\/tags?post=216411"}],"curies":[{"name":"wp","href":"https:\/\/api.w.org\/{rel}","templated":true}]}}