{"id":216392,"date":"2026-02-18T14:54:00","date_gmt":"2026-02-18T17:54:00","guid":{"rendered":"https:\/\/portaltela.pt\/noticias\/2026\/02\/18\/protecao-de-criancas-nas-redes-sociais-nao-vigilancia-de-todos-os-adultos\/"},"modified":"2026-02-18T14:54:00","modified_gmt":"2026-02-18T17:54:00","slug":"protecao-de-criancas-nas-redes-sociais-nao-vigilancia-de-todos-os-adultos","status":"publish","type":"post","link":"https:\/\/portaltela.pt\/noticias\/politica\/2026\/02\/18\/protecao-de-criancas-nas-redes-sociais-nao-vigilancia-de-todos-os-adultos\/","title":{"rendered":"Prote\u00e7\u00e3o de crian\u00e7as nas redes sociais, n\u00e3o vigil\u00e2ncia de todos os adultos"},"content":{"rendered":"<p>O Parlamento aprovou na generalidade um projeto de lei que restringe o acesso livre de menores de 16 anos \u00e0s redes sociais, com consentimento parental verificado entre 13 e 15 anos e proibi\u00e7\u00e3o total abaixo dos 13. A medida visa lidar com os impactos das redes na sa\u00fade mental de jovens.<\/p>\n<p>O mecanismo proposto para verificar a idade \u00e9 a Chave M\u00f3vel Digital (CMD). Apesar de j\u00e1 existente e segura para servi\u00e7os p\u00fablicos, o uso para confirmar idade levanta preocupa\u00e7\u00f5es: podem ser partilhados dados de identidade completos, n\u00e3o apenas a confirma\u00e7\u00e3o de ter mais de 16 anos.<\/p>\n<p>A verifica\u00e7\u00e3o via CMD implica ainda passar por servidores centrais do Estado, o que permite, em teoria, registar quando se acede a diferentes plataformas. Al\u00e9m disso, facilita a correla\u00e7\u00e3o entre utilizadores e plataformas, levantando quest\u00f5es de privacidade.<\/p>\n<h3>Ponto t\u00e9cnico: CMD versus verifica\u00e7\u00e3o com credenciais verific\u00e1veis<\/h3>\n<p>Especialistas apontam que a CMD transmite atributos precisos como data de nascimento, enquanto as plataformas precisam apenas de um Sim\/N\u00e3o. A solu\u00e7\u00e3o recomendada \u00e9 usar credenciais verific\u00e1veis com divulga\u00e7\u00e3o seletiva, reduzindo dados expostos.<\/p>\n<p>A alternativa j\u00e1 existe e est\u00e1 mais evolu\u00edda: credenciais verific\u00e1veis com divulga\u00e7\u00e3o seletiva geram provas criptogr\u00e1ficas de idade, sem revelar identidade. A prova \u00e9 independente entre plataformas, evitando correla\u00e7\u00f5es.<\/p>\n<h3>Contexto europeu e nacional<\/h3>\n<p>Pa\u00edses Baixos j\u00e1 adotam o sistema Yivi com dezenas de milhar de utilizadores. A Comiss\u00e3o Europeia lan\u00e7ou um blueprint de verifica\u00e7\u00e3o de idade em piloto na Dinamarca, Fran\u00e7a, Gr\u00e9cia, It\u00e1lia e Espanha, com divulga\u00e7\u00e3o seletiva.<\/p>\n<p>Portugal dever\u00e1 implementar a Carteira Europeia de Identidade Digital at\u00e9 ao final de 2026, com base na divulga\u00e7\u00e3o seletiva. Construir sobre a CMD pode atrasar a conformidade com o novo quadro europeu.<\/p>\n<h3>Conclus\u00e3o do enfoque t\u00e9cnico<\/h3>\n<p>O Parlamento tem a oportunidade de substituir a CMD por credenciais verific\u00e1veis com divulga\u00e7\u00e3o seletiva, alinhadas com o eIDAS 2.0. Proteger crian\u00e7as e manter privacidade s\u00e3o objetivos compat\u00edveis quando implementados com rigor t\u00e9cnico.<\/p>\n","protected":false},"excerpt":{"rendered":"<ul>\n<li>O Parlamento aprovou, na generalidade, restringir o acesso livre \u00e0s redes sociais para menores de 16 anos, com consentimento parental verificado entre os 13 e os 15 e proibi\u00e7\u00e3o total abaixo dos 13.<\/li>\n<li>O mecanismo proposto \u00e9 a Chave M\u00f3vel Digital (CMD) para verificar idade, mas existem tr\u00eas problemas: partilha de dados completos de identidade, passagem por servidores centrais do Estado e possibilidade de correlacionar verifica\u00e7\u00f5es entre plataformas.<\/li>\n<li>A CNIL j\u00e1 rejeitou sistema equivalente na Fran\u00e7a (FranceConnect) por registar liga\u00e7\u00f5es a servi\u00e7os privados, argumento aplicado \u00e0 CMD portuguesa.<\/li>\n<li>A alternativa existente e madura \u00e9 o uso de credenciais verific\u00e1veis com divulga\u00e7\u00e3o seletiva, que prova apenas que o utilizador tem mais de 16 anos, sem revelar identidades ou dados sens\u00edveis.<\/li>\n<li>Portugal est\u00e1 obrigado a adotar a Carteira Europeia de Identidade Digital com divulga\u00e7\u00e3o seletiva at\u00e9 ao final de 2026; sugere-se substituir a CMD por credenciais verific\u00e1veis alinhadas com o eIDAS 2.0.<\/li>\n<\/ul>\n","protected":false},"author":2,"featured_media":216398,"comment_status":"closed","ping_status":"closed","sticky":false,"template":"","format":"standard","meta":{"footnotes":""},"categories":[1,5],"tags":[3953,4781,5133,3562,2181,2055],"class_list":["post-216392","post","type-post","status-publish","format-standard","has-post-thumbnail","hentry","category-noticias","category-politica","tag-criancas","tag-identidade-digital-verificavel","tag-identidade-eletronica","tag-privacidade","tag-protecao-de-menores","tag-uniao-europeia"],"yoast_head":"<!-- This site is optimized with the Yoast SEO plugin v27.2 - https:\/\/yoast.com\/product\/yoast-seo-wordpress\/ -->\n<title>Prote\u00e7\u00e3o de crian\u00e7as nas redes sociais, n\u00e3o vigil\u00e2ncia de todos os adultos - Portal Tela Portugal<\/title>\n<meta name=\"robots\" content=\"index, follow, max-snippet:-1, max-image-preview:large, max-video-preview:-1\" \/>\n<meta property=\"og:locale\" content=\"pt_PT\" \/>\n<meta property=\"og:type\" content=\"article\" \/>\n<meta property=\"og:title\" content=\"Prote\u00e7\u00e3o de crian\u00e7as nas redes sociais, n\u00e3o vigil\u00e2ncia de todos os adultos - Portal Tela Portugal\" \/>\n<meta property=\"og:description\" content=\"O Parlamento aprovou, na generalidade, restringir o acesso livre \u00e0s redes sociais para menores de 16 anos, com consentimento parental verificado entre os 13 e os 15 e proibi\u00e7\u00e3o total abaixo dos 13. O mecanismo proposto \u00e9 a Chave M\u00f3vel Digital (CMD) para verificar idade, mas existem tr\u00eas problemas: partilha de dados completos de identidade, passagem por servidores centrais do Estado e possibilidade de correlacionar verifica\u00e7\u00f5es entre plataformas. A CNIL j\u00e1 rejeitou sistema equivalente na Fran\u00e7a (FranceConnect) por registar liga\u00e7\u00f5es a servi\u00e7os privados, argumento aplicado \u00e0 CMD portuguesa. A alternativa existente e madura \u00e9 o uso de credenciais verific\u00e1veis com divulga\u00e7\u00e3o seletiva, que prova apenas que o utilizador tem mais de 16 anos, sem revelar identidades ou dados sens\u00edveis. Portugal est\u00e1 obrigado a adotar a Carteira Europeia de Identidade Digital com divulga\u00e7\u00e3o seletiva at\u00e9 ao final de 2026; sugere-se substituir a CMD por credenciais verific\u00e1veis alinhadas com o eIDAS 2.0.\" \/>\n<meta property=\"og:url\" content=\"https:\/\/portaltela.pt\/noticias\/2026\/02\/18\/protecao-de-criancas-nas-redes-sociais-nao-vigilancia-de-todos-os-adultos\/\" \/>\n<meta property=\"og:site_name\" content=\"Portal Tela Portugal\" \/>\n<meta property=\"article:published_time\" content=\"2026-02-18T17:54:00+00:00\" \/>\n<meta name=\"author\" content=\"Telinha\" \/>\n<meta name=\"twitter:card\" content=\"summary_large_image\" \/>\n<meta name=\"twitter:label1\" content=\"Escrito por\" \/>\n\t<meta name=\"twitter:data1\" content=\"Telinha\" \/>\n\t<meta name=\"twitter:label2\" content=\"Tempo estimado de leitura\" \/>\n\t<meta name=\"twitter:data2\" content=\"2 minutos\" \/>\n<script type=\"application\/ld+json\" class=\"yoast-schema-graph\">{\"@context\":\"https:\/\/schema.org\",\"@graph\":[{\"@type\":\"Article\",\"@id\":\"https:\/\/portaltela.pt\/noticias\/2026\/02\/18\/protecao-de-criancas-nas-redes-sociais-nao-vigilancia-de-todos-os-adultos\/#article\",\"isPartOf\":{\"@id\":\"https:\/\/portaltela.pt\/noticias\/2026\/02\/18\/protecao-de-criancas-nas-redes-sociais-nao-vigilancia-de-todos-os-adultos\/\"},\"author\":{\"name\":\"Telinha\",\"@id\":\"https:\/\/portaltela.pt\/#\/schema\/person\/c4278d4a6028830caff9ee44b42d32ed\"},\"headline\":\"Prote\u00e7\u00e3o de crian\u00e7as nas redes sociais, n\u00e3o vigil\u00e2ncia de todos os adultos\",\"datePublished\":\"2026-02-18T17:54:00+00:00\",\"mainEntityOfPage\":{\"@id\":\"https:\/\/portaltela.pt\/noticias\/2026\/02\/18\/protecao-de-criancas-nas-redes-sociais-nao-vigilancia-de-todos-os-adultos\/\"},\"wordCount\":360,\"image\":{\"@id\":\"https:\/\/portaltela.pt\/noticias\/2026\/02\/18\/protecao-de-criancas-nas-redes-sociais-nao-vigilancia-de-todos-os-adultos\/#primaryimage\"},\"thumbnailUrl\":\"https:\/\/portaltela.pt\/s.01k8rhncp4jt1\/2026\/02\/2068098.jpg\",\"keywords\":[\"crian\u00e7as\",\"identidade digital verific\u00e1vel\",\"Identidade eletr\u00f3nica\",\"privacidade\",\"prote\u00e7\u00e3o de menores\",\"Uni\u00e3o Europeia\"],\"articleSection\":[\"Not\u00edcias\",\"Pol\u00edtica\"],\"inLanguage\":\"pt-PT\"},{\"@type\":\"WebPage\",\"@id\":\"https:\/\/portaltela.pt\/noticias\/2026\/02\/18\/protecao-de-criancas-nas-redes-sociais-nao-vigilancia-de-todos-os-adultos\/\",\"url\":\"https:\/\/portaltela.pt\/noticias\/2026\/02\/18\/protecao-de-criancas-nas-redes-sociais-nao-vigilancia-de-todos-os-adultos\/\",\"name\":\"Prote\u00e7\u00e3o de crian\u00e7as nas redes sociais, n\u00e3o vigil\u00e2ncia de todos os adultos - Portal Tela Portugal\",\"isPartOf\":{\"@id\":\"https:\/\/portaltela.pt\/#website\"},\"primaryImageOfPage\":{\"@id\":\"https:\/\/portaltela.pt\/noticias\/2026\/02\/18\/protecao-de-criancas-nas-redes-sociais-nao-vigilancia-de-todos-os-adultos\/#primaryimage\"},\"image\":{\"@id\":\"https:\/\/portaltela.pt\/noticias\/2026\/02\/18\/protecao-de-criancas-nas-redes-sociais-nao-vigilancia-de-todos-os-adultos\/#primaryimage\"},\"thumbnailUrl\":\"https:\/\/portaltela.pt\/s.01k8rhncp4jt1\/2026\/02\/2068098.jpg\",\"datePublished\":\"2026-02-18T17:54:00+00:00\",\"author\":{\"@id\":\"https:\/\/portaltela.pt\/#\/schema\/person\/c4278d4a6028830caff9ee44b42d32ed\"},\"breadcrumb\":{\"@id\":\"https:\/\/portaltela.pt\/noticias\/2026\/02\/18\/protecao-de-criancas-nas-redes-sociais-nao-vigilancia-de-todos-os-adultos\/#breadcrumb\"},\"inLanguage\":\"pt-PT\",\"potentialAction\":[{\"@type\":\"ReadAction\",\"target\":[\"https:\/\/portaltela.pt\/noticias\/2026\/02\/18\/protecao-de-criancas-nas-redes-sociais-nao-vigilancia-de-todos-os-adultos\/\"]}]},{\"@type\":\"ImageObject\",\"inLanguage\":\"pt-PT\",\"@id\":\"https:\/\/portaltela.pt\/noticias\/2026\/02\/18\/protecao-de-criancas-nas-redes-sociais-nao-vigilancia-de-todos-os-adultos\/#primaryimage\",\"url\":\"https:\/\/portaltela.pt\/s.01k8rhncp4jt1\/2026\/02\/2068098.jpg\",\"contentUrl\":\"https:\/\/portaltela.pt\/s.01k8rhncp4jt1\/2026\/02\/2068098.jpg\",\"width\":796,\"height\":448,\"caption\":\"Megafone P3\"},{\"@type\":\"BreadcrumbList\",\"@id\":\"https:\/\/portaltela.pt\/noticias\/2026\/02\/18\/protecao-de-criancas-nas-redes-sociais-nao-vigilancia-de-todos-os-adultos\/#breadcrumb\",\"itemListElement\":[{\"@type\":\"ListItem\",\"position\":1,\"name\":\"In\u00edcio\",\"item\":\"https:\/\/portaltela.pt\/\"},{\"@type\":\"ListItem\",\"position\":2,\"name\":\"Prote\u00e7\u00e3o de crian\u00e7as nas redes sociais, n\u00e3o vigil\u00e2ncia de todos os adultos\"}]},{\"@type\":\"WebSite\",\"@id\":\"https:\/\/portaltela.pt\/#website\",\"url\":\"https:\/\/portaltela.pt\/\",\"name\":\"Portal Tela Portugal\",\"description\":\"\",\"potentialAction\":[{\"@type\":\"SearchAction\",\"target\":{\"@type\":\"EntryPoint\",\"urlTemplate\":\"https:\/\/portaltela.pt\/?s={search_term_string}\"},\"query-input\":{\"@type\":\"PropertyValueSpecification\",\"valueRequired\":true,\"valueName\":\"search_term_string\"}}],\"inLanguage\":\"pt-PT\"},{\"@type\":\"Person\",\"@id\":\"https:\/\/portaltela.pt\/#\/schema\/person\/c4278d4a6028830caff9ee44b42d32ed\",\"name\":\"Telinha\",\"image\":{\"@type\":\"ImageObject\",\"inLanguage\":\"pt-PT\",\"@id\":\"https:\/\/portaltela.pt\/s.01k8rhncp4jt1\/2025\/11\/talking-bot-125x125.png\",\"url\":\"https:\/\/portaltela.pt\/s.01k8rhncp4jt1\/2025\/11\/talking-bot-125x125.png\",\"contentUrl\":\"https:\/\/portaltela.pt\/s.01k8rhncp4jt1\/2025\/11\/talking-bot-125x125.png\",\"caption\":\"Telinha\"},\"sameAs\":[\"https:\/\/portaltela.pt\/\"],\"url\":\"https:\/\/portaltela.pt\/por\/367410592786\/\"}]}<\/script>\n<!-- \/ Yoast SEO plugin. -->","yoast_head_json":{"title":"Prote\u00e7\u00e3o de crian\u00e7as nas redes sociais, n\u00e3o vigil\u00e2ncia de todos os adultos - Portal Tela Portugal","robots":{"index":"index","follow":"follow","max-snippet":"max-snippet:-1","max-image-preview":"max-image-preview:large","max-video-preview":"max-video-preview:-1"},"og_locale":"pt_PT","og_type":"article","og_title":"Prote\u00e7\u00e3o de crian\u00e7as nas redes sociais, n\u00e3o vigil\u00e2ncia de todos os adultos - Portal Tela Portugal","og_description":"O Parlamento aprovou, na generalidade, restringir o acesso livre \u00e0s redes sociais para menores de 16 anos, com consentimento parental verificado entre os 13 e os 15 e proibi\u00e7\u00e3o total abaixo dos 13. O mecanismo proposto \u00e9 a Chave M\u00f3vel Digital (CMD) para verificar idade, mas existem tr\u00eas problemas: partilha de dados completos de identidade, passagem por servidores centrais do Estado e possibilidade de correlacionar verifica\u00e7\u00f5es entre plataformas. A CNIL j\u00e1 rejeitou sistema equivalente na Fran\u00e7a (FranceConnect) por registar liga\u00e7\u00f5es a servi\u00e7os privados, argumento aplicado \u00e0 CMD portuguesa. A alternativa existente e madura \u00e9 o uso de credenciais verific\u00e1veis com divulga\u00e7\u00e3o seletiva, que prova apenas que o utilizador tem mais de 16 anos, sem revelar identidades ou dados sens\u00edveis. Portugal est\u00e1 obrigado a adotar a Carteira Europeia de Identidade Digital com divulga\u00e7\u00e3o seletiva at\u00e9 ao final de 2026; sugere-se substituir a CMD por credenciais verific\u00e1veis alinhadas com o eIDAS 2.0.","og_url":"https:\/\/portaltela.pt\/noticias\/2026\/02\/18\/protecao-de-criancas-nas-redes-sociais-nao-vigilancia-de-todos-os-adultos\/","og_site_name":"Portal Tela Portugal","article_published_time":"2026-02-18T17:54:00+00:00","author":"Telinha","twitter_card":"summary_large_image","twitter_misc":{"Escrito por":"Telinha","Tempo estimado de leitura":"2 minutos"},"schema":{"@context":"https:\/\/schema.org","@graph":[{"@type":"Article","@id":"https:\/\/portaltela.pt\/noticias\/2026\/02\/18\/protecao-de-criancas-nas-redes-sociais-nao-vigilancia-de-todos-os-adultos\/#article","isPartOf":{"@id":"https:\/\/portaltela.pt\/noticias\/2026\/02\/18\/protecao-de-criancas-nas-redes-sociais-nao-vigilancia-de-todos-os-adultos\/"},"author":{"name":"Telinha","@id":"https:\/\/portaltela.pt\/#\/schema\/person\/c4278d4a6028830caff9ee44b42d32ed"},"headline":"Prote\u00e7\u00e3o de crian\u00e7as nas redes sociais, n\u00e3o vigil\u00e2ncia de todos os adultos","datePublished":"2026-02-18T17:54:00+00:00","mainEntityOfPage":{"@id":"https:\/\/portaltela.pt\/noticias\/2026\/02\/18\/protecao-de-criancas-nas-redes-sociais-nao-vigilancia-de-todos-os-adultos\/"},"wordCount":360,"image":{"@id":"https:\/\/portaltela.pt\/noticias\/2026\/02\/18\/protecao-de-criancas-nas-redes-sociais-nao-vigilancia-de-todos-os-adultos\/#primaryimage"},"thumbnailUrl":"https:\/\/portaltela.pt\/s.01k8rhncp4jt1\/2026\/02\/2068098.jpg","keywords":["crian\u00e7as","identidade digital verific\u00e1vel","Identidade eletr\u00f3nica","privacidade","prote\u00e7\u00e3o de menores","Uni\u00e3o Europeia"],"articleSection":["Not\u00edcias","Pol\u00edtica"],"inLanguage":"pt-PT"},{"@type":"WebPage","@id":"https:\/\/portaltela.pt\/noticias\/2026\/02\/18\/protecao-de-criancas-nas-redes-sociais-nao-vigilancia-de-todos-os-adultos\/","url":"https:\/\/portaltela.pt\/noticias\/2026\/02\/18\/protecao-de-criancas-nas-redes-sociais-nao-vigilancia-de-todos-os-adultos\/","name":"Prote\u00e7\u00e3o de crian\u00e7as nas redes sociais, n\u00e3o vigil\u00e2ncia de todos os adultos - Portal Tela Portugal","isPartOf":{"@id":"https:\/\/portaltela.pt\/#website"},"primaryImageOfPage":{"@id":"https:\/\/portaltela.pt\/noticias\/2026\/02\/18\/protecao-de-criancas-nas-redes-sociais-nao-vigilancia-de-todos-os-adultos\/#primaryimage"},"image":{"@id":"https:\/\/portaltela.pt\/noticias\/2026\/02\/18\/protecao-de-criancas-nas-redes-sociais-nao-vigilancia-de-todos-os-adultos\/#primaryimage"},"thumbnailUrl":"https:\/\/portaltela.pt\/s.01k8rhncp4jt1\/2026\/02\/2068098.jpg","datePublished":"2026-02-18T17:54:00+00:00","author":{"@id":"https:\/\/portaltela.pt\/#\/schema\/person\/c4278d4a6028830caff9ee44b42d32ed"},"breadcrumb":{"@id":"https:\/\/portaltela.pt\/noticias\/2026\/02\/18\/protecao-de-criancas-nas-redes-sociais-nao-vigilancia-de-todos-os-adultos\/#breadcrumb"},"inLanguage":"pt-PT","potentialAction":[{"@type":"ReadAction","target":["https:\/\/portaltela.pt\/noticias\/2026\/02\/18\/protecao-de-criancas-nas-redes-sociais-nao-vigilancia-de-todos-os-adultos\/"]}]},{"@type":"ImageObject","inLanguage":"pt-PT","@id":"https:\/\/portaltela.pt\/noticias\/2026\/02\/18\/protecao-de-criancas-nas-redes-sociais-nao-vigilancia-de-todos-os-adultos\/#primaryimage","url":"https:\/\/portaltela.pt\/s.01k8rhncp4jt1\/2026\/02\/2068098.jpg","contentUrl":"https:\/\/portaltela.pt\/s.01k8rhncp4jt1\/2026\/02\/2068098.jpg","width":796,"height":448,"caption":"Megafone P3"},{"@type":"BreadcrumbList","@id":"https:\/\/portaltela.pt\/noticias\/2026\/02\/18\/protecao-de-criancas-nas-redes-sociais-nao-vigilancia-de-todos-os-adultos\/#breadcrumb","itemListElement":[{"@type":"ListItem","position":1,"name":"In\u00edcio","item":"https:\/\/portaltela.pt\/"},{"@type":"ListItem","position":2,"name":"Prote\u00e7\u00e3o de crian\u00e7as nas redes sociais, n\u00e3o vigil\u00e2ncia de todos os adultos"}]},{"@type":"WebSite","@id":"https:\/\/portaltela.pt\/#website","url":"https:\/\/portaltela.pt\/","name":"Portal Tela Portugal","description":"","potentialAction":[{"@type":"SearchAction","target":{"@type":"EntryPoint","urlTemplate":"https:\/\/portaltela.pt\/?s={search_term_string}"},"query-input":{"@type":"PropertyValueSpecification","valueRequired":true,"valueName":"search_term_string"}}],"inLanguage":"pt-PT"},{"@type":"Person","@id":"https:\/\/portaltela.pt\/#\/schema\/person\/c4278d4a6028830caff9ee44b42d32ed","name":"Telinha","image":{"@type":"ImageObject","inLanguage":"pt-PT","@id":"https:\/\/portaltela.pt\/s.01k8rhncp4jt1\/2025\/11\/talking-bot-125x125.png","url":"https:\/\/portaltela.pt\/s.01k8rhncp4jt1\/2025\/11\/talking-bot-125x125.png","contentUrl":"https:\/\/portaltela.pt\/s.01k8rhncp4jt1\/2025\/11\/talking-bot-125x125.png","caption":"Telinha"},"sameAs":["https:\/\/portaltela.pt\/"],"url":"https:\/\/portaltela.pt\/por\/367410592786\/"}]}},"_links":{"self":[{"href":"https:\/\/portaltela.pt\/api\/wp\/v2\/posts\/216392","targetHints":{"allow":["GET"]}}],"collection":[{"href":"https:\/\/portaltela.pt\/api\/wp\/v2\/posts"}],"about":[{"href":"https:\/\/portaltela.pt\/api\/wp\/v2\/types\/post"}],"author":[{"embeddable":true,"href":"https:\/\/portaltela.pt\/api\/wp\/v2\/users\/2"}],"replies":[{"embeddable":true,"href":"https:\/\/portaltela.pt\/api\/wp\/v2\/comments?post=216392"}],"version-history":[{"count":0,"href":"https:\/\/portaltela.pt\/api\/wp\/v2\/posts\/216392\/revisions"}],"wp:featuredmedia":[{"embeddable":true,"href":"https:\/\/portaltela.pt\/api\/wp\/v2\/media\/216398"}],"wp:attachment":[{"href":"https:\/\/portaltela.pt\/api\/wp\/v2\/media?parent=216392"}],"wp:term":[{"taxonomy":"category","embeddable":true,"href":"https:\/\/portaltela.pt\/api\/wp\/v2\/categories?post=216392"},{"taxonomy":"post_tag","embeddable":true,"href":"https:\/\/portaltela.pt\/api\/wp\/v2\/tags?post=216392"}],"curies":[{"name":"wp","href":"https:\/\/api.w.org\/{rel}","templated":true}]}}