{"id":216351,"date":"2026-02-18T14:15:00","date_gmt":"2026-02-18T17:15:00","guid":{"rendered":"https:\/\/portaltela.pt\/noticias\/2026\/02\/18\/espolio-com-mais-de-seis-mil-itens-ficou-submerso-em-alcacer-do-sal\/"},"modified":"2026-02-18T14:15:00","modified_gmt":"2026-02-18T17:15:00","slug":"espolio-com-mais-de-seis-mil-itens-ficou-submerso-em-alcacer-do-sal","status":"publish","type":"post","link":"https:\/\/portaltela.pt\/noticias\/2026\/02\/18\/espolio-com-mais-de-seis-mil-itens-ficou-submerso-em-alcacer-do-sal\/","title":{"rendered":"Esp\u00f3lio com mais de seis mil itens ficou submerso em Alc\u00e1cer do Sal"},"content":{"rendered":"<p>Um esp\u00f3lio com mais de seis mil pe\u00e7as arqueol\u00f3gicas ficou submerso devido \u00e0s cheias que atingiram Alc\u00e1cer do Sal, no distrito de Set\u00fabal. As pe\u00e7as datam desde o Paleol\u00edtico e estavam no Museu Municipal Pedro Nunes e na Cripta Arqueol\u00f3gica do Castelo.<\/p>\n<p>Marisol Ferreira, coordenadora do setor de Arqueologia e Museus do munic\u00edpio, explicou \u00e0 Lusa que o museu ficou bastante afetado. A \u00e1gua atingiu 70 cent\u00edmetros dentro do edif\u00edcio, danificando reservas e \u00e1reas musealizadas.<\/p>\n<p>Al\u00e9m do conte\u00fado romano armazenado, as reservas da cripta arqueol\u00f3gica e do museu cont\u00eam uma mistura de pe\u00e7as diversas, entre \u00e2nforas, estatuetas, malacologia e objectos etnogr\u00e1ficos. O estado \u00e9 ainda alvo de avalia\u00e7\u00e3o.<\/p>\n<p>A equipa de Arqueologia e Museus, reduzida, iniciou a limpeza, restaura\u00e7\u00e3o e cataloga\u00e7\u00e3o das pe\u00e7as. O processo dever\u00e1 ser moroso e exigir divulga\u00e7\u00e3o de recursos humanos adicionais.<\/p>\n<p>As pe\u00e7as ser\u00e3o tratadas por especialistas conforme a natureza de cada item, com a possibilidade de refor\u00e7o de equipas para salvar o m\u00e1ximo poss\u00edvel. H\u00e1 a expectativa de preservar a maioria dos elementos guardados.<\/p>\n<p>Tratando-se de um volume ainda por contabilizar, a confirma\u00e7\u00e3o oficial sobre a extens\u00e3o dos estragos depende da retirada de todos os achados arqueol\u00f3gicos. A prioridade \u00e9 salvar o maior n\u00famero de pe\u00e7as.<\/p>\n<h3>Recupera\u00e7\u00e3o em curso<\/h3>\n<p>A C\u00e2mara Municipal de Alc\u00e1cer do Sal informou, via rede social, que a recupera\u00e7\u00e3o das reservas museol\u00f3gicas j\u00e1 come\u00e7ou. O objetivo \u00e9 resgatar os milhares de objetos e evitar a perda de informa\u00e7\u00f5es hist\u00f3ricas.<\/p>\n<p>O presidente da Associa\u00e7\u00e3o Portuguesa de Museologia (APOM), Jo\u00e3o Neto, visitou os espa\u00e7os afetados e disse que ir\u00e1 comunicar \u00e0 ministra da Cultura para acelerar a assist\u00eancia e salvaguardar o esp\u00f3lio local.<\/p>\n<p>O concelho foi fortemente atingido pelas nas cheias provocadas pela subida do rio Sado, que invadiu a Avenida dos Aviadores e zonas ribeirinhas, afetando com\u00e9rcio, habita\u00e7\u00e3o e restaura\u00e7\u00e3o.<\/p>\n","protected":false},"excerpt":{"rendered":"<ul>\n<li>Esp\u00f3lio com mais de seis mil pe\u00e7as arqueol\u00f3gicas, datadas desde o Paleol\u00edtico, ficou submerso devido \u00e0s cheias em Alc\u00e1cer do Sal.<\/li>\n<li>No Museu Municipal Pedro Nunes, a \u00e1gua chegou a 70 cent\u00edmetros, afetando reservas da cripta arqueol\u00f3gica e do museu, bem como um contentor romano.<\/li>\n<li>As pe\u00e7as incluem \u00e2nforas, est\u00e1tuas, pe\u00e7as de malacologia, itens etnogr\u00e1ficos e geol\u00f3gicos, entre outros.<\/li>\n<li>A equipa de Arqueologia e Museus est\u00e1 a limpar, restaurar e inventariar as pe\u00e7as; o processo \u00e9 moroso e pode exigir mais arque\u00f3logos.<\/li>\n<li>A APOM informou que vai transmitir a ministra da Cultura a situa\u00e7\u00e3o para acelerar a salvaguarda do esp\u00f3lio; o concelho tamb\u00e9m sofreu inunda\u00e7\u00f5es no eixo ribeirinho do rio Sado.<\/li>\n<\/ul>\n","protected":false},"author":2,"featured_media":216352,"comment_status":"closed","ping_status":"closed","sticky":false,"template":"","format":"standard","meta":{"footnotes":""},"categories":[1],"tags":[1090,1998,813,3701,299,3857],"class_list":["post-216351","post","type-post","status-publish","format-standard","has-post-thumbnail","hentry","category-noticias","tag-agua","tag-alcacer-do-sal","tag-arqueologia","tag-cheias","tag-historia","tag-sado"],"yoast_head":"<!-- This site is optimized with the Yoast SEO plugin v27.2 - https:\/\/yoast.com\/product\/yoast-seo-wordpress\/ -->\n<title>Esp\u00f3lio com mais de seis mil itens ficou submerso em Alc\u00e1cer do Sal - Portal Tela Portugal<\/title>\n<meta name=\"robots\" content=\"index, follow, max-snippet:-1, max-image-preview:large, max-video-preview:-1\" \/>\n<meta property=\"og:locale\" content=\"pt_PT\" \/>\n<meta property=\"og:type\" content=\"article\" \/>\n<meta property=\"og:title\" content=\"Esp\u00f3lio com mais de seis mil itens ficou submerso em Alc\u00e1cer do Sal - Portal Tela Portugal\" \/>\n<meta property=\"og:description\" content=\"Esp\u00f3lio com mais de seis mil pe\u00e7as arqueol\u00f3gicas, datadas desde o Paleol\u00edtico, ficou submerso devido \u00e0s cheias em Alc\u00e1cer do Sal. No Museu Municipal Pedro Nunes, a \u00e1gua chegou a 70 cent\u00edmetros, afetando reservas da cripta arqueol\u00f3gica e do museu, bem como um contentor romano. As pe\u00e7as incluem \u00e2nforas, est\u00e1tuas, pe\u00e7as de malacologia, itens etnogr\u00e1ficos e geol\u00f3gicos, entre outros. A equipa de Arqueologia e Museus est\u00e1 a limpar, restaurar e inventariar as pe\u00e7as; o processo \u00e9 moroso e pode exigir mais arque\u00f3logos. A APOM informou que vai transmitir a ministra da Cultura a situa\u00e7\u00e3o para acelerar a salvaguarda do esp\u00f3lio; o concelho tamb\u00e9m sofreu inunda\u00e7\u00f5es no eixo ribeirinho do rio Sado.\" \/>\n<meta property=\"og:url\" content=\"https:\/\/portaltela.pt\/noticias\/2026\/02\/18\/espolio-com-mais-de-seis-mil-itens-ficou-submerso-em-alcacer-do-sal\/\" \/>\n<meta property=\"og:site_name\" content=\"Portal Tela Portugal\" \/>\n<meta property=\"article:published_time\" content=\"2026-02-18T17:15:00+00:00\" \/>\n<meta name=\"author\" content=\"Telinha\" \/>\n<meta name=\"twitter:card\" content=\"summary_large_image\" \/>\n<meta name=\"twitter:label1\" content=\"Escrito por\" \/>\n\t<meta name=\"twitter:data1\" content=\"Telinha\" \/>\n\t<meta name=\"twitter:label2\" content=\"Tempo estimado de leitura\" \/>\n\t<meta name=\"twitter:data2\" content=\"2 minutos\" \/>\n<script type=\"application\/ld+json\" class=\"yoast-schema-graph\">{\"@context\":\"https:\/\/schema.org\",\"@graph\":[{\"@type\":\"Article\",\"@id\":\"https:\/\/portaltela.pt\/noticias\/2026\/02\/18\/espolio-com-mais-de-seis-mil-itens-ficou-submerso-em-alcacer-do-sal\/#article\",\"isPartOf\":{\"@id\":\"https:\/\/portaltela.pt\/noticias\/2026\/02\/18\/espolio-com-mais-de-seis-mil-itens-ficou-submerso-em-alcacer-do-sal\/\"},\"author\":{\"name\":\"Telinha\",\"@id\":\"https:\/\/portaltela.pt\/#\/schema\/person\/c4278d4a6028830caff9ee44b42d32ed\"},\"headline\":\"Esp\u00f3lio com mais de seis mil itens ficou submerso em Alc\u00e1cer do Sal\",\"datePublished\":\"2026-02-18T17:15:00+00:00\",\"mainEntityOfPage\":{\"@id\":\"https:\/\/portaltela.pt\/noticias\/2026\/02\/18\/espolio-com-mais-de-seis-mil-itens-ficou-submerso-em-alcacer-do-sal\/\"},\"wordCount\":355,\"image\":{\"@id\":\"https:\/\/portaltela.pt\/noticias\/2026\/02\/18\/espolio-com-mais-de-seis-mil-itens-ficou-submerso-em-alcacer-do-sal\/#primaryimage\"},\"thumbnailUrl\":\"https:\/\/portaltela.pt\/s.01k8rhncp4jt1\/2026\/02\/image-1346.jpg\",\"keywords\":[\"\u00e1gua\",\"Alc\u00e1cer do Sal\",\"arqueologia\",\"cheias\",\"hist\u00f3ria\",\"Sado\"],\"articleSection\":[\"Not\u00edcias\"],\"inLanguage\":\"pt-PT\"},{\"@type\":\"WebPage\",\"@id\":\"https:\/\/portaltela.pt\/noticias\/2026\/02\/18\/espolio-com-mais-de-seis-mil-itens-ficou-submerso-em-alcacer-do-sal\/\",\"url\":\"https:\/\/portaltela.pt\/noticias\/2026\/02\/18\/espolio-com-mais-de-seis-mil-itens-ficou-submerso-em-alcacer-do-sal\/\",\"name\":\"Esp\u00f3lio com mais de seis mil itens ficou submerso em Alc\u00e1cer do Sal - Portal Tela Portugal\",\"isPartOf\":{\"@id\":\"https:\/\/portaltela.pt\/#website\"},\"primaryImageOfPage\":{\"@id\":\"https:\/\/portaltela.pt\/noticias\/2026\/02\/18\/espolio-com-mais-de-seis-mil-itens-ficou-submerso-em-alcacer-do-sal\/#primaryimage\"},\"image\":{\"@id\":\"https:\/\/portaltela.pt\/noticias\/2026\/02\/18\/espolio-com-mais-de-seis-mil-itens-ficou-submerso-em-alcacer-do-sal\/#primaryimage\"},\"thumbnailUrl\":\"https:\/\/portaltela.pt\/s.01k8rhncp4jt1\/2026\/02\/image-1346.jpg\",\"datePublished\":\"2026-02-18T17:15:00+00:00\",\"author\":{\"@id\":\"https:\/\/portaltela.pt\/#\/schema\/person\/c4278d4a6028830caff9ee44b42d32ed\"},\"breadcrumb\":{\"@id\":\"https:\/\/portaltela.pt\/noticias\/2026\/02\/18\/espolio-com-mais-de-seis-mil-itens-ficou-submerso-em-alcacer-do-sal\/#breadcrumb\"},\"inLanguage\":\"pt-PT\",\"potentialAction\":[{\"@type\":\"ReadAction\",\"target\":[\"https:\/\/portaltela.pt\/noticias\/2026\/02\/18\/espolio-com-mais-de-seis-mil-itens-ficou-submerso-em-alcacer-do-sal\/\"]}]},{\"@type\":\"ImageObject\",\"inLanguage\":\"pt-PT\",\"@id\":\"https:\/\/portaltela.pt\/noticias\/2026\/02\/18\/espolio-com-mais-de-seis-mil-itens-ficou-submerso-em-alcacer-do-sal\/#primaryimage\",\"url\":\"https:\/\/portaltela.pt\/s.01k8rhncp4jt1\/2026\/02\/image-1346.jpg\",\"contentUrl\":\"https:\/\/portaltela.pt\/s.01k8rhncp4jt1\/2026\/02\/image-1346.jpg\",\"width\":796,\"height\":448,\"caption\":\"Esp\u00f3lio com mais de seis mil pe\u00e7as arqueol\u00f3gicas ficou submerso devido \u00e0s cheias em Alc\u00e1cer do Sal\"},{\"@type\":\"BreadcrumbList\",\"@id\":\"https:\/\/portaltela.pt\/noticias\/2026\/02\/18\/espolio-com-mais-de-seis-mil-itens-ficou-submerso-em-alcacer-do-sal\/#breadcrumb\",\"itemListElement\":[{\"@type\":\"ListItem\",\"position\":1,\"name\":\"In\u00edcio\",\"item\":\"https:\/\/portaltela.pt\/\"},{\"@type\":\"ListItem\",\"position\":2,\"name\":\"Esp\u00f3lio com mais de seis mil itens ficou submerso em Alc\u00e1cer do Sal\"}]},{\"@type\":\"WebSite\",\"@id\":\"https:\/\/portaltela.pt\/#website\",\"url\":\"https:\/\/portaltela.pt\/\",\"name\":\"Portal Tela Portugal\",\"description\":\"\",\"potentialAction\":[{\"@type\":\"SearchAction\",\"target\":{\"@type\":\"EntryPoint\",\"urlTemplate\":\"https:\/\/portaltela.pt\/?s={search_term_string}\"},\"query-input\":{\"@type\":\"PropertyValueSpecification\",\"valueRequired\":true,\"valueName\":\"search_term_string\"}}],\"inLanguage\":\"pt-PT\"},{\"@type\":\"Person\",\"@id\":\"https:\/\/portaltela.pt\/#\/schema\/person\/c4278d4a6028830caff9ee44b42d32ed\",\"name\":\"Telinha\",\"image\":{\"@type\":\"ImageObject\",\"inLanguage\":\"pt-PT\",\"@id\":\"https:\/\/portaltela.pt\/s.01k8rhncp4jt1\/2025\/11\/talking-bot-125x125.png\",\"url\":\"https:\/\/portaltela.pt\/s.01k8rhncp4jt1\/2025\/11\/talking-bot-125x125.png\",\"contentUrl\":\"https:\/\/portaltela.pt\/s.01k8rhncp4jt1\/2025\/11\/talking-bot-125x125.png\",\"caption\":\"Telinha\"},\"sameAs\":[\"https:\/\/portaltela.pt\/\"],\"url\":\"https:\/\/portaltela.pt\/por\/367410592786\/\"}]}<\/script>\n<!-- \/ Yoast SEO plugin. -->","yoast_head_json":{"title":"Esp\u00f3lio com mais de seis mil itens ficou submerso em Alc\u00e1cer do Sal - Portal Tela Portugal","robots":{"index":"index","follow":"follow","max-snippet":"max-snippet:-1","max-image-preview":"max-image-preview:large","max-video-preview":"max-video-preview:-1"},"og_locale":"pt_PT","og_type":"article","og_title":"Esp\u00f3lio com mais de seis mil itens ficou submerso em Alc\u00e1cer do Sal - Portal Tela Portugal","og_description":"Esp\u00f3lio com mais de seis mil pe\u00e7as arqueol\u00f3gicas, datadas desde o Paleol\u00edtico, ficou submerso devido \u00e0s cheias em Alc\u00e1cer do Sal. No Museu Municipal Pedro Nunes, a \u00e1gua chegou a 70 cent\u00edmetros, afetando reservas da cripta arqueol\u00f3gica e do museu, bem como um contentor romano. As pe\u00e7as incluem \u00e2nforas, est\u00e1tuas, pe\u00e7as de malacologia, itens etnogr\u00e1ficos e geol\u00f3gicos, entre outros. A equipa de Arqueologia e Museus est\u00e1 a limpar, restaurar e inventariar as pe\u00e7as; o processo \u00e9 moroso e pode exigir mais arque\u00f3logos. A APOM informou que vai transmitir a ministra da Cultura a situa\u00e7\u00e3o para acelerar a salvaguarda do esp\u00f3lio; o concelho tamb\u00e9m sofreu inunda\u00e7\u00f5es no eixo ribeirinho do rio Sado.","og_url":"https:\/\/portaltela.pt\/noticias\/2026\/02\/18\/espolio-com-mais-de-seis-mil-itens-ficou-submerso-em-alcacer-do-sal\/","og_site_name":"Portal Tela Portugal","article_published_time":"2026-02-18T17:15:00+00:00","author":"Telinha","twitter_card":"summary_large_image","twitter_misc":{"Escrito por":"Telinha","Tempo estimado de leitura":"2 minutos"},"schema":{"@context":"https:\/\/schema.org","@graph":[{"@type":"Article","@id":"https:\/\/portaltela.pt\/noticias\/2026\/02\/18\/espolio-com-mais-de-seis-mil-itens-ficou-submerso-em-alcacer-do-sal\/#article","isPartOf":{"@id":"https:\/\/portaltela.pt\/noticias\/2026\/02\/18\/espolio-com-mais-de-seis-mil-itens-ficou-submerso-em-alcacer-do-sal\/"},"author":{"name":"Telinha","@id":"https:\/\/portaltela.pt\/#\/schema\/person\/c4278d4a6028830caff9ee44b42d32ed"},"headline":"Esp\u00f3lio com mais de seis mil itens ficou submerso em Alc\u00e1cer do Sal","datePublished":"2026-02-18T17:15:00+00:00","mainEntityOfPage":{"@id":"https:\/\/portaltela.pt\/noticias\/2026\/02\/18\/espolio-com-mais-de-seis-mil-itens-ficou-submerso-em-alcacer-do-sal\/"},"wordCount":355,"image":{"@id":"https:\/\/portaltela.pt\/noticias\/2026\/02\/18\/espolio-com-mais-de-seis-mil-itens-ficou-submerso-em-alcacer-do-sal\/#primaryimage"},"thumbnailUrl":"https:\/\/portaltela.pt\/s.01k8rhncp4jt1\/2026\/02\/image-1346.jpg","keywords":["\u00e1gua","Alc\u00e1cer do Sal","arqueologia","cheias","hist\u00f3ria","Sado"],"articleSection":["Not\u00edcias"],"inLanguage":"pt-PT"},{"@type":"WebPage","@id":"https:\/\/portaltela.pt\/noticias\/2026\/02\/18\/espolio-com-mais-de-seis-mil-itens-ficou-submerso-em-alcacer-do-sal\/","url":"https:\/\/portaltela.pt\/noticias\/2026\/02\/18\/espolio-com-mais-de-seis-mil-itens-ficou-submerso-em-alcacer-do-sal\/","name":"Esp\u00f3lio com mais de seis mil itens ficou submerso em Alc\u00e1cer do Sal - Portal Tela Portugal","isPartOf":{"@id":"https:\/\/portaltela.pt\/#website"},"primaryImageOfPage":{"@id":"https:\/\/portaltela.pt\/noticias\/2026\/02\/18\/espolio-com-mais-de-seis-mil-itens-ficou-submerso-em-alcacer-do-sal\/#primaryimage"},"image":{"@id":"https:\/\/portaltela.pt\/noticias\/2026\/02\/18\/espolio-com-mais-de-seis-mil-itens-ficou-submerso-em-alcacer-do-sal\/#primaryimage"},"thumbnailUrl":"https:\/\/portaltela.pt\/s.01k8rhncp4jt1\/2026\/02\/image-1346.jpg","datePublished":"2026-02-18T17:15:00+00:00","author":{"@id":"https:\/\/portaltela.pt\/#\/schema\/person\/c4278d4a6028830caff9ee44b42d32ed"},"breadcrumb":{"@id":"https:\/\/portaltela.pt\/noticias\/2026\/02\/18\/espolio-com-mais-de-seis-mil-itens-ficou-submerso-em-alcacer-do-sal\/#breadcrumb"},"inLanguage":"pt-PT","potentialAction":[{"@type":"ReadAction","target":["https:\/\/portaltela.pt\/noticias\/2026\/02\/18\/espolio-com-mais-de-seis-mil-itens-ficou-submerso-em-alcacer-do-sal\/"]}]},{"@type":"ImageObject","inLanguage":"pt-PT","@id":"https:\/\/portaltela.pt\/noticias\/2026\/02\/18\/espolio-com-mais-de-seis-mil-itens-ficou-submerso-em-alcacer-do-sal\/#primaryimage","url":"https:\/\/portaltela.pt\/s.01k8rhncp4jt1\/2026\/02\/image-1346.jpg","contentUrl":"https:\/\/portaltela.pt\/s.01k8rhncp4jt1\/2026\/02\/image-1346.jpg","width":796,"height":448,"caption":"Esp\u00f3lio com mais de seis mil pe\u00e7as arqueol\u00f3gicas ficou submerso devido \u00e0s cheias em Alc\u00e1cer do Sal"},{"@type":"BreadcrumbList","@id":"https:\/\/portaltela.pt\/noticias\/2026\/02\/18\/espolio-com-mais-de-seis-mil-itens-ficou-submerso-em-alcacer-do-sal\/#breadcrumb","itemListElement":[{"@type":"ListItem","position":1,"name":"In\u00edcio","item":"https:\/\/portaltela.pt\/"},{"@type":"ListItem","position":2,"name":"Esp\u00f3lio com mais de seis mil itens ficou submerso em Alc\u00e1cer do Sal"}]},{"@type":"WebSite","@id":"https:\/\/portaltela.pt\/#website","url":"https:\/\/portaltela.pt\/","name":"Portal Tela Portugal","description":"","potentialAction":[{"@type":"SearchAction","target":{"@type":"EntryPoint","urlTemplate":"https:\/\/portaltela.pt\/?s={search_term_string}"},"query-input":{"@type":"PropertyValueSpecification","valueRequired":true,"valueName":"search_term_string"}}],"inLanguage":"pt-PT"},{"@type":"Person","@id":"https:\/\/portaltela.pt\/#\/schema\/person\/c4278d4a6028830caff9ee44b42d32ed","name":"Telinha","image":{"@type":"ImageObject","inLanguage":"pt-PT","@id":"https:\/\/portaltela.pt\/s.01k8rhncp4jt1\/2025\/11\/talking-bot-125x125.png","url":"https:\/\/portaltela.pt\/s.01k8rhncp4jt1\/2025\/11\/talking-bot-125x125.png","contentUrl":"https:\/\/portaltela.pt\/s.01k8rhncp4jt1\/2025\/11\/talking-bot-125x125.png","caption":"Telinha"},"sameAs":["https:\/\/portaltela.pt\/"],"url":"https:\/\/portaltela.pt\/por\/367410592786\/"}]}},"_links":{"self":[{"href":"https:\/\/portaltela.pt\/api\/wp\/v2\/posts\/216351","targetHints":{"allow":["GET"]}}],"collection":[{"href":"https:\/\/portaltela.pt\/api\/wp\/v2\/posts"}],"about":[{"href":"https:\/\/portaltela.pt\/api\/wp\/v2\/types\/post"}],"author":[{"embeddable":true,"href":"https:\/\/portaltela.pt\/api\/wp\/v2\/users\/2"}],"replies":[{"embeddable":true,"href":"https:\/\/portaltela.pt\/api\/wp\/v2\/comments?post=216351"}],"version-history":[{"count":0,"href":"https:\/\/portaltela.pt\/api\/wp\/v2\/posts\/216351\/revisions"}],"wp:featuredmedia":[{"embeddable":true,"href":"https:\/\/portaltela.pt\/api\/wp\/v2\/media\/216352"}],"wp:attachment":[{"href":"https:\/\/portaltela.pt\/api\/wp\/v2\/media?parent=216351"}],"wp:term":[{"taxonomy":"category","embeddable":true,"href":"https:\/\/portaltela.pt\/api\/wp\/v2\/categories?post=216351"},{"taxonomy":"post_tag","embeddable":true,"href":"https:\/\/portaltela.pt\/api\/wp\/v2\/tags?post=216351"}],"curies":[{"name":"wp","href":"https:\/\/api.w.org\/{rel}","templated":true}]}}