{"id":216325,"date":"2026-02-18T14:33:30","date_gmt":"2026-02-18T17:33:30","guid":{"rendered":"https:\/\/portaltela.pt\/noticias\/2026\/02\/18\/daniel-nascimento-diz-que-relacao-monteiro-goncalves-nao-e-recente\/"},"modified":"2026-02-18T14:33:30","modified_gmt":"2026-02-18T17:33:30","slug":"daniel-nascimento-diz-que-relacao-monteiro-goncalves-nao-e-recente","status":"publish","type":"post","link":"https:\/\/portaltela.pt\/noticias\/2026\/02\/18\/daniel-nascimento-diz-que-relacao-monteiro-goncalves-nao-e-recente\/","title":{"rendered":"Daniel Nascimento diz que rela\u00e7\u00e3o Monteiro-Gon\u00e7alves n\u00e3o \u00e9 recente"},"content":{"rendered":"<p>O comentador Daniel Nascimento afirmou que a rela\u00e7\u00e3o entre Mariana Monteiro e Bruno Gon\u00e7alves n\u00e3o \u00e9 recente. A declara\u00e7\u00e3o surge ap\u00f3s rumores sobre o estado atual do relacionamento do casal.<\/p>\n<p>Segundo Nascimento, os dois j\u00e1 foram vistos juntos em dezembro, o que indica um envolvimento anterior ao per\u00edodo mais recente de controv\u00e9rsia sobre a vida pessoal dos atores.<\/p>\n<h3>Afirma\u00e7\u00e3o de comentador sobre o relacionamento<\/h3>\n<p>O relato do comentador da Tarde das Estrelas acrescenta uma refer\u00eancia temporal ao v\u00ednculo entre as duas figuras p\u00fablicas. A informa\u00e7\u00e3o est\u00e1 a ganhar relev\u00e2ncia nas discuss\u00f5es sobre a vida pessoal dos envolvidos.<\/p>\n<p>Segundo fontes pr\u00f3ximas, n\u00e3o houve confirma\u00e7\u00e3o oficial por parte dos representantes de Mariana Monteiro ou Bruno Gon\u00e7alves. O tema permanece sem comunicado formal at\u00e9 ao momento.<\/p>\n","protected":false},"excerpt":{"rendered":"<ul>\n<li>Daniel Nascimento afirma que a rela\u00e7\u00e3o entre Mariana Monteiro e Bruno Gon\u00e7alves n\u00e3o \u00e9 recente.<\/li>\n<li>O comentarista da programa &#8220;Tarde das Estrelas&#8221; sustenta que o casal j\u00e1 foi visto junto em dezembro.<\/li>\n<li>A informa\u00e7\u00e3o envolve dois nomes do mundo das celebridades portugueses.<\/li>\n<li>A divulga\u00e7\u00e3o vincula declara\u00e7\u00f5es p\u00fablicas a uma suposta coincid\u00eancia de encontros no m\u00eas de dezembro.<\/li>\n<\/ul>\n","protected":false},"author":2,"featured_media":216326,"comment_status":"closed","ping_status":"closed","sticky":false,"template":"","format":"standard","meta":{"footnotes":""},"categories":[12,1],"tags":[5494,76,506,5661,1196],"class_list":["post-216325","post","type-post","status-publish","format-standard","has-post-thumbnail","hentry","category-entretenimento","category-noticias","tag-casais","tag-celebridades","tag-imprensa","tag-pessoas-publicas","tag-vida-privada"],"yoast_head":"<!-- This site is optimized with the Yoast SEO plugin v27.2 - https:\/\/yoast.com\/product\/yoast-seo-wordpress\/ -->\n<title>Daniel Nascimento diz que rela\u00e7\u00e3o Monteiro-Gon\u00e7alves n\u00e3o \u00e9 recente - Portal Tela Portugal<\/title>\n<meta name=\"robots\" content=\"index, follow, max-snippet:-1, max-image-preview:large, max-video-preview:-1\" \/>\n<meta property=\"og:locale\" content=\"pt_PT\" \/>\n<meta property=\"og:type\" content=\"article\" \/>\n<meta property=\"og:title\" content=\"Daniel Nascimento diz que rela\u00e7\u00e3o Monteiro-Gon\u00e7alves n\u00e3o \u00e9 recente - Portal Tela Portugal\" \/>\n<meta property=\"og:description\" content=\"Daniel Nascimento afirma que a rela\u00e7\u00e3o entre Mariana Monteiro e Bruno Gon\u00e7alves n\u00e3o \u00e9 recente. O comentarista da programa &quot;Tarde das Estrelas&quot; sustenta que o casal j\u00e1 foi visto junto em dezembro. A informa\u00e7\u00e3o envolve dois nomes do mundo das celebridades portugueses. A divulga\u00e7\u00e3o vincula declara\u00e7\u00f5es p\u00fablicas a uma suposta coincid\u00eancia de encontros no m\u00eas de dezembro.\" \/>\n<meta property=\"og:url\" content=\"https:\/\/portaltela.pt\/noticias\/2026\/02\/18\/daniel-nascimento-diz-que-relacao-monteiro-goncalves-nao-e-recente\/\" \/>\n<meta property=\"og:site_name\" content=\"Portal Tela Portugal\" \/>\n<meta property=\"article:published_time\" content=\"2026-02-18T17:33:30+00:00\" \/>\n<meta name=\"author\" content=\"Telinha\" \/>\n<meta name=\"twitter:card\" content=\"summary_large_image\" \/>\n<meta name=\"twitter:label1\" content=\"Escrito por\" \/>\n\t<meta name=\"twitter:data1\" content=\"Telinha\" \/>\n\t<meta name=\"twitter:label2\" content=\"Tempo estimado de leitura\" \/>\n\t<meta name=\"twitter:data2\" content=\"1 minuto\" \/>\n<script type=\"application\/ld+json\" class=\"yoast-schema-graph\">{\"@context\":\"https:\/\/schema.org\",\"@graph\":[{\"@type\":\"Article\",\"@id\":\"https:\/\/portaltela.pt\/noticias\/2026\/02\/18\/daniel-nascimento-diz-que-relacao-monteiro-goncalves-nao-e-recente\/#article\",\"isPartOf\":{\"@id\":\"https:\/\/portaltela.pt\/noticias\/2026\/02\/18\/daniel-nascimento-diz-que-relacao-monteiro-goncalves-nao-e-recente\/\"},\"author\":{\"name\":\"Telinha\",\"@id\":\"https:\/\/portaltela.pt\/#\/schema\/person\/c4278d4a6028830caff9ee44b42d32ed\"},\"headline\":\"Daniel Nascimento diz que rela\u00e7\u00e3o Monteiro-Gon\u00e7alves n\u00e3o \u00e9 recente\",\"datePublished\":\"2026-02-18T17:33:30+00:00\",\"mainEntityOfPage\":{\"@id\":\"https:\/\/portaltela.pt\/noticias\/2026\/02\/18\/daniel-nascimento-diz-que-relacao-monteiro-goncalves-nao-e-recente\/\"},\"wordCount\":151,\"image\":{\"@id\":\"https:\/\/portaltela.pt\/noticias\/2026\/02\/18\/daniel-nascimento-diz-que-relacao-monteiro-goncalves-nao-e-recente\/#primaryimage\"},\"thumbnailUrl\":\"https:\/\/portaltela.pt\/s.01k8rhncp4jt1\/2026\/02\/img_1280x722uu2026-02-18-17-32-00-2267573.jpg\",\"keywords\":[\"casais\",\"celebridades\",\"imprensa\",\"pessoas p\u00fablicas\",\"Vida Privada\"],\"articleSection\":[\"Entretenimento\",\"Not\u00edcias\"],\"inLanguage\":\"pt-PT\"},{\"@type\":\"WebPage\",\"@id\":\"https:\/\/portaltela.pt\/noticias\/2026\/02\/18\/daniel-nascimento-diz-que-relacao-monteiro-goncalves-nao-e-recente\/\",\"url\":\"https:\/\/portaltela.pt\/noticias\/2026\/02\/18\/daniel-nascimento-diz-que-relacao-monteiro-goncalves-nao-e-recente\/\",\"name\":\"Daniel Nascimento diz que rela\u00e7\u00e3o Monteiro-Gon\u00e7alves n\u00e3o \u00e9 recente - Portal Tela Portugal\",\"isPartOf\":{\"@id\":\"https:\/\/portaltela.pt\/#website\"},\"primaryImageOfPage\":{\"@id\":\"https:\/\/portaltela.pt\/noticias\/2026\/02\/18\/daniel-nascimento-diz-que-relacao-monteiro-goncalves-nao-e-recente\/#primaryimage\"},\"image\":{\"@id\":\"https:\/\/portaltela.pt\/noticias\/2026\/02\/18\/daniel-nascimento-diz-que-relacao-monteiro-goncalves-nao-e-recente\/#primaryimage\"},\"thumbnailUrl\":\"https:\/\/portaltela.pt\/s.01k8rhncp4jt1\/2026\/02\/img_1280x722uu2026-02-18-17-32-00-2267573.jpg\",\"datePublished\":\"2026-02-18T17:33:30+00:00\",\"author\":{\"@id\":\"https:\/\/portaltela.pt\/#\/schema\/person\/c4278d4a6028830caff9ee44b42d32ed\"},\"breadcrumb\":{\"@id\":\"https:\/\/portaltela.pt\/noticias\/2026\/02\/18\/daniel-nascimento-diz-que-relacao-monteiro-goncalves-nao-e-recente\/#breadcrumb\"},\"inLanguage\":\"pt-PT\",\"potentialAction\":[{\"@type\":\"ReadAction\",\"target\":[\"https:\/\/portaltela.pt\/noticias\/2026\/02\/18\/daniel-nascimento-diz-que-relacao-monteiro-goncalves-nao-e-recente\/\"]}]},{\"@type\":\"ImageObject\",\"inLanguage\":\"pt-PT\",\"@id\":\"https:\/\/portaltela.pt\/noticias\/2026\/02\/18\/daniel-nascimento-diz-que-relacao-monteiro-goncalves-nao-e-recente\/#primaryimage\",\"url\":\"https:\/\/portaltela.pt\/s.01k8rhncp4jt1\/2026\/02\/img_1280x722uu2026-02-18-17-32-00-2267573.jpg\",\"contentUrl\":\"https:\/\/portaltela.pt\/s.01k8rhncp4jt1\/2026\/02\/img_1280x722uu2026-02-18-17-32-00-2267573.jpg\",\"width\":796,\"height\":448,\"caption\":\"Photo\"},{\"@type\":\"BreadcrumbList\",\"@id\":\"https:\/\/portaltela.pt\/noticias\/2026\/02\/18\/daniel-nascimento-diz-que-relacao-monteiro-goncalves-nao-e-recente\/#breadcrumb\",\"itemListElement\":[{\"@type\":\"ListItem\",\"position\":1,\"name\":\"In\u00edcio\",\"item\":\"https:\/\/portaltela.pt\/\"},{\"@type\":\"ListItem\",\"position\":2,\"name\":\"Daniel Nascimento diz que rela\u00e7\u00e3o Monteiro-Gon\u00e7alves n\u00e3o \u00e9 recente\"}]},{\"@type\":\"WebSite\",\"@id\":\"https:\/\/portaltela.pt\/#website\",\"url\":\"https:\/\/portaltela.pt\/\",\"name\":\"Portal Tela Portugal\",\"description\":\"\",\"potentialAction\":[{\"@type\":\"SearchAction\",\"target\":{\"@type\":\"EntryPoint\",\"urlTemplate\":\"https:\/\/portaltela.pt\/?s={search_term_string}\"},\"query-input\":{\"@type\":\"PropertyValueSpecification\",\"valueRequired\":true,\"valueName\":\"search_term_string\"}}],\"inLanguage\":\"pt-PT\"},{\"@type\":\"Person\",\"@id\":\"https:\/\/portaltela.pt\/#\/schema\/person\/c4278d4a6028830caff9ee44b42d32ed\",\"name\":\"Telinha\",\"image\":{\"@type\":\"ImageObject\",\"inLanguage\":\"pt-PT\",\"@id\":\"https:\/\/portaltela.pt\/s.01k8rhncp4jt1\/2025\/11\/talking-bot-125x125.png\",\"url\":\"https:\/\/portaltela.pt\/s.01k8rhncp4jt1\/2025\/11\/talking-bot-125x125.png\",\"contentUrl\":\"https:\/\/portaltela.pt\/s.01k8rhncp4jt1\/2025\/11\/talking-bot-125x125.png\",\"caption\":\"Telinha\"},\"sameAs\":[\"https:\/\/portaltela.pt\/\"],\"url\":\"https:\/\/portaltela.pt\/por\/367410592786\/\"}]}<\/script>\n<!-- \/ Yoast SEO plugin. -->","yoast_head_json":{"title":"Daniel Nascimento diz que rela\u00e7\u00e3o Monteiro-Gon\u00e7alves n\u00e3o \u00e9 recente - Portal Tela Portugal","robots":{"index":"index","follow":"follow","max-snippet":"max-snippet:-1","max-image-preview":"max-image-preview:large","max-video-preview":"max-video-preview:-1"},"og_locale":"pt_PT","og_type":"article","og_title":"Daniel Nascimento diz que rela\u00e7\u00e3o Monteiro-Gon\u00e7alves n\u00e3o \u00e9 recente - Portal Tela Portugal","og_description":"Daniel Nascimento afirma que a rela\u00e7\u00e3o entre Mariana Monteiro e Bruno Gon\u00e7alves n\u00e3o \u00e9 recente. O comentarista da programa \"Tarde das Estrelas\" sustenta que o casal j\u00e1 foi visto junto em dezembro. A informa\u00e7\u00e3o envolve dois nomes do mundo das celebridades portugueses. A divulga\u00e7\u00e3o vincula declara\u00e7\u00f5es p\u00fablicas a uma suposta coincid\u00eancia de encontros no m\u00eas de dezembro.","og_url":"https:\/\/portaltela.pt\/noticias\/2026\/02\/18\/daniel-nascimento-diz-que-relacao-monteiro-goncalves-nao-e-recente\/","og_site_name":"Portal Tela Portugal","article_published_time":"2026-02-18T17:33:30+00:00","author":"Telinha","twitter_card":"summary_large_image","twitter_misc":{"Escrito por":"Telinha","Tempo estimado de leitura":"1 minuto"},"schema":{"@context":"https:\/\/schema.org","@graph":[{"@type":"Article","@id":"https:\/\/portaltela.pt\/noticias\/2026\/02\/18\/daniel-nascimento-diz-que-relacao-monteiro-goncalves-nao-e-recente\/#article","isPartOf":{"@id":"https:\/\/portaltela.pt\/noticias\/2026\/02\/18\/daniel-nascimento-diz-que-relacao-monteiro-goncalves-nao-e-recente\/"},"author":{"name":"Telinha","@id":"https:\/\/portaltela.pt\/#\/schema\/person\/c4278d4a6028830caff9ee44b42d32ed"},"headline":"Daniel Nascimento diz que rela\u00e7\u00e3o Monteiro-Gon\u00e7alves n\u00e3o \u00e9 recente","datePublished":"2026-02-18T17:33:30+00:00","mainEntityOfPage":{"@id":"https:\/\/portaltela.pt\/noticias\/2026\/02\/18\/daniel-nascimento-diz-que-relacao-monteiro-goncalves-nao-e-recente\/"},"wordCount":151,"image":{"@id":"https:\/\/portaltela.pt\/noticias\/2026\/02\/18\/daniel-nascimento-diz-que-relacao-monteiro-goncalves-nao-e-recente\/#primaryimage"},"thumbnailUrl":"https:\/\/portaltela.pt\/s.01k8rhncp4jt1\/2026\/02\/img_1280x722uu2026-02-18-17-32-00-2267573.jpg","keywords":["casais","celebridades","imprensa","pessoas p\u00fablicas","Vida Privada"],"articleSection":["Entretenimento","Not\u00edcias"],"inLanguage":"pt-PT"},{"@type":"WebPage","@id":"https:\/\/portaltela.pt\/noticias\/2026\/02\/18\/daniel-nascimento-diz-que-relacao-monteiro-goncalves-nao-e-recente\/","url":"https:\/\/portaltela.pt\/noticias\/2026\/02\/18\/daniel-nascimento-diz-que-relacao-monteiro-goncalves-nao-e-recente\/","name":"Daniel Nascimento diz que rela\u00e7\u00e3o Monteiro-Gon\u00e7alves n\u00e3o \u00e9 recente - Portal Tela Portugal","isPartOf":{"@id":"https:\/\/portaltela.pt\/#website"},"primaryImageOfPage":{"@id":"https:\/\/portaltela.pt\/noticias\/2026\/02\/18\/daniel-nascimento-diz-que-relacao-monteiro-goncalves-nao-e-recente\/#primaryimage"},"image":{"@id":"https:\/\/portaltela.pt\/noticias\/2026\/02\/18\/daniel-nascimento-diz-que-relacao-monteiro-goncalves-nao-e-recente\/#primaryimage"},"thumbnailUrl":"https:\/\/portaltela.pt\/s.01k8rhncp4jt1\/2026\/02\/img_1280x722uu2026-02-18-17-32-00-2267573.jpg","datePublished":"2026-02-18T17:33:30+00:00","author":{"@id":"https:\/\/portaltela.pt\/#\/schema\/person\/c4278d4a6028830caff9ee44b42d32ed"},"breadcrumb":{"@id":"https:\/\/portaltela.pt\/noticias\/2026\/02\/18\/daniel-nascimento-diz-que-relacao-monteiro-goncalves-nao-e-recente\/#breadcrumb"},"inLanguage":"pt-PT","potentialAction":[{"@type":"ReadAction","target":["https:\/\/portaltela.pt\/noticias\/2026\/02\/18\/daniel-nascimento-diz-que-relacao-monteiro-goncalves-nao-e-recente\/"]}]},{"@type":"ImageObject","inLanguage":"pt-PT","@id":"https:\/\/portaltela.pt\/noticias\/2026\/02\/18\/daniel-nascimento-diz-que-relacao-monteiro-goncalves-nao-e-recente\/#primaryimage","url":"https:\/\/portaltela.pt\/s.01k8rhncp4jt1\/2026\/02\/img_1280x722uu2026-02-18-17-32-00-2267573.jpg","contentUrl":"https:\/\/portaltela.pt\/s.01k8rhncp4jt1\/2026\/02\/img_1280x722uu2026-02-18-17-32-00-2267573.jpg","width":796,"height":448,"caption":"Photo"},{"@type":"BreadcrumbList","@id":"https:\/\/portaltela.pt\/noticias\/2026\/02\/18\/daniel-nascimento-diz-que-relacao-monteiro-goncalves-nao-e-recente\/#breadcrumb","itemListElement":[{"@type":"ListItem","position":1,"name":"In\u00edcio","item":"https:\/\/portaltela.pt\/"},{"@type":"ListItem","position":2,"name":"Daniel Nascimento diz que rela\u00e7\u00e3o Monteiro-Gon\u00e7alves n\u00e3o \u00e9 recente"}]},{"@type":"WebSite","@id":"https:\/\/portaltela.pt\/#website","url":"https:\/\/portaltela.pt\/","name":"Portal Tela Portugal","description":"","potentialAction":[{"@type":"SearchAction","target":{"@type":"EntryPoint","urlTemplate":"https:\/\/portaltela.pt\/?s={search_term_string}"},"query-input":{"@type":"PropertyValueSpecification","valueRequired":true,"valueName":"search_term_string"}}],"inLanguage":"pt-PT"},{"@type":"Person","@id":"https:\/\/portaltela.pt\/#\/schema\/person\/c4278d4a6028830caff9ee44b42d32ed","name":"Telinha","image":{"@type":"ImageObject","inLanguage":"pt-PT","@id":"https:\/\/portaltela.pt\/s.01k8rhncp4jt1\/2025\/11\/talking-bot-125x125.png","url":"https:\/\/portaltela.pt\/s.01k8rhncp4jt1\/2025\/11\/talking-bot-125x125.png","contentUrl":"https:\/\/portaltela.pt\/s.01k8rhncp4jt1\/2025\/11\/talking-bot-125x125.png","caption":"Telinha"},"sameAs":["https:\/\/portaltela.pt\/"],"url":"https:\/\/portaltela.pt\/por\/367410592786\/"}]}},"_links":{"self":[{"href":"https:\/\/portaltela.pt\/api\/wp\/v2\/posts\/216325","targetHints":{"allow":["GET"]}}],"collection":[{"href":"https:\/\/portaltela.pt\/api\/wp\/v2\/posts"}],"about":[{"href":"https:\/\/portaltela.pt\/api\/wp\/v2\/types\/post"}],"author":[{"embeddable":true,"href":"https:\/\/portaltela.pt\/api\/wp\/v2\/users\/2"}],"replies":[{"embeddable":true,"href":"https:\/\/portaltela.pt\/api\/wp\/v2\/comments?post=216325"}],"version-history":[{"count":0,"href":"https:\/\/portaltela.pt\/api\/wp\/v2\/posts\/216325\/revisions"}],"wp:featuredmedia":[{"embeddable":true,"href":"https:\/\/portaltela.pt\/api\/wp\/v2\/media\/216326"}],"wp:attachment":[{"href":"https:\/\/portaltela.pt\/api\/wp\/v2\/media?parent=216325"}],"wp:term":[{"taxonomy":"category","embeddable":true,"href":"https:\/\/portaltela.pt\/api\/wp\/v2\/categories?post=216325"},{"taxonomy":"post_tag","embeddable":true,"href":"https:\/\/portaltela.pt\/api\/wp\/v2\/tags?post=216325"}],"curies":[{"name":"wp","href":"https:\/\/api.w.org\/{rel}","templated":true}]}}