{"id":216321,"date":"2026-02-18T14:35:00","date_gmt":"2026-02-18T17:35:00","guid":{"rendered":"https:\/\/portaltela.pt\/noticias\/2026\/02\/18\/prejuizos-das-tempestades-ultrapassam-500-milhoes-de-euros\/"},"modified":"2026-02-18T14:35:00","modified_gmt":"2026-02-18T17:35:00","slug":"prejuizos-das-tempestades-ultrapassam-500-milhoes-de-euros","status":"publish","type":"post","link":"https:\/\/portaltela.pt\/noticias\/2026\/02\/18\/prejuizos-das-tempestades-ultrapassam-500-milhoes-de-euros\/","title":{"rendered":"Preju\u00edzos das tempestades ultrapassam 500 milh\u00f5es de euros"},"content":{"rendered":"<p>Os preju\u00edzos cobertos por seguros relacionados com o recente conjunto de tempestades em Portugal devem superar os 500 milh\u00f5es de euros. Os n\u00fameros resultam de dados provis\u00f3rios divulgados pela Associa\u00e7\u00e3o Portuguesa de Seguradores (APS) esta quarta-feira.<\/p>\n<p>At\u00e9 ao dia 16 de fevereiro, as seguradoras receberam mais de 115 mil participa\u00e7\u00f5es de sinistros. A maioria dos casos j\u00e1 se encontra em fase avan\u00e7ada de regulariza\u00e7\u00e3o, segundo a APS.<\/p>\n<p>Os danos cobertos por seguro tiveram in\u00edcio entre 27 de janeiro e 13 de fevereiro, com o pa\u00eds a registar impacto significativo no setor segurador. O objetivo \u00e9 apresentar uma estimativa atualizada da situa\u00e7\u00e3o.<\/p>\n","protected":false},"excerpt":{"rendered":"<ul>\n<li>Preju\u00edzos cobertos por seguros provocados pelas tempestades dever\u00e3o superar os 500 milh\u00f5es de euros, segundo dados provis\u00f3rios da Associa\u00e7\u00e3o Portuguesa de Seguradores (APS).<\/li>\n<li>At\u00e9 16 de fevereiro, as seguradoras receberam mais de 115 mil participa\u00e7\u00f5es de sinistros, a maioria j\u00e1 em fase avan\u00e7ada de regulariza\u00e7\u00e3o.<\/li>\n<li>O per\u00edodo considerado foi entre 27 de janeiro e 13 de fevereiro, quando se registou o maior impacto do mau tempo.<\/li>\n<li>Os dados s\u00e3o provis\u00f3rios e indicam que os danos cobrertos por seguro s\u00e3o superiores a meio milhar de milh\u00f5es de euros.<\/li>\n<\/ul>\n","protected":false},"author":2,"featured_media":216324,"comment_status":"closed","ping_status":"closed","sticky":false,"template":"","format":"standard","meta":{"footnotes":""},"categories":[1],"tags":[6075,5050,5215,5277,1014,3416],"class_list":["post-216321","post","type-post","status-publish","format-standard","has-post-thumbnail","hentry","category-noticias","tag-aps","tag-calamidades-publicas","tag-catastrofes-naturais","tag-danos","tag-portugal","tag-seguro"],"yoast_head":"<!-- This site is optimized with the Yoast SEO plugin v27.2 - https:\/\/yoast.com\/product\/yoast-seo-wordpress\/ -->\n<title>Preju\u00edzos das tempestades ultrapassam 500 milh\u00f5es de euros - Portal Tela Portugal<\/title>\n<meta name=\"robots\" content=\"index, follow, max-snippet:-1, max-image-preview:large, max-video-preview:-1\" \/>\n<meta property=\"og:locale\" content=\"pt_PT\" \/>\n<meta property=\"og:type\" content=\"article\" \/>\n<meta property=\"og:title\" content=\"Preju\u00edzos das tempestades ultrapassam 500 milh\u00f5es de euros - Portal Tela Portugal\" \/>\n<meta property=\"og:description\" content=\"Preju\u00edzos cobertos por seguros provocados pelas tempestades dever\u00e3o superar os 500 milh\u00f5es de euros, segundo dados provis\u00f3rios da Associa\u00e7\u00e3o Portuguesa de Seguradores (APS). At\u00e9 16 de fevereiro, as seguradoras receberam mais de 115 mil participa\u00e7\u00f5es de sinistros, a maioria j\u00e1 em fase avan\u00e7ada de regulariza\u00e7\u00e3o. O per\u00edodo considerado foi entre 27 de janeiro e 13 de fevereiro, quando se registou o maior impacto do mau tempo. Os dados s\u00e3o provis\u00f3rios e indicam que os danos cobrertos por seguro s\u00e3o superiores a meio milhar de milh\u00f5es de euros.\" \/>\n<meta property=\"og:url\" content=\"https:\/\/portaltela.pt\/noticias\/2026\/02\/18\/prejuizos-das-tempestades-ultrapassam-500-milhoes-de-euros\/\" \/>\n<meta property=\"og:site_name\" content=\"Portal Tela Portugal\" \/>\n<meta property=\"article:published_time\" content=\"2026-02-18T17:35:00+00:00\" \/>\n<meta name=\"author\" content=\"Telinha\" \/>\n<meta name=\"twitter:card\" content=\"summary_large_image\" \/>\n<meta name=\"twitter:label1\" content=\"Escrito por\" \/>\n\t<meta name=\"twitter:data1\" content=\"Telinha\" \/>\n\t<meta name=\"twitter:label2\" content=\"Tempo estimado de leitura\" \/>\n\t<meta name=\"twitter:data2\" content=\"1 minuto\" \/>\n<script type=\"application\/ld+json\" class=\"yoast-schema-graph\">{\"@context\":\"https:\/\/schema.org\",\"@graph\":[{\"@type\":\"Article\",\"@id\":\"https:\/\/portaltela.pt\/noticias\/2026\/02\/18\/prejuizos-das-tempestades-ultrapassam-500-milhoes-de-euros\/#article\",\"isPartOf\":{\"@id\":\"https:\/\/portaltela.pt\/noticias\/2026\/02\/18\/prejuizos-das-tempestades-ultrapassam-500-milhoes-de-euros\/\"},\"author\":{\"name\":\"Telinha\",\"@id\":\"https:\/\/portaltela.pt\/#\/schema\/person\/c4278d4a6028830caff9ee44b42d32ed\"},\"headline\":\"Preju\u00edzos das tempestades ultrapassam 500 milh\u00f5es de euros\",\"datePublished\":\"2026-02-18T17:35:00+00:00\",\"mainEntityOfPage\":{\"@id\":\"https:\/\/portaltela.pt\/noticias\/2026\/02\/18\/prejuizos-das-tempestades-ultrapassam-500-milhoes-de-euros\/\"},\"wordCount\":115,\"image\":{\"@id\":\"https:\/\/portaltela.pt\/noticias\/2026\/02\/18\/prejuizos-das-tempestades-ultrapassam-500-milhoes-de-euros\/#primaryimage\"},\"thumbnailUrl\":\"https:\/\/portaltela.pt\/s.01k8rhncp4jt1\/2026\/02\/image-1344.jpg\",\"keywords\":[\"APS\",\"calamidades p\u00fablicas\",\"cat\u00e1strofes naturais\",\"danos\",\"Portugal\",\"Seguro\"],\"articleSection\":[\"Not\u00edcias\"],\"inLanguage\":\"pt-PT\"},{\"@type\":\"WebPage\",\"@id\":\"https:\/\/portaltela.pt\/noticias\/2026\/02\/18\/prejuizos-das-tempestades-ultrapassam-500-milhoes-de-euros\/\",\"url\":\"https:\/\/portaltela.pt\/noticias\/2026\/02\/18\/prejuizos-das-tempestades-ultrapassam-500-milhoes-de-euros\/\",\"name\":\"Preju\u00edzos das tempestades ultrapassam 500 milh\u00f5es de euros - Portal Tela Portugal\",\"isPartOf\":{\"@id\":\"https:\/\/portaltela.pt\/#website\"},\"primaryImageOfPage\":{\"@id\":\"https:\/\/portaltela.pt\/noticias\/2026\/02\/18\/prejuizos-das-tempestades-ultrapassam-500-milhoes-de-euros\/#primaryimage\"},\"image\":{\"@id\":\"https:\/\/portaltela.pt\/noticias\/2026\/02\/18\/prejuizos-das-tempestades-ultrapassam-500-milhoes-de-euros\/#primaryimage\"},\"thumbnailUrl\":\"https:\/\/portaltela.pt\/s.01k8rhncp4jt1\/2026\/02\/image-1344.jpg\",\"datePublished\":\"2026-02-18T17:35:00+00:00\",\"author\":{\"@id\":\"https:\/\/portaltela.pt\/#\/schema\/person\/c4278d4a6028830caff9ee44b42d32ed\"},\"breadcrumb\":{\"@id\":\"https:\/\/portaltela.pt\/noticias\/2026\/02\/18\/prejuizos-das-tempestades-ultrapassam-500-milhoes-de-euros\/#breadcrumb\"},\"inLanguage\":\"pt-PT\",\"potentialAction\":[{\"@type\":\"ReadAction\",\"target\":[\"https:\/\/portaltela.pt\/noticias\/2026\/02\/18\/prejuizos-das-tempestades-ultrapassam-500-milhoes-de-euros\/\"]}]},{\"@type\":\"ImageObject\",\"inLanguage\":\"pt-PT\",\"@id\":\"https:\/\/portaltela.pt\/noticias\/2026\/02\/18\/prejuizos-das-tempestades-ultrapassam-500-milhoes-de-euros\/#primaryimage\",\"url\":\"https:\/\/portaltela.pt\/s.01k8rhncp4jt1\/2026\/02\/image-1344.jpg\",\"contentUrl\":\"https:\/\/portaltela.pt\/s.01k8rhncp4jt1\/2026\/02\/image-1344.jpg\",\"width\":796,\"height\":448,\"caption\":\"APS j\u00e1 registou mais de 115 mil sinistros\"},{\"@type\":\"BreadcrumbList\",\"@id\":\"https:\/\/portaltela.pt\/noticias\/2026\/02\/18\/prejuizos-das-tempestades-ultrapassam-500-milhoes-de-euros\/#breadcrumb\",\"itemListElement\":[{\"@type\":\"ListItem\",\"position\":1,\"name\":\"In\u00edcio\",\"item\":\"https:\/\/portaltela.pt\/\"},{\"@type\":\"ListItem\",\"position\":2,\"name\":\"Preju\u00edzos das tempestades ultrapassam 500 milh\u00f5es de euros\"}]},{\"@type\":\"WebSite\",\"@id\":\"https:\/\/portaltela.pt\/#website\",\"url\":\"https:\/\/portaltela.pt\/\",\"name\":\"Portal Tela Portugal\",\"description\":\"\",\"potentialAction\":[{\"@type\":\"SearchAction\",\"target\":{\"@type\":\"EntryPoint\",\"urlTemplate\":\"https:\/\/portaltela.pt\/?s={search_term_string}\"},\"query-input\":{\"@type\":\"PropertyValueSpecification\",\"valueRequired\":true,\"valueName\":\"search_term_string\"}}],\"inLanguage\":\"pt-PT\"},{\"@type\":\"Person\",\"@id\":\"https:\/\/portaltela.pt\/#\/schema\/person\/c4278d4a6028830caff9ee44b42d32ed\",\"name\":\"Telinha\",\"image\":{\"@type\":\"ImageObject\",\"inLanguage\":\"pt-PT\",\"@id\":\"https:\/\/portaltela.pt\/s.01k8rhncp4jt1\/2025\/11\/talking-bot-125x125.png\",\"url\":\"https:\/\/portaltela.pt\/s.01k8rhncp4jt1\/2025\/11\/talking-bot-125x125.png\",\"contentUrl\":\"https:\/\/portaltela.pt\/s.01k8rhncp4jt1\/2025\/11\/talking-bot-125x125.png\",\"caption\":\"Telinha\"},\"sameAs\":[\"https:\/\/portaltela.pt\/\"],\"url\":\"https:\/\/portaltela.pt\/por\/367410592786\/\"}]}<\/script>\n<!-- \/ Yoast SEO plugin. -->","yoast_head_json":{"title":"Preju\u00edzos das tempestades ultrapassam 500 milh\u00f5es de euros - Portal Tela Portugal","robots":{"index":"index","follow":"follow","max-snippet":"max-snippet:-1","max-image-preview":"max-image-preview:large","max-video-preview":"max-video-preview:-1"},"og_locale":"pt_PT","og_type":"article","og_title":"Preju\u00edzos das tempestades ultrapassam 500 milh\u00f5es de euros - Portal Tela Portugal","og_description":"Preju\u00edzos cobertos por seguros provocados pelas tempestades dever\u00e3o superar os 500 milh\u00f5es de euros, segundo dados provis\u00f3rios da Associa\u00e7\u00e3o Portuguesa de Seguradores (APS). At\u00e9 16 de fevereiro, as seguradoras receberam mais de 115 mil participa\u00e7\u00f5es de sinistros, a maioria j\u00e1 em fase avan\u00e7ada de regulariza\u00e7\u00e3o. O per\u00edodo considerado foi entre 27 de janeiro e 13 de fevereiro, quando se registou o maior impacto do mau tempo. Os dados s\u00e3o provis\u00f3rios e indicam que os danos cobrertos por seguro s\u00e3o superiores a meio milhar de milh\u00f5es de euros.","og_url":"https:\/\/portaltela.pt\/noticias\/2026\/02\/18\/prejuizos-das-tempestades-ultrapassam-500-milhoes-de-euros\/","og_site_name":"Portal Tela Portugal","article_published_time":"2026-02-18T17:35:00+00:00","author":"Telinha","twitter_card":"summary_large_image","twitter_misc":{"Escrito por":"Telinha","Tempo estimado de leitura":"1 minuto"},"schema":{"@context":"https:\/\/schema.org","@graph":[{"@type":"Article","@id":"https:\/\/portaltela.pt\/noticias\/2026\/02\/18\/prejuizos-das-tempestades-ultrapassam-500-milhoes-de-euros\/#article","isPartOf":{"@id":"https:\/\/portaltela.pt\/noticias\/2026\/02\/18\/prejuizos-das-tempestades-ultrapassam-500-milhoes-de-euros\/"},"author":{"name":"Telinha","@id":"https:\/\/portaltela.pt\/#\/schema\/person\/c4278d4a6028830caff9ee44b42d32ed"},"headline":"Preju\u00edzos das tempestades ultrapassam 500 milh\u00f5es de euros","datePublished":"2026-02-18T17:35:00+00:00","mainEntityOfPage":{"@id":"https:\/\/portaltela.pt\/noticias\/2026\/02\/18\/prejuizos-das-tempestades-ultrapassam-500-milhoes-de-euros\/"},"wordCount":115,"image":{"@id":"https:\/\/portaltela.pt\/noticias\/2026\/02\/18\/prejuizos-das-tempestades-ultrapassam-500-milhoes-de-euros\/#primaryimage"},"thumbnailUrl":"https:\/\/portaltela.pt\/s.01k8rhncp4jt1\/2026\/02\/image-1344.jpg","keywords":["APS","calamidades p\u00fablicas","cat\u00e1strofes naturais","danos","Portugal","Seguro"],"articleSection":["Not\u00edcias"],"inLanguage":"pt-PT"},{"@type":"WebPage","@id":"https:\/\/portaltela.pt\/noticias\/2026\/02\/18\/prejuizos-das-tempestades-ultrapassam-500-milhoes-de-euros\/","url":"https:\/\/portaltela.pt\/noticias\/2026\/02\/18\/prejuizos-das-tempestades-ultrapassam-500-milhoes-de-euros\/","name":"Preju\u00edzos das tempestades ultrapassam 500 milh\u00f5es de euros - Portal Tela Portugal","isPartOf":{"@id":"https:\/\/portaltela.pt\/#website"},"primaryImageOfPage":{"@id":"https:\/\/portaltela.pt\/noticias\/2026\/02\/18\/prejuizos-das-tempestades-ultrapassam-500-milhoes-de-euros\/#primaryimage"},"image":{"@id":"https:\/\/portaltela.pt\/noticias\/2026\/02\/18\/prejuizos-das-tempestades-ultrapassam-500-milhoes-de-euros\/#primaryimage"},"thumbnailUrl":"https:\/\/portaltela.pt\/s.01k8rhncp4jt1\/2026\/02\/image-1344.jpg","datePublished":"2026-02-18T17:35:00+00:00","author":{"@id":"https:\/\/portaltela.pt\/#\/schema\/person\/c4278d4a6028830caff9ee44b42d32ed"},"breadcrumb":{"@id":"https:\/\/portaltela.pt\/noticias\/2026\/02\/18\/prejuizos-das-tempestades-ultrapassam-500-milhoes-de-euros\/#breadcrumb"},"inLanguage":"pt-PT","potentialAction":[{"@type":"ReadAction","target":["https:\/\/portaltela.pt\/noticias\/2026\/02\/18\/prejuizos-das-tempestades-ultrapassam-500-milhoes-de-euros\/"]}]},{"@type":"ImageObject","inLanguage":"pt-PT","@id":"https:\/\/portaltela.pt\/noticias\/2026\/02\/18\/prejuizos-das-tempestades-ultrapassam-500-milhoes-de-euros\/#primaryimage","url":"https:\/\/portaltela.pt\/s.01k8rhncp4jt1\/2026\/02\/image-1344.jpg","contentUrl":"https:\/\/portaltela.pt\/s.01k8rhncp4jt1\/2026\/02\/image-1344.jpg","width":796,"height":448,"caption":"APS j\u00e1 registou mais de 115 mil sinistros"},{"@type":"BreadcrumbList","@id":"https:\/\/portaltela.pt\/noticias\/2026\/02\/18\/prejuizos-das-tempestades-ultrapassam-500-milhoes-de-euros\/#breadcrumb","itemListElement":[{"@type":"ListItem","position":1,"name":"In\u00edcio","item":"https:\/\/portaltela.pt\/"},{"@type":"ListItem","position":2,"name":"Preju\u00edzos das tempestades ultrapassam 500 milh\u00f5es de euros"}]},{"@type":"WebSite","@id":"https:\/\/portaltela.pt\/#website","url":"https:\/\/portaltela.pt\/","name":"Portal Tela Portugal","description":"","potentialAction":[{"@type":"SearchAction","target":{"@type":"EntryPoint","urlTemplate":"https:\/\/portaltela.pt\/?s={search_term_string}"},"query-input":{"@type":"PropertyValueSpecification","valueRequired":true,"valueName":"search_term_string"}}],"inLanguage":"pt-PT"},{"@type":"Person","@id":"https:\/\/portaltela.pt\/#\/schema\/person\/c4278d4a6028830caff9ee44b42d32ed","name":"Telinha","image":{"@type":"ImageObject","inLanguage":"pt-PT","@id":"https:\/\/portaltela.pt\/s.01k8rhncp4jt1\/2025\/11\/talking-bot-125x125.png","url":"https:\/\/portaltela.pt\/s.01k8rhncp4jt1\/2025\/11\/talking-bot-125x125.png","contentUrl":"https:\/\/portaltela.pt\/s.01k8rhncp4jt1\/2025\/11\/talking-bot-125x125.png","caption":"Telinha"},"sameAs":["https:\/\/portaltela.pt\/"],"url":"https:\/\/portaltela.pt\/por\/367410592786\/"}]}},"_links":{"self":[{"href":"https:\/\/portaltela.pt\/api\/wp\/v2\/posts\/216321","targetHints":{"allow":["GET"]}}],"collection":[{"href":"https:\/\/portaltela.pt\/api\/wp\/v2\/posts"}],"about":[{"href":"https:\/\/portaltela.pt\/api\/wp\/v2\/types\/post"}],"author":[{"embeddable":true,"href":"https:\/\/portaltela.pt\/api\/wp\/v2\/users\/2"}],"replies":[{"embeddable":true,"href":"https:\/\/portaltela.pt\/api\/wp\/v2\/comments?post=216321"}],"version-history":[{"count":0,"href":"https:\/\/portaltela.pt\/api\/wp\/v2\/posts\/216321\/revisions"}],"wp:featuredmedia":[{"embeddable":true,"href":"https:\/\/portaltela.pt\/api\/wp\/v2\/media\/216324"}],"wp:attachment":[{"href":"https:\/\/portaltela.pt\/api\/wp\/v2\/media?parent=216321"}],"wp:term":[{"taxonomy":"category","embeddable":true,"href":"https:\/\/portaltela.pt\/api\/wp\/v2\/categories?post=216321"},{"taxonomy":"post_tag","embeddable":true,"href":"https:\/\/portaltela.pt\/api\/wp\/v2\/tags?post=216321"}],"curies":[{"name":"wp","href":"https:\/\/api.w.org\/{rel}","templated":true}]}}