{"id":216309,"date":"2026-02-18T14:17:00","date_gmt":"2026-02-18T17:17:00","guid":{"rendered":"https:\/\/portaltela.pt\/noticias\/2026\/02\/18\/jovem-de-23-anos-acusado-de-vender-dados-roubados-a-nato-na-embaixada-russa\/"},"modified":"2026-02-18T14:17:00","modified_gmt":"2026-02-18T17:17:00","slug":"jovem-de-23-anos-acusado-de-vender-dados-roubados-a-nato-na-embaixada-russa","status":"publish","type":"post","link":"https:\/\/portaltela.pt\/noticias\/2026\/02\/18\/jovem-de-23-anos-acusado-de-vender-dados-roubados-a-nato-na-embaixada-russa\/","title":{"rendered":"Jovem de 23 anos acusado de vender dados roubados \u00e0 NATO na embaixada russa"},"content":{"rendered":"<p>Um jovem de 23 anos foi acusado de tentativa de espionagem por alegadamente tentar vender informa\u00e7\u00f5es roubadas a agentes da Federa\u00e7\u00e3o Russa, em Lisboa. A den\u00fancia foi publicada pela Procuradoria-Geral da Rep\u00fablica nesta quarta-feira.<\/p>\n<p>Segundo o MP, o suspeito soube da Confer\u00eancia Inicial de Planeamento na Escola da Base Naval de Lisboa, no Alfeite, entre 3 e 7 de Fevereiro de 2025. O evento constitu\u00eda o maior exerc\u00edcio de rob\u00f3tica de sistemas n\u00e3o tripulados, com cerca de 300 participantes, na maioria militares.<\/p>\n<p>O caso envolve furtos de um computador e de um iPad, pertencentes \u00e0 NATO e \u00e0 Marinha sueca, que estavam ao cuidado de um militar da Alian\u00e7a. O jovem tentou aceder aos conte\u00fados e vend\u00ea-los a russos na embaixada da R\u00fassia, em Lisboa, mas n\u00e3o obteve sucesso.<\/p>\n<h3>Investiga\u00e7\u00f5es e poss\u00edvel colabora\u00e7\u00e3o<\/h3>\n<p>Durante a investiga\u00e7\u00e3o, o arguido afirmou ter conhecimento de uma organiza\u00e7\u00e3o criminosa de espionagem e viola\u00e7\u00e3o de segredo de justi\u00e7a, integrada por 11 pessoas, incluindo um inspector da PJ. O MP informou que essa vers\u00e3o n\u00e3o tinha correspond\u00eancia com a realidade.<\/p>\n<p>Al\u00e9m da acusa\u00e7\u00e3o de espionagem na forma tentada, o jovem enfrenta ainda m\u00faltiplas acusa\u00e7\u00f5es, nomeadamente furto qualificado, uso de documento de identifica\u00e7\u00e3o alheio, falsas declara\u00e7\u00f5es, pornografia de menores, condu\u00e7\u00e3o sem carta e den\u00fancia caluniosa.<\/p>\n<p>O arguido permanece em pris\u00e3o preventiva e com proibi\u00e7\u00e3o de contactos. O processo envolve ainda dois arguidos adicionais, acusados de furto qualificado e sujeitos a termo de identidade e resid\u00eancia.<\/p>\n","protected":false},"excerpt":{"rendered":"<ul>\n<li>Um jovem de 23 anos foi acusado de tentativa de espionagem por supostamente tentar vender informa\u00e7\u00f5es roubadas de equipamentos da NATO \u00e0 embaixada da Federa\u00e7\u00e3o Russa em Lisboa.<\/li>\n<li>O furto envolveu um computador e um iPad, perten\u00e7a da NATO e da Marinha sueca, que estavam sob a guarda de um militar da Alian\u00e7a Atl\u00e2ntica, durante a confer\u00eancia inicial de planeamento na Escola da Base Naval de Lisboa, no Alfeite, entre 3 e 7 de fevereiro.<\/li>\n<li>A confer\u00eancia foi descrita como o maior exerc\u00edcio mundial de experimenta\u00e7\u00e3o rob\u00f3tica de sistemas n\u00e3o tripulados, com cerca de 300 participantes, a maioria militares.<\/li>\n<li>O arguido, em pris\u00e3o preventiva, tentou aceder ao conte\u00fado dos dispositivos e ofereceu-se para colaborar com as autoridades, alegando a exist\u00eancia de uma organiza\u00e7\u00e3o criminosa de espionagem, vers\u00e3o que o MP diz n\u00e3o corresponder \u00e0 realidade.<\/li>\n<li>Al\u00e9m da espionagem na forma tentada, o jovem enfrenta ainda acusa\u00e7\u00f5es de furto qualificado (tr\u00eas crimes), uso de documentos de identifica\u00e7\u00e3o alheios (dois), falsas declara\u00e7\u00f5es, pornografia de menores, condu\u00e7\u00e3o sem carta e onze den\u00fancias caluni\u00f3sas; h\u00e1 ainda dois arguidos associados ao caso.<\/li>\n<\/ul>\n","protected":false},"author":2,"featured_media":216311,"comment_status":"closed","ping_status":"closed","sticky":false,"template":"","format":"standard","meta":{"footnotes":""},"categories":[1],"tags":[583,147,3007,260,1659,981],"class_list":["post-216309","post","type-post","status-publish","format-standard","has-post-thumbnail","hentry","category-noticias","tag-conducao-sem-carta","tag-crime","tag-espionagem","tag-falsificacao-de-documentos","tag-furto-qualificado","tag-lisboa"],"yoast_head":"<!-- This site is optimized with the Yoast SEO plugin v27.2 - https:\/\/yoast.com\/product\/yoast-seo-wordpress\/ -->\n<title>Jovem de 23 anos acusado de vender dados roubados \u00e0 NATO na embaixada russa - Portal Tela Portugal<\/title>\n<meta name=\"robots\" content=\"index, follow, max-snippet:-1, max-image-preview:large, max-video-preview:-1\" \/>\n<meta property=\"og:locale\" content=\"pt_PT\" \/>\n<meta property=\"og:type\" content=\"article\" \/>\n<meta property=\"og:title\" content=\"Jovem de 23 anos acusado de vender dados roubados \u00e0 NATO na embaixada russa - Portal Tela Portugal\" \/>\n<meta property=\"og:description\" content=\"Um jovem de 23 anos foi acusado de tentativa de espionagem por supostamente tentar vender informa\u00e7\u00f5es roubadas de equipamentos da NATO \u00e0 embaixada da Federa\u00e7\u00e3o Russa em Lisboa. O furto envolveu um computador e um iPad, perten\u00e7a da NATO e da Marinha sueca, que estavam sob a guarda de um militar da Alian\u00e7a Atl\u00e2ntica, durante a confer\u00eancia inicial de planeamento na Escola da Base Naval de Lisboa, no Alfeite, entre 3 e 7 de fevereiro. A confer\u00eancia foi descrita como o maior exerc\u00edcio mundial de experimenta\u00e7\u00e3o rob\u00f3tica de sistemas n\u00e3o tripulados, com cerca de 300 participantes, a maioria militares. O arguido, em pris\u00e3o preventiva, tentou aceder ao conte\u00fado dos dispositivos e ofereceu-se para colaborar com as autoridades, alegando a exist\u00eancia de uma organiza\u00e7\u00e3o criminosa de espionagem, vers\u00e3o que o MP diz n\u00e3o corresponder \u00e0 realidade. Al\u00e9m da espionagem na forma tentada, o jovem enfrenta ainda acusa\u00e7\u00f5es de furto qualificado (tr\u00eas crimes), uso de documentos de identifica\u00e7\u00e3o alheios (dois), falsas declara\u00e7\u00f5es, pornografia de menores, condu\u00e7\u00e3o sem carta e onze den\u00fancias caluni\u00f3sas; h\u00e1 ainda dois arguidos associados ao caso.\" \/>\n<meta property=\"og:url\" content=\"https:\/\/portaltela.pt\/noticias\/2026\/02\/18\/jovem-de-23-anos-acusado-de-vender-dados-roubados-a-nato-na-embaixada-russa\/\" \/>\n<meta property=\"og:site_name\" content=\"Portal Tela Portugal\" \/>\n<meta property=\"article:published_time\" content=\"2026-02-18T17:17:00+00:00\" \/>\n<meta name=\"author\" content=\"Telinha\" \/>\n<meta name=\"twitter:card\" content=\"summary_large_image\" \/>\n<meta name=\"twitter:label1\" content=\"Escrito por\" \/>\n\t<meta name=\"twitter:data1\" content=\"Telinha\" \/>\n\t<meta name=\"twitter:label2\" content=\"Tempo estimado de leitura\" \/>\n\t<meta name=\"twitter:data2\" content=\"1 minuto\" \/>\n<script type=\"application\/ld+json\" class=\"yoast-schema-graph\">{\"@context\":\"https:\/\/schema.org\",\"@graph\":[{\"@type\":\"Article\",\"@id\":\"https:\/\/portaltela.pt\/noticias\/2026\/02\/18\/jovem-de-23-anos-acusado-de-vender-dados-roubados-a-nato-na-embaixada-russa\/#article\",\"isPartOf\":{\"@id\":\"https:\/\/portaltela.pt\/noticias\/2026\/02\/18\/jovem-de-23-anos-acusado-de-vender-dados-roubados-a-nato-na-embaixada-russa\/\"},\"author\":{\"name\":\"Telinha\",\"@id\":\"https:\/\/portaltela.pt\/#\/schema\/person\/c4278d4a6028830caff9ee44b42d32ed\"},\"headline\":\"Jovem de 23 anos acusado de vender dados roubados \u00e0 NATO na embaixada russa\",\"datePublished\":\"2026-02-18T17:17:00+00:00\",\"mainEntityOfPage\":{\"@id\":\"https:\/\/portaltela.pt\/noticias\/2026\/02\/18\/jovem-de-23-anos-acusado-de-vender-dados-roubados-a-nato-na-embaixada-russa\/\"},\"wordCount\":277,\"image\":{\"@id\":\"https:\/\/portaltela.pt\/noticias\/2026\/02\/18\/jovem-de-23-anos-acusado-de-vender-dados-roubados-a-nato-na-embaixada-russa\/#primaryimage\"},\"thumbnailUrl\":\"https:\/\/portaltela.pt\/s.01k8rhncp4jt1\/2026\/02\/tpUHdbIMAGENStypeJPGshare1oBarraFacebook_Publico-12.jpg\",\"keywords\":[\"condu\u00e7\u00e3o sem carta\",\"crime\",\"espionagem\",\"falsifica\u00e7\u00e3o de documentos\",\"furto qualificado\",\"Lisboa\"],\"articleSection\":[\"Not\u00edcias\"],\"inLanguage\":\"pt-PT\"},{\"@type\":\"WebPage\",\"@id\":\"https:\/\/portaltela.pt\/noticias\/2026\/02\/18\/jovem-de-23-anos-acusado-de-vender-dados-roubados-a-nato-na-embaixada-russa\/\",\"url\":\"https:\/\/portaltela.pt\/noticias\/2026\/02\/18\/jovem-de-23-anos-acusado-de-vender-dados-roubados-a-nato-na-embaixada-russa\/\",\"name\":\"Jovem de 23 anos acusado de vender dados roubados \u00e0 NATO na embaixada russa - Portal Tela Portugal\",\"isPartOf\":{\"@id\":\"https:\/\/portaltela.pt\/#website\"},\"primaryImageOfPage\":{\"@id\":\"https:\/\/portaltela.pt\/noticias\/2026\/02\/18\/jovem-de-23-anos-acusado-de-vender-dados-roubados-a-nato-na-embaixada-russa\/#primaryimage\"},\"image\":{\"@id\":\"https:\/\/portaltela.pt\/noticias\/2026\/02\/18\/jovem-de-23-anos-acusado-de-vender-dados-roubados-a-nato-na-embaixada-russa\/#primaryimage\"},\"thumbnailUrl\":\"https:\/\/portaltela.pt\/s.01k8rhncp4jt1\/2026\/02\/tpUHdbIMAGENStypeJPGshare1oBarraFacebook_Publico-12.jpg\",\"datePublished\":\"2026-02-18T17:17:00+00:00\",\"author\":{\"@id\":\"https:\/\/portaltela.pt\/#\/schema\/person\/c4278d4a6028830caff9ee44b42d32ed\"},\"breadcrumb\":{\"@id\":\"https:\/\/portaltela.pt\/noticias\/2026\/02\/18\/jovem-de-23-anos-acusado-de-vender-dados-roubados-a-nato-na-embaixada-russa\/#breadcrumb\"},\"inLanguage\":\"pt-PT\",\"potentialAction\":[{\"@type\":\"ReadAction\",\"target\":[\"https:\/\/portaltela.pt\/noticias\/2026\/02\/18\/jovem-de-23-anos-acusado-de-vender-dados-roubados-a-nato-na-embaixada-russa\/\"]}]},{\"@type\":\"ImageObject\",\"inLanguage\":\"pt-PT\",\"@id\":\"https:\/\/portaltela.pt\/noticias\/2026\/02\/18\/jovem-de-23-anos-acusado-de-vender-dados-roubados-a-nato-na-embaixada-russa\/#primaryimage\",\"url\":\"https:\/\/portaltela.pt\/s.01k8rhncp4jt1\/2026\/02\/tpUHdbIMAGENStypeJPGshare1oBarraFacebook_Publico-12.jpg\",\"contentUrl\":\"https:\/\/portaltela.pt\/s.01k8rhncp4jt1\/2026\/02\/tpUHdbIMAGENStypeJPGshare1oBarraFacebook_Publico-12.jpg\",\"width\":1200,\"height\":630,\"caption\":\"Jovem \u00e9 acusado de mais de 20 crimes, encontra-se em pris\u00e3o preventiva e foi sujeito a proibi\u00e7\u00e3o de contactos\"},{\"@type\":\"BreadcrumbList\",\"@id\":\"https:\/\/portaltela.pt\/noticias\/2026\/02\/18\/jovem-de-23-anos-acusado-de-vender-dados-roubados-a-nato-na-embaixada-russa\/#breadcrumb\",\"itemListElement\":[{\"@type\":\"ListItem\",\"position\":1,\"name\":\"In\u00edcio\",\"item\":\"https:\/\/portaltela.pt\/\"},{\"@type\":\"ListItem\",\"position\":2,\"name\":\"Jovem de 23 anos acusado de vender dados roubados \u00e0 NATO na embaixada russa\"}]},{\"@type\":\"WebSite\",\"@id\":\"https:\/\/portaltela.pt\/#website\",\"url\":\"https:\/\/portaltela.pt\/\",\"name\":\"Portal Tela Portugal\",\"description\":\"\",\"potentialAction\":[{\"@type\":\"SearchAction\",\"target\":{\"@type\":\"EntryPoint\",\"urlTemplate\":\"https:\/\/portaltela.pt\/?s={search_term_string}\"},\"query-input\":{\"@type\":\"PropertyValueSpecification\",\"valueRequired\":true,\"valueName\":\"search_term_string\"}}],\"inLanguage\":\"pt-PT\"},{\"@type\":\"Person\",\"@id\":\"https:\/\/portaltela.pt\/#\/schema\/person\/c4278d4a6028830caff9ee44b42d32ed\",\"name\":\"Telinha\",\"image\":{\"@type\":\"ImageObject\",\"inLanguage\":\"pt-PT\",\"@id\":\"https:\/\/portaltela.pt\/s.01k8rhncp4jt1\/2025\/11\/talking-bot-125x125.png\",\"url\":\"https:\/\/portaltela.pt\/s.01k8rhncp4jt1\/2025\/11\/talking-bot-125x125.png\",\"contentUrl\":\"https:\/\/portaltela.pt\/s.01k8rhncp4jt1\/2025\/11\/talking-bot-125x125.png\",\"caption\":\"Telinha\"},\"sameAs\":[\"https:\/\/portaltela.pt\/\"],\"url\":\"https:\/\/portaltela.pt\/por\/367410592786\/\"}]}<\/script>\n<!-- \/ Yoast SEO plugin. -->","yoast_head_json":{"title":"Jovem de 23 anos acusado de vender dados roubados \u00e0 NATO na embaixada russa - Portal Tela Portugal","robots":{"index":"index","follow":"follow","max-snippet":"max-snippet:-1","max-image-preview":"max-image-preview:large","max-video-preview":"max-video-preview:-1"},"og_locale":"pt_PT","og_type":"article","og_title":"Jovem de 23 anos acusado de vender dados roubados \u00e0 NATO na embaixada russa - Portal Tela Portugal","og_description":"Um jovem de 23 anos foi acusado de tentativa de espionagem por supostamente tentar vender informa\u00e7\u00f5es roubadas de equipamentos da NATO \u00e0 embaixada da Federa\u00e7\u00e3o Russa em Lisboa. O furto envolveu um computador e um iPad, perten\u00e7a da NATO e da Marinha sueca, que estavam sob a guarda de um militar da Alian\u00e7a Atl\u00e2ntica, durante a confer\u00eancia inicial de planeamento na Escola da Base Naval de Lisboa, no Alfeite, entre 3 e 7 de fevereiro. A confer\u00eancia foi descrita como o maior exerc\u00edcio mundial de experimenta\u00e7\u00e3o rob\u00f3tica de sistemas n\u00e3o tripulados, com cerca de 300 participantes, a maioria militares. O arguido, em pris\u00e3o preventiva, tentou aceder ao conte\u00fado dos dispositivos e ofereceu-se para colaborar com as autoridades, alegando a exist\u00eancia de uma organiza\u00e7\u00e3o criminosa de espionagem, vers\u00e3o que o MP diz n\u00e3o corresponder \u00e0 realidade. Al\u00e9m da espionagem na forma tentada, o jovem enfrenta ainda acusa\u00e7\u00f5es de furto qualificado (tr\u00eas crimes), uso de documentos de identifica\u00e7\u00e3o alheios (dois), falsas declara\u00e7\u00f5es, pornografia de menores, condu\u00e7\u00e3o sem carta e onze den\u00fancias caluni\u00f3sas; h\u00e1 ainda dois arguidos associados ao caso.","og_url":"https:\/\/portaltela.pt\/noticias\/2026\/02\/18\/jovem-de-23-anos-acusado-de-vender-dados-roubados-a-nato-na-embaixada-russa\/","og_site_name":"Portal Tela Portugal","article_published_time":"2026-02-18T17:17:00+00:00","author":"Telinha","twitter_card":"summary_large_image","twitter_misc":{"Escrito por":"Telinha","Tempo estimado de leitura":"1 minuto"},"schema":{"@context":"https:\/\/schema.org","@graph":[{"@type":"Article","@id":"https:\/\/portaltela.pt\/noticias\/2026\/02\/18\/jovem-de-23-anos-acusado-de-vender-dados-roubados-a-nato-na-embaixada-russa\/#article","isPartOf":{"@id":"https:\/\/portaltela.pt\/noticias\/2026\/02\/18\/jovem-de-23-anos-acusado-de-vender-dados-roubados-a-nato-na-embaixada-russa\/"},"author":{"name":"Telinha","@id":"https:\/\/portaltela.pt\/#\/schema\/person\/c4278d4a6028830caff9ee44b42d32ed"},"headline":"Jovem de 23 anos acusado de vender dados roubados \u00e0 NATO na embaixada russa","datePublished":"2026-02-18T17:17:00+00:00","mainEntityOfPage":{"@id":"https:\/\/portaltela.pt\/noticias\/2026\/02\/18\/jovem-de-23-anos-acusado-de-vender-dados-roubados-a-nato-na-embaixada-russa\/"},"wordCount":277,"image":{"@id":"https:\/\/portaltela.pt\/noticias\/2026\/02\/18\/jovem-de-23-anos-acusado-de-vender-dados-roubados-a-nato-na-embaixada-russa\/#primaryimage"},"thumbnailUrl":"https:\/\/portaltela.pt\/s.01k8rhncp4jt1\/2026\/02\/tpUHdbIMAGENStypeJPGshare1oBarraFacebook_Publico-12.jpg","keywords":["condu\u00e7\u00e3o sem carta","crime","espionagem","falsifica\u00e7\u00e3o de documentos","furto qualificado","Lisboa"],"articleSection":["Not\u00edcias"],"inLanguage":"pt-PT"},{"@type":"WebPage","@id":"https:\/\/portaltela.pt\/noticias\/2026\/02\/18\/jovem-de-23-anos-acusado-de-vender-dados-roubados-a-nato-na-embaixada-russa\/","url":"https:\/\/portaltela.pt\/noticias\/2026\/02\/18\/jovem-de-23-anos-acusado-de-vender-dados-roubados-a-nato-na-embaixada-russa\/","name":"Jovem de 23 anos acusado de vender dados roubados \u00e0 NATO na embaixada russa - Portal Tela Portugal","isPartOf":{"@id":"https:\/\/portaltela.pt\/#website"},"primaryImageOfPage":{"@id":"https:\/\/portaltela.pt\/noticias\/2026\/02\/18\/jovem-de-23-anos-acusado-de-vender-dados-roubados-a-nato-na-embaixada-russa\/#primaryimage"},"image":{"@id":"https:\/\/portaltela.pt\/noticias\/2026\/02\/18\/jovem-de-23-anos-acusado-de-vender-dados-roubados-a-nato-na-embaixada-russa\/#primaryimage"},"thumbnailUrl":"https:\/\/portaltela.pt\/s.01k8rhncp4jt1\/2026\/02\/tpUHdbIMAGENStypeJPGshare1oBarraFacebook_Publico-12.jpg","datePublished":"2026-02-18T17:17:00+00:00","author":{"@id":"https:\/\/portaltela.pt\/#\/schema\/person\/c4278d4a6028830caff9ee44b42d32ed"},"breadcrumb":{"@id":"https:\/\/portaltela.pt\/noticias\/2026\/02\/18\/jovem-de-23-anos-acusado-de-vender-dados-roubados-a-nato-na-embaixada-russa\/#breadcrumb"},"inLanguage":"pt-PT","potentialAction":[{"@type":"ReadAction","target":["https:\/\/portaltela.pt\/noticias\/2026\/02\/18\/jovem-de-23-anos-acusado-de-vender-dados-roubados-a-nato-na-embaixada-russa\/"]}]},{"@type":"ImageObject","inLanguage":"pt-PT","@id":"https:\/\/portaltela.pt\/noticias\/2026\/02\/18\/jovem-de-23-anos-acusado-de-vender-dados-roubados-a-nato-na-embaixada-russa\/#primaryimage","url":"https:\/\/portaltela.pt\/s.01k8rhncp4jt1\/2026\/02\/tpUHdbIMAGENStypeJPGshare1oBarraFacebook_Publico-12.jpg","contentUrl":"https:\/\/portaltela.pt\/s.01k8rhncp4jt1\/2026\/02\/tpUHdbIMAGENStypeJPGshare1oBarraFacebook_Publico-12.jpg","width":1200,"height":630,"caption":"Jovem \u00e9 acusado de mais de 20 crimes, encontra-se em pris\u00e3o preventiva e foi sujeito a proibi\u00e7\u00e3o de contactos"},{"@type":"BreadcrumbList","@id":"https:\/\/portaltela.pt\/noticias\/2026\/02\/18\/jovem-de-23-anos-acusado-de-vender-dados-roubados-a-nato-na-embaixada-russa\/#breadcrumb","itemListElement":[{"@type":"ListItem","position":1,"name":"In\u00edcio","item":"https:\/\/portaltela.pt\/"},{"@type":"ListItem","position":2,"name":"Jovem de 23 anos acusado de vender dados roubados \u00e0 NATO na embaixada russa"}]},{"@type":"WebSite","@id":"https:\/\/portaltela.pt\/#website","url":"https:\/\/portaltela.pt\/","name":"Portal Tela Portugal","description":"","potentialAction":[{"@type":"SearchAction","target":{"@type":"EntryPoint","urlTemplate":"https:\/\/portaltela.pt\/?s={search_term_string}"},"query-input":{"@type":"PropertyValueSpecification","valueRequired":true,"valueName":"search_term_string"}}],"inLanguage":"pt-PT"},{"@type":"Person","@id":"https:\/\/portaltela.pt\/#\/schema\/person\/c4278d4a6028830caff9ee44b42d32ed","name":"Telinha","image":{"@type":"ImageObject","inLanguage":"pt-PT","@id":"https:\/\/portaltela.pt\/s.01k8rhncp4jt1\/2025\/11\/talking-bot-125x125.png","url":"https:\/\/portaltela.pt\/s.01k8rhncp4jt1\/2025\/11\/talking-bot-125x125.png","contentUrl":"https:\/\/portaltela.pt\/s.01k8rhncp4jt1\/2025\/11\/talking-bot-125x125.png","caption":"Telinha"},"sameAs":["https:\/\/portaltela.pt\/"],"url":"https:\/\/portaltela.pt\/por\/367410592786\/"}]}},"_links":{"self":[{"href":"https:\/\/portaltela.pt\/api\/wp\/v2\/posts\/216309","targetHints":{"allow":["GET"]}}],"collection":[{"href":"https:\/\/portaltela.pt\/api\/wp\/v2\/posts"}],"about":[{"href":"https:\/\/portaltela.pt\/api\/wp\/v2\/types\/post"}],"author":[{"embeddable":true,"href":"https:\/\/portaltela.pt\/api\/wp\/v2\/users\/2"}],"replies":[{"embeddable":true,"href":"https:\/\/portaltela.pt\/api\/wp\/v2\/comments?post=216309"}],"version-history":[{"count":0,"href":"https:\/\/portaltela.pt\/api\/wp\/v2\/posts\/216309\/revisions"}],"wp:featuredmedia":[{"embeddable":true,"href":"https:\/\/portaltela.pt\/api\/wp\/v2\/media\/216311"}],"wp:attachment":[{"href":"https:\/\/portaltela.pt\/api\/wp\/v2\/media?parent=216309"}],"wp:term":[{"taxonomy":"category","embeddable":true,"href":"https:\/\/portaltela.pt\/api\/wp\/v2\/categories?post=216309"},{"taxonomy":"post_tag","embeddable":true,"href":"https:\/\/portaltela.pt\/api\/wp\/v2\/tags?post=216309"}],"curies":[{"name":"wp","href":"https:\/\/api.w.org\/{rel}","templated":true}]}}