{"id":216305,"date":"2026-02-18T14:26:00","date_gmt":"2026-02-18T17:26:00","guid":{"rendered":"https:\/\/portaltela.pt\/noticias\/2026\/02\/18\/rede-de-comissoes-de-protecao-de-menores-cobre-todo-o-pais\/"},"modified":"2026-02-18T14:26:00","modified_gmt":"2026-02-18T17:26:00","slug":"rede-de-comissoes-de-protecao-de-menores-cobre-todo-o-pais","status":"publish","type":"post","link":"https:\/\/portaltela.pt\/noticias\/2026\/02\/18\/rede-de-comissoes-de-protecao-de-menores-cobre-todo-o-pais\/","title":{"rendered":"Rede de comiss\u00f5es de prote\u00e7\u00e3o de menores cobre todo o pa\u00eds"},"content":{"rendered":"<p>O Governo anunciou esta quarta-feira que existem Comiss\u00f5es de Prote\u00e7\u00e3o de Crian\u00e7as e Jovens (CPCJ) em todo o pa\u00eds, e est\u00e1 a estudar a cria\u00e7\u00e3o de comiss\u00f5es intermunicipais nas zonas com menor volume de processos. A medida visa rentabilizar recursos.<\/p>\n<p>A secret\u00e1ria de Estado da A\u00e7\u00e3o Social e Inclus\u00e3o, Clara Marques Mendes, disse que o pa\u00eds j\u00e1 tem cobertura total com 315 CPCJ. A afirma\u00e7\u00e3o ocorreu numa audi\u00e7\u00e3o parlamentar sobre recursos humanos.<\/p>\n<p>Patr\u00edcia Faro, deputada do PS, relembrou que, em 2024, 305 dos 308 concelhos tinham CPCJ instaladas e que apenas 27% tinham composi\u00e7\u00e3o completa. Foram mencionados diagn\u00f3sticos que apontam desequil\u00edbrios entre processos e recursos.<\/p>\n<p>A governante reconheceu que h\u00e1 trabalho pela frente e avan\u00e7ou que brevemente ser\u00e3o apresentadas propostas de altera\u00e7\u00e3o ao sistema de promo\u00e7\u00e3o e prote\u00e7\u00e3o de crian\u00e7as e jovens. O objetivo \u00e9 tornar a estrutura mais robusta.<\/p>\n<h3>Altera\u00e7\u00f5es em an\u00e1lise<\/h3>\n<p>Neste momento est\u00e1 em curso uma altera\u00e7\u00e3o legislativa \u00e0 Comiss\u00e3o Nacional de Promo\u00e7\u00e3o dos Direitos das Crian\u00e7as, visando maior mobiliza\u00e7\u00e3o entre \u00e1reas governativas e maior comprometimento setorial.<\/p>\n<p>A deputada lembrou que, apesar de o sistema ter mais de 20 anos, precisa de revis\u00e3o para acompanhar as necessidades atuais. Em 2024, foi criada uma equipa de trabalho para avaliar o modelo de prote\u00e7\u00e3o de menores.<\/p>\n<p>Uma das mudan\u00e7as em estudo \u00e9 a cria\u00e7\u00e3o de comiss\u00f5es intermunicipais nas regi\u00f5es com menos volume processual, para otimizar recursos. Em contrapartida, poderia haver refor\u00e7o das equipas onde h\u00e1 maior volume.<\/p>\n<h3>Profissionaliza\u00e7\u00e3o e recursos<\/h3>\n<p>Outra linha de a\u00e7\u00e3o \u00e9 a profissionaliza\u00e7\u00e3o: passaria a haver t\u00e9cnicos a tempo inteiro nas CPCJ, com contrata\u00e7\u00e3o direta de recursos t\u00e9cnicos, conforme o plano do minist\u00e9rio. Em janeiro, faltavam apenas seis professores nas comiss\u00f5es.<\/p>\n<p>O Minist\u00e9rio da Educa\u00e7\u00e3o informou recentemente que n\u00e3o houve danos ao funcionamento das CPCJ devido \u00e0 mobilidade docente, ap\u00f3s decis\u00f5es de recusa de pedidos por parte das escolas.<\/p>\n","protected":false},"excerpt":{"rendered":"<ul>\n<li>O Governo anunciou que existem 315 Comiss\u00f5es de Prote\u00e7\u00e3o de Crian\u00e7as e Jovens em todo o pa\u00eds e est\u00e1 a ponderar criar comiss\u00f5es intermunicipais onde haja menos processos, para rentabilizar recursos.<\/li>\n<li>Em 2024, 305 dos 308 concelhos portugueses tinham CPCJ instaladas, e apenas 27% dessas comiss\u00f5es tinham a composi\u00e7\u00e3o completa.<\/li>\n<li>Est\u00e1 em curso uma altera\u00e7\u00e3o legislativa \u00e0 Comiss\u00e3o Nacional de Promo\u00e7\u00e3o dos Direitos das Crian\u00e7as para tornar a estrutura mais robusta e envolver mais \u00e1reas governativas.<\/li>\n<li>O Governo criou, em 2024, uma equipa de trabalho para avaliar o modelo de prote\u00e7\u00e3o de menores, e v\u00e3o ser apresentadas propostas de altera\u00e7\u00f5es ao sistema de promo\u00e7\u00e3o e prote\u00e7\u00e3o.<\/li>\n<li>Entre as mudan\u00e7as previstas est\u00e1 o refor\u00e7o de equipas nas CPCJ com maior volume processual e a profissionaliza\u00e7\u00e3o, com t\u00e9cnicos a tempo inteiro; em janeiro, faltavam apenas seis professores devido ao t\u00e9rmino dos mandatos.<\/li>\n<\/ul>\n","protected":false},"author":2,"featured_media":216317,"comment_status":"closed","ping_status":"closed","sticky":false,"template":"","format":"standard","meta":{"footnotes":""},"categories":[1],"tags":[168,6071,163,34,5577,2201],"class_list":["post-216305","post","type-post","status-publish","format-standard","has-post-thumbnail","hentry","category-noticias","tag-administracao-publica","tag-cpcj","tag-educacao","tag-governo","tag-recursos","tag-trabalho"],"yoast_head":"<!-- This site is optimized with the Yoast SEO plugin v27.2 - https:\/\/yoast.com\/product\/yoast-seo-wordpress\/ -->\n<title>Rede de comiss\u00f5es de prote\u00e7\u00e3o de menores cobre todo o pa\u00eds - Portal Tela Portugal<\/title>\n<meta name=\"robots\" content=\"index, follow, max-snippet:-1, max-image-preview:large, max-video-preview:-1\" \/>\n<meta property=\"og:locale\" content=\"pt_PT\" \/>\n<meta property=\"og:type\" content=\"article\" \/>\n<meta property=\"og:title\" content=\"Rede de comiss\u00f5es de prote\u00e7\u00e3o de menores cobre todo o pa\u00eds - Portal Tela Portugal\" \/>\n<meta property=\"og:description\" content=\"O Governo anunciou que existem 315 Comiss\u00f5es de Prote\u00e7\u00e3o de Crian\u00e7as e Jovens em todo o pa\u00eds e est\u00e1 a ponderar criar comiss\u00f5es intermunicipais onde haja menos processos, para rentabilizar recursos. Em 2024, 305 dos 308 concelhos portugueses tinham CPCJ instaladas, e apenas 27% dessas comiss\u00f5es tinham a composi\u00e7\u00e3o completa. Est\u00e1 em curso uma altera\u00e7\u00e3o legislativa \u00e0 Comiss\u00e3o Nacional de Promo\u00e7\u00e3o dos Direitos das Crian\u00e7as para tornar a estrutura mais robusta e envolver mais \u00e1reas governativas. O Governo criou, em 2024, uma equipa de trabalho para avaliar o modelo de prote\u00e7\u00e3o de menores, e v\u00e3o ser apresentadas propostas de altera\u00e7\u00f5es ao sistema de promo\u00e7\u00e3o e prote\u00e7\u00e3o. Entre as mudan\u00e7as previstas est\u00e1 o refor\u00e7o de equipas nas CPCJ com maior volume processual e a profissionaliza\u00e7\u00e3o, com t\u00e9cnicos a tempo inteiro; em janeiro, faltavam apenas seis professores devido ao t\u00e9rmino dos mandatos.\" \/>\n<meta property=\"og:url\" content=\"https:\/\/portaltela.pt\/noticias\/2026\/02\/18\/rede-de-comissoes-de-protecao-de-menores-cobre-todo-o-pais\/\" \/>\n<meta property=\"og:site_name\" content=\"Portal Tela Portugal\" \/>\n<meta property=\"article:published_time\" content=\"2026-02-18T17:26:00+00:00\" \/>\n<meta name=\"author\" content=\"Telinha\" \/>\n<meta name=\"twitter:card\" content=\"summary_large_image\" \/>\n<meta name=\"twitter:label1\" content=\"Escrito por\" \/>\n\t<meta name=\"twitter:data1\" content=\"Telinha\" \/>\n\t<meta name=\"twitter:label2\" content=\"Tempo estimado de leitura\" \/>\n\t<meta name=\"twitter:data2\" content=\"2 minutos\" \/>\n<script type=\"application\/ld+json\" class=\"yoast-schema-graph\">{\"@context\":\"https:\/\/schema.org\",\"@graph\":[{\"@type\":\"Article\",\"@id\":\"https:\/\/portaltela.pt\/noticias\/2026\/02\/18\/rede-de-comissoes-de-protecao-de-menores-cobre-todo-o-pais\/#article\",\"isPartOf\":{\"@id\":\"https:\/\/portaltela.pt\/noticias\/2026\/02\/18\/rede-de-comissoes-de-protecao-de-menores-cobre-todo-o-pais\/\"},\"author\":{\"name\":\"Telinha\",\"@id\":\"https:\/\/portaltela.pt\/#\/schema\/person\/c4278d4a6028830caff9ee44b42d32ed\"},\"headline\":\"Rede de comiss\u00f5es de prote\u00e7\u00e3o de menores cobre todo o pa\u00eds\",\"datePublished\":\"2026-02-18T17:26:00+00:00\",\"mainEntityOfPage\":{\"@id\":\"https:\/\/portaltela.pt\/noticias\/2026\/02\/18\/rede-de-comissoes-de-protecao-de-menores-cobre-todo-o-pais\/\"},\"wordCount\":355,\"image\":{\"@id\":\"https:\/\/portaltela.pt\/noticias\/2026\/02\/18\/rede-de-comissoes-de-protecao-de-menores-cobre-todo-o-pais\/#primaryimage\"},\"thumbnailUrl\":\"https:\/\/portaltela.pt\/s.01k8rhncp4jt1\/2026\/02\/image-1343.jpg\",\"keywords\":[\"administra\u00e7\u00e3o p\u00fablica\",\"CPCJ\",\"educa\u00e7\u00e3o\",\"governo\",\"recursos\",\"trabalho\"],\"articleSection\":[\"Not\u00edcias\"],\"inLanguage\":\"pt-PT\"},{\"@type\":\"WebPage\",\"@id\":\"https:\/\/portaltela.pt\/noticias\/2026\/02\/18\/rede-de-comissoes-de-protecao-de-menores-cobre-todo-o-pais\/\",\"url\":\"https:\/\/portaltela.pt\/noticias\/2026\/02\/18\/rede-de-comissoes-de-protecao-de-menores-cobre-todo-o-pais\/\",\"name\":\"Rede de comiss\u00f5es de prote\u00e7\u00e3o de menores cobre todo o pa\u00eds - Portal Tela Portugal\",\"isPartOf\":{\"@id\":\"https:\/\/portaltela.pt\/#website\"},\"primaryImageOfPage\":{\"@id\":\"https:\/\/portaltela.pt\/noticias\/2026\/02\/18\/rede-de-comissoes-de-protecao-de-menores-cobre-todo-o-pais\/#primaryimage\"},\"image\":{\"@id\":\"https:\/\/portaltela.pt\/noticias\/2026\/02\/18\/rede-de-comissoes-de-protecao-de-menores-cobre-todo-o-pais\/#primaryimage\"},\"thumbnailUrl\":\"https:\/\/portaltela.pt\/s.01k8rhncp4jt1\/2026\/02\/image-1343.jpg\",\"datePublished\":\"2026-02-18T17:26:00+00:00\",\"author\":{\"@id\":\"https:\/\/portaltela.pt\/#\/schema\/person\/c4278d4a6028830caff9ee44b42d32ed\"},\"breadcrumb\":{\"@id\":\"https:\/\/portaltela.pt\/noticias\/2026\/02\/18\/rede-de-comissoes-de-protecao-de-menores-cobre-todo-o-pais\/#breadcrumb\"},\"inLanguage\":\"pt-PT\",\"potentialAction\":[{\"@type\":\"ReadAction\",\"target\":[\"https:\/\/portaltela.pt\/noticias\/2026\/02\/18\/rede-de-comissoes-de-protecao-de-menores-cobre-todo-o-pais\/\"]}]},{\"@type\":\"ImageObject\",\"inLanguage\":\"pt-PT\",\"@id\":\"https:\/\/portaltela.pt\/noticias\/2026\/02\/18\/rede-de-comissoes-de-protecao-de-menores-cobre-todo-o-pais\/#primaryimage\",\"url\":\"https:\/\/portaltela.pt\/s.01k8rhncp4jt1\/2026\/02\/image-1343.jpg\",\"contentUrl\":\"https:\/\/portaltela.pt\/s.01k8rhncp4jt1\/2026\/02\/image-1343.jpg\",\"width\":796,\"height\":448,\"caption\":\"Em breve haver\u00e1 propostas de altera\u00e7\u00e3o ao sistema de promo\u00e7\u00e3o e prote\u00e7\u00e3o de crian\u00e7as e jovens\"},{\"@type\":\"BreadcrumbList\",\"@id\":\"https:\/\/portaltela.pt\/noticias\/2026\/02\/18\/rede-de-comissoes-de-protecao-de-menores-cobre-todo-o-pais\/#breadcrumb\",\"itemListElement\":[{\"@type\":\"ListItem\",\"position\":1,\"name\":\"In\u00edcio\",\"item\":\"https:\/\/portaltela.pt\/\"},{\"@type\":\"ListItem\",\"position\":2,\"name\":\"Rede de comiss\u00f5es de prote\u00e7\u00e3o de menores cobre todo o pa\u00eds\"}]},{\"@type\":\"WebSite\",\"@id\":\"https:\/\/portaltela.pt\/#website\",\"url\":\"https:\/\/portaltela.pt\/\",\"name\":\"Portal Tela Portugal\",\"description\":\"\",\"potentialAction\":[{\"@type\":\"SearchAction\",\"target\":{\"@type\":\"EntryPoint\",\"urlTemplate\":\"https:\/\/portaltela.pt\/?s={search_term_string}\"},\"query-input\":{\"@type\":\"PropertyValueSpecification\",\"valueRequired\":true,\"valueName\":\"search_term_string\"}}],\"inLanguage\":\"pt-PT\"},{\"@type\":\"Person\",\"@id\":\"https:\/\/portaltela.pt\/#\/schema\/person\/c4278d4a6028830caff9ee44b42d32ed\",\"name\":\"Telinha\",\"image\":{\"@type\":\"ImageObject\",\"inLanguage\":\"pt-PT\",\"@id\":\"https:\/\/portaltela.pt\/s.01k8rhncp4jt1\/2025\/11\/talking-bot-125x125.png\",\"url\":\"https:\/\/portaltela.pt\/s.01k8rhncp4jt1\/2025\/11\/talking-bot-125x125.png\",\"contentUrl\":\"https:\/\/portaltela.pt\/s.01k8rhncp4jt1\/2025\/11\/talking-bot-125x125.png\",\"caption\":\"Telinha\"},\"sameAs\":[\"https:\/\/portaltela.pt\/\"],\"url\":\"https:\/\/portaltela.pt\/por\/367410592786\/\"}]}<\/script>\n<!-- \/ Yoast SEO plugin. -->","yoast_head_json":{"title":"Rede de comiss\u00f5es de prote\u00e7\u00e3o de menores cobre todo o pa\u00eds - Portal Tela Portugal","robots":{"index":"index","follow":"follow","max-snippet":"max-snippet:-1","max-image-preview":"max-image-preview:large","max-video-preview":"max-video-preview:-1"},"og_locale":"pt_PT","og_type":"article","og_title":"Rede de comiss\u00f5es de prote\u00e7\u00e3o de menores cobre todo o pa\u00eds - Portal Tela Portugal","og_description":"O Governo anunciou que existem 315 Comiss\u00f5es de Prote\u00e7\u00e3o de Crian\u00e7as e Jovens em todo o pa\u00eds e est\u00e1 a ponderar criar comiss\u00f5es intermunicipais onde haja menos processos, para rentabilizar recursos. Em 2024, 305 dos 308 concelhos portugueses tinham CPCJ instaladas, e apenas 27% dessas comiss\u00f5es tinham a composi\u00e7\u00e3o completa. Est\u00e1 em curso uma altera\u00e7\u00e3o legislativa \u00e0 Comiss\u00e3o Nacional de Promo\u00e7\u00e3o dos Direitos das Crian\u00e7as para tornar a estrutura mais robusta e envolver mais \u00e1reas governativas. O Governo criou, em 2024, uma equipa de trabalho para avaliar o modelo de prote\u00e7\u00e3o de menores, e v\u00e3o ser apresentadas propostas de altera\u00e7\u00f5es ao sistema de promo\u00e7\u00e3o e prote\u00e7\u00e3o. Entre as mudan\u00e7as previstas est\u00e1 o refor\u00e7o de equipas nas CPCJ com maior volume processual e a profissionaliza\u00e7\u00e3o, com t\u00e9cnicos a tempo inteiro; em janeiro, faltavam apenas seis professores devido ao t\u00e9rmino dos mandatos.","og_url":"https:\/\/portaltela.pt\/noticias\/2026\/02\/18\/rede-de-comissoes-de-protecao-de-menores-cobre-todo-o-pais\/","og_site_name":"Portal Tela Portugal","article_published_time":"2026-02-18T17:26:00+00:00","author":"Telinha","twitter_card":"summary_large_image","twitter_misc":{"Escrito por":"Telinha","Tempo estimado de leitura":"2 minutos"},"schema":{"@context":"https:\/\/schema.org","@graph":[{"@type":"Article","@id":"https:\/\/portaltela.pt\/noticias\/2026\/02\/18\/rede-de-comissoes-de-protecao-de-menores-cobre-todo-o-pais\/#article","isPartOf":{"@id":"https:\/\/portaltela.pt\/noticias\/2026\/02\/18\/rede-de-comissoes-de-protecao-de-menores-cobre-todo-o-pais\/"},"author":{"name":"Telinha","@id":"https:\/\/portaltela.pt\/#\/schema\/person\/c4278d4a6028830caff9ee44b42d32ed"},"headline":"Rede de comiss\u00f5es de prote\u00e7\u00e3o de menores cobre todo o pa\u00eds","datePublished":"2026-02-18T17:26:00+00:00","mainEntityOfPage":{"@id":"https:\/\/portaltela.pt\/noticias\/2026\/02\/18\/rede-de-comissoes-de-protecao-de-menores-cobre-todo-o-pais\/"},"wordCount":355,"image":{"@id":"https:\/\/portaltela.pt\/noticias\/2026\/02\/18\/rede-de-comissoes-de-protecao-de-menores-cobre-todo-o-pais\/#primaryimage"},"thumbnailUrl":"https:\/\/portaltela.pt\/s.01k8rhncp4jt1\/2026\/02\/image-1343.jpg","keywords":["administra\u00e7\u00e3o p\u00fablica","CPCJ","educa\u00e7\u00e3o","governo","recursos","trabalho"],"articleSection":["Not\u00edcias"],"inLanguage":"pt-PT"},{"@type":"WebPage","@id":"https:\/\/portaltela.pt\/noticias\/2026\/02\/18\/rede-de-comissoes-de-protecao-de-menores-cobre-todo-o-pais\/","url":"https:\/\/portaltela.pt\/noticias\/2026\/02\/18\/rede-de-comissoes-de-protecao-de-menores-cobre-todo-o-pais\/","name":"Rede de comiss\u00f5es de prote\u00e7\u00e3o de menores cobre todo o pa\u00eds - Portal Tela Portugal","isPartOf":{"@id":"https:\/\/portaltela.pt\/#website"},"primaryImageOfPage":{"@id":"https:\/\/portaltela.pt\/noticias\/2026\/02\/18\/rede-de-comissoes-de-protecao-de-menores-cobre-todo-o-pais\/#primaryimage"},"image":{"@id":"https:\/\/portaltela.pt\/noticias\/2026\/02\/18\/rede-de-comissoes-de-protecao-de-menores-cobre-todo-o-pais\/#primaryimage"},"thumbnailUrl":"https:\/\/portaltela.pt\/s.01k8rhncp4jt1\/2026\/02\/image-1343.jpg","datePublished":"2026-02-18T17:26:00+00:00","author":{"@id":"https:\/\/portaltela.pt\/#\/schema\/person\/c4278d4a6028830caff9ee44b42d32ed"},"breadcrumb":{"@id":"https:\/\/portaltela.pt\/noticias\/2026\/02\/18\/rede-de-comissoes-de-protecao-de-menores-cobre-todo-o-pais\/#breadcrumb"},"inLanguage":"pt-PT","potentialAction":[{"@type":"ReadAction","target":["https:\/\/portaltela.pt\/noticias\/2026\/02\/18\/rede-de-comissoes-de-protecao-de-menores-cobre-todo-o-pais\/"]}]},{"@type":"ImageObject","inLanguage":"pt-PT","@id":"https:\/\/portaltela.pt\/noticias\/2026\/02\/18\/rede-de-comissoes-de-protecao-de-menores-cobre-todo-o-pais\/#primaryimage","url":"https:\/\/portaltela.pt\/s.01k8rhncp4jt1\/2026\/02\/image-1343.jpg","contentUrl":"https:\/\/portaltela.pt\/s.01k8rhncp4jt1\/2026\/02\/image-1343.jpg","width":796,"height":448,"caption":"Em breve haver\u00e1 propostas de altera\u00e7\u00e3o ao sistema de promo\u00e7\u00e3o e prote\u00e7\u00e3o de crian\u00e7as e jovens"},{"@type":"BreadcrumbList","@id":"https:\/\/portaltela.pt\/noticias\/2026\/02\/18\/rede-de-comissoes-de-protecao-de-menores-cobre-todo-o-pais\/#breadcrumb","itemListElement":[{"@type":"ListItem","position":1,"name":"In\u00edcio","item":"https:\/\/portaltela.pt\/"},{"@type":"ListItem","position":2,"name":"Rede de comiss\u00f5es de prote\u00e7\u00e3o de menores cobre todo o pa\u00eds"}]},{"@type":"WebSite","@id":"https:\/\/portaltela.pt\/#website","url":"https:\/\/portaltela.pt\/","name":"Portal Tela Portugal","description":"","potentialAction":[{"@type":"SearchAction","target":{"@type":"EntryPoint","urlTemplate":"https:\/\/portaltela.pt\/?s={search_term_string}"},"query-input":{"@type":"PropertyValueSpecification","valueRequired":true,"valueName":"search_term_string"}}],"inLanguage":"pt-PT"},{"@type":"Person","@id":"https:\/\/portaltela.pt\/#\/schema\/person\/c4278d4a6028830caff9ee44b42d32ed","name":"Telinha","image":{"@type":"ImageObject","inLanguage":"pt-PT","@id":"https:\/\/portaltela.pt\/s.01k8rhncp4jt1\/2025\/11\/talking-bot-125x125.png","url":"https:\/\/portaltela.pt\/s.01k8rhncp4jt1\/2025\/11\/talking-bot-125x125.png","contentUrl":"https:\/\/portaltela.pt\/s.01k8rhncp4jt1\/2025\/11\/talking-bot-125x125.png","caption":"Telinha"},"sameAs":["https:\/\/portaltela.pt\/"],"url":"https:\/\/portaltela.pt\/por\/367410592786\/"}]}},"_links":{"self":[{"href":"https:\/\/portaltela.pt\/api\/wp\/v2\/posts\/216305","targetHints":{"allow":["GET"]}}],"collection":[{"href":"https:\/\/portaltela.pt\/api\/wp\/v2\/posts"}],"about":[{"href":"https:\/\/portaltela.pt\/api\/wp\/v2\/types\/post"}],"author":[{"embeddable":true,"href":"https:\/\/portaltela.pt\/api\/wp\/v2\/users\/2"}],"replies":[{"embeddable":true,"href":"https:\/\/portaltela.pt\/api\/wp\/v2\/comments?post=216305"}],"version-history":[{"count":0,"href":"https:\/\/portaltela.pt\/api\/wp\/v2\/posts\/216305\/revisions"}],"wp:featuredmedia":[{"embeddable":true,"href":"https:\/\/portaltela.pt\/api\/wp\/v2\/media\/216317"}],"wp:attachment":[{"href":"https:\/\/portaltela.pt\/api\/wp\/v2\/media?parent=216305"}],"wp:term":[{"taxonomy":"category","embeddable":true,"href":"https:\/\/portaltela.pt\/api\/wp\/v2\/categories?post=216305"},{"taxonomy":"post_tag","embeddable":true,"href":"https:\/\/portaltela.pt\/api\/wp\/v2\/tags?post=216305"}],"curies":[{"name":"wp","href":"https:\/\/api.w.org\/{rel}","templated":true}]}}