{"id":216294,"date":"2026-02-18T14:17:16","date_gmt":"2026-02-18T17:17:16","guid":{"rendered":"https:\/\/portaltela.pt\/noticias\/2026\/02\/18\/esquiadores-olimpicos-alertam-para-recuo-perigoso-dos-glaciares\/"},"modified":"2026-02-18T14:17:16","modified_gmt":"2026-02-18T17:17:16","slug":"esquiadores-olimpicos-alertam-para-recuo-perigoso-dos-glaciares","status":"publish","type":"post","link":"https:\/\/portaltela.pt\/noticias\/2026\/02\/18\/esquiadores-olimpicos-alertam-para-recuo-perigoso-dos-glaciares\/","title":{"rendered":"Esquiadores ol\u00edmpicos alertam para recuo perigoso dos glaciares"},"content":{"rendered":"<p>Desde Cortina d\u2019Ampezzo, It\u00e1lia, atletas de elite pedem aten\u00e7\u00e3o ao recuo dos glaciares. O derretimento global afeta a pr\u00e1tica de esportes de neve, incluindo o esqui ol\u00edmpico, com impactos vis\u00edveis nos glaciares que rodeiam os Dolomitas.<\/p>\n<p>Esquiadores de renome, entre eles Lindsey Vonn, Mikaela Shiffrin e Federica Brignone, destacaram a gravidade da situa\u00e7\u00e3o durante a atual edi\u00e7\u00e3o dos Jogos. O cen\u00e1rio de Cortina, j\u00e1 marcado pela diminui\u00e7\u00e3o de grandes massas de gelo, torna-se um palco para debates sobre mudan\u00e7as clim\u00e1ticas.<\/p>\n<p>O desfecho \u00e9 preocupante para o desporto: glaciares de alto altitude encolhem, apresentando condutas de derretimento acelerado nas \u00faltimas d\u00e9cadas. O Novo Invent\u00e1rio de Glaciares Italianos aponta perdas significativas desde 1959-1962, com redu\u00e7\u00e3o de volume e \u00e1rea.<\/p>\n<p>Entre os picos que cercam Cortina, glaciares como Cristallo e Sorapiss resistem, mas j\u00e1 n\u00e3o cumprem crit\u00e9rios de volume em alguns casos. Estudos indicam que muitos glaciares da regi\u00e3o perderam grande parte do gelo ao longo de 25 anos.<\/p>\n<p>A Marmolada, a cerca de 50 quil\u00f3metros de Cortina, \u00e9 citada como um dos maiores glaciais dos Dolomitas e j\u00e1 foi palco de um desprendimento de gelo em 2022, que gerou uma avalanche de detritos. Tr\u00eas observam que a regi\u00e3o est\u00e1 sob press\u00e3o clim\u00e1tica crescente.<\/p>\n<p>Especialistas destacam o efeito amplificado da temperatura global no esqui, com consequ\u00eancias para a qualidade da neve e para a organiza\u00e7\u00e3o de eventos de inverno ao longo do tempo. A evolu\u00e7\u00e3o dos glaciares aumenta a complexidade de treinos e competi\u00e7\u00f5es.<\/p>\n<p>A Universidade de Innsbruck criou o Goodbye Glaciers Project, que quantifica a perda de massa de gelo com base em diferentes cen\u00e1rios de aquecimento. Segundo o projeto, reduzir emiss\u00f5es agora pode retardar perdas futuras.<\/p>\n<p>Estudos indicam que, a n\u00edvel mundial, mais de 6,5 mil milh\u00f5es de toneladas de gelo foram perdidos desde 2000. O impacto \u00e9 sentido nas comunidades, nos recursos h\u00eddricos e na viabilidade de futuras edi\u00e7\u00f5es de Jogos de Inverno.<\/p>\n<p>Entre os atletas, outros nomes do olimpismo reiteram preocupa\u00e7\u00f5es. Noa Szollos (Israel) e Silja Koskinen (Finl\u00e2ndia) indicam dificuldades crescentes para treinar em glaciares que j\u00e1 apresentam fendas e \u00e1gua na superf\u00edcie. River Radamus ( EUA) defende o papel dos atletas na defesa ambiental.<\/p>\n<p>O panorama global sugere que o n\u00famero de locais aptos para organizar Jogos de Inverno poder\u00e1 diminuir nos pr\u00f3ximos anos, caso n\u00e3o haja avan\u00e7os significativos em pol\u00edticas clim\u00e1ticas e patroc\u00ednios mais respons\u00e1veis.<\/p>\n","protected":false},"excerpt":{"rendered":"<ul>\n<li>Desde o final da d\u00e9cada de setenta e cinco, a It\u00e1lia perdeu mais de 200 quil\u00f3metros quadrados de glaciares, segundo glaci\u00f3logos italianos.<\/li>\n<li>Esquiadores de renome, como Lindsey Vonn, Mikaela Shiffrin e Federica Brignone, alertam para o r\u00e1pido derretimento dos glaciares durante os Jogos Ol\u00edmpicos em Cortina d\u2019Ampezzo.<\/li>\n<li>Os glaciares nos Dolomitas recuam, e o glaciar Marmolada sofreu um grande desmoronamento em julho de dois mil e vinte e dois; o gelo sobe cada vez mais em altitude.<\/li>\n<li>O Goodbye Glaciers Project prev\u00ea que quase desapare\u00e7am at\u00e9 dois mil e trinta e quatro se o aquecimento global atingir dois coma sete graus; limitar a um coma cinco pode preservar cerca de cem glaciares nos Alpes e atrasar esse desaparecimento.<\/li>\n<li>Globalmente, perderam-se mais de 6,5 bili\u00f5es de toneladas de gelo desde dois mil, com atletas ressaltando que as altera\u00e7\u00f5es clim\u00e1ticas afetam o desporto e requerem a\u00e7\u00f5es r\u00e1pidas.<\/li>\n<\/ul>\n","protected":false},"author":2,"featured_media":216297,"comment_status":"closed","ping_status":"closed","sticky":false,"template":"","format":"standard","meta":{"footnotes":""},"categories":[1],"tags":[2665,167,152,60,5963,1857],"class_list":["post-216294","post","type-post","status-publish","format-standard","has-post-thumbnail","hentry","category-noticias","tag-alteracoes-climaticas","tag-ambiente","tag-desporto","tag-esportes","tag-esportes-olimpicos","tag-italia"],"yoast_head":"<!-- This site is optimized with the Yoast SEO plugin v27.2 - https:\/\/yoast.com\/product\/yoast-seo-wordpress\/ -->\n<title>Esquiadores ol\u00edmpicos alertam para recuo perigoso dos glaciares - Portal Tela Portugal<\/title>\n<meta name=\"robots\" content=\"index, follow, max-snippet:-1, max-image-preview:large, max-video-preview:-1\" \/>\n<meta property=\"og:locale\" content=\"pt_PT\" \/>\n<meta property=\"og:type\" content=\"article\" \/>\n<meta property=\"og:title\" content=\"Esquiadores ol\u00edmpicos alertam para recuo perigoso dos glaciares - Portal Tela Portugal\" \/>\n<meta property=\"og:description\" content=\"Desde o final da d\u00e9cada de setenta e cinco, a It\u00e1lia perdeu mais de 200 quil\u00f3metros quadrados de glaciares, segundo glaci\u00f3logos italianos. Esquiadores de renome, como Lindsey Vonn, Mikaela Shiffrin e Federica Brignone, alertam para o r\u00e1pido derretimento dos glaciares durante os Jogos Ol\u00edmpicos em Cortina d\u2019Ampezzo. Os glaciares nos Dolomitas recuam, e o glaciar Marmolada sofreu um grande desmoronamento em julho de dois mil e vinte e dois; o gelo sobe cada vez mais em altitude. O Goodbye Glaciers Project prev\u00ea que quase desapare\u00e7am at\u00e9 dois mil e trinta e quatro se o aquecimento global atingir dois coma sete graus; limitar a um coma cinco pode preservar cerca de cem glaciares nos Alpes e atrasar esse desaparecimento. Globalmente, perderam-se mais de 6,5 bili\u00f5es de toneladas de gelo desde dois mil, com atletas ressaltando que as altera\u00e7\u00f5es clim\u00e1ticas afetam o desporto e requerem a\u00e7\u00f5es r\u00e1pidas.\" \/>\n<meta property=\"og:url\" content=\"https:\/\/portaltela.pt\/noticias\/2026\/02\/18\/esquiadores-olimpicos-alertam-para-recuo-perigoso-dos-glaciares\/\" \/>\n<meta property=\"og:site_name\" content=\"Portal Tela Portugal\" \/>\n<meta property=\"article:published_time\" content=\"2026-02-18T17:17:16+00:00\" \/>\n<meta name=\"author\" content=\"Telinha\" \/>\n<meta name=\"twitter:card\" content=\"summary_large_image\" \/>\n<meta name=\"twitter:label1\" content=\"Escrito por\" \/>\n\t<meta name=\"twitter:data1\" content=\"Telinha\" \/>\n\t<meta name=\"twitter:label2\" content=\"Tempo estimado de leitura\" \/>\n\t<meta name=\"twitter:data2\" content=\"2 minutos\" \/>\n<script type=\"application\/ld+json\" class=\"yoast-schema-graph\">{\"@context\":\"https:\/\/schema.org\",\"@graph\":[{\"@type\":\"Article\",\"@id\":\"https:\/\/portaltela.pt\/noticias\/2026\/02\/18\/esquiadores-olimpicos-alertam-para-recuo-perigoso-dos-glaciares\/#article\",\"isPartOf\":{\"@id\":\"https:\/\/portaltela.pt\/noticias\/2026\/02\/18\/esquiadores-olimpicos-alertam-para-recuo-perigoso-dos-glaciares\/\"},\"author\":{\"name\":\"Telinha\",\"@id\":\"https:\/\/portaltela.pt\/#\/schema\/person\/c4278d4a6028830caff9ee44b42d32ed\"},\"headline\":\"Esquiadores ol\u00edmpicos alertam para recuo perigoso dos glaciares\",\"datePublished\":\"2026-02-18T17:17:16+00:00\",\"mainEntityOfPage\":{\"@id\":\"https:\/\/portaltela.pt\/noticias\/2026\/02\/18\/esquiadores-olimpicos-alertam-para-recuo-perigoso-dos-glaciares\/\"},\"wordCount\":432,\"image\":{\"@id\":\"https:\/\/portaltela.pt\/noticias\/2026\/02\/18\/esquiadores-olimpicos-alertam-para-recuo-perigoso-dos-glaciares\/#primaryimage\"},\"thumbnailUrl\":\"https:\/\/portaltela.pt\/s.01k8rhncp4jt1\/2026\/02\/1536x864_cmsv2_3316dd68-8e13-5dc6-852c-4053c14ea72a-9656178.jpg\",\"keywords\":[\"Altera\u00e7\u00f5es Clim\u00e1ticas\",\"ambiente\",\"desporto\",\"esportes\",\"esportes ol\u00edmpicos\",\"It\u00e1lia\"],\"articleSection\":[\"Not\u00edcias\"],\"inLanguage\":\"pt-PT\"},{\"@type\":\"WebPage\",\"@id\":\"https:\/\/portaltela.pt\/noticias\/2026\/02\/18\/esquiadores-olimpicos-alertam-para-recuo-perigoso-dos-glaciares\/\",\"url\":\"https:\/\/portaltela.pt\/noticias\/2026\/02\/18\/esquiadores-olimpicos-alertam-para-recuo-perigoso-dos-glaciares\/\",\"name\":\"Esquiadores ol\u00edmpicos alertam para recuo perigoso dos glaciares - Portal Tela Portugal\",\"isPartOf\":{\"@id\":\"https:\/\/portaltela.pt\/#website\"},\"primaryImageOfPage\":{\"@id\":\"https:\/\/portaltela.pt\/noticias\/2026\/02\/18\/esquiadores-olimpicos-alertam-para-recuo-perigoso-dos-glaciares\/#primaryimage\"},\"image\":{\"@id\":\"https:\/\/portaltela.pt\/noticias\/2026\/02\/18\/esquiadores-olimpicos-alertam-para-recuo-perigoso-dos-glaciares\/#primaryimage\"},\"thumbnailUrl\":\"https:\/\/portaltela.pt\/s.01k8rhncp4jt1\/2026\/02\/1536x864_cmsv2_3316dd68-8e13-5dc6-852c-4053c14ea72a-9656178.jpg\",\"datePublished\":\"2026-02-18T17:17:16+00:00\",\"author\":{\"@id\":\"https:\/\/portaltela.pt\/#\/schema\/person\/c4278d4a6028830caff9ee44b42d32ed\"},\"breadcrumb\":{\"@id\":\"https:\/\/portaltela.pt\/noticias\/2026\/02\/18\/esquiadores-olimpicos-alertam-para-recuo-perigoso-dos-glaciares\/#breadcrumb\"},\"inLanguage\":\"pt-PT\",\"potentialAction\":[{\"@type\":\"ReadAction\",\"target\":[\"https:\/\/portaltela.pt\/noticias\/2026\/02\/18\/esquiadores-olimpicos-alertam-para-recuo-perigoso-dos-glaciares\/\"]}]},{\"@type\":\"ImageObject\",\"inLanguage\":\"pt-PT\",\"@id\":\"https:\/\/portaltela.pt\/noticias\/2026\/02\/18\/esquiadores-olimpicos-alertam-para-recuo-perigoso-dos-glaciares\/#primaryimage\",\"url\":\"https:\/\/portaltela.pt\/s.01k8rhncp4jt1\/2026\/02\/1536x864_cmsv2_3316dd68-8e13-5dc6-852c-4053c14ea72a-9656178.jpg\",\"contentUrl\":\"https:\/\/portaltela.pt\/s.01k8rhncp4jt1\/2026\/02\/1536x864_cmsv2_3316dd68-8e13-5dc6-852c-4053c14ea72a-9656178.jpg\",\"width\":796,\"height\":448,\"caption\":\"ARQUIVO - Vista a partir de um helic\u00f3ptero de salvamento do glaciar Punta Rocca, perto de Canazei, nos Alpes italianos, norte de It\u00e1lia, 5 julho 2022\"},{\"@type\":\"BreadcrumbList\",\"@id\":\"https:\/\/portaltela.pt\/noticias\/2026\/02\/18\/esquiadores-olimpicos-alertam-para-recuo-perigoso-dos-glaciares\/#breadcrumb\",\"itemListElement\":[{\"@type\":\"ListItem\",\"position\":1,\"name\":\"In\u00edcio\",\"item\":\"https:\/\/portaltela.pt\/\"},{\"@type\":\"ListItem\",\"position\":2,\"name\":\"Esquiadores ol\u00edmpicos alertam para recuo perigoso dos glaciares\"}]},{\"@type\":\"WebSite\",\"@id\":\"https:\/\/portaltela.pt\/#website\",\"url\":\"https:\/\/portaltela.pt\/\",\"name\":\"Portal Tela Portugal\",\"description\":\"\",\"potentialAction\":[{\"@type\":\"SearchAction\",\"target\":{\"@type\":\"EntryPoint\",\"urlTemplate\":\"https:\/\/portaltela.pt\/?s={search_term_string}\"},\"query-input\":{\"@type\":\"PropertyValueSpecification\",\"valueRequired\":true,\"valueName\":\"search_term_string\"}}],\"inLanguage\":\"pt-PT\"},{\"@type\":\"Person\",\"@id\":\"https:\/\/portaltela.pt\/#\/schema\/person\/c4278d4a6028830caff9ee44b42d32ed\",\"name\":\"Telinha\",\"image\":{\"@type\":\"ImageObject\",\"inLanguage\":\"pt-PT\",\"@id\":\"https:\/\/portaltela.pt\/s.01k8rhncp4jt1\/2025\/11\/talking-bot-125x125.png\",\"url\":\"https:\/\/portaltela.pt\/s.01k8rhncp4jt1\/2025\/11\/talking-bot-125x125.png\",\"contentUrl\":\"https:\/\/portaltela.pt\/s.01k8rhncp4jt1\/2025\/11\/talking-bot-125x125.png\",\"caption\":\"Telinha\"},\"sameAs\":[\"https:\/\/portaltela.pt\/\"],\"url\":\"https:\/\/portaltela.pt\/por\/367410592786\/\"}]}<\/script>\n<!-- \/ Yoast SEO plugin. -->","yoast_head_json":{"title":"Esquiadores ol\u00edmpicos alertam para recuo perigoso dos glaciares - Portal Tela Portugal","robots":{"index":"index","follow":"follow","max-snippet":"max-snippet:-1","max-image-preview":"max-image-preview:large","max-video-preview":"max-video-preview:-1"},"og_locale":"pt_PT","og_type":"article","og_title":"Esquiadores ol\u00edmpicos alertam para recuo perigoso dos glaciares - Portal Tela Portugal","og_description":"Desde o final da d\u00e9cada de setenta e cinco, a It\u00e1lia perdeu mais de 200 quil\u00f3metros quadrados de glaciares, segundo glaci\u00f3logos italianos. Esquiadores de renome, como Lindsey Vonn, Mikaela Shiffrin e Federica Brignone, alertam para o r\u00e1pido derretimento dos glaciares durante os Jogos Ol\u00edmpicos em Cortina d\u2019Ampezzo. Os glaciares nos Dolomitas recuam, e o glaciar Marmolada sofreu um grande desmoronamento em julho de dois mil e vinte e dois; o gelo sobe cada vez mais em altitude. O Goodbye Glaciers Project prev\u00ea que quase desapare\u00e7am at\u00e9 dois mil e trinta e quatro se o aquecimento global atingir dois coma sete graus; limitar a um coma cinco pode preservar cerca de cem glaciares nos Alpes e atrasar esse desaparecimento. Globalmente, perderam-se mais de 6,5 bili\u00f5es de toneladas de gelo desde dois mil, com atletas ressaltando que as altera\u00e7\u00f5es clim\u00e1ticas afetam o desporto e requerem a\u00e7\u00f5es r\u00e1pidas.","og_url":"https:\/\/portaltela.pt\/noticias\/2026\/02\/18\/esquiadores-olimpicos-alertam-para-recuo-perigoso-dos-glaciares\/","og_site_name":"Portal Tela Portugal","article_published_time":"2026-02-18T17:17:16+00:00","author":"Telinha","twitter_card":"summary_large_image","twitter_misc":{"Escrito por":"Telinha","Tempo estimado de leitura":"2 minutos"},"schema":{"@context":"https:\/\/schema.org","@graph":[{"@type":"Article","@id":"https:\/\/portaltela.pt\/noticias\/2026\/02\/18\/esquiadores-olimpicos-alertam-para-recuo-perigoso-dos-glaciares\/#article","isPartOf":{"@id":"https:\/\/portaltela.pt\/noticias\/2026\/02\/18\/esquiadores-olimpicos-alertam-para-recuo-perigoso-dos-glaciares\/"},"author":{"name":"Telinha","@id":"https:\/\/portaltela.pt\/#\/schema\/person\/c4278d4a6028830caff9ee44b42d32ed"},"headline":"Esquiadores ol\u00edmpicos alertam para recuo perigoso dos glaciares","datePublished":"2026-02-18T17:17:16+00:00","mainEntityOfPage":{"@id":"https:\/\/portaltela.pt\/noticias\/2026\/02\/18\/esquiadores-olimpicos-alertam-para-recuo-perigoso-dos-glaciares\/"},"wordCount":432,"image":{"@id":"https:\/\/portaltela.pt\/noticias\/2026\/02\/18\/esquiadores-olimpicos-alertam-para-recuo-perigoso-dos-glaciares\/#primaryimage"},"thumbnailUrl":"https:\/\/portaltela.pt\/s.01k8rhncp4jt1\/2026\/02\/1536x864_cmsv2_3316dd68-8e13-5dc6-852c-4053c14ea72a-9656178.jpg","keywords":["Altera\u00e7\u00f5es Clim\u00e1ticas","ambiente","desporto","esportes","esportes ol\u00edmpicos","It\u00e1lia"],"articleSection":["Not\u00edcias"],"inLanguage":"pt-PT"},{"@type":"WebPage","@id":"https:\/\/portaltela.pt\/noticias\/2026\/02\/18\/esquiadores-olimpicos-alertam-para-recuo-perigoso-dos-glaciares\/","url":"https:\/\/portaltela.pt\/noticias\/2026\/02\/18\/esquiadores-olimpicos-alertam-para-recuo-perigoso-dos-glaciares\/","name":"Esquiadores ol\u00edmpicos alertam para recuo perigoso dos glaciares - Portal Tela Portugal","isPartOf":{"@id":"https:\/\/portaltela.pt\/#website"},"primaryImageOfPage":{"@id":"https:\/\/portaltela.pt\/noticias\/2026\/02\/18\/esquiadores-olimpicos-alertam-para-recuo-perigoso-dos-glaciares\/#primaryimage"},"image":{"@id":"https:\/\/portaltela.pt\/noticias\/2026\/02\/18\/esquiadores-olimpicos-alertam-para-recuo-perigoso-dos-glaciares\/#primaryimage"},"thumbnailUrl":"https:\/\/portaltela.pt\/s.01k8rhncp4jt1\/2026\/02\/1536x864_cmsv2_3316dd68-8e13-5dc6-852c-4053c14ea72a-9656178.jpg","datePublished":"2026-02-18T17:17:16+00:00","author":{"@id":"https:\/\/portaltela.pt\/#\/schema\/person\/c4278d4a6028830caff9ee44b42d32ed"},"breadcrumb":{"@id":"https:\/\/portaltela.pt\/noticias\/2026\/02\/18\/esquiadores-olimpicos-alertam-para-recuo-perigoso-dos-glaciares\/#breadcrumb"},"inLanguage":"pt-PT","potentialAction":[{"@type":"ReadAction","target":["https:\/\/portaltela.pt\/noticias\/2026\/02\/18\/esquiadores-olimpicos-alertam-para-recuo-perigoso-dos-glaciares\/"]}]},{"@type":"ImageObject","inLanguage":"pt-PT","@id":"https:\/\/portaltela.pt\/noticias\/2026\/02\/18\/esquiadores-olimpicos-alertam-para-recuo-perigoso-dos-glaciares\/#primaryimage","url":"https:\/\/portaltela.pt\/s.01k8rhncp4jt1\/2026\/02\/1536x864_cmsv2_3316dd68-8e13-5dc6-852c-4053c14ea72a-9656178.jpg","contentUrl":"https:\/\/portaltela.pt\/s.01k8rhncp4jt1\/2026\/02\/1536x864_cmsv2_3316dd68-8e13-5dc6-852c-4053c14ea72a-9656178.jpg","width":796,"height":448,"caption":"ARQUIVO - Vista a partir de um helic\u00f3ptero de salvamento do glaciar Punta Rocca, perto de Canazei, nos Alpes italianos, norte de It\u00e1lia, 5 julho 2022"},{"@type":"BreadcrumbList","@id":"https:\/\/portaltela.pt\/noticias\/2026\/02\/18\/esquiadores-olimpicos-alertam-para-recuo-perigoso-dos-glaciares\/#breadcrumb","itemListElement":[{"@type":"ListItem","position":1,"name":"In\u00edcio","item":"https:\/\/portaltela.pt\/"},{"@type":"ListItem","position":2,"name":"Esquiadores ol\u00edmpicos alertam para recuo perigoso dos glaciares"}]},{"@type":"WebSite","@id":"https:\/\/portaltela.pt\/#website","url":"https:\/\/portaltela.pt\/","name":"Portal Tela Portugal","description":"","potentialAction":[{"@type":"SearchAction","target":{"@type":"EntryPoint","urlTemplate":"https:\/\/portaltela.pt\/?s={search_term_string}"},"query-input":{"@type":"PropertyValueSpecification","valueRequired":true,"valueName":"search_term_string"}}],"inLanguage":"pt-PT"},{"@type":"Person","@id":"https:\/\/portaltela.pt\/#\/schema\/person\/c4278d4a6028830caff9ee44b42d32ed","name":"Telinha","image":{"@type":"ImageObject","inLanguage":"pt-PT","@id":"https:\/\/portaltela.pt\/s.01k8rhncp4jt1\/2025\/11\/talking-bot-125x125.png","url":"https:\/\/portaltela.pt\/s.01k8rhncp4jt1\/2025\/11\/talking-bot-125x125.png","contentUrl":"https:\/\/portaltela.pt\/s.01k8rhncp4jt1\/2025\/11\/talking-bot-125x125.png","caption":"Telinha"},"sameAs":["https:\/\/portaltela.pt\/"],"url":"https:\/\/portaltela.pt\/por\/367410592786\/"}]}},"_links":{"self":[{"href":"https:\/\/portaltela.pt\/api\/wp\/v2\/posts\/216294","targetHints":{"allow":["GET"]}}],"collection":[{"href":"https:\/\/portaltela.pt\/api\/wp\/v2\/posts"}],"about":[{"href":"https:\/\/portaltela.pt\/api\/wp\/v2\/types\/post"}],"author":[{"embeddable":true,"href":"https:\/\/portaltela.pt\/api\/wp\/v2\/users\/2"}],"replies":[{"embeddable":true,"href":"https:\/\/portaltela.pt\/api\/wp\/v2\/comments?post=216294"}],"version-history":[{"count":0,"href":"https:\/\/portaltela.pt\/api\/wp\/v2\/posts\/216294\/revisions"}],"wp:featuredmedia":[{"embeddable":true,"href":"https:\/\/portaltela.pt\/api\/wp\/v2\/media\/216297"}],"wp:attachment":[{"href":"https:\/\/portaltela.pt\/api\/wp\/v2\/media?parent=216294"}],"wp:term":[{"taxonomy":"category","embeddable":true,"href":"https:\/\/portaltela.pt\/api\/wp\/v2\/categories?post=216294"},{"taxonomy":"post_tag","embeddable":true,"href":"https:\/\/portaltela.pt\/api\/wp\/v2\/tags?post=216294"}],"curies":[{"name":"wp","href":"https:\/\/api.w.org\/{rel}","templated":true}]}}