{"id":216278,"date":"2026-02-18T11:47:00","date_gmt":"2026-02-18T14:47:00","guid":{"rendered":"https:\/\/portaltela.pt\/noticias\/2026\/02\/18\/russia-acusa-guterres-de-parcialidade-e-violacao-da-carta-da-onu\/"},"modified":"2026-02-18T11:47:00","modified_gmt":"2026-02-18T14:47:00","slug":"russia-acusa-guterres-de-parcialidade-e-violacao-da-carta-da-onu","status":"publish","type":"post","link":"https:\/\/portaltela.pt\/noticias\/politica\/2026\/02\/18\/russia-acusa-guterres-de-parcialidade-e-violacao-da-carta-da-onu\/","title":{"rendered":"R\u00fassia acusa Guterres de parcialidade e viola\u00e7\u00e3o da Carta da ONU"},"content":{"rendered":"<p>A R\u00fassia acusou o secret\u00e1rio-geral da ONU, Ant\u00f3nio Guterres, de parcialidade e de violar a Carta das Na\u00e7\u00f5es Unidas. A not\u00edcia permanece em aberto quanto a detalhes adicionais, incluindo o tempo e o contexto espec\u00edficos das alega\u00e7\u00f5es.<\/p>\n<p>Segundo a informa\u00e7\u00e3o dispon\u00edvel, o alegado enquadra-se num confronto diplom\u00e1tico entre Moscovo e o \u00f3rg\u00e3o internacional sobre quest\u00f5es de atua\u00e7\u00e3o e imparcialidade nas decis\u00f5es da organiza\u00e7\u00e3o. N\u00e3o foram divulgados elementos que expliquem as motiva\u00e7\u00f5es ou as evid\u00eancias apresentadas pela parte russa.<\/p>\n<p>O conte\u00fado completo da reportagem est\u00e1 dispon\u00edvel apenas para subscritores, o que impede, no momento, a verifica\u00e7\u00e3o de dados adicionais, como a resposta da ONU, rea\u00e7\u00f5es de outras delega\u00e7\u00f5es ou desdobramentos institucionais.<\/p>\n","protected":false},"excerpt":{"rendered":"<ul>\n<li>A R\u00fassia acusa o secret\u00e1rio-geral da Organiza\u00e7\u00e3o das Na\u00e7\u00f5es Unidas, Ant\u00f3nio Guterres, de parcialidade.<\/li>\n<li>A acusa\u00e7\u00e3o envolve alegadamente viola\u00e7\u00e3o da Carta das Na\u00e7\u00f5es Unidas.<\/li>\n<li>A not\u00edcia completa est\u00e1 acess\u00edvel apenas para subscritores.<\/li>\n<li>A informa\u00e7\u00e3o apresentada \u00e9 apenas sobre a acusa\u00e7\u00e3o, sem coment\u00e1rios adicionais.<\/li>\n<li>N\u00e3o h\u00e1 detalhes adicionais dispon\u00edveis no conte\u00fado fornecido.<\/li>\n<\/ul>\n","protected":false},"author":2,"featured_media":216282,"comment_status":"closed","ping_status":"closed","sticky":false,"template":"","format":"standard","meta":{"footnotes":""},"categories":[1,5],"tags":[6074,3251,2198,5123,5698,3110],"class_list":["post-216278","post","type-post","status-publish","format-standard","has-post-thumbnail","hentry","category-noticias","category-politica","tag-antonio-guterres","tag-carta-das-nacoes-unidas","tag-conflitos-internacionais","tag-onu","tag-politica-internacional","tag-russia"],"yoast_head":"<!-- This site is optimized with the Yoast SEO plugin v27.2 - https:\/\/yoast.com\/product\/yoast-seo-wordpress\/ -->\n<title>R\u00fassia acusa Guterres de parcialidade e viola\u00e7\u00e3o da Carta da ONU - Portal Tela Portugal<\/title>\n<meta name=\"robots\" content=\"index, follow, max-snippet:-1, max-image-preview:large, max-video-preview:-1\" \/>\n<meta property=\"og:locale\" content=\"pt_PT\" \/>\n<meta property=\"og:type\" content=\"article\" \/>\n<meta property=\"og:title\" content=\"R\u00fassia acusa Guterres de parcialidade e viola\u00e7\u00e3o da Carta da ONU - Portal Tela Portugal\" \/>\n<meta property=\"og:description\" content=\"A R\u00fassia acusa o secret\u00e1rio-geral da Organiza\u00e7\u00e3o das Na\u00e7\u00f5es Unidas, Ant\u00f3nio Guterres, de parcialidade. A acusa\u00e7\u00e3o envolve alegadamente viola\u00e7\u00e3o da Carta das Na\u00e7\u00f5es Unidas. A not\u00edcia completa est\u00e1 acess\u00edvel apenas para subscritores. A informa\u00e7\u00e3o apresentada \u00e9 apenas sobre a acusa\u00e7\u00e3o, sem coment\u00e1rios adicionais. N\u00e3o h\u00e1 detalhes adicionais dispon\u00edveis no conte\u00fado fornecido.\" \/>\n<meta property=\"og:url\" content=\"https:\/\/portaltela.pt\/noticias\/2026\/02\/18\/russia-acusa-guterres-de-parcialidade-e-violacao-da-carta-da-onu\/\" \/>\n<meta property=\"og:site_name\" content=\"Portal Tela Portugal\" \/>\n<meta property=\"article:published_time\" content=\"2026-02-18T14:47:00+00:00\" \/>\n<meta name=\"author\" content=\"Telinha\" \/>\n<meta name=\"twitter:card\" content=\"summary_large_image\" \/>\n<meta name=\"twitter:label1\" content=\"Escrito por\" \/>\n\t<meta name=\"twitter:data1\" content=\"Telinha\" \/>\n\t<meta name=\"twitter:label2\" content=\"Tempo estimado de leitura\" \/>\n\t<meta name=\"twitter:data2\" content=\"1 minuto\" \/>\n<script type=\"application\/ld+json\" class=\"yoast-schema-graph\">{\"@context\":\"https:\/\/schema.org\",\"@graph\":[{\"@type\":\"Article\",\"@id\":\"https:\/\/portaltela.pt\/noticias\/2026\/02\/18\/russia-acusa-guterres-de-parcialidade-e-violacao-da-carta-da-onu\/#article\",\"isPartOf\":{\"@id\":\"https:\/\/portaltela.pt\/noticias\/2026\/02\/18\/russia-acusa-guterres-de-parcialidade-e-violacao-da-carta-da-onu\/\"},\"author\":{\"name\":\"Telinha\",\"@id\":\"https:\/\/portaltela.pt\/#\/schema\/person\/c4278d4a6028830caff9ee44b42d32ed\"},\"headline\":\"R\u00fassia acusa Guterres de parcialidade e viola\u00e7\u00e3o da Carta da ONU\",\"datePublished\":\"2026-02-18T14:47:00+00:00\",\"mainEntityOfPage\":{\"@id\":\"https:\/\/portaltela.pt\/noticias\/2026\/02\/18\/russia-acusa-guterres-de-parcialidade-e-violacao-da-carta-da-onu\/\"},\"wordCount\":146,\"image\":{\"@id\":\"https:\/\/portaltela.pt\/noticias\/2026\/02\/18\/russia-acusa-guterres-de-parcialidade-e-violacao-da-carta-da-onu\/#primaryimage\"},\"thumbnailUrl\":\"https:\/\/portaltela.pt\/s.01k8rhncp4jt1\/2026\/02\/CACHE_780X1200_ANALOG_WATERMARKED_46505254_365131117721249.jpg\",\"keywords\":[\"Ant\u00f3nio Guterres\",\"Carta das Na\u00e7\u00f5es Unidas\",\"conflitos internacionais\",\"ONU\",\"pol\u00edtica internacional\",\"R\u00fassia\"],\"articleSection\":[\"Not\u00edcias\",\"Pol\u00edtica\"],\"inLanguage\":\"pt-PT\"},{\"@type\":\"WebPage\",\"@id\":\"https:\/\/portaltela.pt\/noticias\/2026\/02\/18\/russia-acusa-guterres-de-parcialidade-e-violacao-da-carta-da-onu\/\",\"url\":\"https:\/\/portaltela.pt\/noticias\/2026\/02\/18\/russia-acusa-guterres-de-parcialidade-e-violacao-da-carta-da-onu\/\",\"name\":\"R\u00fassia acusa Guterres de parcialidade e viola\u00e7\u00e3o da Carta da ONU - Portal Tela Portugal\",\"isPartOf\":{\"@id\":\"https:\/\/portaltela.pt\/#website\"},\"primaryImageOfPage\":{\"@id\":\"https:\/\/portaltela.pt\/noticias\/2026\/02\/18\/russia-acusa-guterres-de-parcialidade-e-violacao-da-carta-da-onu\/#primaryimage\"},\"image\":{\"@id\":\"https:\/\/portaltela.pt\/noticias\/2026\/02\/18\/russia-acusa-guterres-de-parcialidade-e-violacao-da-carta-da-onu\/#primaryimage\"},\"thumbnailUrl\":\"https:\/\/portaltela.pt\/s.01k8rhncp4jt1\/2026\/02\/CACHE_780X1200_ANALOG_WATERMARKED_46505254_365131117721249.jpg\",\"datePublished\":\"2026-02-18T14:47:00+00:00\",\"author\":{\"@id\":\"https:\/\/portaltela.pt\/#\/schema\/person\/c4278d4a6028830caff9ee44b42d32ed\"},\"breadcrumb\":{\"@id\":\"https:\/\/portaltela.pt\/noticias\/2026\/02\/18\/russia-acusa-guterres-de-parcialidade-e-violacao-da-carta-da-onu\/#breadcrumb\"},\"inLanguage\":\"pt-PT\",\"potentialAction\":[{\"@type\":\"ReadAction\",\"target\":[\"https:\/\/portaltela.pt\/noticias\/2026\/02\/18\/russia-acusa-guterres-de-parcialidade-e-violacao-da-carta-da-onu\/\"]}]},{\"@type\":\"ImageObject\",\"inLanguage\":\"pt-PT\",\"@id\":\"https:\/\/portaltela.pt\/noticias\/2026\/02\/18\/russia-acusa-guterres-de-parcialidade-e-violacao-da-carta-da-onu\/#primaryimage\",\"url\":\"https:\/\/portaltela.pt\/s.01k8rhncp4jt1\/2026\/02\/CACHE_780X1200_ANALOG_WATERMARKED_46505254_365131117721249.jpg\",\"contentUrl\":\"https:\/\/portaltela.pt\/s.01k8rhncp4jt1\/2026\/02\/CACHE_780X1200_ANALOG_WATERMARKED_46505254_365131117721249.jpg\",\"width\":796,\"height\":448,\"caption\":\"R\u00fassia acusa Guterres de parcialidade e de violar Carta da ONU\"},{\"@type\":\"BreadcrumbList\",\"@id\":\"https:\/\/portaltela.pt\/noticias\/2026\/02\/18\/russia-acusa-guterres-de-parcialidade-e-violacao-da-carta-da-onu\/#breadcrumb\",\"itemListElement\":[{\"@type\":\"ListItem\",\"position\":1,\"name\":\"In\u00edcio\",\"item\":\"https:\/\/portaltela.pt\/\"},{\"@type\":\"ListItem\",\"position\":2,\"name\":\"R\u00fassia acusa Guterres de parcialidade e viola\u00e7\u00e3o da Carta da ONU\"}]},{\"@type\":\"WebSite\",\"@id\":\"https:\/\/portaltela.pt\/#website\",\"url\":\"https:\/\/portaltela.pt\/\",\"name\":\"Portal Tela Portugal\",\"description\":\"\",\"potentialAction\":[{\"@type\":\"SearchAction\",\"target\":{\"@type\":\"EntryPoint\",\"urlTemplate\":\"https:\/\/portaltela.pt\/?s={search_term_string}\"},\"query-input\":{\"@type\":\"PropertyValueSpecification\",\"valueRequired\":true,\"valueName\":\"search_term_string\"}}],\"inLanguage\":\"pt-PT\"},{\"@type\":\"Person\",\"@id\":\"https:\/\/portaltela.pt\/#\/schema\/person\/c4278d4a6028830caff9ee44b42d32ed\",\"name\":\"Telinha\",\"image\":{\"@type\":\"ImageObject\",\"inLanguage\":\"pt-PT\",\"@id\":\"https:\/\/portaltela.pt\/s.01k8rhncp4jt1\/2025\/11\/talking-bot-125x125.png\",\"url\":\"https:\/\/portaltela.pt\/s.01k8rhncp4jt1\/2025\/11\/talking-bot-125x125.png\",\"contentUrl\":\"https:\/\/portaltela.pt\/s.01k8rhncp4jt1\/2025\/11\/talking-bot-125x125.png\",\"caption\":\"Telinha\"},\"sameAs\":[\"https:\/\/portaltela.pt\/\"],\"url\":\"https:\/\/portaltela.pt\/por\/367410592786\/\"}]}<\/script>\n<!-- \/ Yoast SEO plugin. -->","yoast_head_json":{"title":"R\u00fassia acusa Guterres de parcialidade e viola\u00e7\u00e3o da Carta da ONU - Portal Tela Portugal","robots":{"index":"index","follow":"follow","max-snippet":"max-snippet:-1","max-image-preview":"max-image-preview:large","max-video-preview":"max-video-preview:-1"},"og_locale":"pt_PT","og_type":"article","og_title":"R\u00fassia acusa Guterres de parcialidade e viola\u00e7\u00e3o da Carta da ONU - Portal Tela Portugal","og_description":"A R\u00fassia acusa o secret\u00e1rio-geral da Organiza\u00e7\u00e3o das Na\u00e7\u00f5es Unidas, Ant\u00f3nio Guterres, de parcialidade. A acusa\u00e7\u00e3o envolve alegadamente viola\u00e7\u00e3o da Carta das Na\u00e7\u00f5es Unidas. A not\u00edcia completa est\u00e1 acess\u00edvel apenas para subscritores. A informa\u00e7\u00e3o apresentada \u00e9 apenas sobre a acusa\u00e7\u00e3o, sem coment\u00e1rios adicionais. N\u00e3o h\u00e1 detalhes adicionais dispon\u00edveis no conte\u00fado fornecido.","og_url":"https:\/\/portaltela.pt\/noticias\/2026\/02\/18\/russia-acusa-guterres-de-parcialidade-e-violacao-da-carta-da-onu\/","og_site_name":"Portal Tela Portugal","article_published_time":"2026-02-18T14:47:00+00:00","author":"Telinha","twitter_card":"summary_large_image","twitter_misc":{"Escrito por":"Telinha","Tempo estimado de leitura":"1 minuto"},"schema":{"@context":"https:\/\/schema.org","@graph":[{"@type":"Article","@id":"https:\/\/portaltela.pt\/noticias\/2026\/02\/18\/russia-acusa-guterres-de-parcialidade-e-violacao-da-carta-da-onu\/#article","isPartOf":{"@id":"https:\/\/portaltela.pt\/noticias\/2026\/02\/18\/russia-acusa-guterres-de-parcialidade-e-violacao-da-carta-da-onu\/"},"author":{"name":"Telinha","@id":"https:\/\/portaltela.pt\/#\/schema\/person\/c4278d4a6028830caff9ee44b42d32ed"},"headline":"R\u00fassia acusa Guterres de parcialidade e viola\u00e7\u00e3o da Carta da ONU","datePublished":"2026-02-18T14:47:00+00:00","mainEntityOfPage":{"@id":"https:\/\/portaltela.pt\/noticias\/2026\/02\/18\/russia-acusa-guterres-de-parcialidade-e-violacao-da-carta-da-onu\/"},"wordCount":146,"image":{"@id":"https:\/\/portaltela.pt\/noticias\/2026\/02\/18\/russia-acusa-guterres-de-parcialidade-e-violacao-da-carta-da-onu\/#primaryimage"},"thumbnailUrl":"https:\/\/portaltela.pt\/s.01k8rhncp4jt1\/2026\/02\/CACHE_780X1200_ANALOG_WATERMARKED_46505254_365131117721249.jpg","keywords":["Ant\u00f3nio Guterres","Carta das Na\u00e7\u00f5es Unidas","conflitos internacionais","ONU","pol\u00edtica internacional","R\u00fassia"],"articleSection":["Not\u00edcias","Pol\u00edtica"],"inLanguage":"pt-PT"},{"@type":"WebPage","@id":"https:\/\/portaltela.pt\/noticias\/2026\/02\/18\/russia-acusa-guterres-de-parcialidade-e-violacao-da-carta-da-onu\/","url":"https:\/\/portaltela.pt\/noticias\/2026\/02\/18\/russia-acusa-guterres-de-parcialidade-e-violacao-da-carta-da-onu\/","name":"R\u00fassia acusa Guterres de parcialidade e viola\u00e7\u00e3o da Carta da ONU - Portal Tela Portugal","isPartOf":{"@id":"https:\/\/portaltela.pt\/#website"},"primaryImageOfPage":{"@id":"https:\/\/portaltela.pt\/noticias\/2026\/02\/18\/russia-acusa-guterres-de-parcialidade-e-violacao-da-carta-da-onu\/#primaryimage"},"image":{"@id":"https:\/\/portaltela.pt\/noticias\/2026\/02\/18\/russia-acusa-guterres-de-parcialidade-e-violacao-da-carta-da-onu\/#primaryimage"},"thumbnailUrl":"https:\/\/portaltela.pt\/s.01k8rhncp4jt1\/2026\/02\/CACHE_780X1200_ANALOG_WATERMARKED_46505254_365131117721249.jpg","datePublished":"2026-02-18T14:47:00+00:00","author":{"@id":"https:\/\/portaltela.pt\/#\/schema\/person\/c4278d4a6028830caff9ee44b42d32ed"},"breadcrumb":{"@id":"https:\/\/portaltela.pt\/noticias\/2026\/02\/18\/russia-acusa-guterres-de-parcialidade-e-violacao-da-carta-da-onu\/#breadcrumb"},"inLanguage":"pt-PT","potentialAction":[{"@type":"ReadAction","target":["https:\/\/portaltela.pt\/noticias\/2026\/02\/18\/russia-acusa-guterres-de-parcialidade-e-violacao-da-carta-da-onu\/"]}]},{"@type":"ImageObject","inLanguage":"pt-PT","@id":"https:\/\/portaltela.pt\/noticias\/2026\/02\/18\/russia-acusa-guterres-de-parcialidade-e-violacao-da-carta-da-onu\/#primaryimage","url":"https:\/\/portaltela.pt\/s.01k8rhncp4jt1\/2026\/02\/CACHE_780X1200_ANALOG_WATERMARKED_46505254_365131117721249.jpg","contentUrl":"https:\/\/portaltela.pt\/s.01k8rhncp4jt1\/2026\/02\/CACHE_780X1200_ANALOG_WATERMARKED_46505254_365131117721249.jpg","width":796,"height":448,"caption":"R\u00fassia acusa Guterres de parcialidade e de violar Carta da ONU"},{"@type":"BreadcrumbList","@id":"https:\/\/portaltela.pt\/noticias\/2026\/02\/18\/russia-acusa-guterres-de-parcialidade-e-violacao-da-carta-da-onu\/#breadcrumb","itemListElement":[{"@type":"ListItem","position":1,"name":"In\u00edcio","item":"https:\/\/portaltela.pt\/"},{"@type":"ListItem","position":2,"name":"R\u00fassia acusa Guterres de parcialidade e viola\u00e7\u00e3o da Carta da ONU"}]},{"@type":"WebSite","@id":"https:\/\/portaltela.pt\/#website","url":"https:\/\/portaltela.pt\/","name":"Portal Tela Portugal","description":"","potentialAction":[{"@type":"SearchAction","target":{"@type":"EntryPoint","urlTemplate":"https:\/\/portaltela.pt\/?s={search_term_string}"},"query-input":{"@type":"PropertyValueSpecification","valueRequired":true,"valueName":"search_term_string"}}],"inLanguage":"pt-PT"},{"@type":"Person","@id":"https:\/\/portaltela.pt\/#\/schema\/person\/c4278d4a6028830caff9ee44b42d32ed","name":"Telinha","image":{"@type":"ImageObject","inLanguage":"pt-PT","@id":"https:\/\/portaltela.pt\/s.01k8rhncp4jt1\/2025\/11\/talking-bot-125x125.png","url":"https:\/\/portaltela.pt\/s.01k8rhncp4jt1\/2025\/11\/talking-bot-125x125.png","contentUrl":"https:\/\/portaltela.pt\/s.01k8rhncp4jt1\/2025\/11\/talking-bot-125x125.png","caption":"Telinha"},"sameAs":["https:\/\/portaltela.pt\/"],"url":"https:\/\/portaltela.pt\/por\/367410592786\/"}]}},"_links":{"self":[{"href":"https:\/\/portaltela.pt\/api\/wp\/v2\/posts\/216278","targetHints":{"allow":["GET"]}}],"collection":[{"href":"https:\/\/portaltela.pt\/api\/wp\/v2\/posts"}],"about":[{"href":"https:\/\/portaltela.pt\/api\/wp\/v2\/types\/post"}],"author":[{"embeddable":true,"href":"https:\/\/portaltela.pt\/api\/wp\/v2\/users\/2"}],"replies":[{"embeddable":true,"href":"https:\/\/portaltela.pt\/api\/wp\/v2\/comments?post=216278"}],"version-history":[{"count":0,"href":"https:\/\/portaltela.pt\/api\/wp\/v2\/posts\/216278\/revisions"}],"wp:featuredmedia":[{"embeddable":true,"href":"https:\/\/portaltela.pt\/api\/wp\/v2\/media\/216282"}],"wp:attachment":[{"href":"https:\/\/portaltela.pt\/api\/wp\/v2\/media?parent=216278"}],"wp:term":[{"taxonomy":"category","embeddable":true,"href":"https:\/\/portaltela.pt\/api\/wp\/v2\/categories?post=216278"},{"taxonomy":"post_tag","embeddable":true,"href":"https:\/\/portaltela.pt\/api\/wp\/v2\/tags?post=216278"}],"curies":[{"name":"wp","href":"https:\/\/api.w.org\/{rel}","templated":true}]}}