{"id":216275,"date":"2026-02-18T14:08:00","date_gmt":"2026-02-18T17:08:00","guid":{"rendered":"https:\/\/portaltela.pt\/noticias\/2026\/02\/18\/brisa-pretende-reabrir-nos-dois-sentidos-metade-da-a1-que-nao-desabou-no-mondego\/"},"modified":"2026-02-18T14:08:00","modified_gmt":"2026-02-18T17:08:00","slug":"brisa-pretende-reabrir-nos-dois-sentidos-metade-da-a1-que-nao-desabou-no-mondego","status":"publish","type":"post","link":"https:\/\/portaltela.pt\/noticias\/2026\/02\/18\/brisa-pretende-reabrir-nos-dois-sentidos-metade-da-a1-que-nao-desabou-no-mondego\/","title":{"rendered":"Brisa pretende reabrir nos dois sentidos metade da A1 que n\u00e3o desabou no Mondego"},"content":{"rendered":"<p>A Brisa apresentou uma proposta para a reabertura, em sentido alternado, da metade da A1 que n\u00e3o desabou no Mondego. A ideia \u00e9 permitir a circula\u00e7\u00e3o nos dois sentidos no tro\u00e7o sul-norte de forma provis\u00f3ria e condicionada. A decis\u00e3o depender\u00e1 da aprova\u00e7\u00e3o das autoridades.<\/p>\n<p>A proposta foi revelada pelo diretor executivo da Brisa, Manuel Melo Ramos, durante uma confer\u00eancia com jornalistas. A empresa precisa de uma valida\u00e7\u00e3o por parte dos reguladores para avan\u00e7ar. O IMT e o LNEC devem emitir parecer nos pr\u00f3ximos dias.<\/p>\n<p>At\u00e9 ao momento, permanece em vigor o encerramento da circula\u00e7\u00e3o na \u00e1rea afetada desde 11 de fevereiro. O objetivo da Brisa \u00e9 acelerar a passagem de ve\u00edculos, enquanto decorrem os trabalhos de repara\u00e7\u00e3o e pavimenta\u00e7\u00e3o na via.<\/p>\n<h3>Proposta de abertura provis\u00f3ria<\/h3>\n<p>A Brisa afirma que a estrutura do viaduto est\u00e1 est\u00e1vel e que j\u00e1 foi conclu\u00edda a conten\u00e7\u00e3o de danos causados pelo rompimento do dique do Mondego. A repara\u00e7\u00e3o e pavimenta\u00e7\u00e3o est\u00e3o adjudicadas, com conclus\u00e3o prevista para o final da primeira semana de mar\u00e7o.<\/p>\n<p>A interven\u00e7\u00e3o visa restabelecer o tr\u00e1fego na A1 entre os pontos afetados, mantendo o controlo de seguran\u00e7a e as condicionantes necess\u00e1rias. A gest\u00e3o do tro\u00e7o restrito continua a depender de pareceres das entidades t\u00e9cnicas e regulat\u00f3rias.<\/p>\n<p>O encerramento parcial da A1, devido ao desabamento parcial, levou \u00e0 considera\u00e7\u00e3o de rotas alternativas. No entanto, a atual avalia\u00e7\u00e3o aponta para um retorno gradual, com monitoriza\u00e7\u00e3o cont\u00ednua das infraestruturas envolvidas.<\/p>\n","protected":false},"excerpt":{"rendered":"<ul>\n<li>A Brisa prop\u00f5e reabrir o tro\u00e7o sul-norte da A1 em ambos os sentidos de forma provis\u00f3ria, mantendo apenas a metade que n\u00e3o desabou no Mondego.<\/li>\n<li>A decis\u00e3o depende de parecer do Instituto da Mobilidade e dos Transportes (IMT) e do Laborat\u00f3rio Nacional de Engenharia Civil (LNEC), com resposta esperada nos pr\u00f3ximos dias.<\/li>\n<li>O viaduto est\u00e1 est\u00e1vel e j\u00e1 foi contido o dano na estrada ap\u00f3s a rotura de um dique do Mondego causada pelo mau tempo.<\/li>\n<li>A Brisa j\u00e1 adjudicou a repara\u00e7\u00e3o e pavimenta\u00e7\u00e3o da via, esperando a conclus\u00e3o da obra at\u00e9 ao final da primeira semana de mar\u00e7o.<\/li>\n<li>A circula\u00e7\u00e3o na A1 est\u00e1 interrompida desde 11 de fevereiro.<\/li>\n<\/ul>\n","protected":false},"author":2,"featured_media":216276,"comment_status":"closed","ping_status":"closed","sticky":false,"template":"","format":"standard","meta":{"footnotes":""},"categories":[1],"tags":[2289,1083,4508,192,4971,5537],"class_list":["post-216275","post","type-post","status-publish","format-standard","has-post-thumbnail","hentry","category-noticias","tag-desabamentos","tag-estradas","tag-infraestruturas-rodoviarias","tag-transporte","tag-transporte-rodoviario","tag-vias-cortadas"],"yoast_head":"<!-- This site is optimized with the Yoast SEO plugin v27.2 - https:\/\/yoast.com\/product\/yoast-seo-wordpress\/ -->\n<title>Brisa pretende reabrir nos dois sentidos metade da A1 que n\u00e3o desabou no Mondego - Portal Tela Portugal<\/title>\n<meta name=\"robots\" content=\"index, follow, max-snippet:-1, max-image-preview:large, max-video-preview:-1\" \/>\n<meta property=\"og:locale\" content=\"pt_PT\" \/>\n<meta property=\"og:type\" content=\"article\" \/>\n<meta property=\"og:title\" content=\"Brisa pretende reabrir nos dois sentidos metade da A1 que n\u00e3o desabou no Mondego - Portal Tela Portugal\" \/>\n<meta property=\"og:description\" content=\"A Brisa prop\u00f5e reabrir o tro\u00e7o sul-norte da A1 em ambos os sentidos de forma provis\u00f3ria, mantendo apenas a metade que n\u00e3o desabou no Mondego. A decis\u00e3o depende de parecer do Instituto da Mobilidade e dos Transportes (IMT) e do Laborat\u00f3rio Nacional de Engenharia Civil (LNEC), com resposta esperada nos pr\u00f3ximos dias. O viaduto est\u00e1 est\u00e1vel e j\u00e1 foi contido o dano na estrada ap\u00f3s a rotura de um dique do Mondego causada pelo mau tempo. A Brisa j\u00e1 adjudicou a repara\u00e7\u00e3o e pavimenta\u00e7\u00e3o da via, esperando a conclus\u00e3o da obra at\u00e9 ao final da primeira semana de mar\u00e7o. A circula\u00e7\u00e3o na A1 est\u00e1 interrompida desde 11 de fevereiro.\" \/>\n<meta property=\"og:url\" content=\"https:\/\/portaltela.pt\/noticias\/2026\/02\/18\/brisa-pretende-reabrir-nos-dois-sentidos-metade-da-a1-que-nao-desabou-no-mondego\/\" \/>\n<meta property=\"og:site_name\" content=\"Portal Tela Portugal\" \/>\n<meta property=\"article:published_time\" content=\"2026-02-18T17:08:00+00:00\" \/>\n<meta name=\"author\" content=\"Telinha\" \/>\n<meta name=\"twitter:card\" content=\"summary_large_image\" \/>\n<meta name=\"twitter:label1\" content=\"Escrito por\" \/>\n\t<meta name=\"twitter:data1\" content=\"Telinha\" \/>\n\t<meta name=\"twitter:label2\" content=\"Tempo estimado de leitura\" \/>\n\t<meta name=\"twitter:data2\" content=\"1 minuto\" \/>\n<script type=\"application\/ld+json\" class=\"yoast-schema-graph\">{\"@context\":\"https:\/\/schema.org\",\"@graph\":[{\"@type\":\"Article\",\"@id\":\"https:\/\/portaltela.pt\/noticias\/2026\/02\/18\/brisa-pretende-reabrir-nos-dois-sentidos-metade-da-a1-que-nao-desabou-no-mondego\/#article\",\"isPartOf\":{\"@id\":\"https:\/\/portaltela.pt\/noticias\/2026\/02\/18\/brisa-pretende-reabrir-nos-dois-sentidos-metade-da-a1-que-nao-desabou-no-mondego\/\"},\"author\":{\"name\":\"Telinha\",\"@id\":\"https:\/\/portaltela.pt\/#\/schema\/person\/c4278d4a6028830caff9ee44b42d32ed\"},\"headline\":\"Brisa pretende reabrir nos dois sentidos metade da A1 que n\u00e3o desabou no Mondego\",\"datePublished\":\"2026-02-18T17:08:00+00:00\",\"mainEntityOfPage\":{\"@id\":\"https:\/\/portaltela.pt\/noticias\/2026\/02\/18\/brisa-pretende-reabrir-nos-dois-sentidos-metade-da-a1-que-nao-desabou-no-mondego\/\"},\"wordCount\":281,\"image\":{\"@id\":\"https:\/\/portaltela.pt\/noticias\/2026\/02\/18\/brisa-pretende-reabrir-nos-dois-sentidos-metade-da-a1-que-nao-desabou-no-mondego\/#primaryimage\"},\"thumbnailUrl\":\"https:\/\/portaltela.pt\/s.01k8rhncp4jt1\/2026\/02\/2068065.jpg\",\"keywords\":[\"desabamentos\",\"estradas\",\"infraestruturas rodovi\u00e1rias\",\"transporte\",\"transporte rodovi\u00e1rio\",\"vias cortadas\"],\"articleSection\":[\"Not\u00edcias\"],\"inLanguage\":\"pt-PT\"},{\"@type\":\"WebPage\",\"@id\":\"https:\/\/portaltela.pt\/noticias\/2026\/02\/18\/brisa-pretende-reabrir-nos-dois-sentidos-metade-da-a1-que-nao-desabou-no-mondego\/\",\"url\":\"https:\/\/portaltela.pt\/noticias\/2026\/02\/18\/brisa-pretende-reabrir-nos-dois-sentidos-metade-da-a1-que-nao-desabou-no-mondego\/\",\"name\":\"Brisa pretende reabrir nos dois sentidos metade da A1 que n\u00e3o desabou no Mondego - Portal Tela Portugal\",\"isPartOf\":{\"@id\":\"https:\/\/portaltela.pt\/#website\"},\"primaryImageOfPage\":{\"@id\":\"https:\/\/portaltela.pt\/noticias\/2026\/02\/18\/brisa-pretende-reabrir-nos-dois-sentidos-metade-da-a1-que-nao-desabou-no-mondego\/#primaryimage\"},\"image\":{\"@id\":\"https:\/\/portaltela.pt\/noticias\/2026\/02\/18\/brisa-pretende-reabrir-nos-dois-sentidos-metade-da-a1-que-nao-desabou-no-mondego\/#primaryimage\"},\"thumbnailUrl\":\"https:\/\/portaltela.pt\/s.01k8rhncp4jt1\/2026\/02\/2068065.jpg\",\"datePublished\":\"2026-02-18T17:08:00+00:00\",\"author\":{\"@id\":\"https:\/\/portaltela.pt\/#\/schema\/person\/c4278d4a6028830caff9ee44b42d32ed\"},\"breadcrumb\":{\"@id\":\"https:\/\/portaltela.pt\/noticias\/2026\/02\/18\/brisa-pretende-reabrir-nos-dois-sentidos-metade-da-a1-que-nao-desabou-no-mondego\/#breadcrumb\"},\"inLanguage\":\"pt-PT\",\"potentialAction\":[{\"@type\":\"ReadAction\",\"target\":[\"https:\/\/portaltela.pt\/noticias\/2026\/02\/18\/brisa-pretende-reabrir-nos-dois-sentidos-metade-da-a1-que-nao-desabou-no-mondego\/\"]}]},{\"@type\":\"ImageObject\",\"inLanguage\":\"pt-PT\",\"@id\":\"https:\/\/portaltela.pt\/noticias\/2026\/02\/18\/brisa-pretende-reabrir-nos-dois-sentidos-metade-da-a1-que-nao-desabou-no-mondego\/#primaryimage\",\"url\":\"https:\/\/portaltela.pt\/s.01k8rhncp4jt1\/2026\/02\/2068065.jpg\",\"contentUrl\":\"https:\/\/portaltela.pt\/s.01k8rhncp4jt1\/2026\/02\/2068065.jpg\",\"width\":796,\"height\":448,\"caption\":\"Aterro sob a A1 abateu devido ao rebentamento do dique do rio Mondego\"},{\"@type\":\"BreadcrumbList\",\"@id\":\"https:\/\/portaltela.pt\/noticias\/2026\/02\/18\/brisa-pretende-reabrir-nos-dois-sentidos-metade-da-a1-que-nao-desabou-no-mondego\/#breadcrumb\",\"itemListElement\":[{\"@type\":\"ListItem\",\"position\":1,\"name\":\"In\u00edcio\",\"item\":\"https:\/\/portaltela.pt\/\"},{\"@type\":\"ListItem\",\"position\":2,\"name\":\"Brisa pretende reabrir nos dois sentidos metade da A1 que n\u00e3o desabou no Mondego\"}]},{\"@type\":\"WebSite\",\"@id\":\"https:\/\/portaltela.pt\/#website\",\"url\":\"https:\/\/portaltela.pt\/\",\"name\":\"Portal Tela Portugal\",\"description\":\"\",\"potentialAction\":[{\"@type\":\"SearchAction\",\"target\":{\"@type\":\"EntryPoint\",\"urlTemplate\":\"https:\/\/portaltela.pt\/?s={search_term_string}\"},\"query-input\":{\"@type\":\"PropertyValueSpecification\",\"valueRequired\":true,\"valueName\":\"search_term_string\"}}],\"inLanguage\":\"pt-PT\"},{\"@type\":\"Person\",\"@id\":\"https:\/\/portaltela.pt\/#\/schema\/person\/c4278d4a6028830caff9ee44b42d32ed\",\"name\":\"Telinha\",\"image\":{\"@type\":\"ImageObject\",\"inLanguage\":\"pt-PT\",\"@id\":\"https:\/\/portaltela.pt\/s.01k8rhncp4jt1\/2025\/11\/talking-bot-125x125.png\",\"url\":\"https:\/\/portaltela.pt\/s.01k8rhncp4jt1\/2025\/11\/talking-bot-125x125.png\",\"contentUrl\":\"https:\/\/portaltela.pt\/s.01k8rhncp4jt1\/2025\/11\/talking-bot-125x125.png\",\"caption\":\"Telinha\"},\"sameAs\":[\"https:\/\/portaltela.pt\/\"],\"url\":\"https:\/\/portaltela.pt\/por\/367410592786\/\"}]}<\/script>\n<!-- \/ Yoast SEO plugin. -->","yoast_head_json":{"title":"Brisa pretende reabrir nos dois sentidos metade da A1 que n\u00e3o desabou no Mondego - Portal Tela Portugal","robots":{"index":"index","follow":"follow","max-snippet":"max-snippet:-1","max-image-preview":"max-image-preview:large","max-video-preview":"max-video-preview:-1"},"og_locale":"pt_PT","og_type":"article","og_title":"Brisa pretende reabrir nos dois sentidos metade da A1 que n\u00e3o desabou no Mondego - Portal Tela Portugal","og_description":"A Brisa prop\u00f5e reabrir o tro\u00e7o sul-norte da A1 em ambos os sentidos de forma provis\u00f3ria, mantendo apenas a metade que n\u00e3o desabou no Mondego. A decis\u00e3o depende de parecer do Instituto da Mobilidade e dos Transportes (IMT) e do Laborat\u00f3rio Nacional de Engenharia Civil (LNEC), com resposta esperada nos pr\u00f3ximos dias. O viaduto est\u00e1 est\u00e1vel e j\u00e1 foi contido o dano na estrada ap\u00f3s a rotura de um dique do Mondego causada pelo mau tempo. A Brisa j\u00e1 adjudicou a repara\u00e7\u00e3o e pavimenta\u00e7\u00e3o da via, esperando a conclus\u00e3o da obra at\u00e9 ao final da primeira semana de mar\u00e7o. A circula\u00e7\u00e3o na A1 est\u00e1 interrompida desde 11 de fevereiro.","og_url":"https:\/\/portaltela.pt\/noticias\/2026\/02\/18\/brisa-pretende-reabrir-nos-dois-sentidos-metade-da-a1-que-nao-desabou-no-mondego\/","og_site_name":"Portal Tela Portugal","article_published_time":"2026-02-18T17:08:00+00:00","author":"Telinha","twitter_card":"summary_large_image","twitter_misc":{"Escrito por":"Telinha","Tempo estimado de leitura":"1 minuto"},"schema":{"@context":"https:\/\/schema.org","@graph":[{"@type":"Article","@id":"https:\/\/portaltela.pt\/noticias\/2026\/02\/18\/brisa-pretende-reabrir-nos-dois-sentidos-metade-da-a1-que-nao-desabou-no-mondego\/#article","isPartOf":{"@id":"https:\/\/portaltela.pt\/noticias\/2026\/02\/18\/brisa-pretende-reabrir-nos-dois-sentidos-metade-da-a1-que-nao-desabou-no-mondego\/"},"author":{"name":"Telinha","@id":"https:\/\/portaltela.pt\/#\/schema\/person\/c4278d4a6028830caff9ee44b42d32ed"},"headline":"Brisa pretende reabrir nos dois sentidos metade da A1 que n\u00e3o desabou no Mondego","datePublished":"2026-02-18T17:08:00+00:00","mainEntityOfPage":{"@id":"https:\/\/portaltela.pt\/noticias\/2026\/02\/18\/brisa-pretende-reabrir-nos-dois-sentidos-metade-da-a1-que-nao-desabou-no-mondego\/"},"wordCount":281,"image":{"@id":"https:\/\/portaltela.pt\/noticias\/2026\/02\/18\/brisa-pretende-reabrir-nos-dois-sentidos-metade-da-a1-que-nao-desabou-no-mondego\/#primaryimage"},"thumbnailUrl":"https:\/\/portaltela.pt\/s.01k8rhncp4jt1\/2026\/02\/2068065.jpg","keywords":["desabamentos","estradas","infraestruturas rodovi\u00e1rias","transporte","transporte rodovi\u00e1rio","vias cortadas"],"articleSection":["Not\u00edcias"],"inLanguage":"pt-PT"},{"@type":"WebPage","@id":"https:\/\/portaltela.pt\/noticias\/2026\/02\/18\/brisa-pretende-reabrir-nos-dois-sentidos-metade-da-a1-que-nao-desabou-no-mondego\/","url":"https:\/\/portaltela.pt\/noticias\/2026\/02\/18\/brisa-pretende-reabrir-nos-dois-sentidos-metade-da-a1-que-nao-desabou-no-mondego\/","name":"Brisa pretende reabrir nos dois sentidos metade da A1 que n\u00e3o desabou no Mondego - Portal Tela Portugal","isPartOf":{"@id":"https:\/\/portaltela.pt\/#website"},"primaryImageOfPage":{"@id":"https:\/\/portaltela.pt\/noticias\/2026\/02\/18\/brisa-pretende-reabrir-nos-dois-sentidos-metade-da-a1-que-nao-desabou-no-mondego\/#primaryimage"},"image":{"@id":"https:\/\/portaltela.pt\/noticias\/2026\/02\/18\/brisa-pretende-reabrir-nos-dois-sentidos-metade-da-a1-que-nao-desabou-no-mondego\/#primaryimage"},"thumbnailUrl":"https:\/\/portaltela.pt\/s.01k8rhncp4jt1\/2026\/02\/2068065.jpg","datePublished":"2026-02-18T17:08:00+00:00","author":{"@id":"https:\/\/portaltela.pt\/#\/schema\/person\/c4278d4a6028830caff9ee44b42d32ed"},"breadcrumb":{"@id":"https:\/\/portaltela.pt\/noticias\/2026\/02\/18\/brisa-pretende-reabrir-nos-dois-sentidos-metade-da-a1-que-nao-desabou-no-mondego\/#breadcrumb"},"inLanguage":"pt-PT","potentialAction":[{"@type":"ReadAction","target":["https:\/\/portaltela.pt\/noticias\/2026\/02\/18\/brisa-pretende-reabrir-nos-dois-sentidos-metade-da-a1-que-nao-desabou-no-mondego\/"]}]},{"@type":"ImageObject","inLanguage":"pt-PT","@id":"https:\/\/portaltela.pt\/noticias\/2026\/02\/18\/brisa-pretende-reabrir-nos-dois-sentidos-metade-da-a1-que-nao-desabou-no-mondego\/#primaryimage","url":"https:\/\/portaltela.pt\/s.01k8rhncp4jt1\/2026\/02\/2068065.jpg","contentUrl":"https:\/\/portaltela.pt\/s.01k8rhncp4jt1\/2026\/02\/2068065.jpg","width":796,"height":448,"caption":"Aterro sob a A1 abateu devido ao rebentamento do dique do rio Mondego"},{"@type":"BreadcrumbList","@id":"https:\/\/portaltela.pt\/noticias\/2026\/02\/18\/brisa-pretende-reabrir-nos-dois-sentidos-metade-da-a1-que-nao-desabou-no-mondego\/#breadcrumb","itemListElement":[{"@type":"ListItem","position":1,"name":"In\u00edcio","item":"https:\/\/portaltela.pt\/"},{"@type":"ListItem","position":2,"name":"Brisa pretende reabrir nos dois sentidos metade da A1 que n\u00e3o desabou no Mondego"}]},{"@type":"WebSite","@id":"https:\/\/portaltela.pt\/#website","url":"https:\/\/portaltela.pt\/","name":"Portal Tela Portugal","description":"","potentialAction":[{"@type":"SearchAction","target":{"@type":"EntryPoint","urlTemplate":"https:\/\/portaltela.pt\/?s={search_term_string}"},"query-input":{"@type":"PropertyValueSpecification","valueRequired":true,"valueName":"search_term_string"}}],"inLanguage":"pt-PT"},{"@type":"Person","@id":"https:\/\/portaltela.pt\/#\/schema\/person\/c4278d4a6028830caff9ee44b42d32ed","name":"Telinha","image":{"@type":"ImageObject","inLanguage":"pt-PT","@id":"https:\/\/portaltela.pt\/s.01k8rhncp4jt1\/2025\/11\/talking-bot-125x125.png","url":"https:\/\/portaltela.pt\/s.01k8rhncp4jt1\/2025\/11\/talking-bot-125x125.png","contentUrl":"https:\/\/portaltela.pt\/s.01k8rhncp4jt1\/2025\/11\/talking-bot-125x125.png","caption":"Telinha"},"sameAs":["https:\/\/portaltela.pt\/"],"url":"https:\/\/portaltela.pt\/por\/367410592786\/"}]}},"_links":{"self":[{"href":"https:\/\/portaltela.pt\/api\/wp\/v2\/posts\/216275","targetHints":{"allow":["GET"]}}],"collection":[{"href":"https:\/\/portaltela.pt\/api\/wp\/v2\/posts"}],"about":[{"href":"https:\/\/portaltela.pt\/api\/wp\/v2\/types\/post"}],"author":[{"embeddable":true,"href":"https:\/\/portaltela.pt\/api\/wp\/v2\/users\/2"}],"replies":[{"embeddable":true,"href":"https:\/\/portaltela.pt\/api\/wp\/v2\/comments?post=216275"}],"version-history":[{"count":0,"href":"https:\/\/portaltela.pt\/api\/wp\/v2\/posts\/216275\/revisions"}],"wp:featuredmedia":[{"embeddable":true,"href":"https:\/\/portaltela.pt\/api\/wp\/v2\/media\/216276"}],"wp:attachment":[{"href":"https:\/\/portaltela.pt\/api\/wp\/v2\/media?parent=216275"}],"wp:term":[{"taxonomy":"category","embeddable":true,"href":"https:\/\/portaltela.pt\/api\/wp\/v2\/categories?post=216275"},{"taxonomy":"post_tag","embeddable":true,"href":"https:\/\/portaltela.pt\/api\/wp\/v2\/tags?post=216275"}],"curies":[{"name":"wp","href":"https:\/\/api.w.org\/{rel}","templated":true}]}}