{"id":216240,"date":"2026-02-18T13:44:00","date_gmt":"2026-02-18T16:44:00","guid":{"rendered":"https:\/\/portaltela.pt\/noticias\/2026\/02\/18\/apos-um-ano-nenhuma-familia-de-acolhimento-conseguiu-adotar-uma-crianca\/"},"modified":"2026-02-18T13:44:00","modified_gmt":"2026-02-18T16:44:00","slug":"apos-um-ano-nenhuma-familia-de-acolhimento-conseguiu-adotar-uma-crianca","status":"publish","type":"post","link":"https:\/\/portaltela.pt\/noticias\/2026\/02\/18\/apos-um-ano-nenhuma-familia-de-acolhimento-conseguiu-adotar-uma-crianca\/","title":{"rendered":"Ap\u00f3s um ano, nenhuma fam\u00edlia de acolhimento conseguiu adotar uma crian\u00e7a"},"content":{"rendered":"<p>Ainda sem uma ado\u00e7\u00e3o conclu\u00edda por fam\u00edlias de acolhimento, passados quase doze meses desde a publica\u00e7\u00e3o da lei que permite esse caminho, o Governo confirmou que nenhum processo est\u00e1 finalizado. A revela\u00e7\u00e3o foi feita pela secret\u00e1ria de Estado da A\u00e7\u00e3o Social e Inclus\u00e3o, Clara Marques Mendes, durante uma audi\u00e7\u00e3o parlamentar pedida pelo PS.<\/p>\n<p>A respons\u00e1vel mostrou dados sobre o aumento de crian\u00e7as acolhidas em fam\u00edlias privadas e a diminui\u00e7\u00e3o da institucionaliza\u00e7\u00e3o. Entre o final de 2024 e o final de 2025, as crian\u00e7as a viver em casas particulares cresceram de 356 para 462. Nesse per\u00edodo, passaram de 388 para 520 as fam\u00edlias de acolhimento ativas, enquanto o total de crian\u00e7as em institui\u00e7\u00f5es ficou em 5987.<\/p>\n<p>Ainda segundo a secret\u00e1ria de Estado, a mudan\u00e7a n\u00e3o decorre apenas da legisla\u00e7\u00e3o: a Administra\u00e7\u00e3o tem associado o aumento do acolhimento a uma campanha nacional dirigida a atrair cidad\u00e3os para este modelo. O PS lembrou, no entanto, a responsabilidade do partido pela legisla\u00e7\u00e3o que suspendeu a proibi\u00e7\u00e3o de ado\u00e7\u00e3o por parte de fam\u00edlias de acolhimento.<\/p>\n<p>Al\u00e9m disso, foi clarificado que n\u00e3o houve conclus\u00e3o de processos de ado\u00e7\u00e3o desde a aprova\u00e7\u00e3o da lei publicada no Di\u00e1rio da Rep\u00fablica no final de mar\u00e7o de 2025. A dirigente reiterou que nenhum processo foi conclu\u00eddo nesse seguimento e que a cria\u00e7\u00e3o de mais fam\u00edlias de acolhimento n\u00e3o dependeu de ado\u00e7\u00f5es j\u00e1 finalizadas.<\/p>\n<h3>Esclarecimentos sobre as CPCJs e docentes<\/h3>\n<p>Durante a audi\u00e7\u00e3o, a deputada do Chega questionou impactos na procuradoria de prote\u00e7\u00e3o de crian\u00e7as e jovens, ante relatos de sa\u00edda de docentes nas comiss\u00f5es. Clara Marques Mendes assegurou que a maioria dos professores permaneceu nas fun\u00e7\u00f5es, e que o alerta sobre CPCJs sem docentes n\u00e3o corresponde \u00e0 realidade. A secret\u00e1ria de Estado afirmou ainda que apenas seis docentes estavam em falta, uma varia\u00e7\u00e3o associada \u00e0 termina\u00e7\u00e3o de mandatos em janeiro.<\/p>\n","protected":false},"excerpt":{"rendered":"<ul>\n<li>Um ano depois da aprova\u00e7\u00e3o da legisla\u00e7\u00e3o que permite ado\u00e7\u00e3o por fam\u00edlias de acolhimento, ainda n\u00e3o h\u00e1 nenhum processo de adop\u00e7\u00e3o conclu\u00eddo.<\/li>\n<li>H\u00e1 mais crian\u00e7as a viver em fam\u00edlias de acolhimento e menos institucionalizadas: crian\u00e7as em casas particulares passaram de 356 para 462; fam\u00edlias de acolhimento passaram de 388 para 520; ainda assim 5.987 crian\u00e7as estavam em institui\u00e7\u00f5es.<\/li>\n<li>A secret\u00e1ria de Estado da A\u00e7\u00e3o Social e Inclus\u00e3o, Clara Marques Mendes, atribui os resultados a uma campanha nacional de atrac\u00e7\u00e3o de acolhimento, lembrando a legisla\u00e7\u00e3o que acabou com a proibi\u00e7\u00e3o de adop\u00e7\u00e3o por fam\u00edlias de acolhimento.<\/li>\n<li>A audi\u00e7\u00e3o parlamentar serviu para esclarecer receios sobre as CPCJs (comiss\u00f5es de prote\u00e7\u00e3o de crian\u00e7as e jovens) no in\u00edcio do ano lectivo; a secret\u00e1ria garantiu que nenhuma CPCJ deixou de funcionar e que nenhum processo ficou parado.<\/li>\n<li>Em resposta a perguntas sobre professores, a secret\u00e1ria disse que n\u00e3o houve sa\u00edda massiva de docentes; faltam apenas seis professores, mas isso deve a termos de mandato que terminaram em janeiro.<\/li>\n<\/ul>\n","protected":false},"author":2,"featured_media":216242,"comment_status":"closed","ping_status":"closed","sticky":false,"template":"","format":"standard","meta":{"footnotes":""},"categories":[1],"tags":[4583,2865,6071,3953,148,2181],"class_list":["post-216240","post","type-post","status-publish","format-standard","has-post-thumbnail","hentry","category-noticias","tag-acolhimentos","tag-adocao","tag-cpcj","tag-criancas","tag-familias","tag-protecao-de-menores"],"yoast_head":"<!-- This site is optimized with the Yoast SEO plugin v27.2 - https:\/\/yoast.com\/product\/yoast-seo-wordpress\/ -->\n<title>Ap\u00f3s um ano, nenhuma fam\u00edlia de acolhimento conseguiu adotar uma crian\u00e7a - Portal Tela Portugal<\/title>\n<meta name=\"robots\" content=\"index, follow, max-snippet:-1, max-image-preview:large, max-video-preview:-1\" \/>\n<meta property=\"og:locale\" content=\"pt_PT\" \/>\n<meta property=\"og:type\" content=\"article\" \/>\n<meta property=\"og:title\" content=\"Ap\u00f3s um ano, nenhuma fam\u00edlia de acolhimento conseguiu adotar uma crian\u00e7a - Portal Tela Portugal\" \/>\n<meta property=\"og:description\" content=\"Um ano depois da aprova\u00e7\u00e3o da legisla\u00e7\u00e3o que permite ado\u00e7\u00e3o por fam\u00edlias de acolhimento, ainda n\u00e3o h\u00e1 nenhum processo de adop\u00e7\u00e3o conclu\u00eddo. H\u00e1 mais crian\u00e7as a viver em fam\u00edlias de acolhimento e menos institucionalizadas: crian\u00e7as em casas particulares passaram de 356 para 462; fam\u00edlias de acolhimento passaram de 388 para 520; ainda assim 5.987 crian\u00e7as estavam em institui\u00e7\u00f5es. A secret\u00e1ria de Estado da A\u00e7\u00e3o Social e Inclus\u00e3o, Clara Marques Mendes, atribui os resultados a uma campanha nacional de atrac\u00e7\u00e3o de acolhimento, lembrando a legisla\u00e7\u00e3o que acabou com a proibi\u00e7\u00e3o de adop\u00e7\u00e3o por fam\u00edlias de acolhimento. A audi\u00e7\u00e3o parlamentar serviu para esclarecer receios sobre as CPCJs (comiss\u00f5es de prote\u00e7\u00e3o de crian\u00e7as e jovens) no in\u00edcio do ano lectivo; a secret\u00e1ria garantiu que nenhuma CPCJ deixou de funcionar e que nenhum processo ficou parado. Em resposta a perguntas sobre professores, a secret\u00e1ria disse que n\u00e3o houve sa\u00edda massiva de docentes; faltam apenas seis professores, mas isso deve a termos de mandato que terminaram em janeiro.\" \/>\n<meta property=\"og:url\" content=\"https:\/\/portaltela.pt\/noticias\/2026\/02\/18\/apos-um-ano-nenhuma-familia-de-acolhimento-conseguiu-adotar-uma-crianca\/\" \/>\n<meta property=\"og:site_name\" content=\"Portal Tela Portugal\" \/>\n<meta property=\"article:published_time\" content=\"2026-02-18T16:44:00+00:00\" \/>\n<meta name=\"author\" content=\"Telinha\" \/>\n<meta name=\"twitter:card\" content=\"summary_large_image\" \/>\n<meta name=\"twitter:label1\" content=\"Escrito por\" \/>\n\t<meta name=\"twitter:data1\" content=\"Telinha\" \/>\n\t<meta name=\"twitter:label2\" content=\"Tempo estimado de leitura\" \/>\n\t<meta name=\"twitter:data2\" content=\"2 minutos\" \/>\n<script type=\"application\/ld+json\" class=\"yoast-schema-graph\">{\"@context\":\"https:\/\/schema.org\",\"@graph\":[{\"@type\":\"Article\",\"@id\":\"https:\/\/portaltela.pt\/noticias\/2026\/02\/18\/apos-um-ano-nenhuma-familia-de-acolhimento-conseguiu-adotar-uma-crianca\/#article\",\"isPartOf\":{\"@id\":\"https:\/\/portaltela.pt\/noticias\/2026\/02\/18\/apos-um-ano-nenhuma-familia-de-acolhimento-conseguiu-adotar-uma-crianca\/\"},\"author\":{\"name\":\"Telinha\",\"@id\":\"https:\/\/portaltela.pt\/#\/schema\/person\/c4278d4a6028830caff9ee44b42d32ed\"},\"headline\":\"Ap\u00f3s um ano, nenhuma fam\u00edlia de acolhimento conseguiu adotar uma crian\u00e7a\",\"datePublished\":\"2026-02-18T16:44:00+00:00\",\"mainEntityOfPage\":{\"@id\":\"https:\/\/portaltela.pt\/noticias\/2026\/02\/18\/apos-um-ano-nenhuma-familia-de-acolhimento-conseguiu-adotar-uma-crianca\/\"},\"wordCount\":356,\"image\":{\"@id\":\"https:\/\/portaltela.pt\/noticias\/2026\/02\/18\/apos-um-ano-nenhuma-familia-de-acolhimento-conseguiu-adotar-uma-crianca\/#primaryimage\"},\"thumbnailUrl\":\"https:\/\/portaltela.pt\/s.01k8rhncp4jt1\/2026\/02\/2068061.jpg\",\"keywords\":[\"acolhimentos\",\"ado\u00e7\u00e3o\",\"CPCJ\",\"crian\u00e7as\",\"fam\u00edlias\",\"prote\u00e7\u00e3o de menores\"],\"articleSection\":[\"Not\u00edcias\"],\"inLanguage\":\"pt-PT\"},{\"@type\":\"WebPage\",\"@id\":\"https:\/\/portaltela.pt\/noticias\/2026\/02\/18\/apos-um-ano-nenhuma-familia-de-acolhimento-conseguiu-adotar-uma-crianca\/\",\"url\":\"https:\/\/portaltela.pt\/noticias\/2026\/02\/18\/apos-um-ano-nenhuma-familia-de-acolhimento-conseguiu-adotar-uma-crianca\/\",\"name\":\"Ap\u00f3s um ano, nenhuma fam\u00edlia de acolhimento conseguiu adotar uma crian\u00e7a - Portal Tela Portugal\",\"isPartOf\":{\"@id\":\"https:\/\/portaltela.pt\/#website\"},\"primaryImageOfPage\":{\"@id\":\"https:\/\/portaltela.pt\/noticias\/2026\/02\/18\/apos-um-ano-nenhuma-familia-de-acolhimento-conseguiu-adotar-uma-crianca\/#primaryimage\"},\"image\":{\"@id\":\"https:\/\/portaltela.pt\/noticias\/2026\/02\/18\/apos-um-ano-nenhuma-familia-de-acolhimento-conseguiu-adotar-uma-crianca\/#primaryimage\"},\"thumbnailUrl\":\"https:\/\/portaltela.pt\/s.01k8rhncp4jt1\/2026\/02\/2068061.jpg\",\"datePublished\":\"2026-02-18T16:44:00+00:00\",\"author\":{\"@id\":\"https:\/\/portaltela.pt\/#\/schema\/person\/c4278d4a6028830caff9ee44b42d32ed\"},\"breadcrumb\":{\"@id\":\"https:\/\/portaltela.pt\/noticias\/2026\/02\/18\/apos-um-ano-nenhuma-familia-de-acolhimento-conseguiu-adotar-uma-crianca\/#breadcrumb\"},\"inLanguage\":\"pt-PT\",\"potentialAction\":[{\"@type\":\"ReadAction\",\"target\":[\"https:\/\/portaltela.pt\/noticias\/2026\/02\/18\/apos-um-ano-nenhuma-familia-de-acolhimento-conseguiu-adotar-uma-crianca\/\"]}]},{\"@type\":\"ImageObject\",\"inLanguage\":\"pt-PT\",\"@id\":\"https:\/\/portaltela.pt\/noticias\/2026\/02\/18\/apos-um-ano-nenhuma-familia-de-acolhimento-conseguiu-adotar-uma-crianca\/#primaryimage\",\"url\":\"https:\/\/portaltela.pt\/s.01k8rhncp4jt1\/2026\/02\/2068061.jpg\",\"contentUrl\":\"https:\/\/portaltela.pt\/s.01k8rhncp4jt1\/2026\/02\/2068061.jpg\",\"width\":796,\"height\":448,\"caption\":\"No final de 2025 havia 520 fam\u00edlias de acolhimento e diminu\u00edram as crian\u00e7as enviadas para institui\u00e7\u00f5es, que mesmo assim continuavam a ser 5987\"},{\"@type\":\"BreadcrumbList\",\"@id\":\"https:\/\/portaltela.pt\/noticias\/2026\/02\/18\/apos-um-ano-nenhuma-familia-de-acolhimento-conseguiu-adotar-uma-crianca\/#breadcrumb\",\"itemListElement\":[{\"@type\":\"ListItem\",\"position\":1,\"name\":\"In\u00edcio\",\"item\":\"https:\/\/portaltela.pt\/\"},{\"@type\":\"ListItem\",\"position\":2,\"name\":\"Ap\u00f3s um ano, nenhuma fam\u00edlia de acolhimento conseguiu adotar uma crian\u00e7a\"}]},{\"@type\":\"WebSite\",\"@id\":\"https:\/\/portaltela.pt\/#website\",\"url\":\"https:\/\/portaltela.pt\/\",\"name\":\"Portal Tela Portugal\",\"description\":\"\",\"potentialAction\":[{\"@type\":\"SearchAction\",\"target\":{\"@type\":\"EntryPoint\",\"urlTemplate\":\"https:\/\/portaltela.pt\/?s={search_term_string}\"},\"query-input\":{\"@type\":\"PropertyValueSpecification\",\"valueRequired\":true,\"valueName\":\"search_term_string\"}}],\"inLanguage\":\"pt-PT\"},{\"@type\":\"Person\",\"@id\":\"https:\/\/portaltela.pt\/#\/schema\/person\/c4278d4a6028830caff9ee44b42d32ed\",\"name\":\"Telinha\",\"image\":{\"@type\":\"ImageObject\",\"inLanguage\":\"pt-PT\",\"@id\":\"https:\/\/portaltela.pt\/s.01k8rhncp4jt1\/2025\/11\/talking-bot-125x125.png\",\"url\":\"https:\/\/portaltela.pt\/s.01k8rhncp4jt1\/2025\/11\/talking-bot-125x125.png\",\"contentUrl\":\"https:\/\/portaltela.pt\/s.01k8rhncp4jt1\/2025\/11\/talking-bot-125x125.png\",\"caption\":\"Telinha\"},\"sameAs\":[\"https:\/\/portaltela.pt\/\"],\"url\":\"https:\/\/portaltela.pt\/por\/367410592786\/\"}]}<\/script>\n<!-- \/ Yoast SEO plugin. -->","yoast_head_json":{"title":"Ap\u00f3s um ano, nenhuma fam\u00edlia de acolhimento conseguiu adotar uma crian\u00e7a - Portal Tela Portugal","robots":{"index":"index","follow":"follow","max-snippet":"max-snippet:-1","max-image-preview":"max-image-preview:large","max-video-preview":"max-video-preview:-1"},"og_locale":"pt_PT","og_type":"article","og_title":"Ap\u00f3s um ano, nenhuma fam\u00edlia de acolhimento conseguiu adotar uma crian\u00e7a - Portal Tela Portugal","og_description":"Um ano depois da aprova\u00e7\u00e3o da legisla\u00e7\u00e3o que permite ado\u00e7\u00e3o por fam\u00edlias de acolhimento, ainda n\u00e3o h\u00e1 nenhum processo de adop\u00e7\u00e3o conclu\u00eddo. H\u00e1 mais crian\u00e7as a viver em fam\u00edlias de acolhimento e menos institucionalizadas: crian\u00e7as em casas particulares passaram de 356 para 462; fam\u00edlias de acolhimento passaram de 388 para 520; ainda assim 5.987 crian\u00e7as estavam em institui\u00e7\u00f5es. A secret\u00e1ria de Estado da A\u00e7\u00e3o Social e Inclus\u00e3o, Clara Marques Mendes, atribui os resultados a uma campanha nacional de atrac\u00e7\u00e3o de acolhimento, lembrando a legisla\u00e7\u00e3o que acabou com a proibi\u00e7\u00e3o de adop\u00e7\u00e3o por fam\u00edlias de acolhimento. A audi\u00e7\u00e3o parlamentar serviu para esclarecer receios sobre as CPCJs (comiss\u00f5es de prote\u00e7\u00e3o de crian\u00e7as e jovens) no in\u00edcio do ano lectivo; a secret\u00e1ria garantiu que nenhuma CPCJ deixou de funcionar e que nenhum processo ficou parado. Em resposta a perguntas sobre professores, a secret\u00e1ria disse que n\u00e3o houve sa\u00edda massiva de docentes; faltam apenas seis professores, mas isso deve a termos de mandato que terminaram em janeiro.","og_url":"https:\/\/portaltela.pt\/noticias\/2026\/02\/18\/apos-um-ano-nenhuma-familia-de-acolhimento-conseguiu-adotar-uma-crianca\/","og_site_name":"Portal Tela Portugal","article_published_time":"2026-02-18T16:44:00+00:00","author":"Telinha","twitter_card":"summary_large_image","twitter_misc":{"Escrito por":"Telinha","Tempo estimado de leitura":"2 minutos"},"schema":{"@context":"https:\/\/schema.org","@graph":[{"@type":"Article","@id":"https:\/\/portaltela.pt\/noticias\/2026\/02\/18\/apos-um-ano-nenhuma-familia-de-acolhimento-conseguiu-adotar-uma-crianca\/#article","isPartOf":{"@id":"https:\/\/portaltela.pt\/noticias\/2026\/02\/18\/apos-um-ano-nenhuma-familia-de-acolhimento-conseguiu-adotar-uma-crianca\/"},"author":{"name":"Telinha","@id":"https:\/\/portaltela.pt\/#\/schema\/person\/c4278d4a6028830caff9ee44b42d32ed"},"headline":"Ap\u00f3s um ano, nenhuma fam\u00edlia de acolhimento conseguiu adotar uma crian\u00e7a","datePublished":"2026-02-18T16:44:00+00:00","mainEntityOfPage":{"@id":"https:\/\/portaltela.pt\/noticias\/2026\/02\/18\/apos-um-ano-nenhuma-familia-de-acolhimento-conseguiu-adotar-uma-crianca\/"},"wordCount":356,"image":{"@id":"https:\/\/portaltela.pt\/noticias\/2026\/02\/18\/apos-um-ano-nenhuma-familia-de-acolhimento-conseguiu-adotar-uma-crianca\/#primaryimage"},"thumbnailUrl":"https:\/\/portaltela.pt\/s.01k8rhncp4jt1\/2026\/02\/2068061.jpg","keywords":["acolhimentos","ado\u00e7\u00e3o","CPCJ","crian\u00e7as","fam\u00edlias","prote\u00e7\u00e3o de menores"],"articleSection":["Not\u00edcias"],"inLanguage":"pt-PT"},{"@type":"WebPage","@id":"https:\/\/portaltela.pt\/noticias\/2026\/02\/18\/apos-um-ano-nenhuma-familia-de-acolhimento-conseguiu-adotar-uma-crianca\/","url":"https:\/\/portaltela.pt\/noticias\/2026\/02\/18\/apos-um-ano-nenhuma-familia-de-acolhimento-conseguiu-adotar-uma-crianca\/","name":"Ap\u00f3s um ano, nenhuma fam\u00edlia de acolhimento conseguiu adotar uma crian\u00e7a - Portal Tela Portugal","isPartOf":{"@id":"https:\/\/portaltela.pt\/#website"},"primaryImageOfPage":{"@id":"https:\/\/portaltela.pt\/noticias\/2026\/02\/18\/apos-um-ano-nenhuma-familia-de-acolhimento-conseguiu-adotar-uma-crianca\/#primaryimage"},"image":{"@id":"https:\/\/portaltela.pt\/noticias\/2026\/02\/18\/apos-um-ano-nenhuma-familia-de-acolhimento-conseguiu-adotar-uma-crianca\/#primaryimage"},"thumbnailUrl":"https:\/\/portaltela.pt\/s.01k8rhncp4jt1\/2026\/02\/2068061.jpg","datePublished":"2026-02-18T16:44:00+00:00","author":{"@id":"https:\/\/portaltela.pt\/#\/schema\/person\/c4278d4a6028830caff9ee44b42d32ed"},"breadcrumb":{"@id":"https:\/\/portaltela.pt\/noticias\/2026\/02\/18\/apos-um-ano-nenhuma-familia-de-acolhimento-conseguiu-adotar-uma-crianca\/#breadcrumb"},"inLanguage":"pt-PT","potentialAction":[{"@type":"ReadAction","target":["https:\/\/portaltela.pt\/noticias\/2026\/02\/18\/apos-um-ano-nenhuma-familia-de-acolhimento-conseguiu-adotar-uma-crianca\/"]}]},{"@type":"ImageObject","inLanguage":"pt-PT","@id":"https:\/\/portaltela.pt\/noticias\/2026\/02\/18\/apos-um-ano-nenhuma-familia-de-acolhimento-conseguiu-adotar-uma-crianca\/#primaryimage","url":"https:\/\/portaltela.pt\/s.01k8rhncp4jt1\/2026\/02\/2068061.jpg","contentUrl":"https:\/\/portaltela.pt\/s.01k8rhncp4jt1\/2026\/02\/2068061.jpg","width":796,"height":448,"caption":"No final de 2025 havia 520 fam\u00edlias de acolhimento e diminu\u00edram as crian\u00e7as enviadas para institui\u00e7\u00f5es, que mesmo assim continuavam a ser 5987"},{"@type":"BreadcrumbList","@id":"https:\/\/portaltela.pt\/noticias\/2026\/02\/18\/apos-um-ano-nenhuma-familia-de-acolhimento-conseguiu-adotar-uma-crianca\/#breadcrumb","itemListElement":[{"@type":"ListItem","position":1,"name":"In\u00edcio","item":"https:\/\/portaltela.pt\/"},{"@type":"ListItem","position":2,"name":"Ap\u00f3s um ano, nenhuma fam\u00edlia de acolhimento conseguiu adotar uma crian\u00e7a"}]},{"@type":"WebSite","@id":"https:\/\/portaltela.pt\/#website","url":"https:\/\/portaltela.pt\/","name":"Portal Tela Portugal","description":"","potentialAction":[{"@type":"SearchAction","target":{"@type":"EntryPoint","urlTemplate":"https:\/\/portaltela.pt\/?s={search_term_string}"},"query-input":{"@type":"PropertyValueSpecification","valueRequired":true,"valueName":"search_term_string"}}],"inLanguage":"pt-PT"},{"@type":"Person","@id":"https:\/\/portaltela.pt\/#\/schema\/person\/c4278d4a6028830caff9ee44b42d32ed","name":"Telinha","image":{"@type":"ImageObject","inLanguage":"pt-PT","@id":"https:\/\/portaltela.pt\/s.01k8rhncp4jt1\/2025\/11\/talking-bot-125x125.png","url":"https:\/\/portaltela.pt\/s.01k8rhncp4jt1\/2025\/11\/talking-bot-125x125.png","contentUrl":"https:\/\/portaltela.pt\/s.01k8rhncp4jt1\/2025\/11\/talking-bot-125x125.png","caption":"Telinha"},"sameAs":["https:\/\/portaltela.pt\/"],"url":"https:\/\/portaltela.pt\/por\/367410592786\/"}]}},"_links":{"self":[{"href":"https:\/\/portaltela.pt\/api\/wp\/v2\/posts\/216240","targetHints":{"allow":["GET"]}}],"collection":[{"href":"https:\/\/portaltela.pt\/api\/wp\/v2\/posts"}],"about":[{"href":"https:\/\/portaltela.pt\/api\/wp\/v2\/types\/post"}],"author":[{"embeddable":true,"href":"https:\/\/portaltela.pt\/api\/wp\/v2\/users\/2"}],"replies":[{"embeddable":true,"href":"https:\/\/portaltela.pt\/api\/wp\/v2\/comments?post=216240"}],"version-history":[{"count":0,"href":"https:\/\/portaltela.pt\/api\/wp\/v2\/posts\/216240\/revisions"}],"wp:featuredmedia":[{"embeddable":true,"href":"https:\/\/portaltela.pt\/api\/wp\/v2\/media\/216242"}],"wp:attachment":[{"href":"https:\/\/portaltela.pt\/api\/wp\/v2\/media?parent=216240"}],"wp:term":[{"taxonomy":"category","embeddable":true,"href":"https:\/\/portaltela.pt\/api\/wp\/v2\/categories?post=216240"},{"taxonomy":"post_tag","embeddable":true,"href":"https:\/\/portaltela.pt\/api\/wp\/v2\/tags?post=216240"}],"curies":[{"name":"wp","href":"https:\/\/api.w.org\/{rel}","templated":true}]}}