{"id":216236,"date":"2026-02-18T13:44:01","date_gmt":"2026-02-18T16:44:01","guid":{"rendered":"https:\/\/portaltela.pt\/noticias\/2026\/02\/18\/professores-elogiam-centralidade-do-concurso-nacional-mas-saem-com-duvidas\/"},"modified":"2026-02-18T13:44:01","modified_gmt":"2026-02-18T16:44:01","slug":"professores-elogiam-centralidade-do-concurso-nacional-mas-saem-com-duvidas","status":"publish","type":"post","link":"https:\/\/portaltela.pt\/noticias\/2026\/02\/18\/professores-elogiam-centralidade-do-concurso-nacional-mas-saem-com-duvidas\/","title":{"rendered":"Professores elogiam centralidade do concurso nacional, mas saem com d\u00favidas"},"content":{"rendered":"<p>Os sindicatos de professores reagiram \u00e0 proposta do Governo sobre a revis\u00e3o do Estatuto da Carreira Docente (ECD) apresentada esta semana. A ideia central \u00e9 tornar o concurso nacional um instrumento de recrutamento estruturante, mantendo a gradua\u00e7\u00e3o profissional como \u00fanico crit\u00e9rio de seria\u00e7\u00e3o.<\/p>\n<p>A reuni\u00e3o desta quarta-feira serviu para esclarecer a posi\u00e7\u00e3o do MECI, que pretende explicitar o car\u00e1ter centralizado do concurso nacional. O objetivo \u00e9 suprir, na medida do poss\u00edvel, as necessidades de contrata\u00e7\u00e3o de docentes.<\/p>\n<h3>Proposta central sobre o concurso<\/h3>\n<p>O Governo reafirmou que a gradua\u00e7\u00e3o profissional, resultado da classifica\u00e7\u00e3o no curso e do tempo de servi\u00e7o, continua a ser o \u00fanico crit\u00e9rio de seria\u00e7\u00e3o. Os sindicatos elogiaram, no imediato, o enunciado que tranquiliza essa d\u00favida.<\/p>\n<p>No entanto, persiste a d\u00favida sobre outros aspetos, nomeadamente para docentes sem habilita\u00e7\u00e3o profissional. A proposta mant\u00e9m a ideia de uma forma\u00e7\u00e3o cient\u00edfica legal exig\u00edvel, substituindo o conceito atual de habilita\u00e7\u00e3o profissional.<\/p>\n<h3>Quest\u00f5es em aberto e mecanismos transit\u00f3rios<\/h3>\n<p>O MECI prev\u00ea, de forma excecional e transit\u00f3ria, um regime que permite o exerc\u00edcio da fun\u00e7\u00e3o com forma\u00e7\u00e3o cient\u00edfica legal exig\u00edvel. Este regime poder\u00e1 ligar docentes aos quadros de modo condicional por at\u00e9 quatro anos.<\/p>\n<p>A ideia inclui contratos a termo de at\u00e9 tr\u00eas anos at\u00e9 \u00e0 conclus\u00e3o da forma\u00e7\u00e3o pedag\u00f3gica, com convers\u00e3o para contrato por tempo indeterminado. O objetivo \u00e9 enquadrar a situa\u00e7\u00e3o de quem n\u00e3o tem habilita\u00e7\u00e3o profissional.<\/p>\n<h3>Rea\u00e7\u00f5es e d\u00favidas entre os sindicatos<\/h3>\n<p>O secret\u00e1rio-geral da Fenprof apontou que os conceitos continuam vagos, e o SIPE questionou o que envolve a forma\u00e7\u00e3o cient\u00edfica legal exig\u00edvel. Os sindicatos pedem clarifica\u00e7\u00f5es sobre impactos na mobilidade e na progress\u00e3o de carreira.<\/p>\n<p>Alexandre Homem Cristo, secret\u00e1rio de Estado, explicou que o enquadramento existe para adaptar situa\u00e7\u00f5es anteriores. Os concursos externos, em regra, manter\u00e3o a exig\u00eancia de habilita\u00e7\u00e3o profissional para acesso.<\/p>\n<h3>Contexto e pr\u00f3ximos passos<\/h3>\n<p>A reuni\u00e3o desta quarta-feira ocorreu ap\u00f3s a entrega de uma proposta governamental \u00e0s organiza\u00e7\u00f5es sindicais. As negocia\u00e7\u00f5es seguem para esclarecer detalhes t\u00e9cnicos, com foco na reda\u00e7\u00e3o final do ECD.<\/p>\n<p>A data de implementa\u00e7\u00e3o e os efeitos pr\u00e1ticos do novo enquadramento devem ser discutidos em pr\u00f3ximas reuni\u00f5es entre o Governo e os representantes dos docentes.<\/p>\n","protected":false},"excerpt":{"rendered":"<ul>\n<li>O Governo prop\u00f5e tornar o concurso nacional centralizado como forma estruturante de recrutamento, mantendo a gradua\u00e7\u00e3o profissional como \u00fanico crit\u00e9rio de seria\u00e7\u00e3o.<\/li>\n<li>A revis\u00e3o do Estatuto da Carreira Docente (ECD) visa explicitar esse modelo e priorizar o concurso nacional para suprir necessidades do sistema.<\/li>\n<li>A proposta elimina o conceito de habilita\u00e7\u00e3o profissional, substituindo-o por \u201cforma\u00e7\u00e3o cient\u00edfica legal exig\u00edvel\u201d, numa mudan\u00e7a transit\u00f3ria que permite exerc\u00edcio com forma\u00e7\u00e3o ainda por concluir.<\/li>\n<li>Est\u00e1 prevista uma via excecional de contratos a termo de at\u00e9 tr\u00eas anos at\u00e9 \u00e0 obten\u00e7\u00e3o da forma\u00e7\u00e3o pedag\u00f3gica, com convers\u00e3o para contrato sem termo, mas com risco de maior rotatividade se n\u00e3o houver profissionaliza\u00e7\u00e3o.<\/li>\n<li>Os sindicatos ficaram satisfeitos com a centraliza\u00e7\u00e3o, mas levantaram d\u00favidas sobre o significado da forma\u00e7\u00e3o cient\u00edfica exig\u00edvel e sobre quem poder\u00e1 concorrer aos concursos externos.<\/li>\n<\/ul>\n","protected":false},"author":2,"featured_media":216238,"comment_status":"closed","ping_status":"closed","sticky":false,"template":"","format":"standard","meta":{"footnotes":""},"categories":[1],"tags":[5797,164,163,2443,1806,97],"class_list":["post-216236","post","type-post","status-publish","format-standard","has-post-thumbnail","hentry","category-noticias","tag-carreiras","tag-concurso","tag-educacao","tag-educacao-publica","tag-falta-de-habilitacao","tag-professores"],"yoast_head":"<!-- This site is optimized with the Yoast SEO plugin v27.2 - https:\/\/yoast.com\/product\/yoast-seo-wordpress\/ -->\n<title>Professores elogiam centralidade do concurso nacional, mas saem com d\u00favidas - Portal Tela Portugal<\/title>\n<meta name=\"robots\" content=\"index, follow, max-snippet:-1, max-image-preview:large, max-video-preview:-1\" \/>\n<meta property=\"og:locale\" content=\"pt_PT\" \/>\n<meta property=\"og:type\" content=\"article\" \/>\n<meta property=\"og:title\" content=\"Professores elogiam centralidade do concurso nacional, mas saem com d\u00favidas - Portal Tela Portugal\" \/>\n<meta property=\"og:description\" content=\"O Governo prop\u00f5e tornar o concurso nacional centralizado como forma estruturante de recrutamento, mantendo a gradua\u00e7\u00e3o profissional como \u00fanico crit\u00e9rio de seria\u00e7\u00e3o. A revis\u00e3o do Estatuto da Carreira Docente (ECD) visa explicitar esse modelo e priorizar o concurso nacional para suprir necessidades do sistema. A proposta elimina o conceito de habilita\u00e7\u00e3o profissional, substituindo-o por \u201cforma\u00e7\u00e3o cient\u00edfica legal exig\u00edvel\u201d, numa mudan\u00e7a transit\u00f3ria que permite exerc\u00edcio com forma\u00e7\u00e3o ainda por concluir. Est\u00e1 prevista uma via excecional de contratos a termo de at\u00e9 tr\u00eas anos at\u00e9 \u00e0 obten\u00e7\u00e3o da forma\u00e7\u00e3o pedag\u00f3gica, com convers\u00e3o para contrato sem termo, mas com risco de maior rotatividade se n\u00e3o houver profissionaliza\u00e7\u00e3o. Os sindicatos ficaram satisfeitos com a centraliza\u00e7\u00e3o, mas levantaram d\u00favidas sobre o significado da forma\u00e7\u00e3o cient\u00edfica exig\u00edvel e sobre quem poder\u00e1 concorrer aos concursos externos.\" \/>\n<meta property=\"og:url\" content=\"https:\/\/portaltela.pt\/noticias\/2026\/02\/18\/professores-elogiam-centralidade-do-concurso-nacional-mas-saem-com-duvidas\/\" \/>\n<meta property=\"og:site_name\" content=\"Portal Tela Portugal\" \/>\n<meta property=\"article:published_time\" content=\"2026-02-18T16:44:01+00:00\" \/>\n<meta name=\"author\" content=\"Telinha\" \/>\n<meta name=\"twitter:card\" content=\"summary_large_image\" \/>\n<meta name=\"twitter:label1\" content=\"Escrito por\" \/>\n\t<meta name=\"twitter:data1\" content=\"Telinha\" \/>\n\t<meta name=\"twitter:label2\" content=\"Tempo estimado de leitura\" \/>\n\t<meta name=\"twitter:data2\" content=\"2 minutos\" \/>\n<script type=\"application\/ld+json\" class=\"yoast-schema-graph\">{\"@context\":\"https:\/\/schema.org\",\"@graph\":[{\"@type\":\"Article\",\"@id\":\"https:\/\/portaltela.pt\/noticias\/2026\/02\/18\/professores-elogiam-centralidade-do-concurso-nacional-mas-saem-com-duvidas\/#article\",\"isPartOf\":{\"@id\":\"https:\/\/portaltela.pt\/noticias\/2026\/02\/18\/professores-elogiam-centralidade-do-concurso-nacional-mas-saem-com-duvidas\/\"},\"author\":{\"name\":\"Telinha\",\"@id\":\"https:\/\/portaltela.pt\/#\/schema\/person\/c4278d4a6028830caff9ee44b42d32ed\"},\"headline\":\"Professores elogiam centralidade do concurso nacional, mas saem com d\u00favidas\",\"datePublished\":\"2026-02-18T16:44:01+00:00\",\"mainEntityOfPage\":{\"@id\":\"https:\/\/portaltela.pt\/noticias\/2026\/02\/18\/professores-elogiam-centralidade-do-concurso-nacional-mas-saem-com-duvidas\/\"},\"wordCount\":421,\"image\":{\"@id\":\"https:\/\/portaltela.pt\/noticias\/2026\/02\/18\/professores-elogiam-centralidade-do-concurso-nacional-mas-saem-com-duvidas\/#primaryimage\"},\"thumbnailUrl\":\"https:\/\/portaltela.pt\/s.01k8rhncp4jt1\/2026\/02\/img_1500x1000uu2024-05-22-23-54-48-1662485.jpg\",\"keywords\":[\"carreiras\",\"concurso\",\"educa\u00e7\u00e3o\",\"educa\u00e7\u00e3o p\u00fablica\",\"falta de habilita\u00e7\u00e3o\",\"professores\"],\"articleSection\":[\"Not\u00edcias\"],\"inLanguage\":\"pt-PT\"},{\"@type\":\"WebPage\",\"@id\":\"https:\/\/portaltela.pt\/noticias\/2026\/02\/18\/professores-elogiam-centralidade-do-concurso-nacional-mas-saem-com-duvidas\/\",\"url\":\"https:\/\/portaltela.pt\/noticias\/2026\/02\/18\/professores-elogiam-centralidade-do-concurso-nacional-mas-saem-com-duvidas\/\",\"name\":\"Professores elogiam centralidade do concurso nacional, mas saem com d\u00favidas - Portal Tela Portugal\",\"isPartOf\":{\"@id\":\"https:\/\/portaltela.pt\/#website\"},\"primaryImageOfPage\":{\"@id\":\"https:\/\/portaltela.pt\/noticias\/2026\/02\/18\/professores-elogiam-centralidade-do-concurso-nacional-mas-saem-com-duvidas\/#primaryimage\"},\"image\":{\"@id\":\"https:\/\/portaltela.pt\/noticias\/2026\/02\/18\/professores-elogiam-centralidade-do-concurso-nacional-mas-saem-com-duvidas\/#primaryimage\"},\"thumbnailUrl\":\"https:\/\/portaltela.pt\/s.01k8rhncp4jt1\/2026\/02\/img_1500x1000uu2024-05-22-23-54-48-1662485.jpg\",\"datePublished\":\"2026-02-18T16:44:01+00:00\",\"author\":{\"@id\":\"https:\/\/portaltela.pt\/#\/schema\/person\/c4278d4a6028830caff9ee44b42d32ed\"},\"breadcrumb\":{\"@id\":\"https:\/\/portaltela.pt\/noticias\/2026\/02\/18\/professores-elogiam-centralidade-do-concurso-nacional-mas-saem-com-duvidas\/#breadcrumb\"},\"inLanguage\":\"pt-PT\",\"potentialAction\":[{\"@type\":\"ReadAction\",\"target\":[\"https:\/\/portaltela.pt\/noticias\/2026\/02\/18\/professores-elogiam-centralidade-do-concurso-nacional-mas-saem-com-duvidas\/\"]}]},{\"@type\":\"ImageObject\",\"inLanguage\":\"pt-PT\",\"@id\":\"https:\/\/portaltela.pt\/noticias\/2026\/02\/18\/professores-elogiam-centralidade-do-concurso-nacional-mas-saem-com-duvidas\/#primaryimage\",\"url\":\"https:\/\/portaltela.pt\/s.01k8rhncp4jt1\/2026\/02\/img_1500x1000uu2024-05-22-23-54-48-1662485.jpg\",\"contentUrl\":\"https:\/\/portaltela.pt\/s.01k8rhncp4jt1\/2026\/02\/img_1500x1000uu2024-05-22-23-54-48-1662485.jpg\",\"width\":796,\"height\":448,\"caption\":\"Escola\"},{\"@type\":\"BreadcrumbList\",\"@id\":\"https:\/\/portaltela.pt\/noticias\/2026\/02\/18\/professores-elogiam-centralidade-do-concurso-nacional-mas-saem-com-duvidas\/#breadcrumb\",\"itemListElement\":[{\"@type\":\"ListItem\",\"position\":1,\"name\":\"In\u00edcio\",\"item\":\"https:\/\/portaltela.pt\/\"},{\"@type\":\"ListItem\",\"position\":2,\"name\":\"Professores elogiam centralidade do concurso nacional, mas saem com d\u00favidas\"}]},{\"@type\":\"WebSite\",\"@id\":\"https:\/\/portaltela.pt\/#website\",\"url\":\"https:\/\/portaltela.pt\/\",\"name\":\"Portal Tela Portugal\",\"description\":\"\",\"potentialAction\":[{\"@type\":\"SearchAction\",\"target\":{\"@type\":\"EntryPoint\",\"urlTemplate\":\"https:\/\/portaltela.pt\/?s={search_term_string}\"},\"query-input\":{\"@type\":\"PropertyValueSpecification\",\"valueRequired\":true,\"valueName\":\"search_term_string\"}}],\"inLanguage\":\"pt-PT\"},{\"@type\":\"Person\",\"@id\":\"https:\/\/portaltela.pt\/#\/schema\/person\/c4278d4a6028830caff9ee44b42d32ed\",\"name\":\"Telinha\",\"image\":{\"@type\":\"ImageObject\",\"inLanguage\":\"pt-PT\",\"@id\":\"https:\/\/portaltela.pt\/s.01k8rhncp4jt1\/2025\/11\/talking-bot-125x125.png\",\"url\":\"https:\/\/portaltela.pt\/s.01k8rhncp4jt1\/2025\/11\/talking-bot-125x125.png\",\"contentUrl\":\"https:\/\/portaltela.pt\/s.01k8rhncp4jt1\/2025\/11\/talking-bot-125x125.png\",\"caption\":\"Telinha\"},\"sameAs\":[\"https:\/\/portaltela.pt\/\"],\"url\":\"https:\/\/portaltela.pt\/por\/367410592786\/\"}]}<\/script>\n<!-- \/ Yoast SEO plugin. -->","yoast_head_json":{"title":"Professores elogiam centralidade do concurso nacional, mas saem com d\u00favidas - Portal Tela Portugal","robots":{"index":"index","follow":"follow","max-snippet":"max-snippet:-1","max-image-preview":"max-image-preview:large","max-video-preview":"max-video-preview:-1"},"og_locale":"pt_PT","og_type":"article","og_title":"Professores elogiam centralidade do concurso nacional, mas saem com d\u00favidas - Portal Tela Portugal","og_description":"O Governo prop\u00f5e tornar o concurso nacional centralizado como forma estruturante de recrutamento, mantendo a gradua\u00e7\u00e3o profissional como \u00fanico crit\u00e9rio de seria\u00e7\u00e3o. A revis\u00e3o do Estatuto da Carreira Docente (ECD) visa explicitar esse modelo e priorizar o concurso nacional para suprir necessidades do sistema. A proposta elimina o conceito de habilita\u00e7\u00e3o profissional, substituindo-o por \u201cforma\u00e7\u00e3o cient\u00edfica legal exig\u00edvel\u201d, numa mudan\u00e7a transit\u00f3ria que permite exerc\u00edcio com forma\u00e7\u00e3o ainda por concluir. Est\u00e1 prevista uma via excecional de contratos a termo de at\u00e9 tr\u00eas anos at\u00e9 \u00e0 obten\u00e7\u00e3o da forma\u00e7\u00e3o pedag\u00f3gica, com convers\u00e3o para contrato sem termo, mas com risco de maior rotatividade se n\u00e3o houver profissionaliza\u00e7\u00e3o. Os sindicatos ficaram satisfeitos com a centraliza\u00e7\u00e3o, mas levantaram d\u00favidas sobre o significado da forma\u00e7\u00e3o cient\u00edfica exig\u00edvel e sobre quem poder\u00e1 concorrer aos concursos externos.","og_url":"https:\/\/portaltela.pt\/noticias\/2026\/02\/18\/professores-elogiam-centralidade-do-concurso-nacional-mas-saem-com-duvidas\/","og_site_name":"Portal Tela Portugal","article_published_time":"2026-02-18T16:44:01+00:00","author":"Telinha","twitter_card":"summary_large_image","twitter_misc":{"Escrito por":"Telinha","Tempo estimado de leitura":"2 minutos"},"schema":{"@context":"https:\/\/schema.org","@graph":[{"@type":"Article","@id":"https:\/\/portaltela.pt\/noticias\/2026\/02\/18\/professores-elogiam-centralidade-do-concurso-nacional-mas-saem-com-duvidas\/#article","isPartOf":{"@id":"https:\/\/portaltela.pt\/noticias\/2026\/02\/18\/professores-elogiam-centralidade-do-concurso-nacional-mas-saem-com-duvidas\/"},"author":{"name":"Telinha","@id":"https:\/\/portaltela.pt\/#\/schema\/person\/c4278d4a6028830caff9ee44b42d32ed"},"headline":"Professores elogiam centralidade do concurso nacional, mas saem com d\u00favidas","datePublished":"2026-02-18T16:44:01+00:00","mainEntityOfPage":{"@id":"https:\/\/portaltela.pt\/noticias\/2026\/02\/18\/professores-elogiam-centralidade-do-concurso-nacional-mas-saem-com-duvidas\/"},"wordCount":421,"image":{"@id":"https:\/\/portaltela.pt\/noticias\/2026\/02\/18\/professores-elogiam-centralidade-do-concurso-nacional-mas-saem-com-duvidas\/#primaryimage"},"thumbnailUrl":"https:\/\/portaltela.pt\/s.01k8rhncp4jt1\/2026\/02\/img_1500x1000uu2024-05-22-23-54-48-1662485.jpg","keywords":["carreiras","concurso","educa\u00e7\u00e3o","educa\u00e7\u00e3o p\u00fablica","falta de habilita\u00e7\u00e3o","professores"],"articleSection":["Not\u00edcias"],"inLanguage":"pt-PT"},{"@type":"WebPage","@id":"https:\/\/portaltela.pt\/noticias\/2026\/02\/18\/professores-elogiam-centralidade-do-concurso-nacional-mas-saem-com-duvidas\/","url":"https:\/\/portaltela.pt\/noticias\/2026\/02\/18\/professores-elogiam-centralidade-do-concurso-nacional-mas-saem-com-duvidas\/","name":"Professores elogiam centralidade do concurso nacional, mas saem com d\u00favidas - Portal Tela Portugal","isPartOf":{"@id":"https:\/\/portaltela.pt\/#website"},"primaryImageOfPage":{"@id":"https:\/\/portaltela.pt\/noticias\/2026\/02\/18\/professores-elogiam-centralidade-do-concurso-nacional-mas-saem-com-duvidas\/#primaryimage"},"image":{"@id":"https:\/\/portaltela.pt\/noticias\/2026\/02\/18\/professores-elogiam-centralidade-do-concurso-nacional-mas-saem-com-duvidas\/#primaryimage"},"thumbnailUrl":"https:\/\/portaltela.pt\/s.01k8rhncp4jt1\/2026\/02\/img_1500x1000uu2024-05-22-23-54-48-1662485.jpg","datePublished":"2026-02-18T16:44:01+00:00","author":{"@id":"https:\/\/portaltela.pt\/#\/schema\/person\/c4278d4a6028830caff9ee44b42d32ed"},"breadcrumb":{"@id":"https:\/\/portaltela.pt\/noticias\/2026\/02\/18\/professores-elogiam-centralidade-do-concurso-nacional-mas-saem-com-duvidas\/#breadcrumb"},"inLanguage":"pt-PT","potentialAction":[{"@type":"ReadAction","target":["https:\/\/portaltela.pt\/noticias\/2026\/02\/18\/professores-elogiam-centralidade-do-concurso-nacional-mas-saem-com-duvidas\/"]}]},{"@type":"ImageObject","inLanguage":"pt-PT","@id":"https:\/\/portaltela.pt\/noticias\/2026\/02\/18\/professores-elogiam-centralidade-do-concurso-nacional-mas-saem-com-duvidas\/#primaryimage","url":"https:\/\/portaltela.pt\/s.01k8rhncp4jt1\/2026\/02\/img_1500x1000uu2024-05-22-23-54-48-1662485.jpg","contentUrl":"https:\/\/portaltela.pt\/s.01k8rhncp4jt1\/2026\/02\/img_1500x1000uu2024-05-22-23-54-48-1662485.jpg","width":796,"height":448,"caption":"Escola"},{"@type":"BreadcrumbList","@id":"https:\/\/portaltela.pt\/noticias\/2026\/02\/18\/professores-elogiam-centralidade-do-concurso-nacional-mas-saem-com-duvidas\/#breadcrumb","itemListElement":[{"@type":"ListItem","position":1,"name":"In\u00edcio","item":"https:\/\/portaltela.pt\/"},{"@type":"ListItem","position":2,"name":"Professores elogiam centralidade do concurso nacional, mas saem com d\u00favidas"}]},{"@type":"WebSite","@id":"https:\/\/portaltela.pt\/#website","url":"https:\/\/portaltela.pt\/","name":"Portal Tela Portugal","description":"","potentialAction":[{"@type":"SearchAction","target":{"@type":"EntryPoint","urlTemplate":"https:\/\/portaltela.pt\/?s={search_term_string}"},"query-input":{"@type":"PropertyValueSpecification","valueRequired":true,"valueName":"search_term_string"}}],"inLanguage":"pt-PT"},{"@type":"Person","@id":"https:\/\/portaltela.pt\/#\/schema\/person\/c4278d4a6028830caff9ee44b42d32ed","name":"Telinha","image":{"@type":"ImageObject","inLanguage":"pt-PT","@id":"https:\/\/portaltela.pt\/s.01k8rhncp4jt1\/2025\/11\/talking-bot-125x125.png","url":"https:\/\/portaltela.pt\/s.01k8rhncp4jt1\/2025\/11\/talking-bot-125x125.png","contentUrl":"https:\/\/portaltela.pt\/s.01k8rhncp4jt1\/2025\/11\/talking-bot-125x125.png","caption":"Telinha"},"sameAs":["https:\/\/portaltela.pt\/"],"url":"https:\/\/portaltela.pt\/por\/367410592786\/"}]}},"_links":{"self":[{"href":"https:\/\/portaltela.pt\/api\/wp\/v2\/posts\/216236","targetHints":{"allow":["GET"]}}],"collection":[{"href":"https:\/\/portaltela.pt\/api\/wp\/v2\/posts"}],"about":[{"href":"https:\/\/portaltela.pt\/api\/wp\/v2\/types\/post"}],"author":[{"embeddable":true,"href":"https:\/\/portaltela.pt\/api\/wp\/v2\/users\/2"}],"replies":[{"embeddable":true,"href":"https:\/\/portaltela.pt\/api\/wp\/v2\/comments?post=216236"}],"version-history":[{"count":0,"href":"https:\/\/portaltela.pt\/api\/wp\/v2\/posts\/216236\/revisions"}],"wp:featuredmedia":[{"embeddable":true,"href":"https:\/\/portaltela.pt\/api\/wp\/v2\/media\/216238"}],"wp:attachment":[{"href":"https:\/\/portaltela.pt\/api\/wp\/v2\/media?parent=216236"}],"wp:term":[{"taxonomy":"category","embeddable":true,"href":"https:\/\/portaltela.pt\/api\/wp\/v2\/categories?post=216236"},{"taxonomy":"post_tag","embeddable":true,"href":"https:\/\/portaltela.pt\/api\/wp\/v2\/tags?post=216236"}],"curies":[{"name":"wp","href":"https:\/\/api.w.org\/{rel}","templated":true}]}}