{"id":216234,"date":"2026-02-18T13:40:00","date_gmt":"2026-02-18T16:40:00","guid":{"rendered":"https:\/\/portaltela.pt\/noticias\/2026\/02\/18\/articulacao-entre-autarquias-e-governo-evitou-tragedia-maior-nas-cheias\/"},"modified":"2026-02-18T13:40:00","modified_gmt":"2026-02-18T16:40:00","slug":"articulacao-entre-autarquias-e-governo-evitou-tragedia-maior-nas-cheias","status":"publish","type":"post","link":"https:\/\/portaltela.pt\/noticias\/2026\/02\/18\/articulacao-entre-autarquias-e-governo-evitou-tragedia-maior-nas-cheias\/","title":{"rendered":"Articula\u00e7\u00e3o entre autarquias e Governo evitou trag\u00e9dia maior nas cheias"},"content":{"rendered":"<p>A ministra do Ambiente, Maria da Gra\u00e7a Carvalho, afirmou em Amadora que a coordena\u00e7\u00e3o entre autarquias, Prote\u00e7\u00e3o Civil e Governo foi decisiva para reduzir os impactos das cheias. O Executivo j\u00e1 avan\u00e7a com estudos, concursos e novos modelos de gest\u00e3o para refor\u00e7ar a preven\u00e7\u00e3o e a resposta a futuras crises.<\/p>\n<p>A respons\u00e1vel pol\u00edtica sublinhou que a li\u00e7\u00e3o das \u00faltimas semanas \u00e9 clara: a boa articula\u00e7\u00e3o com as c\u00e2maras municipais e os atores locais evitou uma trag\u00e9dia maior. A afirma\u00e7\u00e3o surgiu durante uma interven\u00e7\u00e3o p\u00fablica na Amadora.<\/p>\n<p>Medidas em curso<\/p>\n<p>O Governo prev\u00ea aprofundar a coopera\u00e7\u00e3o entre entidades locais e nacionais, com novas diretrizes de gest\u00e3o de solos e vias de atua\u00e7\u00e3o em situa\u00e7\u00f5es de emerg\u00eancia. Est\u00e3o tamb\u00e9m a ser lan\u00e7ados concursos para diagn\u00f3stico de vulnerabilidades.<\/p>\n<p>Parcerias e planeamento<\/p>\n<p>Fontes do Minist\u00e9rio do Ambiente indicam que os estudos v\u00e3o apoiar planos de prote\u00e7\u00e3o civil e de ordenamento do territ\u00f3rio. O objetivo \u00e9 melhorar a resposta operacional e reduzir riscos em cheias futuras.<\/p>\n","protected":false},"excerpt":{"rendered":"<ul>\n<li>A ministra do Ambiente, Maria da Gra\u00e7a Carvalho, afirmou, na Amadora, que a coordena\u00e7\u00e3o entre autarquias, Prote\u00e7\u00e3o Civil e Governo foi decisiva para reduzir os impactos das cheias.<\/li>\n<li>O Executivo j\u00e1 est\u00e1 a avan\u00e7ar com estudos, concursos e novos modelos de gest\u00e3o para refor\u00e7ar a preven\u00e7\u00e3o e a resposta a futuras crises.<\/li>\n<li>Carvalho destacou que a principal li\u00e7\u00e3o \u00e9 a boa articula\u00e7\u00e3o com c\u00e2maras municipais, Prote\u00e7\u00e3o Civil e atores locais para evitar uma trag\u00e9dia maior.<\/li>\n<li>As medidas visam melhorar a preven\u00e7\u00e3o, a resposta r\u00e1pida e a coopera\u00e7\u00e3o entre entidades locais e centrais.<\/li>\n<\/ul>\n","protected":false},"author":2,"featured_media":216237,"comment_status":"closed","ping_status":"closed","sticky":false,"template":"","format":"standard","meta":{"footnotes":""},"categories":[1],"tags":[1439,167,2706,3701,1506,320],"class_list":["post-216234","post","type-post","status-publish","format-standard","has-post-thumbnail","hentry","category-noticias","tag-amadora","tag-ambiente","tag-autarquias","tag-cheias","tag-ordenamento-do-territorio","tag-protecao-civil"],"yoast_head":"<!-- This site is optimized with the Yoast SEO plugin v27.2 - https:\/\/yoast.com\/product\/yoast-seo-wordpress\/ -->\n<title>Articula\u00e7\u00e3o entre autarquias e Governo evitou trag\u00e9dia maior nas cheias - Portal Tela Portugal<\/title>\n<meta name=\"robots\" content=\"index, follow, max-snippet:-1, max-image-preview:large, max-video-preview:-1\" \/>\n<meta property=\"og:locale\" content=\"pt_PT\" \/>\n<meta property=\"og:type\" content=\"article\" \/>\n<meta property=\"og:title\" content=\"Articula\u00e7\u00e3o entre autarquias e Governo evitou trag\u00e9dia maior nas cheias - Portal Tela Portugal\" \/>\n<meta property=\"og:description\" content=\"A ministra do Ambiente, Maria da Gra\u00e7a Carvalho, afirmou, na Amadora, que a coordena\u00e7\u00e3o entre autarquias, Prote\u00e7\u00e3o Civil e Governo foi decisiva para reduzir os impactos das cheias. O Executivo j\u00e1 est\u00e1 a avan\u00e7ar com estudos, concursos e novos modelos de gest\u00e3o para refor\u00e7ar a preven\u00e7\u00e3o e a resposta a futuras crises. Carvalho destacou que a principal li\u00e7\u00e3o \u00e9 a boa articula\u00e7\u00e3o com c\u00e2maras municipais, Prote\u00e7\u00e3o Civil e atores locais para evitar uma trag\u00e9dia maior. As medidas visam melhorar a preven\u00e7\u00e3o, a resposta r\u00e1pida e a coopera\u00e7\u00e3o entre entidades locais e centrais.\" \/>\n<meta property=\"og:url\" content=\"https:\/\/portaltela.pt\/noticias\/2026\/02\/18\/articulacao-entre-autarquias-e-governo-evitou-tragedia-maior-nas-cheias\/\" \/>\n<meta property=\"og:site_name\" content=\"Portal Tela Portugal\" \/>\n<meta property=\"article:published_time\" content=\"2026-02-18T16:40:00+00:00\" \/>\n<meta name=\"author\" content=\"Telinha\" \/>\n<meta name=\"twitter:card\" content=\"summary_large_image\" \/>\n<meta name=\"twitter:label1\" content=\"Escrito por\" \/>\n\t<meta name=\"twitter:data1\" content=\"Telinha\" \/>\n\t<meta name=\"twitter:label2\" content=\"Tempo estimado de leitura\" \/>\n\t<meta name=\"twitter:data2\" content=\"1 minuto\" \/>\n<script type=\"application\/ld+json\" class=\"yoast-schema-graph\">{\"@context\":\"https:\/\/schema.org\",\"@graph\":[{\"@type\":\"Article\",\"@id\":\"https:\/\/portaltela.pt\/noticias\/2026\/02\/18\/articulacao-entre-autarquias-e-governo-evitou-tragedia-maior-nas-cheias\/#article\",\"isPartOf\":{\"@id\":\"https:\/\/portaltela.pt\/noticias\/2026\/02\/18\/articulacao-entre-autarquias-e-governo-evitou-tragedia-maior-nas-cheias\/\"},\"author\":{\"name\":\"Telinha\",\"@id\":\"https:\/\/portaltela.pt\/#\/schema\/person\/c4278d4a6028830caff9ee44b42d32ed\"},\"headline\":\"Articula\u00e7\u00e3o entre autarquias e Governo evitou trag\u00e9dia maior nas cheias\",\"datePublished\":\"2026-02-18T16:40:00+00:00\",\"mainEntityOfPage\":{\"@id\":\"https:\/\/portaltela.pt\/noticias\/2026\/02\/18\/articulacao-entre-autarquias-e-governo-evitou-tragedia-maior-nas-cheias\/\"},\"wordCount\":200,\"image\":{\"@id\":\"https:\/\/portaltela.pt\/noticias\/2026\/02\/18\/articulacao-entre-autarquias-e-governo-evitou-tragedia-maior-nas-cheias\/#primaryimage\"},\"thumbnailUrl\":\"https:\/\/portaltela.pt\/s.01k8rhncp4jt1\/2026\/02\/image-61.webp\",\"keywords\":[\"Amadora\",\"ambiente\",\"autarquias\",\"cheias\",\"ordenamento do territ\u00f3rio\",\"prote\u00e7\u00e3o civil\"],\"articleSection\":[\"Not\u00edcias\"],\"inLanguage\":\"pt-PT\"},{\"@type\":\"WebPage\",\"@id\":\"https:\/\/portaltela.pt\/noticias\/2026\/02\/18\/articulacao-entre-autarquias-e-governo-evitou-tragedia-maior-nas-cheias\/\",\"url\":\"https:\/\/portaltela.pt\/noticias\/2026\/02\/18\/articulacao-entre-autarquias-e-governo-evitou-tragedia-maior-nas-cheias\/\",\"name\":\"Articula\u00e7\u00e3o entre autarquias e Governo evitou trag\u00e9dia maior nas cheias - Portal Tela Portugal\",\"isPartOf\":{\"@id\":\"https:\/\/portaltela.pt\/#website\"},\"primaryImageOfPage\":{\"@id\":\"https:\/\/portaltela.pt\/noticias\/2026\/02\/18\/articulacao-entre-autarquias-e-governo-evitou-tragedia-maior-nas-cheias\/#primaryimage\"},\"image\":{\"@id\":\"https:\/\/portaltela.pt\/noticias\/2026\/02\/18\/articulacao-entre-autarquias-e-governo-evitou-tragedia-maior-nas-cheias\/#primaryimage\"},\"thumbnailUrl\":\"https:\/\/portaltela.pt\/s.01k8rhncp4jt1\/2026\/02\/image-61.webp\",\"datePublished\":\"2026-02-18T16:40:00+00:00\",\"author\":{\"@id\":\"https:\/\/portaltela.pt\/#\/schema\/person\/c4278d4a6028830caff9ee44b42d32ed\"},\"breadcrumb\":{\"@id\":\"https:\/\/portaltela.pt\/noticias\/2026\/02\/18\/articulacao-entre-autarquias-e-governo-evitou-tragedia-maior-nas-cheias\/#breadcrumb\"},\"inLanguage\":\"pt-PT\",\"potentialAction\":[{\"@type\":\"ReadAction\",\"target\":[\"https:\/\/portaltela.pt\/noticias\/2026\/02\/18\/articulacao-entre-autarquias-e-governo-evitou-tragedia-maior-nas-cheias\/\"]}]},{\"@type\":\"ImageObject\",\"inLanguage\":\"pt-PT\",\"@id\":\"https:\/\/portaltela.pt\/noticias\/2026\/02\/18\/articulacao-entre-autarquias-e-governo-evitou-tragedia-maior-nas-cheias\/#primaryimage\",\"url\":\"https:\/\/portaltela.pt\/s.01k8rhncp4jt1\/2026\/02\/image-61.webp\",\"contentUrl\":\"https:\/\/portaltela.pt\/s.01k8rhncp4jt1\/2026\/02\/image-61.webp\",\"width\":1200,\"height\":800,\"caption\":\"Ministra do Ambiente, Maria da Gra\u00e7a Carvalho, e o presidente da APA, Jos\u00e9 Pimenta Machado.\"},{\"@type\":\"BreadcrumbList\",\"@id\":\"https:\/\/portaltela.pt\/noticias\/2026\/02\/18\/articulacao-entre-autarquias-e-governo-evitou-tragedia-maior-nas-cheias\/#breadcrumb\",\"itemListElement\":[{\"@type\":\"ListItem\",\"position\":1,\"name\":\"In\u00edcio\",\"item\":\"https:\/\/portaltela.pt\/\"},{\"@type\":\"ListItem\",\"position\":2,\"name\":\"Articula\u00e7\u00e3o entre autarquias e Governo evitou trag\u00e9dia maior nas cheias\"}]},{\"@type\":\"WebSite\",\"@id\":\"https:\/\/portaltela.pt\/#website\",\"url\":\"https:\/\/portaltela.pt\/\",\"name\":\"Portal Tela Portugal\",\"description\":\"\",\"potentialAction\":[{\"@type\":\"SearchAction\",\"target\":{\"@type\":\"EntryPoint\",\"urlTemplate\":\"https:\/\/portaltela.pt\/?s={search_term_string}\"},\"query-input\":{\"@type\":\"PropertyValueSpecification\",\"valueRequired\":true,\"valueName\":\"search_term_string\"}}],\"inLanguage\":\"pt-PT\"},{\"@type\":\"Person\",\"@id\":\"https:\/\/portaltela.pt\/#\/schema\/person\/c4278d4a6028830caff9ee44b42d32ed\",\"name\":\"Telinha\",\"image\":{\"@type\":\"ImageObject\",\"inLanguage\":\"pt-PT\",\"@id\":\"https:\/\/portaltela.pt\/s.01k8rhncp4jt1\/2025\/11\/talking-bot-125x125.png\",\"url\":\"https:\/\/portaltela.pt\/s.01k8rhncp4jt1\/2025\/11\/talking-bot-125x125.png\",\"contentUrl\":\"https:\/\/portaltela.pt\/s.01k8rhncp4jt1\/2025\/11\/talking-bot-125x125.png\",\"caption\":\"Telinha\"},\"sameAs\":[\"https:\/\/portaltela.pt\/\"],\"url\":\"https:\/\/portaltela.pt\/por\/367410592786\/\"}]}<\/script>\n<!-- \/ Yoast SEO plugin. -->","yoast_head_json":{"title":"Articula\u00e7\u00e3o entre autarquias e Governo evitou trag\u00e9dia maior nas cheias - Portal Tela Portugal","robots":{"index":"index","follow":"follow","max-snippet":"max-snippet:-1","max-image-preview":"max-image-preview:large","max-video-preview":"max-video-preview:-1"},"og_locale":"pt_PT","og_type":"article","og_title":"Articula\u00e7\u00e3o entre autarquias e Governo evitou trag\u00e9dia maior nas cheias - Portal Tela Portugal","og_description":"A ministra do Ambiente, Maria da Gra\u00e7a Carvalho, afirmou, na Amadora, que a coordena\u00e7\u00e3o entre autarquias, Prote\u00e7\u00e3o Civil e Governo foi decisiva para reduzir os impactos das cheias. O Executivo j\u00e1 est\u00e1 a avan\u00e7ar com estudos, concursos e novos modelos de gest\u00e3o para refor\u00e7ar a preven\u00e7\u00e3o e a resposta a futuras crises. Carvalho destacou que a principal li\u00e7\u00e3o \u00e9 a boa articula\u00e7\u00e3o com c\u00e2maras municipais, Prote\u00e7\u00e3o Civil e atores locais para evitar uma trag\u00e9dia maior. As medidas visam melhorar a preven\u00e7\u00e3o, a resposta r\u00e1pida e a coopera\u00e7\u00e3o entre entidades locais e centrais.","og_url":"https:\/\/portaltela.pt\/noticias\/2026\/02\/18\/articulacao-entre-autarquias-e-governo-evitou-tragedia-maior-nas-cheias\/","og_site_name":"Portal Tela Portugal","article_published_time":"2026-02-18T16:40:00+00:00","author":"Telinha","twitter_card":"summary_large_image","twitter_misc":{"Escrito por":"Telinha","Tempo estimado de leitura":"1 minuto"},"schema":{"@context":"https:\/\/schema.org","@graph":[{"@type":"Article","@id":"https:\/\/portaltela.pt\/noticias\/2026\/02\/18\/articulacao-entre-autarquias-e-governo-evitou-tragedia-maior-nas-cheias\/#article","isPartOf":{"@id":"https:\/\/portaltela.pt\/noticias\/2026\/02\/18\/articulacao-entre-autarquias-e-governo-evitou-tragedia-maior-nas-cheias\/"},"author":{"name":"Telinha","@id":"https:\/\/portaltela.pt\/#\/schema\/person\/c4278d4a6028830caff9ee44b42d32ed"},"headline":"Articula\u00e7\u00e3o entre autarquias e Governo evitou trag\u00e9dia maior nas cheias","datePublished":"2026-02-18T16:40:00+00:00","mainEntityOfPage":{"@id":"https:\/\/portaltela.pt\/noticias\/2026\/02\/18\/articulacao-entre-autarquias-e-governo-evitou-tragedia-maior-nas-cheias\/"},"wordCount":200,"image":{"@id":"https:\/\/portaltela.pt\/noticias\/2026\/02\/18\/articulacao-entre-autarquias-e-governo-evitou-tragedia-maior-nas-cheias\/#primaryimage"},"thumbnailUrl":"https:\/\/portaltela.pt\/s.01k8rhncp4jt1\/2026\/02\/image-61.webp","keywords":["Amadora","ambiente","autarquias","cheias","ordenamento do territ\u00f3rio","prote\u00e7\u00e3o civil"],"articleSection":["Not\u00edcias"],"inLanguage":"pt-PT"},{"@type":"WebPage","@id":"https:\/\/portaltela.pt\/noticias\/2026\/02\/18\/articulacao-entre-autarquias-e-governo-evitou-tragedia-maior-nas-cheias\/","url":"https:\/\/portaltela.pt\/noticias\/2026\/02\/18\/articulacao-entre-autarquias-e-governo-evitou-tragedia-maior-nas-cheias\/","name":"Articula\u00e7\u00e3o entre autarquias e Governo evitou trag\u00e9dia maior nas cheias - Portal Tela Portugal","isPartOf":{"@id":"https:\/\/portaltela.pt\/#website"},"primaryImageOfPage":{"@id":"https:\/\/portaltela.pt\/noticias\/2026\/02\/18\/articulacao-entre-autarquias-e-governo-evitou-tragedia-maior-nas-cheias\/#primaryimage"},"image":{"@id":"https:\/\/portaltela.pt\/noticias\/2026\/02\/18\/articulacao-entre-autarquias-e-governo-evitou-tragedia-maior-nas-cheias\/#primaryimage"},"thumbnailUrl":"https:\/\/portaltela.pt\/s.01k8rhncp4jt1\/2026\/02\/image-61.webp","datePublished":"2026-02-18T16:40:00+00:00","author":{"@id":"https:\/\/portaltela.pt\/#\/schema\/person\/c4278d4a6028830caff9ee44b42d32ed"},"breadcrumb":{"@id":"https:\/\/portaltela.pt\/noticias\/2026\/02\/18\/articulacao-entre-autarquias-e-governo-evitou-tragedia-maior-nas-cheias\/#breadcrumb"},"inLanguage":"pt-PT","potentialAction":[{"@type":"ReadAction","target":["https:\/\/portaltela.pt\/noticias\/2026\/02\/18\/articulacao-entre-autarquias-e-governo-evitou-tragedia-maior-nas-cheias\/"]}]},{"@type":"ImageObject","inLanguage":"pt-PT","@id":"https:\/\/portaltela.pt\/noticias\/2026\/02\/18\/articulacao-entre-autarquias-e-governo-evitou-tragedia-maior-nas-cheias\/#primaryimage","url":"https:\/\/portaltela.pt\/s.01k8rhncp4jt1\/2026\/02\/image-61.webp","contentUrl":"https:\/\/portaltela.pt\/s.01k8rhncp4jt1\/2026\/02\/image-61.webp","width":1200,"height":800,"caption":"Ministra do Ambiente, Maria da Gra\u00e7a Carvalho, e o presidente da APA, Jos\u00e9 Pimenta Machado."},{"@type":"BreadcrumbList","@id":"https:\/\/portaltela.pt\/noticias\/2026\/02\/18\/articulacao-entre-autarquias-e-governo-evitou-tragedia-maior-nas-cheias\/#breadcrumb","itemListElement":[{"@type":"ListItem","position":1,"name":"In\u00edcio","item":"https:\/\/portaltela.pt\/"},{"@type":"ListItem","position":2,"name":"Articula\u00e7\u00e3o entre autarquias e Governo evitou trag\u00e9dia maior nas cheias"}]},{"@type":"WebSite","@id":"https:\/\/portaltela.pt\/#website","url":"https:\/\/portaltela.pt\/","name":"Portal Tela Portugal","description":"","potentialAction":[{"@type":"SearchAction","target":{"@type":"EntryPoint","urlTemplate":"https:\/\/portaltela.pt\/?s={search_term_string}"},"query-input":{"@type":"PropertyValueSpecification","valueRequired":true,"valueName":"search_term_string"}}],"inLanguage":"pt-PT"},{"@type":"Person","@id":"https:\/\/portaltela.pt\/#\/schema\/person\/c4278d4a6028830caff9ee44b42d32ed","name":"Telinha","image":{"@type":"ImageObject","inLanguage":"pt-PT","@id":"https:\/\/portaltela.pt\/s.01k8rhncp4jt1\/2025\/11\/talking-bot-125x125.png","url":"https:\/\/portaltela.pt\/s.01k8rhncp4jt1\/2025\/11\/talking-bot-125x125.png","contentUrl":"https:\/\/portaltela.pt\/s.01k8rhncp4jt1\/2025\/11\/talking-bot-125x125.png","caption":"Telinha"},"sameAs":["https:\/\/portaltela.pt\/"],"url":"https:\/\/portaltela.pt\/por\/367410592786\/"}]}},"_links":{"self":[{"href":"https:\/\/portaltela.pt\/api\/wp\/v2\/posts\/216234","targetHints":{"allow":["GET"]}}],"collection":[{"href":"https:\/\/portaltela.pt\/api\/wp\/v2\/posts"}],"about":[{"href":"https:\/\/portaltela.pt\/api\/wp\/v2\/types\/post"}],"author":[{"embeddable":true,"href":"https:\/\/portaltela.pt\/api\/wp\/v2\/users\/2"}],"replies":[{"embeddable":true,"href":"https:\/\/portaltela.pt\/api\/wp\/v2\/comments?post=216234"}],"version-history":[{"count":0,"href":"https:\/\/portaltela.pt\/api\/wp\/v2\/posts\/216234\/revisions"}],"wp:featuredmedia":[{"embeddable":true,"href":"https:\/\/portaltela.pt\/api\/wp\/v2\/media\/216237"}],"wp:attachment":[{"href":"https:\/\/portaltela.pt\/api\/wp\/v2\/media?parent=216234"}],"wp:term":[{"taxonomy":"category","embeddable":true,"href":"https:\/\/portaltela.pt\/api\/wp\/v2\/categories?post=216234"},{"taxonomy":"post_tag","embeddable":true,"href":"https:\/\/portaltela.pt\/api\/wp\/v2\/tags?post=216234"}],"curies":[{"name":"wp","href":"https:\/\/api.w.org\/{rel}","templated":true}]}}