{"id":216224,"date":"2026-02-18T13:33:00","date_gmt":"2026-02-18T16:33:00","guid":{"rendered":"https:\/\/portaltela.pt\/noticias\/2026\/02\/18\/magnier-vence-a-1-a-etapa-da-volta-ao-algarve-ayuso-ganha-tres-segundos\/"},"modified":"2026-02-18T13:33:00","modified_gmt":"2026-02-18T16:33:00","slug":"magnier-vence-a-1-a-etapa-da-volta-ao-algarve-ayuso-ganha-tres-segundos","status":"publish","type":"post","link":"https:\/\/portaltela.pt\/desporto\/2026\/02\/18\/magnier-vence-a-1-a-etapa-da-volta-ao-algarve-ayuso-ganha-tres-segundos\/","title":{"rendered":"Magnier vence a 1.\u00aa etapa da Volta ao Algarve; Ayuso ganha tr\u00eas segundos"},"content":{"rendered":"<p>Paul Magnier venceu esta quarta-feira a 1.\u00aa etapa da Volta ao Algarve, entre Vila Real de Santo Ant\u00f3nio e Tavira, numa chegada ao sprint em pelot\u00e3o. O franc\u00eas da Soudal bateu Jordi Meeus e Pavel Bittner.<\/p>\n<p>O quinto lugar ficou para Santiago Mesa, o melhor entre as equipas portuguesas, com Rui Oliveira (Emirates) a terminar em 11.\u00ba.<\/p>\n<p>Juan Ayuso, da Lidl-Trek, estreia-se na prova nesta temporada e conquistou tr\u00eas segundos de bonifica\u00e7\u00e3o ao terminar 3.\u00ba num sprint e 2.\u00ba noutro, liderando a classifica\u00e7\u00e3o geral \u00e0 entrada para a segunda tirada.<\/p>\n<h3>Bonifica\u00e7\u00f5es de Ayuso ajudam na lideran\u00e7a<\/h3>\n<p>A etapa de hoje refor\u00e7ou a posi\u00e7\u00e3o de Ayuso na geral, \u00e0 frente de outros candidatos \u00e0 vit\u00f3ria final, incluindo Jo\u00e3o Almeida.<\/p>\n<p>Amanh\u00e3, o pelot\u00e3o parte de Portim\u00e3o com destino \u00e0 subida da F\u00f3ia, final numa contagem de primeira categoria, com nove quil\u00f3metros a 6,2% de inclina\u00e7\u00e3o.<\/p>\n","protected":false},"excerpt":{"rendered":"<ul>\n<li>Paul Magnier venceu a primeira etapa da Volta ao Algarve, entre Vila Real de Santo Ant\u00f3nio e Tavira, num sprint em pelot\u00e3o.<\/li>\n<li>Jordi Meeus e Pavel Bittner completaram o p\u00f3dio da tirada, com o franc\u00eas da Soudal a levar o segundo lugar e o neerland\u00eas a terminar em terceiro.<\/li>\n<li>o quinto lugar ficou para Santiago Mesa, o melhor entre as equipas portuguesas, enquanto Rui Oliveira foi o melhor portugu\u00eas da classifica\u00e7\u00e3o, em 11.\u00ba.<\/li>\n<li>Juan Ayuso, da Lidl-Trek, recebeu tr\u00eas segundos de bonifica\u00e7\u00e3o atrav\u00e9s de pontos-quentes, liderando na geral \u00e0 entrada para a segunda etapa.<\/li>\n<li>A etapa de amanh\u00e3 liga Portim\u00e3o \u00e0 subida da F\u00f3ia, com a meta numa contagem de primeira categoria e nove quil\u00f3metros a 6,2% de inclina\u00e7\u00e3o.<\/li>\n<\/ul>\n","protected":false},"author":2,"featured_media":216233,"comment_status":"closed","ping_status":"closed","sticky":false,"template":"","format":"standard","meta":{"footnotes":""},"categories":[21],"tags":[6070,923,3504,6069,4694,5588],"class_list":["post-216224","post","type-post","status-publish","format-standard","has-post-thumbnail","hentry","category-desporto","tag-bonificacoes","tag-ciclismo","tag-corridas","tag-emirates","tag-foia","tag-soudal-quick-step"],"yoast_head":"<!-- This site is optimized with the Yoast SEO plugin v27.2 - https:\/\/yoast.com\/product\/yoast-seo-wordpress\/ -->\n<title>Magnier vence a 1.\u00aa etapa da Volta ao Algarve; Ayuso ganha tr\u00eas segundos - Portal Tela Portugal<\/title>\n<meta name=\"robots\" content=\"index, follow, max-snippet:-1, max-image-preview:large, max-video-preview:-1\" \/>\n<meta property=\"og:locale\" content=\"pt_PT\" \/>\n<meta property=\"og:type\" content=\"article\" \/>\n<meta property=\"og:title\" content=\"Magnier vence a 1.\u00aa etapa da Volta ao Algarve; Ayuso ganha tr\u00eas segundos - Portal Tela Portugal\" \/>\n<meta property=\"og:description\" content=\"Paul Magnier venceu a primeira etapa da Volta ao Algarve, entre Vila Real de Santo Ant\u00f3nio e Tavira, num sprint em pelot\u00e3o. Jordi Meeus e Pavel Bittner completaram o p\u00f3dio da tirada, com o franc\u00eas da Soudal a levar o segundo lugar e o neerland\u00eas a terminar em terceiro. o quinto lugar ficou para Santiago Mesa, o melhor entre as equipas portuguesas, enquanto Rui Oliveira foi o melhor portugu\u00eas da classifica\u00e7\u00e3o, em 11.\u00ba. Juan Ayuso, da Lidl-Trek, recebeu tr\u00eas segundos de bonifica\u00e7\u00e3o atrav\u00e9s de pontos-quentes, liderando na geral \u00e0 entrada para a segunda etapa. A etapa de amanh\u00e3 liga Portim\u00e3o \u00e0 subida da F\u00f3ia, com a meta numa contagem de primeira categoria e nove quil\u00f3metros a 6,2% de inclina\u00e7\u00e3o.\" \/>\n<meta property=\"og:url\" content=\"https:\/\/portaltela.pt\/noticias\/2026\/02\/18\/magnier-vence-a-1-a-etapa-da-volta-ao-algarve-ayuso-ganha-tres-segundos\/\" \/>\n<meta property=\"og:site_name\" content=\"Portal Tela Portugal\" \/>\n<meta property=\"article:published_time\" content=\"2026-02-18T16:33:00+00:00\" \/>\n<meta name=\"author\" content=\"Telinha\" \/>\n<meta name=\"twitter:card\" content=\"summary_large_image\" \/>\n<meta name=\"twitter:label1\" content=\"Escrito por\" \/>\n\t<meta name=\"twitter:data1\" content=\"Telinha\" \/>\n\t<meta name=\"twitter:label2\" content=\"Tempo estimado de leitura\" \/>\n\t<meta name=\"twitter:data2\" content=\"1 minuto\" \/>\n<script type=\"application\/ld+json\" class=\"yoast-schema-graph\">{\"@context\":\"https:\/\/schema.org\",\"@graph\":[{\"@type\":\"Article\",\"@id\":\"https:\/\/portaltela.pt\/noticias\/2026\/02\/18\/magnier-vence-a-1-a-etapa-da-volta-ao-algarve-ayuso-ganha-tres-segundos\/#article\",\"isPartOf\":{\"@id\":\"https:\/\/portaltela.pt\/noticias\/2026\/02\/18\/magnier-vence-a-1-a-etapa-da-volta-ao-algarve-ayuso-ganha-tres-segundos\/\"},\"author\":{\"name\":\"Telinha\",\"@id\":\"https:\/\/portaltela.pt\/#\/schema\/person\/c4278d4a6028830caff9ee44b42d32ed\"},\"headline\":\"Magnier vence a 1.\u00aa etapa da Volta ao Algarve; Ayuso ganha tr\u00eas segundos\",\"datePublished\":\"2026-02-18T16:33:00+00:00\",\"mainEntityOfPage\":{\"@id\":\"https:\/\/portaltela.pt\/noticias\/2026\/02\/18\/magnier-vence-a-1-a-etapa-da-volta-ao-algarve-ayuso-ganha-tres-segundos\/\"},\"wordCount\":164,\"image\":{\"@id\":\"https:\/\/portaltela.pt\/noticias\/2026\/02\/18\/magnier-vence-a-1-a-etapa-da-volta-ao-algarve-ayuso-ganha-tres-segundos\/#primaryimage\"},\"thumbnailUrl\":\"https:\/\/portaltela.pt\/s.01k8rhncp4jt1\/2026\/02\/img_920x518uu2026-02-18-16-43-53-2422358.jpg\",\"keywords\":[\"bonifica\u00e7\u00f5es\",\"ciclismo\",\"corridas\",\"Emirates\",\"F\u00f3ia\",\"Soudal Quick-Step\"],\"articleSection\":[\"Desporto\"],\"inLanguage\":\"pt-PT\"},{\"@type\":\"WebPage\",\"@id\":\"https:\/\/portaltela.pt\/noticias\/2026\/02\/18\/magnier-vence-a-1-a-etapa-da-volta-ao-algarve-ayuso-ganha-tres-segundos\/\",\"url\":\"https:\/\/portaltela.pt\/noticias\/2026\/02\/18\/magnier-vence-a-1-a-etapa-da-volta-ao-algarve-ayuso-ganha-tres-segundos\/\",\"name\":\"Magnier vence a 1.\u00aa etapa da Volta ao Algarve; Ayuso ganha tr\u00eas segundos - Portal Tela Portugal\",\"isPartOf\":{\"@id\":\"https:\/\/portaltela.pt\/#website\"},\"primaryImageOfPage\":{\"@id\":\"https:\/\/portaltela.pt\/noticias\/2026\/02\/18\/magnier-vence-a-1-a-etapa-da-volta-ao-algarve-ayuso-ganha-tres-segundos\/#primaryimage\"},\"image\":{\"@id\":\"https:\/\/portaltela.pt\/noticias\/2026\/02\/18\/magnier-vence-a-1-a-etapa-da-volta-ao-algarve-ayuso-ganha-tres-segundos\/#primaryimage\"},\"thumbnailUrl\":\"https:\/\/portaltela.pt\/s.01k8rhncp4jt1\/2026\/02\/img_920x518uu2026-02-18-16-43-53-2422358.jpg\",\"datePublished\":\"2026-02-18T16:33:00+00:00\",\"author\":{\"@id\":\"https:\/\/portaltela.pt\/#\/schema\/person\/c4278d4a6028830caff9ee44b42d32ed\"},\"breadcrumb\":{\"@id\":\"https:\/\/portaltela.pt\/noticias\/2026\/02\/18\/magnier-vence-a-1-a-etapa-da-volta-ao-algarve-ayuso-ganha-tres-segundos\/#breadcrumb\"},\"inLanguage\":\"pt-PT\",\"potentialAction\":[{\"@type\":\"ReadAction\",\"target\":[\"https:\/\/portaltela.pt\/noticias\/2026\/02\/18\/magnier-vence-a-1-a-etapa-da-volta-ao-algarve-ayuso-ganha-tres-segundos\/\"]}]},{\"@type\":\"ImageObject\",\"inLanguage\":\"pt-PT\",\"@id\":\"https:\/\/portaltela.pt\/noticias\/2026\/02\/18\/magnier-vence-a-1-a-etapa-da-volta-ao-algarve-ayuso-ganha-tres-segundos\/#primaryimage\",\"url\":\"https:\/\/portaltela.pt\/s.01k8rhncp4jt1\/2026\/02\/img_920x518uu2026-02-18-16-43-53-2422358.jpg\",\"contentUrl\":\"https:\/\/portaltela.pt\/s.01k8rhncp4jt1\/2026\/02\/img_920x518uu2026-02-18-16-43-53-2422358.jpg\",\"width\":796,\"height\":448,\"caption\":\"Chegada so sprint a Tavira\"},{\"@type\":\"BreadcrumbList\",\"@id\":\"https:\/\/portaltela.pt\/noticias\/2026\/02\/18\/magnier-vence-a-1-a-etapa-da-volta-ao-algarve-ayuso-ganha-tres-segundos\/#breadcrumb\",\"itemListElement\":[{\"@type\":\"ListItem\",\"position\":1,\"name\":\"In\u00edcio\",\"item\":\"https:\/\/portaltela.pt\/\"},{\"@type\":\"ListItem\",\"position\":2,\"name\":\"Magnier vence a 1.\u00aa etapa da Volta ao Algarve; Ayuso ganha tr\u00eas segundos\"}]},{\"@type\":\"WebSite\",\"@id\":\"https:\/\/portaltela.pt\/#website\",\"url\":\"https:\/\/portaltela.pt\/\",\"name\":\"Portal Tela Portugal\",\"description\":\"\",\"potentialAction\":[{\"@type\":\"SearchAction\",\"target\":{\"@type\":\"EntryPoint\",\"urlTemplate\":\"https:\/\/portaltela.pt\/?s={search_term_string}\"},\"query-input\":{\"@type\":\"PropertyValueSpecification\",\"valueRequired\":true,\"valueName\":\"search_term_string\"}}],\"inLanguage\":\"pt-PT\"},{\"@type\":\"Person\",\"@id\":\"https:\/\/portaltela.pt\/#\/schema\/person\/c4278d4a6028830caff9ee44b42d32ed\",\"name\":\"Telinha\",\"image\":{\"@type\":\"ImageObject\",\"inLanguage\":\"pt-PT\",\"@id\":\"https:\/\/portaltela.pt\/s.01k8rhncp4jt1\/2025\/11\/talking-bot-125x125.png\",\"url\":\"https:\/\/portaltela.pt\/s.01k8rhncp4jt1\/2025\/11\/talking-bot-125x125.png\",\"contentUrl\":\"https:\/\/portaltela.pt\/s.01k8rhncp4jt1\/2025\/11\/talking-bot-125x125.png\",\"caption\":\"Telinha\"},\"sameAs\":[\"https:\/\/portaltela.pt\/\"],\"url\":\"https:\/\/portaltela.pt\/por\/367410592786\/\"}]}<\/script>\n<!-- \/ Yoast SEO plugin. -->","yoast_head_json":{"title":"Magnier vence a 1.\u00aa etapa da Volta ao Algarve; Ayuso ganha tr\u00eas segundos - Portal Tela Portugal","robots":{"index":"index","follow":"follow","max-snippet":"max-snippet:-1","max-image-preview":"max-image-preview:large","max-video-preview":"max-video-preview:-1"},"og_locale":"pt_PT","og_type":"article","og_title":"Magnier vence a 1.\u00aa etapa da Volta ao Algarve; Ayuso ganha tr\u00eas segundos - Portal Tela Portugal","og_description":"Paul Magnier venceu a primeira etapa da Volta ao Algarve, entre Vila Real de Santo Ant\u00f3nio e Tavira, num sprint em pelot\u00e3o. Jordi Meeus e Pavel Bittner completaram o p\u00f3dio da tirada, com o franc\u00eas da Soudal a levar o segundo lugar e o neerland\u00eas a terminar em terceiro. o quinto lugar ficou para Santiago Mesa, o melhor entre as equipas portuguesas, enquanto Rui Oliveira foi o melhor portugu\u00eas da classifica\u00e7\u00e3o, em 11.\u00ba. Juan Ayuso, da Lidl-Trek, recebeu tr\u00eas segundos de bonifica\u00e7\u00e3o atrav\u00e9s de pontos-quentes, liderando na geral \u00e0 entrada para a segunda etapa. A etapa de amanh\u00e3 liga Portim\u00e3o \u00e0 subida da F\u00f3ia, com a meta numa contagem de primeira categoria e nove quil\u00f3metros a 6,2% de inclina\u00e7\u00e3o.","og_url":"https:\/\/portaltela.pt\/noticias\/2026\/02\/18\/magnier-vence-a-1-a-etapa-da-volta-ao-algarve-ayuso-ganha-tres-segundos\/","og_site_name":"Portal Tela Portugal","article_published_time":"2026-02-18T16:33:00+00:00","author":"Telinha","twitter_card":"summary_large_image","twitter_misc":{"Escrito por":"Telinha","Tempo estimado de leitura":"1 minuto"},"schema":{"@context":"https:\/\/schema.org","@graph":[{"@type":"Article","@id":"https:\/\/portaltela.pt\/noticias\/2026\/02\/18\/magnier-vence-a-1-a-etapa-da-volta-ao-algarve-ayuso-ganha-tres-segundos\/#article","isPartOf":{"@id":"https:\/\/portaltela.pt\/noticias\/2026\/02\/18\/magnier-vence-a-1-a-etapa-da-volta-ao-algarve-ayuso-ganha-tres-segundos\/"},"author":{"name":"Telinha","@id":"https:\/\/portaltela.pt\/#\/schema\/person\/c4278d4a6028830caff9ee44b42d32ed"},"headline":"Magnier vence a 1.\u00aa etapa da Volta ao Algarve; Ayuso ganha tr\u00eas segundos","datePublished":"2026-02-18T16:33:00+00:00","mainEntityOfPage":{"@id":"https:\/\/portaltela.pt\/noticias\/2026\/02\/18\/magnier-vence-a-1-a-etapa-da-volta-ao-algarve-ayuso-ganha-tres-segundos\/"},"wordCount":164,"image":{"@id":"https:\/\/portaltela.pt\/noticias\/2026\/02\/18\/magnier-vence-a-1-a-etapa-da-volta-ao-algarve-ayuso-ganha-tres-segundos\/#primaryimage"},"thumbnailUrl":"https:\/\/portaltela.pt\/s.01k8rhncp4jt1\/2026\/02\/img_920x518uu2026-02-18-16-43-53-2422358.jpg","keywords":["bonifica\u00e7\u00f5es","ciclismo","corridas","Emirates","F\u00f3ia","Soudal Quick-Step"],"articleSection":["Desporto"],"inLanguage":"pt-PT"},{"@type":"WebPage","@id":"https:\/\/portaltela.pt\/noticias\/2026\/02\/18\/magnier-vence-a-1-a-etapa-da-volta-ao-algarve-ayuso-ganha-tres-segundos\/","url":"https:\/\/portaltela.pt\/noticias\/2026\/02\/18\/magnier-vence-a-1-a-etapa-da-volta-ao-algarve-ayuso-ganha-tres-segundos\/","name":"Magnier vence a 1.\u00aa etapa da Volta ao Algarve; Ayuso ganha tr\u00eas segundos - Portal Tela Portugal","isPartOf":{"@id":"https:\/\/portaltela.pt\/#website"},"primaryImageOfPage":{"@id":"https:\/\/portaltela.pt\/noticias\/2026\/02\/18\/magnier-vence-a-1-a-etapa-da-volta-ao-algarve-ayuso-ganha-tres-segundos\/#primaryimage"},"image":{"@id":"https:\/\/portaltela.pt\/noticias\/2026\/02\/18\/magnier-vence-a-1-a-etapa-da-volta-ao-algarve-ayuso-ganha-tres-segundos\/#primaryimage"},"thumbnailUrl":"https:\/\/portaltela.pt\/s.01k8rhncp4jt1\/2026\/02\/img_920x518uu2026-02-18-16-43-53-2422358.jpg","datePublished":"2026-02-18T16:33:00+00:00","author":{"@id":"https:\/\/portaltela.pt\/#\/schema\/person\/c4278d4a6028830caff9ee44b42d32ed"},"breadcrumb":{"@id":"https:\/\/portaltela.pt\/noticias\/2026\/02\/18\/magnier-vence-a-1-a-etapa-da-volta-ao-algarve-ayuso-ganha-tres-segundos\/#breadcrumb"},"inLanguage":"pt-PT","potentialAction":[{"@type":"ReadAction","target":["https:\/\/portaltela.pt\/noticias\/2026\/02\/18\/magnier-vence-a-1-a-etapa-da-volta-ao-algarve-ayuso-ganha-tres-segundos\/"]}]},{"@type":"ImageObject","inLanguage":"pt-PT","@id":"https:\/\/portaltela.pt\/noticias\/2026\/02\/18\/magnier-vence-a-1-a-etapa-da-volta-ao-algarve-ayuso-ganha-tres-segundos\/#primaryimage","url":"https:\/\/portaltela.pt\/s.01k8rhncp4jt1\/2026\/02\/img_920x518uu2026-02-18-16-43-53-2422358.jpg","contentUrl":"https:\/\/portaltela.pt\/s.01k8rhncp4jt1\/2026\/02\/img_920x518uu2026-02-18-16-43-53-2422358.jpg","width":796,"height":448,"caption":"Chegada so sprint a Tavira"},{"@type":"BreadcrumbList","@id":"https:\/\/portaltela.pt\/noticias\/2026\/02\/18\/magnier-vence-a-1-a-etapa-da-volta-ao-algarve-ayuso-ganha-tres-segundos\/#breadcrumb","itemListElement":[{"@type":"ListItem","position":1,"name":"In\u00edcio","item":"https:\/\/portaltela.pt\/"},{"@type":"ListItem","position":2,"name":"Magnier vence a 1.\u00aa etapa da Volta ao Algarve; Ayuso ganha tr\u00eas segundos"}]},{"@type":"WebSite","@id":"https:\/\/portaltela.pt\/#website","url":"https:\/\/portaltela.pt\/","name":"Portal Tela Portugal","description":"","potentialAction":[{"@type":"SearchAction","target":{"@type":"EntryPoint","urlTemplate":"https:\/\/portaltela.pt\/?s={search_term_string}"},"query-input":{"@type":"PropertyValueSpecification","valueRequired":true,"valueName":"search_term_string"}}],"inLanguage":"pt-PT"},{"@type":"Person","@id":"https:\/\/portaltela.pt\/#\/schema\/person\/c4278d4a6028830caff9ee44b42d32ed","name":"Telinha","image":{"@type":"ImageObject","inLanguage":"pt-PT","@id":"https:\/\/portaltela.pt\/s.01k8rhncp4jt1\/2025\/11\/talking-bot-125x125.png","url":"https:\/\/portaltela.pt\/s.01k8rhncp4jt1\/2025\/11\/talking-bot-125x125.png","contentUrl":"https:\/\/portaltela.pt\/s.01k8rhncp4jt1\/2025\/11\/talking-bot-125x125.png","caption":"Telinha"},"sameAs":["https:\/\/portaltela.pt\/"],"url":"https:\/\/portaltela.pt\/por\/367410592786\/"}]}},"_links":{"self":[{"href":"https:\/\/portaltela.pt\/api\/wp\/v2\/posts\/216224","targetHints":{"allow":["GET"]}}],"collection":[{"href":"https:\/\/portaltela.pt\/api\/wp\/v2\/posts"}],"about":[{"href":"https:\/\/portaltela.pt\/api\/wp\/v2\/types\/post"}],"author":[{"embeddable":true,"href":"https:\/\/portaltela.pt\/api\/wp\/v2\/users\/2"}],"replies":[{"embeddable":true,"href":"https:\/\/portaltela.pt\/api\/wp\/v2\/comments?post=216224"}],"version-history":[{"count":0,"href":"https:\/\/portaltela.pt\/api\/wp\/v2\/posts\/216224\/revisions"}],"wp:featuredmedia":[{"embeddable":true,"href":"https:\/\/portaltela.pt\/api\/wp\/v2\/media\/216233"}],"wp:attachment":[{"href":"https:\/\/portaltela.pt\/api\/wp\/v2\/media?parent=216224"}],"wp:term":[{"taxonomy":"category","embeddable":true,"href":"https:\/\/portaltela.pt\/api\/wp\/v2\/categories?post=216224"},{"taxonomy":"post_tag","embeddable":true,"href":"https:\/\/portaltela.pt\/api\/wp\/v2\/tags?post=216224"}],"curies":[{"name":"wp","href":"https:\/\/api.w.org\/{rel}","templated":true}]}}