{"id":216223,"date":"2026-02-18T13:34:56","date_gmt":"2026-02-18T16:34:56","guid":{"rendered":"https:\/\/portaltela.pt\/noticias\/2026\/02\/18\/sporting-recebe-amigos-de-cerva-benfica-vai-a-torres-vedras-na-taca-de-portugal-de-futsal\/"},"modified":"2026-02-18T13:34:56","modified_gmt":"2026-02-18T16:34:56","slug":"sporting-recebe-amigos-de-cerva-benfica-vai-a-torres-vedras-na-taca-de-portugal-de-futsal","status":"publish","type":"post","link":"https:\/\/portaltela.pt\/desporto\/futebol\/2026\/02\/18\/sporting-recebe-amigos-de-cerva-benfica-vai-a-torres-vedras-na-taca-de-portugal-de-futsal\/","title":{"rendered":"Sporting recebe Amigos de Cerva; Benfica vai a Torres Vedras na Ta\u00e7a de Portugal de futsal"},"content":{"rendered":"<p>Foram sorteados nesta quarta-feira os oitavos de final da Ta\u00e7a de Portugal de futsal, a \u00faltima etapa at\u00e9 \u00e0 final eight. O Sporting, atual detentor, recebe os Amigos de Cerva, da 2.\u00aa divis\u00e3o, enquanto o Benfica enfrenta o Torreense, em Torres Vedras. As partidas est\u00e3o marcadas para 4 ou 5 de abril, num conjunto de confrontos que definem quem avan\u00e7a na prova.<\/p>\n<p>Al\u00e9m destes embates, destacam-se dois encontros entre equipas da Liga Placard: Le\u00f5es de Porto Salvo frente ao Sp. Braga, e Rio Ave diante do Ferreira do Z\u00eazere. A organiza\u00e7\u00e3o confirmou que a fase seguinte decorre entre 22 e 26 de abril, mantendo o calend\u00e1rio da competi\u00e7\u00e3o.<\/p>\n<h3>Jogos sorteados<\/h3>\n<ul>\n<li>Le\u00f5es de Porto Salvo-Sp. Braga<\/li>\n<li>Arsenal Maia (2.\u00aa)-Famalic\u00e3o<\/li>\n<li>Sporting-Amigos de Cerva (2.\u00aa)<\/li>\n<li>Rio Ave-Ferreira do Z\u00eazere<\/li>\n<li>Nun&#8217;\u00c1lvares (2.\u00aa)-Belenenses (2.\u00aa)<\/li>\n<li>Fund\u00e3o-Viseu 2001 (2.\u00aa)<\/li>\n<li>Ladoeiro (2.\u00aa)-Portimonense (2.\u00aa)<\/li>\n<li>Torreense-Benfica<\/li>\n<\/ul>\n","protected":false},"excerpt":{"rendered":"<ul>\n<li>Os oitavos de final da Ta\u00e7a de Portugal de futsal ficaram definidos: o Sporting recebe os Amigos de Cerva, e o Benfica joga fora diante do Torreense, em Torres Vedras.<\/li>\n<li>As partidas est\u00e3o agendadas para 4 e 5 de abril, com a fase seguinte a decorrer entre 22 e 26 de abril.<\/li>\n<li>Destaque para duelos da Liga Placard entre equipas da prova, com Le\u00f5es de Porto Salvo a medir for\u00e7as com o Sp. Braga e Rio Ave a defrontar o Ferreira do Z\u00eazere.<\/li>\n<li>A lista completa de jogos inclui ainda Arsenal Maia vs Famalic\u00e3o, Nun\u2019\u00c1lvares vs Belenenses (2.\u00aa), Fund\u00e3o vs Viseu 2001 (2.\u00aa) e Ladoeiro vs Portimonense (2.\u00aa).<\/li>\n<li>O detentor do trof\u00e9u, o Sporting, defende o t\u00edtulo frente aos Amigos de Cerva, numa eliminat\u00f3ria em que o Benfica visita o Torreense.<\/li>\n<\/ul>\n","protected":false},"author":2,"featured_media":216232,"comment_status":"closed","ping_status":"closed","sticky":false,"template":"","format":"standard","meta":{"footnotes":""},"categories":[21,24],"tags":[2147,1946,161,2070,1652,3226],"class_list":["post-216223","post","type-post","status-publish","format-standard","has-post-thumbnail","hentry","category-desporto","category-futebol","tag-amigos-da-cerva","tag-benfica","tag-futsal","tag-sp-braga","tag-sporting","tag-torreense"],"yoast_head":"<!-- This site is optimized with the Yoast SEO plugin v27.2 - https:\/\/yoast.com\/product\/yoast-seo-wordpress\/ -->\n<title>Sporting recebe Amigos de Cerva; Benfica vai a Torres Vedras na Ta\u00e7a de Portugal de futsal - Portal Tela Portugal<\/title>\n<meta name=\"robots\" content=\"index, follow, max-snippet:-1, max-image-preview:large, max-video-preview:-1\" \/>\n<meta property=\"og:locale\" content=\"pt_PT\" \/>\n<meta property=\"og:type\" content=\"article\" \/>\n<meta property=\"og:title\" content=\"Sporting recebe Amigos de Cerva; Benfica vai a Torres Vedras na Ta\u00e7a de Portugal de futsal - Portal Tela Portugal\" \/>\n<meta property=\"og:description\" content=\"Os oitavos de final da Ta\u00e7a de Portugal de futsal ficaram definidos: o Sporting recebe os Amigos de Cerva, e o Benfica joga fora diante do Torreense, em Torres Vedras. As partidas est\u00e3o agendadas para 4 e 5 de abril, com a fase seguinte a decorrer entre 22 e 26 de abril. Destaque para duelos da Liga Placard entre equipas da prova, com Le\u00f5es de Porto Salvo a medir for\u00e7as com o Sp. Braga e Rio Ave a defrontar o Ferreira do Z\u00eazere. A lista completa de jogos inclui ainda Arsenal Maia vs Famalic\u00e3o, Nun\u2019\u00c1lvares vs Belenenses (2.\u00aa), Fund\u00e3o vs Viseu 2001 (2.\u00aa) e Ladoeiro vs Portimonense (2.\u00aa). O detentor do trof\u00e9u, o Sporting, defende o t\u00edtulo frente aos Amigos de Cerva, numa eliminat\u00f3ria em que o Benfica visita o Torreense.\" \/>\n<meta property=\"og:url\" content=\"https:\/\/portaltela.pt\/noticias\/2026\/02\/18\/sporting-recebe-amigos-de-cerva-benfica-vai-a-torres-vedras-na-taca-de-portugal-de-futsal\/\" \/>\n<meta property=\"og:site_name\" content=\"Portal Tela Portugal\" \/>\n<meta property=\"article:published_time\" content=\"2026-02-18T16:34:56+00:00\" \/>\n<meta name=\"author\" content=\"Telinha\" \/>\n<meta name=\"twitter:card\" content=\"summary_large_image\" \/>\n<meta name=\"twitter:label1\" content=\"Escrito por\" \/>\n\t<meta name=\"twitter:data1\" content=\"Telinha\" \/>\n\t<meta name=\"twitter:label2\" content=\"Tempo estimado de leitura\" \/>\n\t<meta name=\"twitter:data2\" content=\"1 minuto\" \/>\n<script type=\"application\/ld+json\" class=\"yoast-schema-graph\">{\"@context\":\"https:\/\/schema.org\",\"@graph\":[{\"@type\":\"Article\",\"@id\":\"https:\/\/portaltela.pt\/noticias\/2026\/02\/18\/sporting-recebe-amigos-de-cerva-benfica-vai-a-torres-vedras-na-taca-de-portugal-de-futsal\/#article\",\"isPartOf\":{\"@id\":\"https:\/\/portaltela.pt\/noticias\/2026\/02\/18\/sporting-recebe-amigos-de-cerva-benfica-vai-a-torres-vedras-na-taca-de-portugal-de-futsal\/\"},\"author\":{\"name\":\"Telinha\",\"@id\":\"https:\/\/portaltela.pt\/#\/schema\/person\/c4278d4a6028830caff9ee44b42d32ed\"},\"headline\":\"Sporting recebe Amigos de Cerva; Benfica vai a Torres Vedras na Ta\u00e7a de Portugal de futsal\",\"datePublished\":\"2026-02-18T16:34:56+00:00\",\"mainEntityOfPage\":{\"@id\":\"https:\/\/portaltela.pt\/noticias\/2026\/02\/18\/sporting-recebe-amigos-de-cerva-benfica-vai-a-torres-vedras-na-taca-de-portugal-de-futsal\/\"},\"wordCount\":157,\"image\":{\"@id\":\"https:\/\/portaltela.pt\/noticias\/2026\/02\/18\/sporting-recebe-amigos-de-cerva-benfica-vai-a-torres-vedras-na-taca-de-portugal-de-futsal\/#primaryimage\"},\"thumbnailUrl\":\"https:\/\/portaltela.pt\/s.01k8rhncp4jt1\/2026\/02\/img_920x518uu2026-01-04-23-25-09-2412823-im-639031659265662039.jpg\",\"keywords\":[\"Amigos da Cerva\",\"Benfica\",\"futsal\",\"Sp. Braga\",\"Sporting\",\"Torreense\"],\"articleSection\":[\"Desporto\",\"Futebol\"],\"inLanguage\":\"pt-PT\"},{\"@type\":\"WebPage\",\"@id\":\"https:\/\/portaltela.pt\/noticias\/2026\/02\/18\/sporting-recebe-amigos-de-cerva-benfica-vai-a-torres-vedras-na-taca-de-portugal-de-futsal\/\",\"url\":\"https:\/\/portaltela.pt\/noticias\/2026\/02\/18\/sporting-recebe-amigos-de-cerva-benfica-vai-a-torres-vedras-na-taca-de-portugal-de-futsal\/\",\"name\":\"Sporting recebe Amigos de Cerva; Benfica vai a Torres Vedras na Ta\u00e7a de Portugal de futsal - Portal Tela Portugal\",\"isPartOf\":{\"@id\":\"https:\/\/portaltela.pt\/#website\"},\"primaryImageOfPage\":{\"@id\":\"https:\/\/portaltela.pt\/noticias\/2026\/02\/18\/sporting-recebe-amigos-de-cerva-benfica-vai-a-torres-vedras-na-taca-de-portugal-de-futsal\/#primaryimage\"},\"image\":{\"@id\":\"https:\/\/portaltela.pt\/noticias\/2026\/02\/18\/sporting-recebe-amigos-de-cerva-benfica-vai-a-torres-vedras-na-taca-de-portugal-de-futsal\/#primaryimage\"},\"thumbnailUrl\":\"https:\/\/portaltela.pt\/s.01k8rhncp4jt1\/2026\/02\/img_920x518uu2026-01-04-23-25-09-2412823-im-639031659265662039.jpg\",\"datePublished\":\"2026-02-18T16:34:56+00:00\",\"author\":{\"@id\":\"https:\/\/portaltela.pt\/#\/schema\/person\/c4278d4a6028830caff9ee44b42d32ed\"},\"breadcrumb\":{\"@id\":\"https:\/\/portaltela.pt\/noticias\/2026\/02\/18\/sporting-recebe-amigos-de-cerva-benfica-vai-a-torres-vedras-na-taca-de-portugal-de-futsal\/#breadcrumb\"},\"inLanguage\":\"pt-PT\",\"potentialAction\":[{\"@type\":\"ReadAction\",\"target\":[\"https:\/\/portaltela.pt\/noticias\/2026\/02\/18\/sporting-recebe-amigos-de-cerva-benfica-vai-a-torres-vedras-na-taca-de-portugal-de-futsal\/\"]}]},{\"@type\":\"ImageObject\",\"inLanguage\":\"pt-PT\",\"@id\":\"https:\/\/portaltela.pt\/noticias\/2026\/02\/18\/sporting-recebe-amigos-de-cerva-benfica-vai-a-torres-vedras-na-taca-de-portugal-de-futsal\/#primaryimage\",\"url\":\"https:\/\/portaltela.pt\/s.01k8rhncp4jt1\/2026\/02\/img_920x518uu2026-01-04-23-25-09-2412823-im-639031659265662039.jpg\",\"contentUrl\":\"https:\/\/portaltela.pt\/s.01k8rhncp4jt1\/2026\/02\/img_920x518uu2026-01-04-23-25-09-2412823-im-639031659265662039.jpg\",\"width\":920,\"height\":518,\"caption\":\"Sporting \u00e9 o detentor do trof\u00e9u\"},{\"@type\":\"BreadcrumbList\",\"@id\":\"https:\/\/portaltela.pt\/noticias\/2026\/02\/18\/sporting-recebe-amigos-de-cerva-benfica-vai-a-torres-vedras-na-taca-de-portugal-de-futsal\/#breadcrumb\",\"itemListElement\":[{\"@type\":\"ListItem\",\"position\":1,\"name\":\"In\u00edcio\",\"item\":\"https:\/\/portaltela.pt\/\"},{\"@type\":\"ListItem\",\"position\":2,\"name\":\"Sporting recebe Amigos de Cerva; Benfica vai a Torres Vedras na Ta\u00e7a de Portugal de futsal\"}]},{\"@type\":\"WebSite\",\"@id\":\"https:\/\/portaltela.pt\/#website\",\"url\":\"https:\/\/portaltela.pt\/\",\"name\":\"Portal Tela Portugal\",\"description\":\"\",\"potentialAction\":[{\"@type\":\"SearchAction\",\"target\":{\"@type\":\"EntryPoint\",\"urlTemplate\":\"https:\/\/portaltela.pt\/?s={search_term_string}\"},\"query-input\":{\"@type\":\"PropertyValueSpecification\",\"valueRequired\":true,\"valueName\":\"search_term_string\"}}],\"inLanguage\":\"pt-PT\"},{\"@type\":\"Person\",\"@id\":\"https:\/\/portaltela.pt\/#\/schema\/person\/c4278d4a6028830caff9ee44b42d32ed\",\"name\":\"Telinha\",\"image\":{\"@type\":\"ImageObject\",\"inLanguage\":\"pt-PT\",\"@id\":\"https:\/\/portaltela.pt\/s.01k8rhncp4jt1\/2025\/11\/talking-bot-125x125.png\",\"url\":\"https:\/\/portaltela.pt\/s.01k8rhncp4jt1\/2025\/11\/talking-bot-125x125.png\",\"contentUrl\":\"https:\/\/portaltela.pt\/s.01k8rhncp4jt1\/2025\/11\/talking-bot-125x125.png\",\"caption\":\"Telinha\"},\"sameAs\":[\"https:\/\/portaltela.pt\/\"],\"url\":\"https:\/\/portaltela.pt\/por\/367410592786\/\"}]}<\/script>\n<!-- \/ Yoast SEO plugin. -->","yoast_head_json":{"title":"Sporting recebe Amigos de Cerva; Benfica vai a Torres Vedras na Ta\u00e7a de Portugal de futsal - Portal Tela Portugal","robots":{"index":"index","follow":"follow","max-snippet":"max-snippet:-1","max-image-preview":"max-image-preview:large","max-video-preview":"max-video-preview:-1"},"og_locale":"pt_PT","og_type":"article","og_title":"Sporting recebe Amigos de Cerva; Benfica vai a Torres Vedras na Ta\u00e7a de Portugal de futsal - Portal Tela Portugal","og_description":"Os oitavos de final da Ta\u00e7a de Portugal de futsal ficaram definidos: o Sporting recebe os Amigos de Cerva, e o Benfica joga fora diante do Torreense, em Torres Vedras. As partidas est\u00e3o agendadas para 4 e 5 de abril, com a fase seguinte a decorrer entre 22 e 26 de abril. Destaque para duelos da Liga Placard entre equipas da prova, com Le\u00f5es de Porto Salvo a medir for\u00e7as com o Sp. Braga e Rio Ave a defrontar o Ferreira do Z\u00eazere. A lista completa de jogos inclui ainda Arsenal Maia vs Famalic\u00e3o, Nun\u2019\u00c1lvares vs Belenenses (2.\u00aa), Fund\u00e3o vs Viseu 2001 (2.\u00aa) e Ladoeiro vs Portimonense (2.\u00aa). O detentor do trof\u00e9u, o Sporting, defende o t\u00edtulo frente aos Amigos de Cerva, numa eliminat\u00f3ria em que o Benfica visita o Torreense.","og_url":"https:\/\/portaltela.pt\/noticias\/2026\/02\/18\/sporting-recebe-amigos-de-cerva-benfica-vai-a-torres-vedras-na-taca-de-portugal-de-futsal\/","og_site_name":"Portal Tela Portugal","article_published_time":"2026-02-18T16:34:56+00:00","author":"Telinha","twitter_card":"summary_large_image","twitter_misc":{"Escrito por":"Telinha","Tempo estimado de leitura":"1 minuto"},"schema":{"@context":"https:\/\/schema.org","@graph":[{"@type":"Article","@id":"https:\/\/portaltela.pt\/noticias\/2026\/02\/18\/sporting-recebe-amigos-de-cerva-benfica-vai-a-torres-vedras-na-taca-de-portugal-de-futsal\/#article","isPartOf":{"@id":"https:\/\/portaltela.pt\/noticias\/2026\/02\/18\/sporting-recebe-amigos-de-cerva-benfica-vai-a-torres-vedras-na-taca-de-portugal-de-futsal\/"},"author":{"name":"Telinha","@id":"https:\/\/portaltela.pt\/#\/schema\/person\/c4278d4a6028830caff9ee44b42d32ed"},"headline":"Sporting recebe Amigos de Cerva; Benfica vai a Torres Vedras na Ta\u00e7a de Portugal de futsal","datePublished":"2026-02-18T16:34:56+00:00","mainEntityOfPage":{"@id":"https:\/\/portaltela.pt\/noticias\/2026\/02\/18\/sporting-recebe-amigos-de-cerva-benfica-vai-a-torres-vedras-na-taca-de-portugal-de-futsal\/"},"wordCount":157,"image":{"@id":"https:\/\/portaltela.pt\/noticias\/2026\/02\/18\/sporting-recebe-amigos-de-cerva-benfica-vai-a-torres-vedras-na-taca-de-portugal-de-futsal\/#primaryimage"},"thumbnailUrl":"https:\/\/portaltela.pt\/s.01k8rhncp4jt1\/2026\/02\/img_920x518uu2026-01-04-23-25-09-2412823-im-639031659265662039.jpg","keywords":["Amigos da Cerva","Benfica","futsal","Sp. Braga","Sporting","Torreense"],"articleSection":["Desporto","Futebol"],"inLanguage":"pt-PT"},{"@type":"WebPage","@id":"https:\/\/portaltela.pt\/noticias\/2026\/02\/18\/sporting-recebe-amigos-de-cerva-benfica-vai-a-torres-vedras-na-taca-de-portugal-de-futsal\/","url":"https:\/\/portaltela.pt\/noticias\/2026\/02\/18\/sporting-recebe-amigos-de-cerva-benfica-vai-a-torres-vedras-na-taca-de-portugal-de-futsal\/","name":"Sporting recebe Amigos de Cerva; Benfica vai a Torres Vedras na Ta\u00e7a de Portugal de futsal - Portal Tela Portugal","isPartOf":{"@id":"https:\/\/portaltela.pt\/#website"},"primaryImageOfPage":{"@id":"https:\/\/portaltela.pt\/noticias\/2026\/02\/18\/sporting-recebe-amigos-de-cerva-benfica-vai-a-torres-vedras-na-taca-de-portugal-de-futsal\/#primaryimage"},"image":{"@id":"https:\/\/portaltela.pt\/noticias\/2026\/02\/18\/sporting-recebe-amigos-de-cerva-benfica-vai-a-torres-vedras-na-taca-de-portugal-de-futsal\/#primaryimage"},"thumbnailUrl":"https:\/\/portaltela.pt\/s.01k8rhncp4jt1\/2026\/02\/img_920x518uu2026-01-04-23-25-09-2412823-im-639031659265662039.jpg","datePublished":"2026-02-18T16:34:56+00:00","author":{"@id":"https:\/\/portaltela.pt\/#\/schema\/person\/c4278d4a6028830caff9ee44b42d32ed"},"breadcrumb":{"@id":"https:\/\/portaltela.pt\/noticias\/2026\/02\/18\/sporting-recebe-amigos-de-cerva-benfica-vai-a-torres-vedras-na-taca-de-portugal-de-futsal\/#breadcrumb"},"inLanguage":"pt-PT","potentialAction":[{"@type":"ReadAction","target":["https:\/\/portaltela.pt\/noticias\/2026\/02\/18\/sporting-recebe-amigos-de-cerva-benfica-vai-a-torres-vedras-na-taca-de-portugal-de-futsal\/"]}]},{"@type":"ImageObject","inLanguage":"pt-PT","@id":"https:\/\/portaltela.pt\/noticias\/2026\/02\/18\/sporting-recebe-amigos-de-cerva-benfica-vai-a-torres-vedras-na-taca-de-portugal-de-futsal\/#primaryimage","url":"https:\/\/portaltela.pt\/s.01k8rhncp4jt1\/2026\/02\/img_920x518uu2026-01-04-23-25-09-2412823-im-639031659265662039.jpg","contentUrl":"https:\/\/portaltela.pt\/s.01k8rhncp4jt1\/2026\/02\/img_920x518uu2026-01-04-23-25-09-2412823-im-639031659265662039.jpg","width":920,"height":518,"caption":"Sporting \u00e9 o detentor do trof\u00e9u"},{"@type":"BreadcrumbList","@id":"https:\/\/portaltela.pt\/noticias\/2026\/02\/18\/sporting-recebe-amigos-de-cerva-benfica-vai-a-torres-vedras-na-taca-de-portugal-de-futsal\/#breadcrumb","itemListElement":[{"@type":"ListItem","position":1,"name":"In\u00edcio","item":"https:\/\/portaltela.pt\/"},{"@type":"ListItem","position":2,"name":"Sporting recebe Amigos de Cerva; Benfica vai a Torres Vedras na Ta\u00e7a de Portugal de futsal"}]},{"@type":"WebSite","@id":"https:\/\/portaltela.pt\/#website","url":"https:\/\/portaltela.pt\/","name":"Portal Tela Portugal","description":"","potentialAction":[{"@type":"SearchAction","target":{"@type":"EntryPoint","urlTemplate":"https:\/\/portaltela.pt\/?s={search_term_string}"},"query-input":{"@type":"PropertyValueSpecification","valueRequired":true,"valueName":"search_term_string"}}],"inLanguage":"pt-PT"},{"@type":"Person","@id":"https:\/\/portaltela.pt\/#\/schema\/person\/c4278d4a6028830caff9ee44b42d32ed","name":"Telinha","image":{"@type":"ImageObject","inLanguage":"pt-PT","@id":"https:\/\/portaltela.pt\/s.01k8rhncp4jt1\/2025\/11\/talking-bot-125x125.png","url":"https:\/\/portaltela.pt\/s.01k8rhncp4jt1\/2025\/11\/talking-bot-125x125.png","contentUrl":"https:\/\/portaltela.pt\/s.01k8rhncp4jt1\/2025\/11\/talking-bot-125x125.png","caption":"Telinha"},"sameAs":["https:\/\/portaltela.pt\/"],"url":"https:\/\/portaltela.pt\/por\/367410592786\/"}]}},"_links":{"self":[{"href":"https:\/\/portaltela.pt\/api\/wp\/v2\/posts\/216223","targetHints":{"allow":["GET"]}}],"collection":[{"href":"https:\/\/portaltela.pt\/api\/wp\/v2\/posts"}],"about":[{"href":"https:\/\/portaltela.pt\/api\/wp\/v2\/types\/post"}],"author":[{"embeddable":true,"href":"https:\/\/portaltela.pt\/api\/wp\/v2\/users\/2"}],"replies":[{"embeddable":true,"href":"https:\/\/portaltela.pt\/api\/wp\/v2\/comments?post=216223"}],"version-history":[{"count":0,"href":"https:\/\/portaltela.pt\/api\/wp\/v2\/posts\/216223\/revisions"}],"wp:featuredmedia":[{"embeddable":true,"href":"https:\/\/portaltela.pt\/api\/wp\/v2\/media\/216232"}],"wp:attachment":[{"href":"https:\/\/portaltela.pt\/api\/wp\/v2\/media?parent=216223"}],"wp:term":[{"taxonomy":"category","embeddable":true,"href":"https:\/\/portaltela.pt\/api\/wp\/v2\/categories?post=216223"},{"taxonomy":"post_tag","embeddable":true,"href":"https:\/\/portaltela.pt\/api\/wp\/v2\/tags?post=216223"}],"curies":[{"name":"wp","href":"https:\/\/api.w.org\/{rel}","templated":true}]}}