{"id":216198,"date":"2026-02-18T13:22:35","date_gmt":"2026-02-18T16:22:35","guid":{"rendered":"https:\/\/portaltela.pt\/noticias\/2026\/02\/18\/ainda-nenhuma-familia-de-acolhimento-conseguiu-adotar-uma-crianca\/"},"modified":"2026-02-18T13:22:35","modified_gmt":"2026-02-18T16:22:35","slug":"ainda-nenhuma-familia-de-acolhimento-conseguiu-adotar-uma-crianca","status":"publish","type":"post","link":"https:\/\/portaltela.pt\/noticias\/2026\/02\/18\/ainda-nenhuma-familia-de-acolhimento-conseguiu-adotar-uma-crianca\/","title":{"rendered":"Ainda nenhuma fam\u00edlia de acolhimento conseguiu adotar uma crian\u00e7a"},"content":{"rendered":"<p>Ainda nenhuma fam\u00edlia de acolhimento conseguiu concluir o processo de ado\u00e7\u00e3o de um menor que aceitou receber, apesar de a legisla\u00e7\u00e3o que o permite ter sido publicada h\u00e1 quase um ano, anunciou o Governo.<\/p>\n<p>A informa\u00e7\u00e3o foi partilhada pela secret\u00e1ria de Estado da A\u00e7\u00e3o Social e Inclus\u00e3o, Clara Marques Mendes, durante uma audi\u00e7\u00e3o parlamentar pedida pelo PS. A respons\u00e1vel destacou que h\u00e1 cada vez mais crian\u00e7as em fam\u00edlias de acolhimento e menos institucionalizadas.<\/p>\n<p>Dados apresentados por Clara Marques Mendes mostram um aumento de crian\u00e7as a viver em casas particulares, subindo de 356 para 462 no final de 2025, uma subida de 30%. Paralelamente, cresceram as fam\u00edlias de acolhimento, de 388 para 520, e diminu\u00edram as crian\u00e7as enviadas para institui\u00e7\u00f5es, que ainda somavam 5.987.<\/p>\n<h3>Acolhimento versus institui\u00e7\u00f5es<\/h3>\n<p>A secret\u00e1ria de Estado atribuiu os resultados a uma campanha nacional de atrac\u00e7\u00e3o de fam\u00edlias para o acolhimento, lembrando que o PS tamb\u00e9m tem interven\u00e7\u00e3o na mat\u00e9ria, ao ser respons\u00e1vel pela legisla\u00e7\u00e3o que acabou com a proibi\u00e7\u00e3o de ado\u00e7\u00e3o por fam\u00edlias de acolhimento.<\/p>\n<p>No entanto, garantiu que, desde a aprova\u00e7\u00e3o da lei publicada no Di\u00e1rio da Rep\u00fablica no final de mar\u00e7o de 2025, ainda n\u00e3o houve nenhum processo de ado\u00e7\u00e3o conclu\u00eddo nesse seguimento. A afirma\u00e7\u00e3o foi feita durante a audi\u00e7\u00e3o conjunta das comiss\u00f5es parlamentares de Assuntos Constitucionais, Direitos, Liberdades e Garantias e de Trabalho, Seguran\u00e7a Social e Inclus\u00e3o.<\/p>\n<p>A secret\u00e1ria de Estado esteve no parlamento a pedido do PS, que pretendia esclarecer receios no in\u00edcio do ano letivo sobre as comiss\u00f5es de prote\u00e7\u00e3o, temidas por ficarem sem professores.<\/p>\n<h3>Esclarecimentos sobre docentes<\/h3>\n<p>Foi referido que n\u00e3o faltam docentes nem houve processos parados por causa dessas situa\u00e7\u00f5es. Restam apenas seis professores, uma realidade recente, j\u00e1 que os mandatos terminaram em janeiro. Foi assegurado ainda que nenhuma CPCJ deixou de funcionar devido aos casos.<\/p>\n<p>Apesar do esclarecimento, a deputada do Chega Sandra Ribeiro questionou a secret\u00e1ria sobre rumores de setembro que apontavam para a sa\u00edda de cerca de metade dos professores. A respons\u00e1vel reiterou que mais de 61% dos docentes manteve as fun\u00e7\u00f5es e que o alarme n\u00e3o corresponde \u00e0 verdade.<\/p>\n","protected":false},"excerpt":{"rendered":"<ul>\n<li>O Governo anunciou que ainda n\u00e3o houve qualquer ado\u00e7\u00e3o conclu\u00edda por fam\u00edlias de acolhimento desde a aprova\u00e7\u00e3o da lei, h\u00e1 quase um ano.<\/li>\n<li>O n\u00famero de crian\u00e7as em casas de acolhimento aumentou 30% num ano, passando de 356 para 462 no final de 2025.<\/li>\n<li>O total de fam\u00edlias de acolhimento subiu de 388 para 520, enquanto o n\u00famero de crian\u00e7as em institui\u00e7\u00f5es diminuiu, mas continua a ser de 5.987.<\/li>\n<li>A secret\u00e1ria de Estado atribuiu os resultados a uma campanha nacional de atra\u00e7\u00e3o para o acolhimento, lembrando que a lei tamb\u00e9m alterou a proibi\u00e7\u00e3o de ado\u00e7\u00e3o por fam\u00edlias de acolhimento.<\/li>\n<li>Foi esclarecido que n\u00e3o houve falhas nas comiss\u00f5es de prote\u00e7\u00e3o de menores nem paralisa\u00e7\u00e3o de processos: as CPCJ n\u00e3o deixaram de funcionar e houve apenas seis professores em falta devido a terminares de mandatos.<\/li>\n<\/ul>\n","protected":false},"author":2,"featured_media":216202,"comment_status":"closed","ping_status":"closed","sticky":false,"template":"","format":"standard","meta":{"footnotes":""},"categories":[1],"tags":[4583,2865,3953,163,64,34],"class_list":["post-216198","post","type-post","status-publish","format-standard","has-post-thumbnail","hentry","category-noticias","tag-acolhimentos","tag-adocao","tag-criancas","tag-educacao","tag-familia","tag-governo"],"yoast_head":"<!-- This site is optimized with the Yoast SEO plugin v27.2 - https:\/\/yoast.com\/product\/yoast-seo-wordpress\/ -->\n<title>Ainda nenhuma fam\u00edlia de acolhimento conseguiu adotar uma crian\u00e7a - Portal Tela Portugal<\/title>\n<meta name=\"robots\" content=\"index, follow, max-snippet:-1, max-image-preview:large, max-video-preview:-1\" \/>\n<meta property=\"og:locale\" content=\"pt_PT\" \/>\n<meta property=\"og:type\" content=\"article\" \/>\n<meta property=\"og:title\" content=\"Ainda nenhuma fam\u00edlia de acolhimento conseguiu adotar uma crian\u00e7a - Portal Tela Portugal\" \/>\n<meta property=\"og:description\" content=\"O Governo anunciou que ainda n\u00e3o houve qualquer ado\u00e7\u00e3o conclu\u00edda por fam\u00edlias de acolhimento desde a aprova\u00e7\u00e3o da lei, h\u00e1 quase um ano. O n\u00famero de crian\u00e7as em casas de acolhimento aumentou 30% num ano, passando de 356 para 462 no final de 2025. O total de fam\u00edlias de acolhimento subiu de 388 para 520, enquanto o n\u00famero de crian\u00e7as em institui\u00e7\u00f5es diminuiu, mas continua a ser de 5.987. A secret\u00e1ria de Estado atribuiu os resultados a uma campanha nacional de atra\u00e7\u00e3o para o acolhimento, lembrando que a lei tamb\u00e9m alterou a proibi\u00e7\u00e3o de ado\u00e7\u00e3o por fam\u00edlias de acolhimento. Foi esclarecido que n\u00e3o houve falhas nas comiss\u00f5es de prote\u00e7\u00e3o de menores nem paralisa\u00e7\u00e3o de processos: as CPCJ n\u00e3o deixaram de funcionar e houve apenas seis professores em falta devido a terminares de mandatos.\" \/>\n<meta property=\"og:url\" content=\"https:\/\/portaltela.pt\/noticias\/2026\/02\/18\/ainda-nenhuma-familia-de-acolhimento-conseguiu-adotar-uma-crianca\/\" \/>\n<meta property=\"og:site_name\" content=\"Portal Tela Portugal\" \/>\n<meta property=\"article:published_time\" content=\"2026-02-18T16:22:35+00:00\" \/>\n<meta name=\"author\" content=\"Telinha\" \/>\n<meta name=\"twitter:card\" content=\"summary_large_image\" \/>\n<meta name=\"twitter:label1\" content=\"Escrito por\" \/>\n\t<meta name=\"twitter:data1\" content=\"Telinha\" \/>\n\t<meta name=\"twitter:label2\" content=\"Tempo estimado de leitura\" \/>\n\t<meta name=\"twitter:data2\" content=\"2 minutos\" \/>\n<script type=\"application\/ld+json\" class=\"yoast-schema-graph\">{\"@context\":\"https:\/\/schema.org\",\"@graph\":[{\"@type\":\"Article\",\"@id\":\"https:\/\/portaltela.pt\/noticias\/2026\/02\/18\/ainda-nenhuma-familia-de-acolhimento-conseguiu-adotar-uma-crianca\/#article\",\"isPartOf\":{\"@id\":\"https:\/\/portaltela.pt\/noticias\/2026\/02\/18\/ainda-nenhuma-familia-de-acolhimento-conseguiu-adotar-uma-crianca\/\"},\"author\":{\"name\":\"Telinha\",\"@id\":\"https:\/\/portaltela.pt\/#\/schema\/person\/c4278d4a6028830caff9ee44b42d32ed\"},\"headline\":\"Ainda nenhuma fam\u00edlia de acolhimento conseguiu adotar uma crian\u00e7a\",\"datePublished\":\"2026-02-18T16:22:35+00:00\",\"mainEntityOfPage\":{\"@id\":\"https:\/\/portaltela.pt\/noticias\/2026\/02\/18\/ainda-nenhuma-familia-de-acolhimento-conseguiu-adotar-uma-crianca\/\"},\"wordCount\":396,\"image\":{\"@id\":\"https:\/\/portaltela.pt\/noticias\/2026\/02\/18\/ainda-nenhuma-familia-de-acolhimento-conseguiu-adotar-uma-crianca\/#primaryimage\"},\"thumbnailUrl\":\"https:\/\/portaltela.pt\/s.01k8rhncp4jt1\/2026\/02\/img_1500x1000uu2016-12-25-22-42-00-585036.jpg\",\"keywords\":[\"acolhimentos\",\"ado\u00e7\u00e3o\",\"crian\u00e7as\",\"educa\u00e7\u00e3o\",\"fam\u00edlia\",\"governo\"],\"articleSection\":[\"Not\u00edcias\"],\"inLanguage\":\"pt-PT\"},{\"@type\":\"WebPage\",\"@id\":\"https:\/\/portaltela.pt\/noticias\/2026\/02\/18\/ainda-nenhuma-familia-de-acolhimento-conseguiu-adotar-uma-crianca\/\",\"url\":\"https:\/\/portaltela.pt\/noticias\/2026\/02\/18\/ainda-nenhuma-familia-de-acolhimento-conseguiu-adotar-uma-crianca\/\",\"name\":\"Ainda nenhuma fam\u00edlia de acolhimento conseguiu adotar uma crian\u00e7a - Portal Tela Portugal\",\"isPartOf\":{\"@id\":\"https:\/\/portaltela.pt\/#website\"},\"primaryImageOfPage\":{\"@id\":\"https:\/\/portaltela.pt\/noticias\/2026\/02\/18\/ainda-nenhuma-familia-de-acolhimento-conseguiu-adotar-uma-crianca\/#primaryimage\"},\"image\":{\"@id\":\"https:\/\/portaltela.pt\/noticias\/2026\/02\/18\/ainda-nenhuma-familia-de-acolhimento-conseguiu-adotar-uma-crianca\/#primaryimage\"},\"thumbnailUrl\":\"https:\/\/portaltela.pt\/s.01k8rhncp4jt1\/2026\/02\/img_1500x1000uu2016-12-25-22-42-00-585036.jpg\",\"datePublished\":\"2026-02-18T16:22:35+00:00\",\"author\":{\"@id\":\"https:\/\/portaltela.pt\/#\/schema\/person\/c4278d4a6028830caff9ee44b42d32ed\"},\"breadcrumb\":{\"@id\":\"https:\/\/portaltela.pt\/noticias\/2026\/02\/18\/ainda-nenhuma-familia-de-acolhimento-conseguiu-adotar-uma-crianca\/#breadcrumb\"},\"inLanguage\":\"pt-PT\",\"potentialAction\":[{\"@type\":\"ReadAction\",\"target\":[\"https:\/\/portaltela.pt\/noticias\/2026\/02\/18\/ainda-nenhuma-familia-de-acolhimento-conseguiu-adotar-uma-crianca\/\"]}]},{\"@type\":\"ImageObject\",\"inLanguage\":\"pt-PT\",\"@id\":\"https:\/\/portaltela.pt\/noticias\/2026\/02\/18\/ainda-nenhuma-familia-de-acolhimento-conseguiu-adotar-uma-crianca\/#primaryimage\",\"url\":\"https:\/\/portaltela.pt\/s.01k8rhncp4jt1\/2026\/02\/img_1500x1000uu2016-12-25-22-42-00-585036.jpg\",\"contentUrl\":\"https:\/\/portaltela.pt\/s.01k8rhncp4jt1\/2026\/02\/img_1500x1000uu2016-12-25-22-42-00-585036.jpg\",\"width\":796,\"height\":448,\"caption\":\"Ainda nenhuma fam\u00edlia de acolhimento conseguiu adotar uma crian\u00e7a\"},{\"@type\":\"BreadcrumbList\",\"@id\":\"https:\/\/portaltela.pt\/noticias\/2026\/02\/18\/ainda-nenhuma-familia-de-acolhimento-conseguiu-adotar-uma-crianca\/#breadcrumb\",\"itemListElement\":[{\"@type\":\"ListItem\",\"position\":1,\"name\":\"In\u00edcio\",\"item\":\"https:\/\/portaltela.pt\/\"},{\"@type\":\"ListItem\",\"position\":2,\"name\":\"Ainda nenhuma fam\u00edlia de acolhimento conseguiu adotar uma crian\u00e7a\"}]},{\"@type\":\"WebSite\",\"@id\":\"https:\/\/portaltela.pt\/#website\",\"url\":\"https:\/\/portaltela.pt\/\",\"name\":\"Portal Tela Portugal\",\"description\":\"\",\"potentialAction\":[{\"@type\":\"SearchAction\",\"target\":{\"@type\":\"EntryPoint\",\"urlTemplate\":\"https:\/\/portaltela.pt\/?s={search_term_string}\"},\"query-input\":{\"@type\":\"PropertyValueSpecification\",\"valueRequired\":true,\"valueName\":\"search_term_string\"}}],\"inLanguage\":\"pt-PT\"},{\"@type\":\"Person\",\"@id\":\"https:\/\/portaltela.pt\/#\/schema\/person\/c4278d4a6028830caff9ee44b42d32ed\",\"name\":\"Telinha\",\"image\":{\"@type\":\"ImageObject\",\"inLanguage\":\"pt-PT\",\"@id\":\"https:\/\/portaltela.pt\/s.01k8rhncp4jt1\/2025\/11\/talking-bot-125x125.png\",\"url\":\"https:\/\/portaltela.pt\/s.01k8rhncp4jt1\/2025\/11\/talking-bot-125x125.png\",\"contentUrl\":\"https:\/\/portaltela.pt\/s.01k8rhncp4jt1\/2025\/11\/talking-bot-125x125.png\",\"caption\":\"Telinha\"},\"sameAs\":[\"https:\/\/portaltela.pt\/\"],\"url\":\"https:\/\/portaltela.pt\/por\/367410592786\/\"}]}<\/script>\n<!-- \/ Yoast SEO plugin. -->","yoast_head_json":{"title":"Ainda nenhuma fam\u00edlia de acolhimento conseguiu adotar uma crian\u00e7a - Portal Tela Portugal","robots":{"index":"index","follow":"follow","max-snippet":"max-snippet:-1","max-image-preview":"max-image-preview:large","max-video-preview":"max-video-preview:-1"},"og_locale":"pt_PT","og_type":"article","og_title":"Ainda nenhuma fam\u00edlia de acolhimento conseguiu adotar uma crian\u00e7a - Portal Tela Portugal","og_description":"O Governo anunciou que ainda n\u00e3o houve qualquer ado\u00e7\u00e3o conclu\u00edda por fam\u00edlias de acolhimento desde a aprova\u00e7\u00e3o da lei, h\u00e1 quase um ano. O n\u00famero de crian\u00e7as em casas de acolhimento aumentou 30% num ano, passando de 356 para 462 no final de 2025. O total de fam\u00edlias de acolhimento subiu de 388 para 520, enquanto o n\u00famero de crian\u00e7as em institui\u00e7\u00f5es diminuiu, mas continua a ser de 5.987. A secret\u00e1ria de Estado atribuiu os resultados a uma campanha nacional de atra\u00e7\u00e3o para o acolhimento, lembrando que a lei tamb\u00e9m alterou a proibi\u00e7\u00e3o de ado\u00e7\u00e3o por fam\u00edlias de acolhimento. Foi esclarecido que n\u00e3o houve falhas nas comiss\u00f5es de prote\u00e7\u00e3o de menores nem paralisa\u00e7\u00e3o de processos: as CPCJ n\u00e3o deixaram de funcionar e houve apenas seis professores em falta devido a terminares de mandatos.","og_url":"https:\/\/portaltela.pt\/noticias\/2026\/02\/18\/ainda-nenhuma-familia-de-acolhimento-conseguiu-adotar-uma-crianca\/","og_site_name":"Portal Tela Portugal","article_published_time":"2026-02-18T16:22:35+00:00","author":"Telinha","twitter_card":"summary_large_image","twitter_misc":{"Escrito por":"Telinha","Tempo estimado de leitura":"2 minutos"},"schema":{"@context":"https:\/\/schema.org","@graph":[{"@type":"Article","@id":"https:\/\/portaltela.pt\/noticias\/2026\/02\/18\/ainda-nenhuma-familia-de-acolhimento-conseguiu-adotar-uma-crianca\/#article","isPartOf":{"@id":"https:\/\/portaltela.pt\/noticias\/2026\/02\/18\/ainda-nenhuma-familia-de-acolhimento-conseguiu-adotar-uma-crianca\/"},"author":{"name":"Telinha","@id":"https:\/\/portaltela.pt\/#\/schema\/person\/c4278d4a6028830caff9ee44b42d32ed"},"headline":"Ainda nenhuma fam\u00edlia de acolhimento conseguiu adotar uma crian\u00e7a","datePublished":"2026-02-18T16:22:35+00:00","mainEntityOfPage":{"@id":"https:\/\/portaltela.pt\/noticias\/2026\/02\/18\/ainda-nenhuma-familia-de-acolhimento-conseguiu-adotar-uma-crianca\/"},"wordCount":396,"image":{"@id":"https:\/\/portaltela.pt\/noticias\/2026\/02\/18\/ainda-nenhuma-familia-de-acolhimento-conseguiu-adotar-uma-crianca\/#primaryimage"},"thumbnailUrl":"https:\/\/portaltela.pt\/s.01k8rhncp4jt1\/2026\/02\/img_1500x1000uu2016-12-25-22-42-00-585036.jpg","keywords":["acolhimentos","ado\u00e7\u00e3o","crian\u00e7as","educa\u00e7\u00e3o","fam\u00edlia","governo"],"articleSection":["Not\u00edcias"],"inLanguage":"pt-PT"},{"@type":"WebPage","@id":"https:\/\/portaltela.pt\/noticias\/2026\/02\/18\/ainda-nenhuma-familia-de-acolhimento-conseguiu-adotar-uma-crianca\/","url":"https:\/\/portaltela.pt\/noticias\/2026\/02\/18\/ainda-nenhuma-familia-de-acolhimento-conseguiu-adotar-uma-crianca\/","name":"Ainda nenhuma fam\u00edlia de acolhimento conseguiu adotar uma crian\u00e7a - Portal Tela Portugal","isPartOf":{"@id":"https:\/\/portaltela.pt\/#website"},"primaryImageOfPage":{"@id":"https:\/\/portaltela.pt\/noticias\/2026\/02\/18\/ainda-nenhuma-familia-de-acolhimento-conseguiu-adotar-uma-crianca\/#primaryimage"},"image":{"@id":"https:\/\/portaltela.pt\/noticias\/2026\/02\/18\/ainda-nenhuma-familia-de-acolhimento-conseguiu-adotar-uma-crianca\/#primaryimage"},"thumbnailUrl":"https:\/\/portaltela.pt\/s.01k8rhncp4jt1\/2026\/02\/img_1500x1000uu2016-12-25-22-42-00-585036.jpg","datePublished":"2026-02-18T16:22:35+00:00","author":{"@id":"https:\/\/portaltela.pt\/#\/schema\/person\/c4278d4a6028830caff9ee44b42d32ed"},"breadcrumb":{"@id":"https:\/\/portaltela.pt\/noticias\/2026\/02\/18\/ainda-nenhuma-familia-de-acolhimento-conseguiu-adotar-uma-crianca\/#breadcrumb"},"inLanguage":"pt-PT","potentialAction":[{"@type":"ReadAction","target":["https:\/\/portaltela.pt\/noticias\/2026\/02\/18\/ainda-nenhuma-familia-de-acolhimento-conseguiu-adotar-uma-crianca\/"]}]},{"@type":"ImageObject","inLanguage":"pt-PT","@id":"https:\/\/portaltela.pt\/noticias\/2026\/02\/18\/ainda-nenhuma-familia-de-acolhimento-conseguiu-adotar-uma-crianca\/#primaryimage","url":"https:\/\/portaltela.pt\/s.01k8rhncp4jt1\/2026\/02\/img_1500x1000uu2016-12-25-22-42-00-585036.jpg","contentUrl":"https:\/\/portaltela.pt\/s.01k8rhncp4jt1\/2026\/02\/img_1500x1000uu2016-12-25-22-42-00-585036.jpg","width":796,"height":448,"caption":"Ainda nenhuma fam\u00edlia de acolhimento conseguiu adotar uma crian\u00e7a"},{"@type":"BreadcrumbList","@id":"https:\/\/portaltela.pt\/noticias\/2026\/02\/18\/ainda-nenhuma-familia-de-acolhimento-conseguiu-adotar-uma-crianca\/#breadcrumb","itemListElement":[{"@type":"ListItem","position":1,"name":"In\u00edcio","item":"https:\/\/portaltela.pt\/"},{"@type":"ListItem","position":2,"name":"Ainda nenhuma fam\u00edlia de acolhimento conseguiu adotar uma crian\u00e7a"}]},{"@type":"WebSite","@id":"https:\/\/portaltela.pt\/#website","url":"https:\/\/portaltela.pt\/","name":"Portal Tela Portugal","description":"","potentialAction":[{"@type":"SearchAction","target":{"@type":"EntryPoint","urlTemplate":"https:\/\/portaltela.pt\/?s={search_term_string}"},"query-input":{"@type":"PropertyValueSpecification","valueRequired":true,"valueName":"search_term_string"}}],"inLanguage":"pt-PT"},{"@type":"Person","@id":"https:\/\/portaltela.pt\/#\/schema\/person\/c4278d4a6028830caff9ee44b42d32ed","name":"Telinha","image":{"@type":"ImageObject","inLanguage":"pt-PT","@id":"https:\/\/portaltela.pt\/s.01k8rhncp4jt1\/2025\/11\/talking-bot-125x125.png","url":"https:\/\/portaltela.pt\/s.01k8rhncp4jt1\/2025\/11\/talking-bot-125x125.png","contentUrl":"https:\/\/portaltela.pt\/s.01k8rhncp4jt1\/2025\/11\/talking-bot-125x125.png","caption":"Telinha"},"sameAs":["https:\/\/portaltela.pt\/"],"url":"https:\/\/portaltela.pt\/por\/367410592786\/"}]}},"_links":{"self":[{"href":"https:\/\/portaltela.pt\/api\/wp\/v2\/posts\/216198","targetHints":{"allow":["GET"]}}],"collection":[{"href":"https:\/\/portaltela.pt\/api\/wp\/v2\/posts"}],"about":[{"href":"https:\/\/portaltela.pt\/api\/wp\/v2\/types\/post"}],"author":[{"embeddable":true,"href":"https:\/\/portaltela.pt\/api\/wp\/v2\/users\/2"}],"replies":[{"embeddable":true,"href":"https:\/\/portaltela.pt\/api\/wp\/v2\/comments?post=216198"}],"version-history":[{"count":0,"href":"https:\/\/portaltela.pt\/api\/wp\/v2\/posts\/216198\/revisions"}],"wp:featuredmedia":[{"embeddable":true,"href":"https:\/\/portaltela.pt\/api\/wp\/v2\/media\/216202"}],"wp:attachment":[{"href":"https:\/\/portaltela.pt\/api\/wp\/v2\/media?parent=216198"}],"wp:term":[{"taxonomy":"category","embeddable":true,"href":"https:\/\/portaltela.pt\/api\/wp\/v2\/categories?post=216198"},{"taxonomy":"post_tag","embeddable":true,"href":"https:\/\/portaltela.pt\/api\/wp\/v2\/tags?post=216198"}],"curies":[{"name":"wp","href":"https:\/\/api.w.org\/{rel}","templated":true}]}}