{"id":216126,"date":"2026-02-18T12:44:47","date_gmt":"2026-02-18T15:44:47","guid":{"rendered":"https:\/\/portaltela.pt\/noticias\/2026\/02\/18\/irmaos-guerillot-fazem-historia-para-portugal-no-esqui-alpino\/"},"modified":"2026-02-18T12:44:47","modified_gmt":"2026-02-18T15:44:47","slug":"irmaos-guerillot-fazem-historia-para-portugal-no-esqui-alpino","status":"publish","type":"post","link":"https:\/\/portaltela.pt\/desporto\/2026\/02\/18\/irmaos-guerillot-fazem-historia-para-portugal-no-esqui-alpino\/","title":{"rendered":"Irm\u00e3os Guerillot fazem hist\u00f3ria para Portugal no esqui alpino"},"content":{"rendered":"<p>Os Jogos Ol\u00edmpicos de Inverno Mil\u00e3o-Cortina 2026 trazem dois talentos que escreveram hist\u00f3ria para Portugal no esqui alpino. Emeric Guerillot, com 18 anos, ficou em 32.\u00ba no Super G, igualando o melhor resultado luso em provas alpinas.<\/p>\n<p>Na prova de slalom, o jovem franc\u00eas desistiu aos 10 segundos da primeira manga, em Stelvio, It\u00e1lia, devido a condi\u00e7\u00f5es clim\u00e1ticas extremas e neve intensa que eliminaram muitos concorrentes.<\/p>\n<p>Ainda assim, Emeric concluiu o slalom gigante na 38.\u00aa posi\u00e7\u00e3o, recuperando na segunda manga, num enquadramento em que Lucas Pinheiro Braathen conquistou ouro para o Brasil.<\/p>\n<h3>Desempenho de Vanina Guerillot<\/h3>\n<p>Vanina Guerillot, 23 anos, disputou pela segunda vez e foi 41.\u00aa no slalom gigante, subindo duas posi\u00e7\u00f5es face a Pequim 2022, o melhor registo de uma esquiadora portuguesa nesta disciplina.<\/p>\n<p>A irm\u00e3 mais nova de Emeric terminou a participa\u00e7\u00e3o em Cortina d\u2019Ampezzo com o 45.\u00ba posto no slalom, numa pista Olympia delle Tofane dominada por Mikaela Shiffrin.<\/p>\n<h3>Jos\u00e9 Cabe\u00e7a no esqui de fundo<\/h3>\n<p>Jos\u00e9 Cabe\u00e7a iniciou a participa\u00e7\u00e3o com o 91.\u00ba lugar na qualifica\u00e7\u00e3o para a final de sprint cl\u00e1ssico. A prova de 10 km estilo livre terminou com o 99.\u00ba posto, ap\u00f3s uma queda no in\u00edcio do percurso em Tesero.<\/p>\n<p>Na segunda prova, Cabe\u00e7a acompanhou a presta\u00e7\u00e3o de destaque de Johannes Klaebo, que conquistou a 10.\u00aa medalha de ouro ol\u00edmpica na disciplina, numa competi\u00e7\u00e3o dominada por atletas do top do circuito. Cabe\u00e7a encerrou a sua segunda participa\u00e7\u00e3o ol\u00edmpica sem alcan\u00e7ar o objetivo pretendido.<\/p>\n","protected":false},"excerpt":{"rendered":"<ul>\n<li>Emeric Guerillot, aos 18 anos e nascido na Fran\u00e7a, ficou em 32.\u00ba no Super-G, igualando o melhor resultado de sempre de Portugal no esqui alpino, mas desistiu no slalom ap\u00f3s 10 segundos na primeira manga em Stelvio, It\u00e1lia; terminou o slalom gigante em 38.\u00ba.<\/li>\n<li>Vanina Guerillot, aos 23 anos, alcan\u00e7ou 41.\u00ba no slalom gigante, melhorando duas posi\u00e7\u00f5es desde Pequim 2022 e tornando-se no melhor desempenho de sempre de uma esquiadora portuguesa nessa disciplina; terminou a participa\u00e7\u00e3o com 45.\u00ba lugar no slalom em Cortina d\u2019Ampezzo.<\/li>\n<li>Jos\u00e9 Cabe\u00e7a, 29 anos, n\u00e3o conseguiu alcan\u00e7ar o objetivo no esqui de fundo; ficou em 91.\u00ba na qualifica\u00e7\u00e3o da sprint cl\u00e1ssico e em 99.\u00ba na prova de 10 km estilo livre, ap\u00f3s uma queda inicial em Tesero, It\u00e1lia.<\/li>\n<li>Na prova de esqui de fundo, o noruegu\u00eas Johannes Klaebo voltou a vencer, somando a sua oitava medalha de ouro ol\u00edmpica; o percurso contou com a presen\u00e7a de compatriotas como Marit Bj\u00f8rgen, Bj\u00f8rn Daehlig e Ole Einar Bj\u00f8rndalen.<\/li>\n<li>Em termos gerais, os irm\u00e3os Guerillot marcaram uma estreia hist\u00f3rica para Portugal em Mil\u00e3o-Cortina 2026, ao baterem recordes nacionais em v\u00e1rias disciplinas de esqui alpino.<\/li>\n<\/ul>\n","protected":false},"author":2,"featured_media":216129,"comment_status":"closed","ping_status":"closed","sticky":false,"template":"","format":"standard","meta":{"footnotes":""},"categories":[21],"tags":[252,152,60,5008,84,1014],"class_list":["post-216126","post","type-post","status-publish","format-standard","has-post-thumbnail","hentry","category-desporto","tag-atletas","tag-desporto","tag-esportes","tag-esqui-de-fundo","tag-olimpiadas","tag-portugal"],"yoast_head":"<!-- This site is optimized with the Yoast SEO plugin v27.2 - https:\/\/yoast.com\/product\/yoast-seo-wordpress\/ -->\n<title>Irm\u00e3os Guerillot fazem hist\u00f3ria para Portugal no esqui alpino - Portal Tela Portugal<\/title>\n<meta name=\"robots\" content=\"index, follow, max-snippet:-1, max-image-preview:large, max-video-preview:-1\" \/>\n<meta property=\"og:locale\" content=\"pt_PT\" \/>\n<meta property=\"og:type\" content=\"article\" \/>\n<meta property=\"og:title\" content=\"Irm\u00e3os Guerillot fazem hist\u00f3ria para Portugal no esqui alpino - Portal Tela Portugal\" \/>\n<meta property=\"og:description\" content=\"Emeric Guerillot, aos 18 anos e nascido na Fran\u00e7a, ficou em 32.\u00ba no Super-G, igualando o melhor resultado de sempre de Portugal no esqui alpino, mas desistiu no slalom ap\u00f3s 10 segundos na primeira manga em Stelvio, It\u00e1lia; terminou o slalom gigante em 38.\u00ba. Vanina Guerillot, aos 23 anos, alcan\u00e7ou 41.\u00ba no slalom gigante, melhorando duas posi\u00e7\u00f5es desde Pequim 2022 e tornando-se no melhor desempenho de sempre de uma esquiadora portuguesa nessa disciplina; terminou a participa\u00e7\u00e3o com 45.\u00ba lugar no slalom em Cortina d\u2019Ampezzo. Jos\u00e9 Cabe\u00e7a, 29 anos, n\u00e3o conseguiu alcan\u00e7ar o objetivo no esqui de fundo; ficou em 91.\u00ba na qualifica\u00e7\u00e3o da sprint cl\u00e1ssico e em 99.\u00ba na prova de 10 km estilo livre, ap\u00f3s uma queda inicial em Tesero, It\u00e1lia. Na prova de esqui de fundo, o noruegu\u00eas Johannes Klaebo voltou a vencer, somando a sua oitava medalha de ouro ol\u00edmpica; o percurso contou com a presen\u00e7a de compatriotas como Marit Bj\u00f8rgen, Bj\u00f8rn Daehlig e Ole Einar Bj\u00f8rndalen. Em termos gerais, os irm\u00e3os Guerillot marcaram uma estreia hist\u00f3rica para Portugal em Mil\u00e3o-Cortina 2026, ao baterem recordes nacionais em v\u00e1rias disciplinas de esqui alpino.\" \/>\n<meta property=\"og:url\" content=\"https:\/\/portaltela.pt\/noticias\/2026\/02\/18\/irmaos-guerillot-fazem-historia-para-portugal-no-esqui-alpino\/\" \/>\n<meta property=\"og:site_name\" content=\"Portal Tela Portugal\" \/>\n<meta property=\"article:published_time\" content=\"2026-02-18T15:44:47+00:00\" \/>\n<meta name=\"author\" content=\"Telinha\" \/>\n<meta name=\"twitter:card\" content=\"summary_large_image\" \/>\n<meta name=\"twitter:label1\" content=\"Escrito por\" \/>\n\t<meta name=\"twitter:data1\" content=\"Telinha\" \/>\n\t<meta name=\"twitter:label2\" content=\"Tempo estimado de leitura\" \/>\n\t<meta name=\"twitter:data2\" content=\"1 minuto\" \/>\n<script type=\"application\/ld+json\" class=\"yoast-schema-graph\">{\"@context\":\"https:\/\/schema.org\",\"@graph\":[{\"@type\":\"Article\",\"@id\":\"https:\/\/portaltela.pt\/noticias\/2026\/02\/18\/irmaos-guerillot-fazem-historia-para-portugal-no-esqui-alpino\/#article\",\"isPartOf\":{\"@id\":\"https:\/\/portaltela.pt\/noticias\/2026\/02\/18\/irmaos-guerillot-fazem-historia-para-portugal-no-esqui-alpino\/\"},\"author\":{\"name\":\"Telinha\",\"@id\":\"https:\/\/portaltela.pt\/#\/schema\/person\/c4278d4a6028830caff9ee44b42d32ed\"},\"headline\":\"Irm\u00e3os Guerillot fazem hist\u00f3ria para Portugal no esqui alpino\",\"datePublished\":\"2026-02-18T15:44:47+00:00\",\"mainEntityOfPage\":{\"@id\":\"https:\/\/portaltela.pt\/noticias\/2026\/02\/18\/irmaos-guerillot-fazem-historia-para-portugal-no-esqui-alpino\/\"},\"wordCount\":264,\"image\":{\"@id\":\"https:\/\/portaltela.pt\/noticias\/2026\/02\/18\/irmaos-guerillot-fazem-historia-para-portugal-no-esqui-alpino\/#primaryimage\"},\"thumbnailUrl\":\"https:\/\/portaltela.pt\/s.01k8rhncp4jt1\/2026\/02\/img_1200x721uu2026-02-18-15-39-44-2422334-im-639070260403044485.jpg\",\"keywords\":[\"atletas\",\"desporto\",\"esportes\",\"esqui de fundo\",\"olimp\u00edadas\",\"Portugal\"],\"articleSection\":[\"Desporto\"],\"inLanguage\":\"pt-PT\"},{\"@type\":\"WebPage\",\"@id\":\"https:\/\/portaltela.pt\/noticias\/2026\/02\/18\/irmaos-guerillot-fazem-historia-para-portugal-no-esqui-alpino\/\",\"url\":\"https:\/\/portaltela.pt\/noticias\/2026\/02\/18\/irmaos-guerillot-fazem-historia-para-portugal-no-esqui-alpino\/\",\"name\":\"Irm\u00e3os Guerillot fazem hist\u00f3ria para Portugal no esqui alpino - Portal Tela Portugal\",\"isPartOf\":{\"@id\":\"https:\/\/portaltela.pt\/#website\"},\"primaryImageOfPage\":{\"@id\":\"https:\/\/portaltela.pt\/noticias\/2026\/02\/18\/irmaos-guerillot-fazem-historia-para-portugal-no-esqui-alpino\/#primaryimage\"},\"image\":{\"@id\":\"https:\/\/portaltela.pt\/noticias\/2026\/02\/18\/irmaos-guerillot-fazem-historia-para-portugal-no-esqui-alpino\/#primaryimage\"},\"thumbnailUrl\":\"https:\/\/portaltela.pt\/s.01k8rhncp4jt1\/2026\/02\/img_1200x721uu2026-02-18-15-39-44-2422334-im-639070260403044485.jpg\",\"datePublished\":\"2026-02-18T15:44:47+00:00\",\"author\":{\"@id\":\"https:\/\/portaltela.pt\/#\/schema\/person\/c4278d4a6028830caff9ee44b42d32ed\"},\"breadcrumb\":{\"@id\":\"https:\/\/portaltela.pt\/noticias\/2026\/02\/18\/irmaos-guerillot-fazem-historia-para-portugal-no-esqui-alpino\/#breadcrumb\"},\"inLanguage\":\"pt-PT\",\"potentialAction\":[{\"@type\":\"ReadAction\",\"target\":[\"https:\/\/portaltela.pt\/noticias\/2026\/02\/18\/irmaos-guerillot-fazem-historia-para-portugal-no-esqui-alpino\/\"]}]},{\"@type\":\"ImageObject\",\"inLanguage\":\"pt-PT\",\"@id\":\"https:\/\/portaltela.pt\/noticias\/2026\/02\/18\/irmaos-guerillot-fazem-historia-para-portugal-no-esqui-alpino\/#primaryimage\",\"url\":\"https:\/\/portaltela.pt\/s.01k8rhncp4jt1\/2026\/02\/img_1200x721uu2026-02-18-15-39-44-2422334-im-639070260403044485.jpg\",\"contentUrl\":\"https:\/\/portaltela.pt\/s.01k8rhncp4jt1\/2026\/02\/img_1200x721uu2026-02-18-15-39-44-2422334-im-639070260403044485.jpg\",\"width\":796,\"height\":448,\"caption\":\"JO'2026: Irm\u00e3os Emeric e Vanina Guerillot fazem hist\u00f3ria para Portugal no esqui alpino\"},{\"@type\":\"BreadcrumbList\",\"@id\":\"https:\/\/portaltela.pt\/noticias\/2026\/02\/18\/irmaos-guerillot-fazem-historia-para-portugal-no-esqui-alpino\/#breadcrumb\",\"itemListElement\":[{\"@type\":\"ListItem\",\"position\":1,\"name\":\"In\u00edcio\",\"item\":\"https:\/\/portaltela.pt\/\"},{\"@type\":\"ListItem\",\"position\":2,\"name\":\"Irm\u00e3os Guerillot fazem hist\u00f3ria para Portugal no esqui alpino\"}]},{\"@type\":\"WebSite\",\"@id\":\"https:\/\/portaltela.pt\/#website\",\"url\":\"https:\/\/portaltela.pt\/\",\"name\":\"Portal Tela Portugal\",\"description\":\"\",\"potentialAction\":[{\"@type\":\"SearchAction\",\"target\":{\"@type\":\"EntryPoint\",\"urlTemplate\":\"https:\/\/portaltela.pt\/?s={search_term_string}\"},\"query-input\":{\"@type\":\"PropertyValueSpecification\",\"valueRequired\":true,\"valueName\":\"search_term_string\"}}],\"inLanguage\":\"pt-PT\"},{\"@type\":\"Person\",\"@id\":\"https:\/\/portaltela.pt\/#\/schema\/person\/c4278d4a6028830caff9ee44b42d32ed\",\"name\":\"Telinha\",\"image\":{\"@type\":\"ImageObject\",\"inLanguage\":\"pt-PT\",\"@id\":\"https:\/\/portaltela.pt\/s.01k8rhncp4jt1\/2025\/11\/talking-bot-125x125.png\",\"url\":\"https:\/\/portaltela.pt\/s.01k8rhncp4jt1\/2025\/11\/talking-bot-125x125.png\",\"contentUrl\":\"https:\/\/portaltela.pt\/s.01k8rhncp4jt1\/2025\/11\/talking-bot-125x125.png\",\"caption\":\"Telinha\"},\"sameAs\":[\"https:\/\/portaltela.pt\/\"],\"url\":\"https:\/\/portaltela.pt\/por\/367410592786\/\"}]}<\/script>\n<!-- \/ Yoast SEO plugin. -->","yoast_head_json":{"title":"Irm\u00e3os Guerillot fazem hist\u00f3ria para Portugal no esqui alpino - Portal Tela Portugal","robots":{"index":"index","follow":"follow","max-snippet":"max-snippet:-1","max-image-preview":"max-image-preview:large","max-video-preview":"max-video-preview:-1"},"og_locale":"pt_PT","og_type":"article","og_title":"Irm\u00e3os Guerillot fazem hist\u00f3ria para Portugal no esqui alpino - Portal Tela Portugal","og_description":"Emeric Guerillot, aos 18 anos e nascido na Fran\u00e7a, ficou em 32.\u00ba no Super-G, igualando o melhor resultado de sempre de Portugal no esqui alpino, mas desistiu no slalom ap\u00f3s 10 segundos na primeira manga em Stelvio, It\u00e1lia; terminou o slalom gigante em 38.\u00ba. Vanina Guerillot, aos 23 anos, alcan\u00e7ou 41.\u00ba no slalom gigante, melhorando duas posi\u00e7\u00f5es desde Pequim 2022 e tornando-se no melhor desempenho de sempre de uma esquiadora portuguesa nessa disciplina; terminou a participa\u00e7\u00e3o com 45.\u00ba lugar no slalom em Cortina d\u2019Ampezzo. Jos\u00e9 Cabe\u00e7a, 29 anos, n\u00e3o conseguiu alcan\u00e7ar o objetivo no esqui de fundo; ficou em 91.\u00ba na qualifica\u00e7\u00e3o da sprint cl\u00e1ssico e em 99.\u00ba na prova de 10 km estilo livre, ap\u00f3s uma queda inicial em Tesero, It\u00e1lia. Na prova de esqui de fundo, o noruegu\u00eas Johannes Klaebo voltou a vencer, somando a sua oitava medalha de ouro ol\u00edmpica; o percurso contou com a presen\u00e7a de compatriotas como Marit Bj\u00f8rgen, Bj\u00f8rn Daehlig e Ole Einar Bj\u00f8rndalen. Em termos gerais, os irm\u00e3os Guerillot marcaram uma estreia hist\u00f3rica para Portugal em Mil\u00e3o-Cortina 2026, ao baterem recordes nacionais em v\u00e1rias disciplinas de esqui alpino.","og_url":"https:\/\/portaltela.pt\/noticias\/2026\/02\/18\/irmaos-guerillot-fazem-historia-para-portugal-no-esqui-alpino\/","og_site_name":"Portal Tela Portugal","article_published_time":"2026-02-18T15:44:47+00:00","author":"Telinha","twitter_card":"summary_large_image","twitter_misc":{"Escrito por":"Telinha","Tempo estimado de leitura":"1 minuto"},"schema":{"@context":"https:\/\/schema.org","@graph":[{"@type":"Article","@id":"https:\/\/portaltela.pt\/noticias\/2026\/02\/18\/irmaos-guerillot-fazem-historia-para-portugal-no-esqui-alpino\/#article","isPartOf":{"@id":"https:\/\/portaltela.pt\/noticias\/2026\/02\/18\/irmaos-guerillot-fazem-historia-para-portugal-no-esqui-alpino\/"},"author":{"name":"Telinha","@id":"https:\/\/portaltela.pt\/#\/schema\/person\/c4278d4a6028830caff9ee44b42d32ed"},"headline":"Irm\u00e3os Guerillot fazem hist\u00f3ria para Portugal no esqui alpino","datePublished":"2026-02-18T15:44:47+00:00","mainEntityOfPage":{"@id":"https:\/\/portaltela.pt\/noticias\/2026\/02\/18\/irmaos-guerillot-fazem-historia-para-portugal-no-esqui-alpino\/"},"wordCount":264,"image":{"@id":"https:\/\/portaltela.pt\/noticias\/2026\/02\/18\/irmaos-guerillot-fazem-historia-para-portugal-no-esqui-alpino\/#primaryimage"},"thumbnailUrl":"https:\/\/portaltela.pt\/s.01k8rhncp4jt1\/2026\/02\/img_1200x721uu2026-02-18-15-39-44-2422334-im-639070260403044485.jpg","keywords":["atletas","desporto","esportes","esqui de fundo","olimp\u00edadas","Portugal"],"articleSection":["Desporto"],"inLanguage":"pt-PT"},{"@type":"WebPage","@id":"https:\/\/portaltela.pt\/noticias\/2026\/02\/18\/irmaos-guerillot-fazem-historia-para-portugal-no-esqui-alpino\/","url":"https:\/\/portaltela.pt\/noticias\/2026\/02\/18\/irmaos-guerillot-fazem-historia-para-portugal-no-esqui-alpino\/","name":"Irm\u00e3os Guerillot fazem hist\u00f3ria para Portugal no esqui alpino - Portal Tela Portugal","isPartOf":{"@id":"https:\/\/portaltela.pt\/#website"},"primaryImageOfPage":{"@id":"https:\/\/portaltela.pt\/noticias\/2026\/02\/18\/irmaos-guerillot-fazem-historia-para-portugal-no-esqui-alpino\/#primaryimage"},"image":{"@id":"https:\/\/portaltela.pt\/noticias\/2026\/02\/18\/irmaos-guerillot-fazem-historia-para-portugal-no-esqui-alpino\/#primaryimage"},"thumbnailUrl":"https:\/\/portaltela.pt\/s.01k8rhncp4jt1\/2026\/02\/img_1200x721uu2026-02-18-15-39-44-2422334-im-639070260403044485.jpg","datePublished":"2026-02-18T15:44:47+00:00","author":{"@id":"https:\/\/portaltela.pt\/#\/schema\/person\/c4278d4a6028830caff9ee44b42d32ed"},"breadcrumb":{"@id":"https:\/\/portaltela.pt\/noticias\/2026\/02\/18\/irmaos-guerillot-fazem-historia-para-portugal-no-esqui-alpino\/#breadcrumb"},"inLanguage":"pt-PT","potentialAction":[{"@type":"ReadAction","target":["https:\/\/portaltela.pt\/noticias\/2026\/02\/18\/irmaos-guerillot-fazem-historia-para-portugal-no-esqui-alpino\/"]}]},{"@type":"ImageObject","inLanguage":"pt-PT","@id":"https:\/\/portaltela.pt\/noticias\/2026\/02\/18\/irmaos-guerillot-fazem-historia-para-portugal-no-esqui-alpino\/#primaryimage","url":"https:\/\/portaltela.pt\/s.01k8rhncp4jt1\/2026\/02\/img_1200x721uu2026-02-18-15-39-44-2422334-im-639070260403044485.jpg","contentUrl":"https:\/\/portaltela.pt\/s.01k8rhncp4jt1\/2026\/02\/img_1200x721uu2026-02-18-15-39-44-2422334-im-639070260403044485.jpg","width":796,"height":448,"caption":"JO'2026: Irm\u00e3os Emeric e Vanina Guerillot fazem hist\u00f3ria para Portugal no esqui alpino"},{"@type":"BreadcrumbList","@id":"https:\/\/portaltela.pt\/noticias\/2026\/02\/18\/irmaos-guerillot-fazem-historia-para-portugal-no-esqui-alpino\/#breadcrumb","itemListElement":[{"@type":"ListItem","position":1,"name":"In\u00edcio","item":"https:\/\/portaltela.pt\/"},{"@type":"ListItem","position":2,"name":"Irm\u00e3os Guerillot fazem hist\u00f3ria para Portugal no esqui alpino"}]},{"@type":"WebSite","@id":"https:\/\/portaltela.pt\/#website","url":"https:\/\/portaltela.pt\/","name":"Portal Tela Portugal","description":"","potentialAction":[{"@type":"SearchAction","target":{"@type":"EntryPoint","urlTemplate":"https:\/\/portaltela.pt\/?s={search_term_string}"},"query-input":{"@type":"PropertyValueSpecification","valueRequired":true,"valueName":"search_term_string"}}],"inLanguage":"pt-PT"},{"@type":"Person","@id":"https:\/\/portaltela.pt\/#\/schema\/person\/c4278d4a6028830caff9ee44b42d32ed","name":"Telinha","image":{"@type":"ImageObject","inLanguage":"pt-PT","@id":"https:\/\/portaltela.pt\/s.01k8rhncp4jt1\/2025\/11\/talking-bot-125x125.png","url":"https:\/\/portaltela.pt\/s.01k8rhncp4jt1\/2025\/11\/talking-bot-125x125.png","contentUrl":"https:\/\/portaltela.pt\/s.01k8rhncp4jt1\/2025\/11\/talking-bot-125x125.png","caption":"Telinha"},"sameAs":["https:\/\/portaltela.pt\/"],"url":"https:\/\/portaltela.pt\/por\/367410592786\/"}]}},"_links":{"self":[{"href":"https:\/\/portaltela.pt\/api\/wp\/v2\/posts\/216126","targetHints":{"allow":["GET"]}}],"collection":[{"href":"https:\/\/portaltela.pt\/api\/wp\/v2\/posts"}],"about":[{"href":"https:\/\/portaltela.pt\/api\/wp\/v2\/types\/post"}],"author":[{"embeddable":true,"href":"https:\/\/portaltela.pt\/api\/wp\/v2\/users\/2"}],"replies":[{"embeddable":true,"href":"https:\/\/portaltela.pt\/api\/wp\/v2\/comments?post=216126"}],"version-history":[{"count":0,"href":"https:\/\/portaltela.pt\/api\/wp\/v2\/posts\/216126\/revisions"}],"wp:featuredmedia":[{"embeddable":true,"href":"https:\/\/portaltela.pt\/api\/wp\/v2\/media\/216129"}],"wp:attachment":[{"href":"https:\/\/portaltela.pt\/api\/wp\/v2\/media?parent=216126"}],"wp:term":[{"taxonomy":"category","embeddable":true,"href":"https:\/\/portaltela.pt\/api\/wp\/v2\/categories?post=216126"},{"taxonomy":"post_tag","embeddable":true,"href":"https:\/\/portaltela.pt\/api\/wp\/v2\/tags?post=216126"}],"curies":[{"name":"wp","href":"https:\/\/api.w.org\/{rel}","templated":true}]}}