{"id":216109,"date":"2026-02-18T12:32:23","date_gmt":"2026-02-18T15:32:23","guid":{"rendered":"https:\/\/portaltela.pt\/noticias\/2026\/02\/18\/sondagem-mostra-mais-americanos-veem-bad-bunny-como-representante-dos-eua-que-trump\/"},"modified":"2026-02-18T12:32:23","modified_gmt":"2026-02-18T15:32:23","slug":"sondagem-mostra-mais-americanos-veem-bad-bunny-como-representante-dos-eua-que-trump","status":"publish","type":"post","link":"https:\/\/portaltela.pt\/noticias\/2026\/02\/18\/sondagem-mostra-mais-americanos-veem-bad-bunny-como-representante-dos-eua-que-trump\/","title":{"rendered":"Sondagem mostra mais americanos veem Bad Bunny como representante dos EUA que Trump"},"content":{"rendered":"<p>A sondagem, realizada por Yahoo! e YouGov, mediu a perce\u00e7\u00e3o p\u00fablica sobre quem representa melhor a Am\u00e9rica: Bad Bunny ou Donald Trump. O inqu\u00e9rito contou com 1.704 adultos. Perguntaram quem representa melhor o pa\u00eds.<\/p>\n<p>42% escolhem Bad Bunny, 39% optam por Trump, 20% n\u00e3o sabem responder. Resultados variam por ra\u00e7a: 61% entre negros favorecem Bad Bunny, 9% Trump. Entre hisp\u00e2nicos, 46% para Bad Bunny e 32% para Trump.<\/p>\n<p>Entre brancos, Trump obt\u00e9m 48% e Bad Bunny 37%. A vota\u00e7\u00e3o foi mais favor\u00e1vel a Bad Bunny entre jovens e n\u00e3o fez diferen\u00e7a significativa com o Espanhol no espet\u00e1culo.<\/p>\n<h3>Desempenho e rea\u00e7\u00e3o ao show<\/h3>\n<p>A not\u00edcia releva ainda que 47% assistiram ao espet\u00e1culo; entre estes, 30% gostaram e 8% n\u00e3o gostaram. Sobre Bad Bunny atuar exclusivamente em espanhol, 31% n\u00e3o se opuseram e 11% desaprovaram.<\/p>\n<p>Ao encerrar o concerto, 60% aprovaram o final com \u201cDeus aben\u00e7oe a Am\u00e9rica\u201d e a refer\u00eancia a pa\u00edses da regi\u00e3o; 16% n\u00e3o gostaram. 24% ficaram indecisos.<\/p>\n<h3>Contexto pol\u00edtico e audi\u00eancia<\/h3>\n<p>A amostra refletiu mais republicanos do que democratas, o que refor\u00e7a o recorte pol\u00edtico da sondagem. O show de Bad Bunny foi o quarto maior de sempre na Super Bowl, com 128,2 milh\u00f5es de espectadores, segundo Nielsen, frente a 6,1 milh\u00f5es do protesto MAGA.<\/p>\n<h3>Regulamento e veracidade<\/h3>\n<p>Poucos dias antes, legisladores conservadores pediram investiga\u00e7\u00e3o ao espet\u00e1culo. A FCC confirmou que n\u00e3o houve viola\u00e7\u00e3o de normas de dec\u00eancia, j\u00e1 que as letras foram consideradas adequadas para radiodifus\u00e3o. fontes citam que o material foi limpo de refer\u00eancias sexuais.<\/p>\n","protected":false},"excerpt":{"rendered":"<ul>\n<li>Uma sondagem realizada entre 1.704 adultos mostrou que Bad Bunny representa melhor a Am\u00e9rica para 42% dos entrevistados, contra 39% que escolheram Donald Trump; 20% n\u00e3o souberam responder.<\/li>\n<li>Entre os n\u00e3o brancos, 61% identificaram Bad Bunny como quem representa melhor a Am\u00e9rica, enquanto 9% optaram por Trump; entre os hisp\u00e2nicos, 46% preferiram Bad Bunny e 32% Trump. Entre os brancos, 48% disseram que Trump representa melhor, contra 37% para Bad Bunny.<\/li>\n<li>O espet\u00e1culo de Bad Bunny no intervalo do Super Bowl de 2026 \u00e9 considerado o quarto maior da hist\u00f3ria da competi\u00e7\u00e3o, com 128,2 milh\u00f5es de espectadores, segundo a Nielsen; o protesto MAGA chegou a 6,1 milh\u00f5es de espectadores.<\/li>\n<li>Dos que viram o espet\u00e1culo, 30% gostaram, 47% disseram ter visto, e 8% n\u00e3o gostaram; 31% n\u00e3o se importaram com a atua\u00e7\u00e3o em espanhol.<\/li>\n<li>A FCC confirmou que Bad Bunny n\u00e3o violou normas de radiodifus\u00e3o, com as letras consideradas apropriadas para a transmiss\u00e3o.<\/li>\n<\/ul>\n","protected":false},"author":2,"featured_media":216112,"comment_status":"closed","ping_status":"closed","sticky":false,"template":"","format":"standard","meta":{"footnotes":""},"categories":[12,1],"tags":[4291,68,1600,2958,2832,30],"class_list":["post-216109","post","type-post","status-publish","format-standard","has-post-thumbnail","hentry","category-entretenimento","category-noticias","tag-bad-bunny","tag-eleicoes","tag-estados-unidos","tag-eventos-internacionais","tag-politica","tag-presidente"],"yoast_head":"<!-- This site is optimized with the Yoast SEO plugin v27.2 - https:\/\/yoast.com\/product\/yoast-seo-wordpress\/ -->\n<title>Sondagem mostra mais americanos veem Bad Bunny como representante dos EUA que Trump - Portal Tela Portugal<\/title>\n<meta name=\"robots\" content=\"index, follow, max-snippet:-1, max-image-preview:large, max-video-preview:-1\" \/>\n<meta property=\"og:locale\" content=\"pt_PT\" \/>\n<meta property=\"og:type\" content=\"article\" \/>\n<meta property=\"og:title\" content=\"Sondagem mostra mais americanos veem Bad Bunny como representante dos EUA que Trump - Portal Tela Portugal\" \/>\n<meta property=\"og:description\" content=\"Uma sondagem realizada entre 1.704 adultos mostrou que Bad Bunny representa melhor a Am\u00e9rica para 42% dos entrevistados, contra 39% que escolheram Donald Trump; 20% n\u00e3o souberam responder. Entre os n\u00e3o brancos, 61% identificaram Bad Bunny como quem representa melhor a Am\u00e9rica, enquanto 9% optaram por Trump; entre os hisp\u00e2nicos, 46% preferiram Bad Bunny e 32% Trump. Entre os brancos, 48% disseram que Trump representa melhor, contra 37% para Bad Bunny. O espet\u00e1culo de Bad Bunny no intervalo do Super Bowl de 2026 \u00e9 considerado o quarto maior da hist\u00f3ria da competi\u00e7\u00e3o, com 128,2 milh\u00f5es de espectadores, segundo a Nielsen; o protesto MAGA chegou a 6,1 milh\u00f5es de espectadores. Dos que viram o espet\u00e1culo, 30% gostaram, 47% disseram ter visto, e 8% n\u00e3o gostaram; 31% n\u00e3o se importaram com a atua\u00e7\u00e3o em espanhol. A FCC confirmou que Bad Bunny n\u00e3o violou normas de radiodifus\u00e3o, com as letras consideradas apropriadas para a transmiss\u00e3o.\" \/>\n<meta property=\"og:url\" content=\"https:\/\/portaltela.pt\/noticias\/2026\/02\/18\/sondagem-mostra-mais-americanos-veem-bad-bunny-como-representante-dos-eua-que-trump\/\" \/>\n<meta property=\"og:site_name\" content=\"Portal Tela Portugal\" \/>\n<meta property=\"article:published_time\" content=\"2026-02-18T15:32:23+00:00\" \/>\n<meta name=\"author\" content=\"Telinha\" \/>\n<meta name=\"twitter:card\" content=\"summary_large_image\" \/>\n<meta name=\"twitter:label1\" content=\"Escrito por\" \/>\n\t<meta name=\"twitter:data1\" content=\"Telinha\" \/>\n\t<meta name=\"twitter:label2\" content=\"Tempo estimado de leitura\" \/>\n\t<meta name=\"twitter:data2\" content=\"1 minuto\" \/>\n<script type=\"application\/ld+json\" class=\"yoast-schema-graph\">{\"@context\":\"https:\/\/schema.org\",\"@graph\":[{\"@type\":\"Article\",\"@id\":\"https:\/\/portaltela.pt\/noticias\/2026\/02\/18\/sondagem-mostra-mais-americanos-veem-bad-bunny-como-representante-dos-eua-que-trump\/#article\",\"isPartOf\":{\"@id\":\"https:\/\/portaltela.pt\/noticias\/2026\/02\/18\/sondagem-mostra-mais-americanos-veem-bad-bunny-como-representante-dos-eua-que-trump\/\"},\"author\":{\"name\":\"Telinha\",\"@id\":\"https:\/\/portaltela.pt\/#\/schema\/person\/c4278d4a6028830caff9ee44b42d32ed\"},\"headline\":\"Sondagem mostra mais americanos veem Bad Bunny como representante dos EUA que Trump\",\"datePublished\":\"2026-02-18T15:32:23+00:00\",\"mainEntityOfPage\":{\"@id\":\"https:\/\/portaltela.pt\/noticias\/2026\/02\/18\/sondagem-mostra-mais-americanos-veem-bad-bunny-como-representante-dos-eua-que-trump\/\"},\"wordCount\":280,\"image\":{\"@id\":\"https:\/\/portaltela.pt\/noticias\/2026\/02\/18\/sondagem-mostra-mais-americanos-veem-bad-bunny-como-representante-dos-eua-que-trump\/#primaryimage\"},\"thumbnailUrl\":\"https:\/\/portaltela.pt\/s.01k8rhncp4jt1\/2026\/02\/1536x864_cmsv2_eb65b9cb-0d9e-5c2a-9f9c-b2f4a15023e5-9655959.jpg\",\"keywords\":[\"Bad Bunny\",\"elei\u00e7\u00f5es\",\"Estados Unidos\",\"eventos internacionais\",\"pol\u00edtica\",\"presidente\"],\"articleSection\":[\"Entretenimento\",\"Not\u00edcias\"],\"inLanguage\":\"pt-PT\"},{\"@type\":\"WebPage\",\"@id\":\"https:\/\/portaltela.pt\/noticias\/2026\/02\/18\/sondagem-mostra-mais-americanos-veem-bad-bunny-como-representante-dos-eua-que-trump\/\",\"url\":\"https:\/\/portaltela.pt\/noticias\/2026\/02\/18\/sondagem-mostra-mais-americanos-veem-bad-bunny-como-representante-dos-eua-que-trump\/\",\"name\":\"Sondagem mostra mais americanos veem Bad Bunny como representante dos EUA que Trump - Portal Tela Portugal\",\"isPartOf\":{\"@id\":\"https:\/\/portaltela.pt\/#website\"},\"primaryImageOfPage\":{\"@id\":\"https:\/\/portaltela.pt\/noticias\/2026\/02\/18\/sondagem-mostra-mais-americanos-veem-bad-bunny-como-representante-dos-eua-que-trump\/#primaryimage\"},\"image\":{\"@id\":\"https:\/\/portaltela.pt\/noticias\/2026\/02\/18\/sondagem-mostra-mais-americanos-veem-bad-bunny-como-representante-dos-eua-que-trump\/#primaryimage\"},\"thumbnailUrl\":\"https:\/\/portaltela.pt\/s.01k8rhncp4jt1\/2026\/02\/1536x864_cmsv2_eb65b9cb-0d9e-5c2a-9f9c-b2f4a15023e5-9655959.jpg\",\"datePublished\":\"2026-02-18T15:32:23+00:00\",\"author\":{\"@id\":\"https:\/\/portaltela.pt\/#\/schema\/person\/c4278d4a6028830caff9ee44b42d32ed\"},\"breadcrumb\":{\"@id\":\"https:\/\/portaltela.pt\/noticias\/2026\/02\/18\/sondagem-mostra-mais-americanos-veem-bad-bunny-como-representante-dos-eua-que-trump\/#breadcrumb\"},\"inLanguage\":\"pt-PT\",\"potentialAction\":[{\"@type\":\"ReadAction\",\"target\":[\"https:\/\/portaltela.pt\/noticias\/2026\/02\/18\/sondagem-mostra-mais-americanos-veem-bad-bunny-como-representante-dos-eua-que-trump\/\"]}]},{\"@type\":\"ImageObject\",\"inLanguage\":\"pt-PT\",\"@id\":\"https:\/\/portaltela.pt\/noticias\/2026\/02\/18\/sondagem-mostra-mais-americanos-veem-bad-bunny-como-representante-dos-eua-que-trump\/#primaryimage\",\"url\":\"https:\/\/portaltela.pt\/s.01k8rhncp4jt1\/2026\/02\/1536x864_cmsv2_eb65b9cb-0d9e-5c2a-9f9c-b2f4a15023e5-9655959.jpg\",\"contentUrl\":\"https:\/\/portaltela.pt\/s.01k8rhncp4jt1\/2026\/02\/1536x864_cmsv2_eb65b9cb-0d9e-5c2a-9f9c-b2f4a15023e5-9655959.jpg\",\"width\":796,\"height\":448,\"caption\":\"Sondagem diz que mais americanos acreditam que Bad Bunny \\\"representa melhor\\\" os EUA do que Donald Trump\"},{\"@type\":\"BreadcrumbList\",\"@id\":\"https:\/\/portaltela.pt\/noticias\/2026\/02\/18\/sondagem-mostra-mais-americanos-veem-bad-bunny-como-representante-dos-eua-que-trump\/#breadcrumb\",\"itemListElement\":[{\"@type\":\"ListItem\",\"position\":1,\"name\":\"In\u00edcio\",\"item\":\"https:\/\/portaltela.pt\/\"},{\"@type\":\"ListItem\",\"position\":2,\"name\":\"Sondagem mostra mais americanos veem Bad Bunny como representante dos EUA que Trump\"}]},{\"@type\":\"WebSite\",\"@id\":\"https:\/\/portaltela.pt\/#website\",\"url\":\"https:\/\/portaltela.pt\/\",\"name\":\"Portal Tela Portugal\",\"description\":\"\",\"potentialAction\":[{\"@type\":\"SearchAction\",\"target\":{\"@type\":\"EntryPoint\",\"urlTemplate\":\"https:\/\/portaltela.pt\/?s={search_term_string}\"},\"query-input\":{\"@type\":\"PropertyValueSpecification\",\"valueRequired\":true,\"valueName\":\"search_term_string\"}}],\"inLanguage\":\"pt-PT\"},{\"@type\":\"Person\",\"@id\":\"https:\/\/portaltela.pt\/#\/schema\/person\/c4278d4a6028830caff9ee44b42d32ed\",\"name\":\"Telinha\",\"image\":{\"@type\":\"ImageObject\",\"inLanguage\":\"pt-PT\",\"@id\":\"https:\/\/portaltela.pt\/s.01k8rhncp4jt1\/2025\/11\/talking-bot-125x125.png\",\"url\":\"https:\/\/portaltela.pt\/s.01k8rhncp4jt1\/2025\/11\/talking-bot-125x125.png\",\"contentUrl\":\"https:\/\/portaltela.pt\/s.01k8rhncp4jt1\/2025\/11\/talking-bot-125x125.png\",\"caption\":\"Telinha\"},\"sameAs\":[\"https:\/\/portaltela.pt\/\"],\"url\":\"https:\/\/portaltela.pt\/por\/367410592786\/\"}]}<\/script>\n<!-- \/ Yoast SEO plugin. -->","yoast_head_json":{"title":"Sondagem mostra mais americanos veem Bad Bunny como representante dos EUA que Trump - Portal Tela Portugal","robots":{"index":"index","follow":"follow","max-snippet":"max-snippet:-1","max-image-preview":"max-image-preview:large","max-video-preview":"max-video-preview:-1"},"og_locale":"pt_PT","og_type":"article","og_title":"Sondagem mostra mais americanos veem Bad Bunny como representante dos EUA que Trump - Portal Tela Portugal","og_description":"Uma sondagem realizada entre 1.704 adultos mostrou que Bad Bunny representa melhor a Am\u00e9rica para 42% dos entrevistados, contra 39% que escolheram Donald Trump; 20% n\u00e3o souberam responder. Entre os n\u00e3o brancos, 61% identificaram Bad Bunny como quem representa melhor a Am\u00e9rica, enquanto 9% optaram por Trump; entre os hisp\u00e2nicos, 46% preferiram Bad Bunny e 32% Trump. Entre os brancos, 48% disseram que Trump representa melhor, contra 37% para Bad Bunny. O espet\u00e1culo de Bad Bunny no intervalo do Super Bowl de 2026 \u00e9 considerado o quarto maior da hist\u00f3ria da competi\u00e7\u00e3o, com 128,2 milh\u00f5es de espectadores, segundo a Nielsen; o protesto MAGA chegou a 6,1 milh\u00f5es de espectadores. Dos que viram o espet\u00e1culo, 30% gostaram, 47% disseram ter visto, e 8% n\u00e3o gostaram; 31% n\u00e3o se importaram com a atua\u00e7\u00e3o em espanhol. A FCC confirmou que Bad Bunny n\u00e3o violou normas de radiodifus\u00e3o, com as letras consideradas apropriadas para a transmiss\u00e3o.","og_url":"https:\/\/portaltela.pt\/noticias\/2026\/02\/18\/sondagem-mostra-mais-americanos-veem-bad-bunny-como-representante-dos-eua-que-trump\/","og_site_name":"Portal Tela Portugal","article_published_time":"2026-02-18T15:32:23+00:00","author":"Telinha","twitter_card":"summary_large_image","twitter_misc":{"Escrito por":"Telinha","Tempo estimado de leitura":"1 minuto"},"schema":{"@context":"https:\/\/schema.org","@graph":[{"@type":"Article","@id":"https:\/\/portaltela.pt\/noticias\/2026\/02\/18\/sondagem-mostra-mais-americanos-veem-bad-bunny-como-representante-dos-eua-que-trump\/#article","isPartOf":{"@id":"https:\/\/portaltela.pt\/noticias\/2026\/02\/18\/sondagem-mostra-mais-americanos-veem-bad-bunny-como-representante-dos-eua-que-trump\/"},"author":{"name":"Telinha","@id":"https:\/\/portaltela.pt\/#\/schema\/person\/c4278d4a6028830caff9ee44b42d32ed"},"headline":"Sondagem mostra mais americanos veem Bad Bunny como representante dos EUA que Trump","datePublished":"2026-02-18T15:32:23+00:00","mainEntityOfPage":{"@id":"https:\/\/portaltela.pt\/noticias\/2026\/02\/18\/sondagem-mostra-mais-americanos-veem-bad-bunny-como-representante-dos-eua-que-trump\/"},"wordCount":280,"image":{"@id":"https:\/\/portaltela.pt\/noticias\/2026\/02\/18\/sondagem-mostra-mais-americanos-veem-bad-bunny-como-representante-dos-eua-que-trump\/#primaryimage"},"thumbnailUrl":"https:\/\/portaltela.pt\/s.01k8rhncp4jt1\/2026\/02\/1536x864_cmsv2_eb65b9cb-0d9e-5c2a-9f9c-b2f4a15023e5-9655959.jpg","keywords":["Bad Bunny","elei\u00e7\u00f5es","Estados Unidos","eventos internacionais","pol\u00edtica","presidente"],"articleSection":["Entretenimento","Not\u00edcias"],"inLanguage":"pt-PT"},{"@type":"WebPage","@id":"https:\/\/portaltela.pt\/noticias\/2026\/02\/18\/sondagem-mostra-mais-americanos-veem-bad-bunny-como-representante-dos-eua-que-trump\/","url":"https:\/\/portaltela.pt\/noticias\/2026\/02\/18\/sondagem-mostra-mais-americanos-veem-bad-bunny-como-representante-dos-eua-que-trump\/","name":"Sondagem mostra mais americanos veem Bad Bunny como representante dos EUA que Trump - Portal Tela Portugal","isPartOf":{"@id":"https:\/\/portaltela.pt\/#website"},"primaryImageOfPage":{"@id":"https:\/\/portaltela.pt\/noticias\/2026\/02\/18\/sondagem-mostra-mais-americanos-veem-bad-bunny-como-representante-dos-eua-que-trump\/#primaryimage"},"image":{"@id":"https:\/\/portaltela.pt\/noticias\/2026\/02\/18\/sondagem-mostra-mais-americanos-veem-bad-bunny-como-representante-dos-eua-que-trump\/#primaryimage"},"thumbnailUrl":"https:\/\/portaltela.pt\/s.01k8rhncp4jt1\/2026\/02\/1536x864_cmsv2_eb65b9cb-0d9e-5c2a-9f9c-b2f4a15023e5-9655959.jpg","datePublished":"2026-02-18T15:32:23+00:00","author":{"@id":"https:\/\/portaltela.pt\/#\/schema\/person\/c4278d4a6028830caff9ee44b42d32ed"},"breadcrumb":{"@id":"https:\/\/portaltela.pt\/noticias\/2026\/02\/18\/sondagem-mostra-mais-americanos-veem-bad-bunny-como-representante-dos-eua-que-trump\/#breadcrumb"},"inLanguage":"pt-PT","potentialAction":[{"@type":"ReadAction","target":["https:\/\/portaltela.pt\/noticias\/2026\/02\/18\/sondagem-mostra-mais-americanos-veem-bad-bunny-como-representante-dos-eua-que-trump\/"]}]},{"@type":"ImageObject","inLanguage":"pt-PT","@id":"https:\/\/portaltela.pt\/noticias\/2026\/02\/18\/sondagem-mostra-mais-americanos-veem-bad-bunny-como-representante-dos-eua-que-trump\/#primaryimage","url":"https:\/\/portaltela.pt\/s.01k8rhncp4jt1\/2026\/02\/1536x864_cmsv2_eb65b9cb-0d9e-5c2a-9f9c-b2f4a15023e5-9655959.jpg","contentUrl":"https:\/\/portaltela.pt\/s.01k8rhncp4jt1\/2026\/02\/1536x864_cmsv2_eb65b9cb-0d9e-5c2a-9f9c-b2f4a15023e5-9655959.jpg","width":796,"height":448,"caption":"Sondagem diz que mais americanos acreditam que Bad Bunny \"representa melhor\" os EUA do que Donald Trump"},{"@type":"BreadcrumbList","@id":"https:\/\/portaltela.pt\/noticias\/2026\/02\/18\/sondagem-mostra-mais-americanos-veem-bad-bunny-como-representante-dos-eua-que-trump\/#breadcrumb","itemListElement":[{"@type":"ListItem","position":1,"name":"In\u00edcio","item":"https:\/\/portaltela.pt\/"},{"@type":"ListItem","position":2,"name":"Sondagem mostra mais americanos veem Bad Bunny como representante dos EUA que Trump"}]},{"@type":"WebSite","@id":"https:\/\/portaltela.pt\/#website","url":"https:\/\/portaltela.pt\/","name":"Portal Tela Portugal","description":"","potentialAction":[{"@type":"SearchAction","target":{"@type":"EntryPoint","urlTemplate":"https:\/\/portaltela.pt\/?s={search_term_string}"},"query-input":{"@type":"PropertyValueSpecification","valueRequired":true,"valueName":"search_term_string"}}],"inLanguage":"pt-PT"},{"@type":"Person","@id":"https:\/\/portaltela.pt\/#\/schema\/person\/c4278d4a6028830caff9ee44b42d32ed","name":"Telinha","image":{"@type":"ImageObject","inLanguage":"pt-PT","@id":"https:\/\/portaltela.pt\/s.01k8rhncp4jt1\/2025\/11\/talking-bot-125x125.png","url":"https:\/\/portaltela.pt\/s.01k8rhncp4jt1\/2025\/11\/talking-bot-125x125.png","contentUrl":"https:\/\/portaltela.pt\/s.01k8rhncp4jt1\/2025\/11\/talking-bot-125x125.png","caption":"Telinha"},"sameAs":["https:\/\/portaltela.pt\/"],"url":"https:\/\/portaltela.pt\/por\/367410592786\/"}]}},"_links":{"self":[{"href":"https:\/\/portaltela.pt\/api\/wp\/v2\/posts\/216109","targetHints":{"allow":["GET"]}}],"collection":[{"href":"https:\/\/portaltela.pt\/api\/wp\/v2\/posts"}],"about":[{"href":"https:\/\/portaltela.pt\/api\/wp\/v2\/types\/post"}],"author":[{"embeddable":true,"href":"https:\/\/portaltela.pt\/api\/wp\/v2\/users\/2"}],"replies":[{"embeddable":true,"href":"https:\/\/portaltela.pt\/api\/wp\/v2\/comments?post=216109"}],"version-history":[{"count":0,"href":"https:\/\/portaltela.pt\/api\/wp\/v2\/posts\/216109\/revisions"}],"wp:featuredmedia":[{"embeddable":true,"href":"https:\/\/portaltela.pt\/api\/wp\/v2\/media\/216112"}],"wp:attachment":[{"href":"https:\/\/portaltela.pt\/api\/wp\/v2\/media?parent=216109"}],"wp:term":[{"taxonomy":"category","embeddable":true,"href":"https:\/\/portaltela.pt\/api\/wp\/v2\/categories?post=216109"},{"taxonomy":"post_tag","embeddable":true,"href":"https:\/\/portaltela.pt\/api\/wp\/v2\/tags?post=216109"}],"curies":[{"name":"wp","href":"https:\/\/api.w.org\/{rel}","templated":true}]}}