{"id":216087,"date":"2026-02-18T12:20:37","date_gmt":"2026-02-18T15:20:37","guid":{"rendered":"https:\/\/portaltela.pt\/noticias\/2026\/02\/18\/misericordia-de-macau-doa-300-mil-euros-as-congeneres-portuguesas-afetadas\/"},"modified":"2026-02-18T12:20:37","modified_gmt":"2026-02-18T15:20:37","slug":"misericordia-de-macau-doa-300-mil-euros-as-congeneres-portuguesas-afetadas","status":"publish","type":"post","link":"https:\/\/portaltela.pt\/noticias\/2026\/02\/18\/misericordia-de-macau-doa-300-mil-euros-as-congeneres-portuguesas-afetadas\/","title":{"rendered":"Miseric\u00f3rdia de Macau doa 300 mil euros \u00e0s cong\u00e9neres portuguesas afetadas"},"content":{"rendered":"<p>A Miseric\u00f3rdia de Macau fez um donativo de 300 mil euros \u00e0 Uni\u00e3o das Miseric\u00f3rdias Portuguesas (UMP) para apoiar as cong\u00e9neres afetadas pela depress\u00e3o Kristin. O apoio destina-se a comunidades assistidas pela rede das Santas Casas em territ\u00f3rio nacional.<\/p>\n<p>A UMP confirmou \u00e0 Lusa que ainda est\u00e1 a realizar o levantamento dos danos entre as Santas Casas, e que j\u00e1 h\u00e1 mais de 40 institui\u00e7\u00f5es com preju\u00edzos significativos. Os estragos afectam equipamentos sociais, unidades de cuidados continuados, monumentos classificados e edifica\u00e7\u00f5es em geral.<\/p>\n<p>Os preju\u00edzos concentram-se principalmente no distrito de Leiria, na zona norte de Santar\u00e9m, e noutras miseric\u00f3rdias de Alc\u00e1cer do Sal, Coimbra e Portalegre, bem como em diversas institui\u00e7\u00f5es do interior. O montante total ainda n\u00e3o est\u00e1 apurado.<\/p>\n<h3>Donativo enquadrado pela solidariedade entre Miseric\u00f3rdias<\/h3>\n<p>A UMP informou que o donativo de Macau ser\u00e1 integrado num regulamento a ser elaborado pela secretariado nacional em parceria com provedores de miseric\u00f3rdias de regi\u00f5es n\u00e3o afetadas. O presidente da UMP, Manuel de Lemos, descreveu o gesto como um sinal de uni\u00e3o e compromisso com a miss\u00e3o social.<\/p>\n<p>A Miseric\u00f3rdia de Macau mant\u00e9m uma rela\u00e7\u00e3o pr\u00f3xima com as miseric\u00f3rdias portuguesas, j\u00e1 tendo contribu\u00eddo anteriormente. Em 2017, destinou 200 mil euros aos inc\u00eandios no Centro, e durante a pandemia enviou um milh\u00e3o de m\u00e1scaras de prote\u00e7\u00e3o.<\/p>\n<p>Dezenove regi\u00f5es foram duramente afetadas pelas depress\u00f5es Kristin, Leonardo e Marta, com centenas de feridos e desalojados. As consequ\u00eancias incluiu destrui\u00e7\u00e3o de casas, perdas econ\u00f3micas, cortes de energia, \u00e1gua e transportes.<\/p>\n<p>A situa\u00e7\u00e3o de calamidade que abrangia 68 concelhos terminou no passado domingo, conforme as autoridades. As regi\u00f5es Centro, Lisboa e Vale do Tejo e Alentejo registaram os mayores impactos.<\/p>\n","protected":false},"excerpt":{"rendered":"<ul>\n<li>A Miseric\u00f3rdia de Macau doar 300 mil euros \u00e0 Uni\u00e3o das Miseric\u00f3rdias Portuguesas para apoiar cong\u00e9neres afetadas pela depress\u00e3o Kristin.<\/li>\n<li>A UMP est\u00e1 a levantar o n\u00famero de Santas Casas com danos; j\u00e1 h\u00e1 mais de 40 miseric\u00f3rdias com preju\u00edzos significativos.<\/li>\n<li>Os danos incluem equipamento da \u00e1rea social, da sa\u00fade, monumentos classificados e edificado; os maiores preju\u00edzos concentram-se em Leiria, norte de Santar\u00e9m, Alc\u00e1cer do Sal, Coimbra, Portalegre e interior.<\/li>\n<li>O valor total dos preju\u00edzos ainda n\u00e3o est\u00e1 apurado; o donativo ser\u00e1 enquadrado por regulamento elaborado pela UMP em parceria com provedores de regi\u00f5es n\u00e3o afetadas.<\/li>\n<li>A Miseric\u00f3rdia de Macau tem hist\u00f3rico de solidariedade com Portugal, incluindo 2017 contribui\u00e7\u00e3o de 200 mil euros e envio de um milh\u00e3o de m\u00e1scaras durante a pandemia.<\/li>\n<\/ul>\n","protected":false},"author":2,"featured_media":216096,"comment_status":"closed","ping_status":"closed","sticky":false,"template":"","format":"standard","meta":{"footnotes":""},"categories":[1],"tags":[6065,4687,1385,4071,2757],"class_list":["post-216087","post","type-post","status-publish","format-standard","has-post-thumbnail","hentry","category-noticias","tag-a-misericordia","tag-calamidade-publica","tag-leiria","tag-solidariedade-social","tag-uniao-das-misericordias-portuguesas"],"yoast_head":"<!-- This site is optimized with the Yoast SEO plugin v27.2 - https:\/\/yoast.com\/product\/yoast-seo-wordpress\/ -->\n<title>Miseric\u00f3rdia de Macau doa 300 mil euros \u00e0s cong\u00e9neres portuguesas afetadas - Portal Tela Portugal<\/title>\n<meta name=\"robots\" content=\"index, follow, max-snippet:-1, max-image-preview:large, max-video-preview:-1\" \/>\n<meta property=\"og:locale\" content=\"pt_PT\" \/>\n<meta property=\"og:type\" content=\"article\" \/>\n<meta property=\"og:title\" content=\"Miseric\u00f3rdia de Macau doa 300 mil euros \u00e0s cong\u00e9neres portuguesas afetadas - Portal Tela Portugal\" \/>\n<meta property=\"og:description\" content=\"A Miseric\u00f3rdia de Macau doar 300 mil euros \u00e0 Uni\u00e3o das Miseric\u00f3rdias Portuguesas para apoiar cong\u00e9neres afetadas pela depress\u00e3o Kristin. A UMP est\u00e1 a levantar o n\u00famero de Santas Casas com danos; j\u00e1 h\u00e1 mais de 40 miseric\u00f3rdias com preju\u00edzos significativos. Os danos incluem equipamento da \u00e1rea social, da sa\u00fade, monumentos classificados e edificado; os maiores preju\u00edzos concentram-se em Leiria, norte de Santar\u00e9m, Alc\u00e1cer do Sal, Coimbra, Portalegre e interior. O valor total dos preju\u00edzos ainda n\u00e3o est\u00e1 apurado; o donativo ser\u00e1 enquadrado por regulamento elaborado pela UMP em parceria com provedores de regi\u00f5es n\u00e3o afetadas. A Miseric\u00f3rdia de Macau tem hist\u00f3rico de solidariedade com Portugal, incluindo 2017 contribui\u00e7\u00e3o de 200 mil euros e envio de um milh\u00e3o de m\u00e1scaras durante a pandemia.\" \/>\n<meta property=\"og:url\" content=\"https:\/\/portaltela.pt\/noticias\/2026\/02\/18\/misericordia-de-macau-doa-300-mil-euros-as-congeneres-portuguesas-afetadas\/\" \/>\n<meta property=\"og:site_name\" content=\"Portal Tela Portugal\" \/>\n<meta property=\"article:published_time\" content=\"2026-02-18T15:20:37+00:00\" \/>\n<meta name=\"author\" content=\"Telinha\" \/>\n<meta name=\"twitter:card\" content=\"summary_large_image\" \/>\n<meta name=\"twitter:label1\" content=\"Escrito por\" \/>\n\t<meta name=\"twitter:data1\" content=\"Telinha\" \/>\n\t<meta name=\"twitter:label2\" content=\"Tempo estimado de leitura\" \/>\n\t<meta name=\"twitter:data2\" content=\"2 minutos\" \/>\n<script type=\"application\/ld+json\" class=\"yoast-schema-graph\">{\"@context\":\"https:\/\/schema.org\",\"@graph\":[{\"@type\":\"Article\",\"@id\":\"https:\/\/portaltela.pt\/noticias\/2026\/02\/18\/misericordia-de-macau-doa-300-mil-euros-as-congeneres-portuguesas-afetadas\/#article\",\"isPartOf\":{\"@id\":\"https:\/\/portaltela.pt\/noticias\/2026\/02\/18\/misericordia-de-macau-doa-300-mil-euros-as-congeneres-portuguesas-afetadas\/\"},\"author\":{\"name\":\"Telinha\",\"@id\":\"https:\/\/portaltela.pt\/#\/schema\/person\/c4278d4a6028830caff9ee44b42d32ed\"},\"headline\":\"Miseric\u00f3rdia de Macau doa 300 mil euros \u00e0s cong\u00e9neres portuguesas afetadas\",\"datePublished\":\"2026-02-18T15:20:37+00:00\",\"mainEntityOfPage\":{\"@id\":\"https:\/\/portaltela.pt\/noticias\/2026\/02\/18\/misericordia-de-macau-doa-300-mil-euros-as-congeneres-portuguesas-afetadas\/\"},\"wordCount\":315,\"image\":{\"@id\":\"https:\/\/portaltela.pt\/noticias\/2026\/02\/18\/misericordia-de-macau-doa-300-mil-euros-as-congeneres-portuguesas-afetadas\/#primaryimage\"},\"thumbnailUrl\":\"https:\/\/portaltela.pt\/s.01k8rhncp4jt1\/2026\/02\/img_1500x1000uu2025-07-27-21-24-30-2225520.jpg\",\"keywords\":[\"A Miseric\u00f3rdia\",\"calamidade p\u00fablica\",\"Leiria\",\"Solidariedade Social\",\"Uni\u00e3o das Miseric\u00f3rdias Portuguesas\"],\"articleSection\":[\"Not\u00edcias\"],\"inLanguage\":\"pt-PT\"},{\"@type\":\"WebPage\",\"@id\":\"https:\/\/portaltela.pt\/noticias\/2026\/02\/18\/misericordia-de-macau-doa-300-mil-euros-as-congeneres-portuguesas-afetadas\/\",\"url\":\"https:\/\/portaltela.pt\/noticias\/2026\/02\/18\/misericordia-de-macau-doa-300-mil-euros-as-congeneres-portuguesas-afetadas\/\",\"name\":\"Miseric\u00f3rdia de Macau doa 300 mil euros \u00e0s cong\u00e9neres portuguesas afetadas - Portal Tela Portugal\",\"isPartOf\":{\"@id\":\"https:\/\/portaltela.pt\/#website\"},\"primaryImageOfPage\":{\"@id\":\"https:\/\/portaltela.pt\/noticias\/2026\/02\/18\/misericordia-de-macau-doa-300-mil-euros-as-congeneres-portuguesas-afetadas\/#primaryimage\"},\"image\":{\"@id\":\"https:\/\/portaltela.pt\/noticias\/2026\/02\/18\/misericordia-de-macau-doa-300-mil-euros-as-congeneres-portuguesas-afetadas\/#primaryimage\"},\"thumbnailUrl\":\"https:\/\/portaltela.pt\/s.01k8rhncp4jt1\/2026\/02\/img_1500x1000uu2025-07-27-21-24-30-2225520.jpg\",\"datePublished\":\"2026-02-18T15:20:37+00:00\",\"author\":{\"@id\":\"https:\/\/portaltela.pt\/#\/schema\/person\/c4278d4a6028830caff9ee44b42d32ed\"},\"breadcrumb\":{\"@id\":\"https:\/\/portaltela.pt\/noticias\/2026\/02\/18\/misericordia-de-macau-doa-300-mil-euros-as-congeneres-portuguesas-afetadas\/#breadcrumb\"},\"inLanguage\":\"pt-PT\",\"potentialAction\":[{\"@type\":\"ReadAction\",\"target\":[\"https:\/\/portaltela.pt\/noticias\/2026\/02\/18\/misericordia-de-macau-doa-300-mil-euros-as-congeneres-portuguesas-afetadas\/\"]}]},{\"@type\":\"ImageObject\",\"inLanguage\":\"pt-PT\",\"@id\":\"https:\/\/portaltela.pt\/noticias\/2026\/02\/18\/misericordia-de-macau-doa-300-mil-euros-as-congeneres-portuguesas-afetadas\/#primaryimage\",\"url\":\"https:\/\/portaltela.pt\/s.01k8rhncp4jt1\/2026\/02\/img_1500x1000uu2025-07-27-21-24-30-2225520.jpg\",\"contentUrl\":\"https:\/\/portaltela.pt\/s.01k8rhncp4jt1\/2026\/02\/img_1500x1000uu2025-07-27-21-24-30-2225520.jpg\",\"width\":796,\"height\":448,\"caption\":\"Santa Casa da Miseric\u00f3rdia de Mangualde\"},{\"@type\":\"BreadcrumbList\",\"@id\":\"https:\/\/portaltela.pt\/noticias\/2026\/02\/18\/misericordia-de-macau-doa-300-mil-euros-as-congeneres-portuguesas-afetadas\/#breadcrumb\",\"itemListElement\":[{\"@type\":\"ListItem\",\"position\":1,\"name\":\"In\u00edcio\",\"item\":\"https:\/\/portaltela.pt\/\"},{\"@type\":\"ListItem\",\"position\":2,\"name\":\"Miseric\u00f3rdia de Macau doa 300 mil euros \u00e0s cong\u00e9neres portuguesas afetadas\"}]},{\"@type\":\"WebSite\",\"@id\":\"https:\/\/portaltela.pt\/#website\",\"url\":\"https:\/\/portaltela.pt\/\",\"name\":\"Portal Tela Portugal\",\"description\":\"\",\"potentialAction\":[{\"@type\":\"SearchAction\",\"target\":{\"@type\":\"EntryPoint\",\"urlTemplate\":\"https:\/\/portaltela.pt\/?s={search_term_string}\"},\"query-input\":{\"@type\":\"PropertyValueSpecification\",\"valueRequired\":true,\"valueName\":\"search_term_string\"}}],\"inLanguage\":\"pt-PT\"},{\"@type\":\"Person\",\"@id\":\"https:\/\/portaltela.pt\/#\/schema\/person\/c4278d4a6028830caff9ee44b42d32ed\",\"name\":\"Telinha\",\"image\":{\"@type\":\"ImageObject\",\"inLanguage\":\"pt-PT\",\"@id\":\"https:\/\/portaltela.pt\/s.01k8rhncp4jt1\/2025\/11\/talking-bot-125x125.png\",\"url\":\"https:\/\/portaltela.pt\/s.01k8rhncp4jt1\/2025\/11\/talking-bot-125x125.png\",\"contentUrl\":\"https:\/\/portaltela.pt\/s.01k8rhncp4jt1\/2025\/11\/talking-bot-125x125.png\",\"caption\":\"Telinha\"},\"sameAs\":[\"https:\/\/portaltela.pt\/\"],\"url\":\"https:\/\/portaltela.pt\/por\/367410592786\/\"}]}<\/script>\n<!-- \/ Yoast SEO plugin. -->","yoast_head_json":{"title":"Miseric\u00f3rdia de Macau doa 300 mil euros \u00e0s cong\u00e9neres portuguesas afetadas - Portal Tela Portugal","robots":{"index":"index","follow":"follow","max-snippet":"max-snippet:-1","max-image-preview":"max-image-preview:large","max-video-preview":"max-video-preview:-1"},"og_locale":"pt_PT","og_type":"article","og_title":"Miseric\u00f3rdia de Macau doa 300 mil euros \u00e0s cong\u00e9neres portuguesas afetadas - Portal Tela Portugal","og_description":"A Miseric\u00f3rdia de Macau doar 300 mil euros \u00e0 Uni\u00e3o das Miseric\u00f3rdias Portuguesas para apoiar cong\u00e9neres afetadas pela depress\u00e3o Kristin. A UMP est\u00e1 a levantar o n\u00famero de Santas Casas com danos; j\u00e1 h\u00e1 mais de 40 miseric\u00f3rdias com preju\u00edzos significativos. Os danos incluem equipamento da \u00e1rea social, da sa\u00fade, monumentos classificados e edificado; os maiores preju\u00edzos concentram-se em Leiria, norte de Santar\u00e9m, Alc\u00e1cer do Sal, Coimbra, Portalegre e interior. O valor total dos preju\u00edzos ainda n\u00e3o est\u00e1 apurado; o donativo ser\u00e1 enquadrado por regulamento elaborado pela UMP em parceria com provedores de regi\u00f5es n\u00e3o afetadas. A Miseric\u00f3rdia de Macau tem hist\u00f3rico de solidariedade com Portugal, incluindo 2017 contribui\u00e7\u00e3o de 200 mil euros e envio de um milh\u00e3o de m\u00e1scaras durante a pandemia.","og_url":"https:\/\/portaltela.pt\/noticias\/2026\/02\/18\/misericordia-de-macau-doa-300-mil-euros-as-congeneres-portuguesas-afetadas\/","og_site_name":"Portal Tela Portugal","article_published_time":"2026-02-18T15:20:37+00:00","author":"Telinha","twitter_card":"summary_large_image","twitter_misc":{"Escrito por":"Telinha","Tempo estimado de leitura":"2 minutos"},"schema":{"@context":"https:\/\/schema.org","@graph":[{"@type":"Article","@id":"https:\/\/portaltela.pt\/noticias\/2026\/02\/18\/misericordia-de-macau-doa-300-mil-euros-as-congeneres-portuguesas-afetadas\/#article","isPartOf":{"@id":"https:\/\/portaltela.pt\/noticias\/2026\/02\/18\/misericordia-de-macau-doa-300-mil-euros-as-congeneres-portuguesas-afetadas\/"},"author":{"name":"Telinha","@id":"https:\/\/portaltela.pt\/#\/schema\/person\/c4278d4a6028830caff9ee44b42d32ed"},"headline":"Miseric\u00f3rdia de Macau doa 300 mil euros \u00e0s cong\u00e9neres portuguesas afetadas","datePublished":"2026-02-18T15:20:37+00:00","mainEntityOfPage":{"@id":"https:\/\/portaltela.pt\/noticias\/2026\/02\/18\/misericordia-de-macau-doa-300-mil-euros-as-congeneres-portuguesas-afetadas\/"},"wordCount":315,"image":{"@id":"https:\/\/portaltela.pt\/noticias\/2026\/02\/18\/misericordia-de-macau-doa-300-mil-euros-as-congeneres-portuguesas-afetadas\/#primaryimage"},"thumbnailUrl":"https:\/\/portaltela.pt\/s.01k8rhncp4jt1\/2026\/02\/img_1500x1000uu2025-07-27-21-24-30-2225520.jpg","keywords":["A Miseric\u00f3rdia","calamidade p\u00fablica","Leiria","Solidariedade Social","Uni\u00e3o das Miseric\u00f3rdias Portuguesas"],"articleSection":["Not\u00edcias"],"inLanguage":"pt-PT"},{"@type":"WebPage","@id":"https:\/\/portaltela.pt\/noticias\/2026\/02\/18\/misericordia-de-macau-doa-300-mil-euros-as-congeneres-portuguesas-afetadas\/","url":"https:\/\/portaltela.pt\/noticias\/2026\/02\/18\/misericordia-de-macau-doa-300-mil-euros-as-congeneres-portuguesas-afetadas\/","name":"Miseric\u00f3rdia de Macau doa 300 mil euros \u00e0s cong\u00e9neres portuguesas afetadas - Portal Tela Portugal","isPartOf":{"@id":"https:\/\/portaltela.pt\/#website"},"primaryImageOfPage":{"@id":"https:\/\/portaltela.pt\/noticias\/2026\/02\/18\/misericordia-de-macau-doa-300-mil-euros-as-congeneres-portuguesas-afetadas\/#primaryimage"},"image":{"@id":"https:\/\/portaltela.pt\/noticias\/2026\/02\/18\/misericordia-de-macau-doa-300-mil-euros-as-congeneres-portuguesas-afetadas\/#primaryimage"},"thumbnailUrl":"https:\/\/portaltela.pt\/s.01k8rhncp4jt1\/2026\/02\/img_1500x1000uu2025-07-27-21-24-30-2225520.jpg","datePublished":"2026-02-18T15:20:37+00:00","author":{"@id":"https:\/\/portaltela.pt\/#\/schema\/person\/c4278d4a6028830caff9ee44b42d32ed"},"breadcrumb":{"@id":"https:\/\/portaltela.pt\/noticias\/2026\/02\/18\/misericordia-de-macau-doa-300-mil-euros-as-congeneres-portuguesas-afetadas\/#breadcrumb"},"inLanguage":"pt-PT","potentialAction":[{"@type":"ReadAction","target":["https:\/\/portaltela.pt\/noticias\/2026\/02\/18\/misericordia-de-macau-doa-300-mil-euros-as-congeneres-portuguesas-afetadas\/"]}]},{"@type":"ImageObject","inLanguage":"pt-PT","@id":"https:\/\/portaltela.pt\/noticias\/2026\/02\/18\/misericordia-de-macau-doa-300-mil-euros-as-congeneres-portuguesas-afetadas\/#primaryimage","url":"https:\/\/portaltela.pt\/s.01k8rhncp4jt1\/2026\/02\/img_1500x1000uu2025-07-27-21-24-30-2225520.jpg","contentUrl":"https:\/\/portaltela.pt\/s.01k8rhncp4jt1\/2026\/02\/img_1500x1000uu2025-07-27-21-24-30-2225520.jpg","width":796,"height":448,"caption":"Santa Casa da Miseric\u00f3rdia de Mangualde"},{"@type":"BreadcrumbList","@id":"https:\/\/portaltela.pt\/noticias\/2026\/02\/18\/misericordia-de-macau-doa-300-mil-euros-as-congeneres-portuguesas-afetadas\/#breadcrumb","itemListElement":[{"@type":"ListItem","position":1,"name":"In\u00edcio","item":"https:\/\/portaltela.pt\/"},{"@type":"ListItem","position":2,"name":"Miseric\u00f3rdia de Macau doa 300 mil euros \u00e0s cong\u00e9neres portuguesas afetadas"}]},{"@type":"WebSite","@id":"https:\/\/portaltela.pt\/#website","url":"https:\/\/portaltela.pt\/","name":"Portal Tela Portugal","description":"","potentialAction":[{"@type":"SearchAction","target":{"@type":"EntryPoint","urlTemplate":"https:\/\/portaltela.pt\/?s={search_term_string}"},"query-input":{"@type":"PropertyValueSpecification","valueRequired":true,"valueName":"search_term_string"}}],"inLanguage":"pt-PT"},{"@type":"Person","@id":"https:\/\/portaltela.pt\/#\/schema\/person\/c4278d4a6028830caff9ee44b42d32ed","name":"Telinha","image":{"@type":"ImageObject","inLanguage":"pt-PT","@id":"https:\/\/portaltela.pt\/s.01k8rhncp4jt1\/2025\/11\/talking-bot-125x125.png","url":"https:\/\/portaltela.pt\/s.01k8rhncp4jt1\/2025\/11\/talking-bot-125x125.png","contentUrl":"https:\/\/portaltela.pt\/s.01k8rhncp4jt1\/2025\/11\/talking-bot-125x125.png","caption":"Telinha"},"sameAs":["https:\/\/portaltela.pt\/"],"url":"https:\/\/portaltela.pt\/por\/367410592786\/"}]}},"_links":{"self":[{"href":"https:\/\/portaltela.pt\/api\/wp\/v2\/posts\/216087","targetHints":{"allow":["GET"]}}],"collection":[{"href":"https:\/\/portaltela.pt\/api\/wp\/v2\/posts"}],"about":[{"href":"https:\/\/portaltela.pt\/api\/wp\/v2\/types\/post"}],"author":[{"embeddable":true,"href":"https:\/\/portaltela.pt\/api\/wp\/v2\/users\/2"}],"replies":[{"embeddable":true,"href":"https:\/\/portaltela.pt\/api\/wp\/v2\/comments?post=216087"}],"version-history":[{"count":0,"href":"https:\/\/portaltela.pt\/api\/wp\/v2\/posts\/216087\/revisions"}],"wp:featuredmedia":[{"embeddable":true,"href":"https:\/\/portaltela.pt\/api\/wp\/v2\/media\/216096"}],"wp:attachment":[{"href":"https:\/\/portaltela.pt\/api\/wp\/v2\/media?parent=216087"}],"wp:term":[{"taxonomy":"category","embeddable":true,"href":"https:\/\/portaltela.pt\/api\/wp\/v2\/categories?post=216087"},{"taxonomy":"post_tag","embeddable":true,"href":"https:\/\/portaltela.pt\/api\/wp\/v2\/tags?post=216087"}],"curies":[{"name":"wp","href":"https:\/\/api.w.org\/{rel}","templated":true}]}}