{"id":216062,"date":"2026-02-18T12:07:53","date_gmt":"2026-02-18T15:07:53","guid":{"rendered":"https:\/\/portaltela.pt\/noticias\/2026\/02\/18\/tempestades-provocam-erosao-costeira-acentuada-no-algarve\/"},"modified":"2026-02-18T12:07:53","modified_gmt":"2026-02-18T15:07:53","slug":"tempestades-provocam-erosao-costeira-acentuada-no-algarve","status":"publish","type":"post","link":"https:\/\/portaltela.pt\/noticias\/2026\/02\/18\/tempestades-provocam-erosao-costeira-acentuada-no-algarve\/","title":{"rendered":"Tempestades provocam eros\u00e3o costeira acentuada no Algarve"},"content":{"rendered":"<p>As tempestades recentes originaram uma eros\u00e3o costeira acentuada no Algarve, com perdas significativas de areia, recuo da linha de costa e quedas de arribas. O aviso foi feito pelo investigador \u00d3scar Ferreira, a dizer que a din\u00e2mica do mau tempo comprometeu v\u00e1rias praias da regi\u00e3o.<\/p>\n<p>Ferreira, especialista do Centro de Investiga\u00e7\u00e3o Marinha e Ambiental da Universidade do Algarve, refere que a sucess\u00e3o de epis\u00f3dios de mau tempo originou perdas de sedimentos e exp\u00f4s arribas \u00e0 a\u00e7\u00e3o direta do mar, promovendo movimentos de massa em v\u00e1rias zonas do litoral.<\/p>\n<p>O estudo aponta, em particular, o tro\u00e7o entre Quarteira e Vale do Lobo, na zona de Forte Novo, em Loul\u00e9, onde o recuo da linha de costa foi considerado muito significativo e com movimentos de massa relevantes.<\/p>\n<h3>Medidas de mitiga\u00e7\u00e3o<\/h3>\n<p>O especialista considera a situa\u00e7\u00e3o epis\u00f3dica, associada ao mau tempo, mas alerta para impactos duradouros em trechos com recuo cont\u00ednuo e irrevers\u00edvel sem interven\u00e7\u00e3o humana. A recupera\u00e7\u00e3o natural \u00e9 poss\u00edvel em muitos trechos nos pr\u00f3ximos meses.<\/p>\n<p>Entre as medidas recomendadas, destaca a reposi\u00e7\u00e3o de areias para aumentar a capacidade balnear e reduzir riscos para pessoas e bens. Em zonas rochosas, como entre Olhos de \u00c1gua e Lagos, enfatiza-se monitoriza\u00e7\u00e3o e a\u00e7\u00f5es preventivas contra arribas com risco iminente.<\/p>\n<h3>Monitoriza\u00e7\u00e3o e planeamento<\/h3>\n<p>A dura\u00e7\u00e3o da interven\u00e7\u00e3o com sedimentos varia conforme o local, exigindo novas a\u00e7\u00f5es ao fim de cada per\u00edodo de reposi\u00e7\u00e3o. O refor\u00e7o de dunas, a alimenta\u00e7\u00e3o artificial de praias e a revis\u00e3o do ordenamento do territ\u00f3rio s\u00e3o considerados necess\u00e1rios para zonas vulner\u00e1veis.<\/p>\n<p>Ferreira defende uma abordagem integrada, com coopera\u00e7\u00e3o entre entidades p\u00fablicas, comunidade cient\u00edfica e popula\u00e7\u00e3o local. Sem dados atualizados, as medidas podem revelar-se ineficazes ou de curto alcance.<\/p>\n","protected":false},"excerpt":{"rendered":"<ul>\n<li>As tempestades provocaram eros\u00e3o costeira acentuada no Algarve, com perdas significativas de sedimentos, recuo da linha de costa e quedas de arribas.<\/li>\n<li>O recuo mais relevante ocorreu entre Quarteira e Vale do Lobo, na zona de Forte Novo, em Loul\u00e9, com movimentos de massa consider\u00e1veis.<\/li>\n<li>O especialista \u00d3scar Ferreira, da Universidade do Algarve, considera a situa\u00e7\u00e3o epis\u00f3dica, associada a v\u00e1rias tempestades, mas com impactos duradouros onde o recuo \u00e9 cont\u00ednuo sem interven\u00e7\u00e3o humana.<\/li>\n<li>As praias devem recuperar-se naturalmente nos pr\u00f3ximos meses, mas, em tro\u00e7os como Quarteira e Forte Novo, o recuo pode n\u00e3o regressar sem interven\u00e7\u00e3o artificial. A reposi\u00e7\u00e3o de areias \u00e9 sugerida para manter capacidade balnear e reduzir riscos.<\/li>\n<li>Para a costa rochosa entre Olhos de \u00c1gua e Lagos, defende-se refor\u00e7ar monitoriza\u00e7\u00e3o e intervir onde houver risco iminente para arribas; a coopera\u00e7\u00e3o entre entidades, ci\u00eancia e comunidades \u00e9 crucial para decis\u00f5es futuras.<\/li>\n<\/ul>\n","protected":false},"author":2,"featured_media":216064,"comment_status":"closed","ping_status":"closed","sticky":false,"template":"","format":"standard","meta":{"footnotes":""},"categories":[1],"tags":[928,167,4880,215,1506,811],"class_list":["post-216062","post","type-post","status-publish","format-standard","has-post-thumbnail","hentry","category-noticias","tag-algarve","tag-ambiente","tag-conservacao-ambiental","tag-investigacao","tag-ordenamento-do-territorio","tag-protecao-ambiental"],"yoast_head":"<!-- This site is optimized with the Yoast SEO plugin v27.2 - https:\/\/yoast.com\/product\/yoast-seo-wordpress\/ -->\n<title>Tempestades provocam eros\u00e3o costeira acentuada no Algarve - Portal Tela Portugal<\/title>\n<meta name=\"robots\" content=\"index, follow, max-snippet:-1, max-image-preview:large, max-video-preview:-1\" \/>\n<meta property=\"og:locale\" content=\"pt_PT\" \/>\n<meta property=\"og:type\" content=\"article\" \/>\n<meta property=\"og:title\" content=\"Tempestades provocam eros\u00e3o costeira acentuada no Algarve - Portal Tela Portugal\" \/>\n<meta property=\"og:description\" content=\"As tempestades provocaram eros\u00e3o costeira acentuada no Algarve, com perdas significativas de sedimentos, recuo da linha de costa e quedas de arribas. O recuo mais relevante ocorreu entre Quarteira e Vale do Lobo, na zona de Forte Novo, em Loul\u00e9, com movimentos de massa consider\u00e1veis. O especialista \u00d3scar Ferreira, da Universidade do Algarve, considera a situa\u00e7\u00e3o epis\u00f3dica, associada a v\u00e1rias tempestades, mas com impactos duradouros onde o recuo \u00e9 cont\u00ednuo sem interven\u00e7\u00e3o humana. As praias devem recuperar-se naturalmente nos pr\u00f3ximos meses, mas, em tro\u00e7os como Quarteira e Forte Novo, o recuo pode n\u00e3o regressar sem interven\u00e7\u00e3o artificial. A reposi\u00e7\u00e3o de areias \u00e9 sugerida para manter capacidade balnear e reduzir riscos. Para a costa rochosa entre Olhos de \u00c1gua e Lagos, defende-se refor\u00e7ar monitoriza\u00e7\u00e3o e intervir onde houver risco iminente para arribas; a coopera\u00e7\u00e3o entre entidades, ci\u00eancia e comunidades \u00e9 crucial para decis\u00f5es futuras.\" \/>\n<meta property=\"og:url\" content=\"https:\/\/portaltela.pt\/noticias\/2026\/02\/18\/tempestades-provocam-erosao-costeira-acentuada-no-algarve\/\" \/>\n<meta property=\"og:site_name\" content=\"Portal Tela Portugal\" \/>\n<meta property=\"article:published_time\" content=\"2026-02-18T15:07:53+00:00\" \/>\n<meta name=\"author\" content=\"Telinha\" \/>\n<meta name=\"twitter:card\" content=\"summary_large_image\" \/>\n<meta name=\"twitter:label1\" content=\"Escrito por\" \/>\n\t<meta name=\"twitter:data1\" content=\"Telinha\" \/>\n\t<meta name=\"twitter:label2\" content=\"Tempo estimado de leitura\" \/>\n\t<meta name=\"twitter:data2\" content=\"2 minutos\" \/>\n<script type=\"application\/ld+json\" class=\"yoast-schema-graph\">{\"@context\":\"https:\/\/schema.org\",\"@graph\":[{\"@type\":\"Article\",\"@id\":\"https:\/\/portaltela.pt\/noticias\/2026\/02\/18\/tempestades-provocam-erosao-costeira-acentuada-no-algarve\/#article\",\"isPartOf\":{\"@id\":\"https:\/\/portaltela.pt\/noticias\/2026\/02\/18\/tempestades-provocam-erosao-costeira-acentuada-no-algarve\/\"},\"author\":{\"name\":\"Telinha\",\"@id\":\"https:\/\/portaltela.pt\/#\/schema\/person\/c4278d4a6028830caff9ee44b42d32ed\"},\"headline\":\"Tempestades provocam eros\u00e3o costeira acentuada no Algarve\",\"datePublished\":\"2026-02-18T15:07:53+00:00\",\"mainEntityOfPage\":{\"@id\":\"https:\/\/portaltela.pt\/noticias\/2026\/02\/18\/tempestades-provocam-erosao-costeira-acentuada-no-algarve\/\"},\"wordCount\":323,\"image\":{\"@id\":\"https:\/\/portaltela.pt\/noticias\/2026\/02\/18\/tempestades-provocam-erosao-costeira-acentuada-no-algarve\/#primaryimage\"},\"thumbnailUrl\":\"https:\/\/portaltela.pt\/s.01k8rhncp4jt1\/2026\/02\/img_1500x1000uu2026-02-17-15-40-05-2267353.jpg\",\"keywords\":[\"Algarve\",\"ambiente\",\"conserva\u00e7\u00e3o ambiental\",\"investiga\u00e7\u00e3o\",\"ordenamento do territ\u00f3rio\",\"prote\u00e7\u00e3o ambiental\"],\"articleSection\":[\"Not\u00edcias\"],\"inLanguage\":\"pt-PT\"},{\"@type\":\"WebPage\",\"@id\":\"https:\/\/portaltela.pt\/noticias\/2026\/02\/18\/tempestades-provocam-erosao-costeira-acentuada-no-algarve\/\",\"url\":\"https:\/\/portaltela.pt\/noticias\/2026\/02\/18\/tempestades-provocam-erosao-costeira-acentuada-no-algarve\/\",\"name\":\"Tempestades provocam eros\u00e3o costeira acentuada no Algarve - Portal Tela Portugal\",\"isPartOf\":{\"@id\":\"https:\/\/portaltela.pt\/#website\"},\"primaryImageOfPage\":{\"@id\":\"https:\/\/portaltela.pt\/noticias\/2026\/02\/18\/tempestades-provocam-erosao-costeira-acentuada-no-algarve\/#primaryimage\"},\"image\":{\"@id\":\"https:\/\/portaltela.pt\/noticias\/2026\/02\/18\/tempestades-provocam-erosao-costeira-acentuada-no-algarve\/#primaryimage\"},\"thumbnailUrl\":\"https:\/\/portaltela.pt\/s.01k8rhncp4jt1\/2026\/02\/img_1500x1000uu2026-02-17-15-40-05-2267353.jpg\",\"datePublished\":\"2026-02-18T15:07:53+00:00\",\"author\":{\"@id\":\"https:\/\/portaltela.pt\/#\/schema\/person\/c4278d4a6028830caff9ee44b42d32ed\"},\"breadcrumb\":{\"@id\":\"https:\/\/portaltela.pt\/noticias\/2026\/02\/18\/tempestades-provocam-erosao-costeira-acentuada-no-algarve\/#breadcrumb\"},\"inLanguage\":\"pt-PT\",\"potentialAction\":[{\"@type\":\"ReadAction\",\"target\":[\"https:\/\/portaltela.pt\/noticias\/2026\/02\/18\/tempestades-provocam-erosao-costeira-acentuada-no-algarve\/\"]}]},{\"@type\":\"ImageObject\",\"inLanguage\":\"pt-PT\",\"@id\":\"https:\/\/portaltela.pt\/noticias\/2026\/02\/18\/tempestades-provocam-erosao-costeira-acentuada-no-algarve\/#primaryimage\",\"url\":\"https:\/\/portaltela.pt\/s.01k8rhncp4jt1\/2026\/02\/img_1500x1000uu2026-02-17-15-40-05-2267353.jpg\",\"contentUrl\":\"https:\/\/portaltela.pt\/s.01k8rhncp4jt1\/2026\/02\/img_1500x1000uu2026-02-17-15-40-05-2267353.jpg\",\"width\":796,\"height\":448,\"caption\":\"Praias do Algarve desgastadas pelo mau tempo\"},{\"@type\":\"BreadcrumbList\",\"@id\":\"https:\/\/portaltela.pt\/noticias\/2026\/02\/18\/tempestades-provocam-erosao-costeira-acentuada-no-algarve\/#breadcrumb\",\"itemListElement\":[{\"@type\":\"ListItem\",\"position\":1,\"name\":\"In\u00edcio\",\"item\":\"https:\/\/portaltela.pt\/\"},{\"@type\":\"ListItem\",\"position\":2,\"name\":\"Tempestades provocam eros\u00e3o costeira acentuada no Algarve\"}]},{\"@type\":\"WebSite\",\"@id\":\"https:\/\/portaltela.pt\/#website\",\"url\":\"https:\/\/portaltela.pt\/\",\"name\":\"Portal Tela Portugal\",\"description\":\"\",\"potentialAction\":[{\"@type\":\"SearchAction\",\"target\":{\"@type\":\"EntryPoint\",\"urlTemplate\":\"https:\/\/portaltela.pt\/?s={search_term_string}\"},\"query-input\":{\"@type\":\"PropertyValueSpecification\",\"valueRequired\":true,\"valueName\":\"search_term_string\"}}],\"inLanguage\":\"pt-PT\"},{\"@type\":\"Person\",\"@id\":\"https:\/\/portaltela.pt\/#\/schema\/person\/c4278d4a6028830caff9ee44b42d32ed\",\"name\":\"Telinha\",\"image\":{\"@type\":\"ImageObject\",\"inLanguage\":\"pt-PT\",\"@id\":\"https:\/\/portaltela.pt\/s.01k8rhncp4jt1\/2025\/11\/talking-bot-125x125.png\",\"url\":\"https:\/\/portaltela.pt\/s.01k8rhncp4jt1\/2025\/11\/talking-bot-125x125.png\",\"contentUrl\":\"https:\/\/portaltela.pt\/s.01k8rhncp4jt1\/2025\/11\/talking-bot-125x125.png\",\"caption\":\"Telinha\"},\"sameAs\":[\"https:\/\/portaltela.pt\/\"],\"url\":\"https:\/\/portaltela.pt\/por\/367410592786\/\"}]}<\/script>\n<!-- \/ Yoast SEO plugin. -->","yoast_head_json":{"title":"Tempestades provocam eros\u00e3o costeira acentuada no Algarve - Portal Tela Portugal","robots":{"index":"index","follow":"follow","max-snippet":"max-snippet:-1","max-image-preview":"max-image-preview:large","max-video-preview":"max-video-preview:-1"},"og_locale":"pt_PT","og_type":"article","og_title":"Tempestades provocam eros\u00e3o costeira acentuada no Algarve - Portal Tela Portugal","og_description":"As tempestades provocaram eros\u00e3o costeira acentuada no Algarve, com perdas significativas de sedimentos, recuo da linha de costa e quedas de arribas. O recuo mais relevante ocorreu entre Quarteira e Vale do Lobo, na zona de Forte Novo, em Loul\u00e9, com movimentos de massa consider\u00e1veis. O especialista \u00d3scar Ferreira, da Universidade do Algarve, considera a situa\u00e7\u00e3o epis\u00f3dica, associada a v\u00e1rias tempestades, mas com impactos duradouros onde o recuo \u00e9 cont\u00ednuo sem interven\u00e7\u00e3o humana. As praias devem recuperar-se naturalmente nos pr\u00f3ximos meses, mas, em tro\u00e7os como Quarteira e Forte Novo, o recuo pode n\u00e3o regressar sem interven\u00e7\u00e3o artificial. A reposi\u00e7\u00e3o de areias \u00e9 sugerida para manter capacidade balnear e reduzir riscos. Para a costa rochosa entre Olhos de \u00c1gua e Lagos, defende-se refor\u00e7ar monitoriza\u00e7\u00e3o e intervir onde houver risco iminente para arribas; a coopera\u00e7\u00e3o entre entidades, ci\u00eancia e comunidades \u00e9 crucial para decis\u00f5es futuras.","og_url":"https:\/\/portaltela.pt\/noticias\/2026\/02\/18\/tempestades-provocam-erosao-costeira-acentuada-no-algarve\/","og_site_name":"Portal Tela Portugal","article_published_time":"2026-02-18T15:07:53+00:00","author":"Telinha","twitter_card":"summary_large_image","twitter_misc":{"Escrito por":"Telinha","Tempo estimado de leitura":"2 minutos"},"schema":{"@context":"https:\/\/schema.org","@graph":[{"@type":"Article","@id":"https:\/\/portaltela.pt\/noticias\/2026\/02\/18\/tempestades-provocam-erosao-costeira-acentuada-no-algarve\/#article","isPartOf":{"@id":"https:\/\/portaltela.pt\/noticias\/2026\/02\/18\/tempestades-provocam-erosao-costeira-acentuada-no-algarve\/"},"author":{"name":"Telinha","@id":"https:\/\/portaltela.pt\/#\/schema\/person\/c4278d4a6028830caff9ee44b42d32ed"},"headline":"Tempestades provocam eros\u00e3o costeira acentuada no Algarve","datePublished":"2026-02-18T15:07:53+00:00","mainEntityOfPage":{"@id":"https:\/\/portaltela.pt\/noticias\/2026\/02\/18\/tempestades-provocam-erosao-costeira-acentuada-no-algarve\/"},"wordCount":323,"image":{"@id":"https:\/\/portaltela.pt\/noticias\/2026\/02\/18\/tempestades-provocam-erosao-costeira-acentuada-no-algarve\/#primaryimage"},"thumbnailUrl":"https:\/\/portaltela.pt\/s.01k8rhncp4jt1\/2026\/02\/img_1500x1000uu2026-02-17-15-40-05-2267353.jpg","keywords":["Algarve","ambiente","conserva\u00e7\u00e3o ambiental","investiga\u00e7\u00e3o","ordenamento do territ\u00f3rio","prote\u00e7\u00e3o ambiental"],"articleSection":["Not\u00edcias"],"inLanguage":"pt-PT"},{"@type":"WebPage","@id":"https:\/\/portaltela.pt\/noticias\/2026\/02\/18\/tempestades-provocam-erosao-costeira-acentuada-no-algarve\/","url":"https:\/\/portaltela.pt\/noticias\/2026\/02\/18\/tempestades-provocam-erosao-costeira-acentuada-no-algarve\/","name":"Tempestades provocam eros\u00e3o costeira acentuada no Algarve - Portal Tela Portugal","isPartOf":{"@id":"https:\/\/portaltela.pt\/#website"},"primaryImageOfPage":{"@id":"https:\/\/portaltela.pt\/noticias\/2026\/02\/18\/tempestades-provocam-erosao-costeira-acentuada-no-algarve\/#primaryimage"},"image":{"@id":"https:\/\/portaltela.pt\/noticias\/2026\/02\/18\/tempestades-provocam-erosao-costeira-acentuada-no-algarve\/#primaryimage"},"thumbnailUrl":"https:\/\/portaltela.pt\/s.01k8rhncp4jt1\/2026\/02\/img_1500x1000uu2026-02-17-15-40-05-2267353.jpg","datePublished":"2026-02-18T15:07:53+00:00","author":{"@id":"https:\/\/portaltela.pt\/#\/schema\/person\/c4278d4a6028830caff9ee44b42d32ed"},"breadcrumb":{"@id":"https:\/\/portaltela.pt\/noticias\/2026\/02\/18\/tempestades-provocam-erosao-costeira-acentuada-no-algarve\/#breadcrumb"},"inLanguage":"pt-PT","potentialAction":[{"@type":"ReadAction","target":["https:\/\/portaltela.pt\/noticias\/2026\/02\/18\/tempestades-provocam-erosao-costeira-acentuada-no-algarve\/"]}]},{"@type":"ImageObject","inLanguage":"pt-PT","@id":"https:\/\/portaltela.pt\/noticias\/2026\/02\/18\/tempestades-provocam-erosao-costeira-acentuada-no-algarve\/#primaryimage","url":"https:\/\/portaltela.pt\/s.01k8rhncp4jt1\/2026\/02\/img_1500x1000uu2026-02-17-15-40-05-2267353.jpg","contentUrl":"https:\/\/portaltela.pt\/s.01k8rhncp4jt1\/2026\/02\/img_1500x1000uu2026-02-17-15-40-05-2267353.jpg","width":796,"height":448,"caption":"Praias do Algarve desgastadas pelo mau tempo"},{"@type":"BreadcrumbList","@id":"https:\/\/portaltela.pt\/noticias\/2026\/02\/18\/tempestades-provocam-erosao-costeira-acentuada-no-algarve\/#breadcrumb","itemListElement":[{"@type":"ListItem","position":1,"name":"In\u00edcio","item":"https:\/\/portaltela.pt\/"},{"@type":"ListItem","position":2,"name":"Tempestades provocam eros\u00e3o costeira acentuada no Algarve"}]},{"@type":"WebSite","@id":"https:\/\/portaltela.pt\/#website","url":"https:\/\/portaltela.pt\/","name":"Portal Tela Portugal","description":"","potentialAction":[{"@type":"SearchAction","target":{"@type":"EntryPoint","urlTemplate":"https:\/\/portaltela.pt\/?s={search_term_string}"},"query-input":{"@type":"PropertyValueSpecification","valueRequired":true,"valueName":"search_term_string"}}],"inLanguage":"pt-PT"},{"@type":"Person","@id":"https:\/\/portaltela.pt\/#\/schema\/person\/c4278d4a6028830caff9ee44b42d32ed","name":"Telinha","image":{"@type":"ImageObject","inLanguage":"pt-PT","@id":"https:\/\/portaltela.pt\/s.01k8rhncp4jt1\/2025\/11\/talking-bot-125x125.png","url":"https:\/\/portaltela.pt\/s.01k8rhncp4jt1\/2025\/11\/talking-bot-125x125.png","contentUrl":"https:\/\/portaltela.pt\/s.01k8rhncp4jt1\/2025\/11\/talking-bot-125x125.png","caption":"Telinha"},"sameAs":["https:\/\/portaltela.pt\/"],"url":"https:\/\/portaltela.pt\/por\/367410592786\/"}]}},"_links":{"self":[{"href":"https:\/\/portaltela.pt\/api\/wp\/v2\/posts\/216062","targetHints":{"allow":["GET"]}}],"collection":[{"href":"https:\/\/portaltela.pt\/api\/wp\/v2\/posts"}],"about":[{"href":"https:\/\/portaltela.pt\/api\/wp\/v2\/types\/post"}],"author":[{"embeddable":true,"href":"https:\/\/portaltela.pt\/api\/wp\/v2\/users\/2"}],"replies":[{"embeddable":true,"href":"https:\/\/portaltela.pt\/api\/wp\/v2\/comments?post=216062"}],"version-history":[{"count":0,"href":"https:\/\/portaltela.pt\/api\/wp\/v2\/posts\/216062\/revisions"}],"wp:featuredmedia":[{"embeddable":true,"href":"https:\/\/portaltela.pt\/api\/wp\/v2\/media\/216064"}],"wp:attachment":[{"href":"https:\/\/portaltela.pt\/api\/wp\/v2\/media?parent=216062"}],"wp:term":[{"taxonomy":"category","embeddable":true,"href":"https:\/\/portaltela.pt\/api\/wp\/v2\/categories?post=216062"},{"taxonomy":"post_tag","embeddable":true,"href":"https:\/\/portaltela.pt\/api\/wp\/v2\/tags?post=216062"}],"curies":[{"name":"wp","href":"https:\/\/api.w.org\/{rel}","templated":true}]}}