{"id":216021,"date":"2026-02-18T11:12:00","date_gmt":"2026-02-18T14:12:00","guid":{"rendered":"https:\/\/portaltela.pt\/noticias\/2026\/02\/18\/mil-diabos-voltam-a-andar-a-solta-em-vinhais-neste-sabado\/"},"modified":"2026-02-18T11:12:00","modified_gmt":"2026-02-18T14:12:00","slug":"mil-diabos-voltam-a-andar-a-solta-em-vinhais-neste-sabado","status":"publish","type":"post","link":"https:\/\/portaltela.pt\/noticias\/2026\/02\/18\/mil-diabos-voltam-a-andar-a-solta-em-vinhais-neste-sabado\/","title":{"rendered":"Mil Diabos voltam a andar \u00e0 solta em Vinhais neste s\u00e1bado"},"content":{"rendered":"<p>Mil Diabos voltam a andar \u00e0 solta em Vinhais neste s\u00e1bado, numa tradi\u00e7\u00e3o que come\u00e7a na quarta-feira de cinzas e se prolonga pelo fim de semana. Os diabos, guiados pela figura da morte, tomam as ruas para dar in\u00edcio \u00e0 festa do bem e do mal.<\/p>\n<p>A anima\u00e7\u00e3o atrai visitantes de Portugal e de Espanha, com alojamento j\u00e1 esgotado, segundo o munic\u00edpio. Ap\u00f3s a missa da imposi\u00e7\u00e3o de cinzas, a prociss\u00e3o de diabos percorre a vila, seguindo uma narrativa que envolve subida a janelas e o raptor das jovens, conforme a tradi\u00e7\u00e3o local.<\/p>\n<p>A morte \u00e9 representada por um boneco alto, constru\u00eddo pelos alunos do agrupamento de escolas de Vinhais, que ser\u00e1 queimado ao final do evento. A noite encerra com o fogo ritual, marcando o fim das Festas de Inverno.<\/p>\n<h3>Organiza\u00e7\u00e3o e participa\u00e7\u00e3o<\/h3>\n<p>O munic\u00edpio disponibiliza cerca de 100 fatos de diabos para aluguer, no Centro Cultural Solar dos Condes de Vinhais, com procura a superar a oferta. A C\u00e2mara destaca que cada edi\u00e7\u00e3o acrescenta pe\u00e7as novas, o que aumenta a ades\u00e3o de visitantes.<\/p>\n<p>O presidente da C\u00e2mara, Lu\u00eds Fernandes, destacou \u00e0 Lusa que o evento atrai sobretudo espanh\u00f3is, contribuindo para a riqueza cultural do concelho. A previs\u00e3o aponta para tempo agrad\u00e1vel, incentivando a participa\u00e7\u00e3o p\u00fablica.<\/p>\n<p>No fim do espet\u00e1culo, os visitantes disp\u00f5em de tasquinhas com comida e bebida no Pavilh\u00e3o do Fumeiro, bem como anima\u00e7\u00e3o com Gaiteiros D\u2019Onor e com os DJ Karetus, segundo a organiza\u00e7\u00e3o.<\/p>\n","protected":false},"excerpt":{"rendered":"<ul>\n<li>Mil Diabos v\u00e3o andar \u00e0 solta em Vinhais neste s\u00e1bado, mantendo a tradi\u00e7\u00e3o que come\u00e7a na quarta-feira de cinzas e prossegue com festa.<\/li>\n<\/ul>\n<p>\u2022<\/p>\n<ul>\n<li>A missa da imposi\u00e7\u00e3o de cinzas na Igreja da Nossa Senhora da Encarna\u00e7\u00e3o d\u00e1 in\u00edcio \u00e0 recria\u00e7\u00e3o, com a morte a invadir as ruas e a ritmo de teatro, luz e som.<\/li>\n<\/ul>\n<p>\u2022<\/p>\n<ul>\n<li>O boneco da morte, feito pelos alunos do agrupamento de escolas de Vinhais, \u00e9 queimado no final da noite; h\u00e1 rapto de jovens que pedem socorro antes da conclus\u00e3o.<\/li>\n<\/ul>\n<p>\u2022<\/p>\n<ul>\n<li>O evento atrai visitantes de Portugal e de Espanha; o alojamento est\u00e1 esgotado e o munic\u00edpio disponibiliza cerca de cem fatos de diabos para aluguer no Centro Cultural Solar dos Condes de Vinhais.<\/li>\n<\/ul>\n<p>\u2022<\/p>\n<ul>\n<li>No final do espect\u00e1culo h\u00e1 tasquinhas no Pavilh\u00e3o do Fumeiro e anima\u00e7\u00e3o com Gaiteiros D\u2019Onor e DJ Karetus; as previs\u00f5es s\u00e3o de tempo est\u00e1vel.<\/li>\n<\/ul>\n","protected":false},"author":2,"featured_media":216025,"comment_status":"closed","ping_status":"closed","sticky":false,"template":"","format":"standard","meta":{"footnotes":""},"categories":[1],"tags":[491,145,2031,4919,169,4101],"class_list":["post-216021","post","type-post","status-publish","format-standard","has-post-thumbnail","hentry","category-noticias","tag-alojamento-local","tag-cultura","tag-espanha","tag-festas","tag-turismo","tag-vinhais"],"yoast_head":"<!-- This site is optimized with the Yoast SEO plugin v27.2 - https:\/\/yoast.com\/product\/yoast-seo-wordpress\/ -->\n<title>Mil Diabos voltam a andar \u00e0 solta em Vinhais neste s\u00e1bado - Portal Tela Portugal<\/title>\n<meta name=\"robots\" content=\"index, follow, max-snippet:-1, max-image-preview:large, max-video-preview:-1\" \/>\n<meta property=\"og:locale\" content=\"pt_PT\" \/>\n<meta property=\"og:type\" content=\"article\" \/>\n<meta property=\"og:title\" content=\"Mil Diabos voltam a andar \u00e0 solta em Vinhais neste s\u00e1bado - Portal Tela Portugal\" \/>\n<meta property=\"og:description\" content=\"Mil Diabos v\u00e3o andar \u00e0 solta em Vinhais neste s\u00e1bado, mantendo a tradi\u00e7\u00e3o que come\u00e7a na quarta-feira de cinzas e prossegue com festa. \u2022 A missa da imposi\u00e7\u00e3o de cinzas na Igreja da Nossa Senhora da Encarna\u00e7\u00e3o d\u00e1 in\u00edcio \u00e0 recria\u00e7\u00e3o, com a morte a invadir as ruas e a ritmo de teatro, luz e som. \u2022 O boneco da morte, feito pelos alunos do agrupamento de escolas de Vinhais, \u00e9 queimado no final da noite; h\u00e1 rapto de jovens que pedem socorro antes da conclus\u00e3o. \u2022 O evento atrai visitantes de Portugal e de Espanha; o alojamento est\u00e1 esgotado e o munic\u00edpio disponibiliza cerca de cem fatos de diabos para aluguer no Centro Cultural Solar dos Condes de Vinhais. \u2022 No final do espect\u00e1culo h\u00e1 tasquinhas no Pavilh\u00e3o do Fumeiro e anima\u00e7\u00e3o com Gaiteiros D\u2019Onor e DJ Karetus; as previs\u00f5es s\u00e3o de tempo est\u00e1vel.\" \/>\n<meta property=\"og:url\" content=\"https:\/\/portaltela.pt\/noticias\/2026\/02\/18\/mil-diabos-voltam-a-andar-a-solta-em-vinhais-neste-sabado\/\" \/>\n<meta property=\"og:site_name\" content=\"Portal Tela Portugal\" \/>\n<meta property=\"article:published_time\" content=\"2026-02-18T14:12:00+00:00\" \/>\n<meta name=\"author\" content=\"Telinha\" \/>\n<meta name=\"twitter:card\" content=\"summary_large_image\" \/>\n<meta name=\"twitter:label1\" content=\"Escrito por\" \/>\n\t<meta name=\"twitter:data1\" content=\"Telinha\" \/>\n\t<meta name=\"twitter:label2\" content=\"Tempo estimado de leitura\" \/>\n\t<meta name=\"twitter:data2\" content=\"1 minuto\" \/>\n<script type=\"application\/ld+json\" class=\"yoast-schema-graph\">{\"@context\":\"https:\/\/schema.org\",\"@graph\":[{\"@type\":\"Article\",\"@id\":\"https:\/\/portaltela.pt\/noticias\/2026\/02\/18\/mil-diabos-voltam-a-andar-a-solta-em-vinhais-neste-sabado\/#article\",\"isPartOf\":{\"@id\":\"https:\/\/portaltela.pt\/noticias\/2026\/02\/18\/mil-diabos-voltam-a-andar-a-solta-em-vinhais-neste-sabado\/\"},\"author\":{\"name\":\"Telinha\",\"@id\":\"https:\/\/portaltela.pt\/#\/schema\/person\/c4278d4a6028830caff9ee44b42d32ed\"},\"headline\":\"Mil Diabos voltam a andar \u00e0 solta em Vinhais neste s\u00e1bado\",\"datePublished\":\"2026-02-18T14:12:00+00:00\",\"mainEntityOfPage\":{\"@id\":\"https:\/\/portaltela.pt\/noticias\/2026\/02\/18\/mil-diabos-voltam-a-andar-a-solta-em-vinhais-neste-sabado\/\"},\"wordCount\":275,\"image\":{\"@id\":\"https:\/\/portaltela.pt\/noticias\/2026\/02\/18\/mil-diabos-voltam-a-andar-a-solta-em-vinhais-neste-sabado\/#primaryimage\"},\"thumbnailUrl\":\"https:\/\/portaltela.pt\/s.01k8rhncp4jt1\/2026\/02\/2068018.jpg\",\"keywords\":[\"alojamento local\",\"cultura\",\"Espanha\",\"festas\",\"turismo\",\"Vinhais\"],\"articleSection\":[\"Not\u00edcias\"],\"inLanguage\":\"pt-PT\"},{\"@type\":\"WebPage\",\"@id\":\"https:\/\/portaltela.pt\/noticias\/2026\/02\/18\/mil-diabos-voltam-a-andar-a-solta-em-vinhais-neste-sabado\/\",\"url\":\"https:\/\/portaltela.pt\/noticias\/2026\/02\/18\/mil-diabos-voltam-a-andar-a-solta-em-vinhais-neste-sabado\/\",\"name\":\"Mil Diabos voltam a andar \u00e0 solta em Vinhais neste s\u00e1bado - Portal Tela Portugal\",\"isPartOf\":{\"@id\":\"https:\/\/portaltela.pt\/#website\"},\"primaryImageOfPage\":{\"@id\":\"https:\/\/portaltela.pt\/noticias\/2026\/02\/18\/mil-diabos-voltam-a-andar-a-solta-em-vinhais-neste-sabado\/#primaryimage\"},\"image\":{\"@id\":\"https:\/\/portaltela.pt\/noticias\/2026\/02\/18\/mil-diabos-voltam-a-andar-a-solta-em-vinhais-neste-sabado\/#primaryimage\"},\"thumbnailUrl\":\"https:\/\/portaltela.pt\/s.01k8rhncp4jt1\/2026\/02\/2068018.jpg\",\"datePublished\":\"2026-02-18T14:12:00+00:00\",\"author\":{\"@id\":\"https:\/\/portaltela.pt\/#\/schema\/person\/c4278d4a6028830caff9ee44b42d32ed\"},\"breadcrumb\":{\"@id\":\"https:\/\/portaltela.pt\/noticias\/2026\/02\/18\/mil-diabos-voltam-a-andar-a-solta-em-vinhais-neste-sabado\/#breadcrumb\"},\"inLanguage\":\"pt-PT\",\"potentialAction\":[{\"@type\":\"ReadAction\",\"target\":[\"https:\/\/portaltela.pt\/noticias\/2026\/02\/18\/mil-diabos-voltam-a-andar-a-solta-em-vinhais-neste-sabado\/\"]}]},{\"@type\":\"ImageObject\",\"inLanguage\":\"pt-PT\",\"@id\":\"https:\/\/portaltela.pt\/noticias\/2026\/02\/18\/mil-diabos-voltam-a-andar-a-solta-em-vinhais-neste-sabado\/#primaryimage\",\"url\":\"https:\/\/portaltela.pt\/s.01k8rhncp4jt1\/2026\/02\/2068018.jpg\",\"contentUrl\":\"https:\/\/portaltela.pt\/s.01k8rhncp4jt1\/2026\/02\/2068018.jpg\",\"width\":796,\"height\":448,\"caption\":\"Mil Diabos \u00e0 Solta em Vinhais\"},{\"@type\":\"BreadcrumbList\",\"@id\":\"https:\/\/portaltela.pt\/noticias\/2026\/02\/18\/mil-diabos-voltam-a-andar-a-solta-em-vinhais-neste-sabado\/#breadcrumb\",\"itemListElement\":[{\"@type\":\"ListItem\",\"position\":1,\"name\":\"In\u00edcio\",\"item\":\"https:\/\/portaltela.pt\/\"},{\"@type\":\"ListItem\",\"position\":2,\"name\":\"Mil Diabos voltam a andar \u00e0 solta em Vinhais neste s\u00e1bado\"}]},{\"@type\":\"WebSite\",\"@id\":\"https:\/\/portaltela.pt\/#website\",\"url\":\"https:\/\/portaltela.pt\/\",\"name\":\"Portal Tela Portugal\",\"description\":\"\",\"potentialAction\":[{\"@type\":\"SearchAction\",\"target\":{\"@type\":\"EntryPoint\",\"urlTemplate\":\"https:\/\/portaltela.pt\/?s={search_term_string}\"},\"query-input\":{\"@type\":\"PropertyValueSpecification\",\"valueRequired\":true,\"valueName\":\"search_term_string\"}}],\"inLanguage\":\"pt-PT\"},{\"@type\":\"Person\",\"@id\":\"https:\/\/portaltela.pt\/#\/schema\/person\/c4278d4a6028830caff9ee44b42d32ed\",\"name\":\"Telinha\",\"image\":{\"@type\":\"ImageObject\",\"inLanguage\":\"pt-PT\",\"@id\":\"https:\/\/portaltela.pt\/s.01k8rhncp4jt1\/2025\/11\/talking-bot-125x125.png\",\"url\":\"https:\/\/portaltela.pt\/s.01k8rhncp4jt1\/2025\/11\/talking-bot-125x125.png\",\"contentUrl\":\"https:\/\/portaltela.pt\/s.01k8rhncp4jt1\/2025\/11\/talking-bot-125x125.png\",\"caption\":\"Telinha\"},\"sameAs\":[\"https:\/\/portaltela.pt\/\"],\"url\":\"https:\/\/portaltela.pt\/por\/367410592786\/\"}]}<\/script>\n<!-- \/ Yoast SEO plugin. -->","yoast_head_json":{"title":"Mil Diabos voltam a andar \u00e0 solta em Vinhais neste s\u00e1bado - Portal Tela Portugal","robots":{"index":"index","follow":"follow","max-snippet":"max-snippet:-1","max-image-preview":"max-image-preview:large","max-video-preview":"max-video-preview:-1"},"og_locale":"pt_PT","og_type":"article","og_title":"Mil Diabos voltam a andar \u00e0 solta em Vinhais neste s\u00e1bado - Portal Tela Portugal","og_description":"Mil Diabos v\u00e3o andar \u00e0 solta em Vinhais neste s\u00e1bado, mantendo a tradi\u00e7\u00e3o que come\u00e7a na quarta-feira de cinzas e prossegue com festa. \u2022 A missa da imposi\u00e7\u00e3o de cinzas na Igreja da Nossa Senhora da Encarna\u00e7\u00e3o d\u00e1 in\u00edcio \u00e0 recria\u00e7\u00e3o, com a morte a invadir as ruas e a ritmo de teatro, luz e som. \u2022 O boneco da morte, feito pelos alunos do agrupamento de escolas de Vinhais, \u00e9 queimado no final da noite; h\u00e1 rapto de jovens que pedem socorro antes da conclus\u00e3o. \u2022 O evento atrai visitantes de Portugal e de Espanha; o alojamento est\u00e1 esgotado e o munic\u00edpio disponibiliza cerca de cem fatos de diabos para aluguer no Centro Cultural Solar dos Condes de Vinhais. \u2022 No final do espect\u00e1culo h\u00e1 tasquinhas no Pavilh\u00e3o do Fumeiro e anima\u00e7\u00e3o com Gaiteiros D\u2019Onor e DJ Karetus; as previs\u00f5es s\u00e3o de tempo est\u00e1vel.","og_url":"https:\/\/portaltela.pt\/noticias\/2026\/02\/18\/mil-diabos-voltam-a-andar-a-solta-em-vinhais-neste-sabado\/","og_site_name":"Portal Tela Portugal","article_published_time":"2026-02-18T14:12:00+00:00","author":"Telinha","twitter_card":"summary_large_image","twitter_misc":{"Escrito por":"Telinha","Tempo estimado de leitura":"1 minuto"},"schema":{"@context":"https:\/\/schema.org","@graph":[{"@type":"Article","@id":"https:\/\/portaltela.pt\/noticias\/2026\/02\/18\/mil-diabos-voltam-a-andar-a-solta-em-vinhais-neste-sabado\/#article","isPartOf":{"@id":"https:\/\/portaltela.pt\/noticias\/2026\/02\/18\/mil-diabos-voltam-a-andar-a-solta-em-vinhais-neste-sabado\/"},"author":{"name":"Telinha","@id":"https:\/\/portaltela.pt\/#\/schema\/person\/c4278d4a6028830caff9ee44b42d32ed"},"headline":"Mil Diabos voltam a andar \u00e0 solta em Vinhais neste s\u00e1bado","datePublished":"2026-02-18T14:12:00+00:00","mainEntityOfPage":{"@id":"https:\/\/portaltela.pt\/noticias\/2026\/02\/18\/mil-diabos-voltam-a-andar-a-solta-em-vinhais-neste-sabado\/"},"wordCount":275,"image":{"@id":"https:\/\/portaltela.pt\/noticias\/2026\/02\/18\/mil-diabos-voltam-a-andar-a-solta-em-vinhais-neste-sabado\/#primaryimage"},"thumbnailUrl":"https:\/\/portaltela.pt\/s.01k8rhncp4jt1\/2026\/02\/2068018.jpg","keywords":["alojamento local","cultura","Espanha","festas","turismo","Vinhais"],"articleSection":["Not\u00edcias"],"inLanguage":"pt-PT"},{"@type":"WebPage","@id":"https:\/\/portaltela.pt\/noticias\/2026\/02\/18\/mil-diabos-voltam-a-andar-a-solta-em-vinhais-neste-sabado\/","url":"https:\/\/portaltela.pt\/noticias\/2026\/02\/18\/mil-diabos-voltam-a-andar-a-solta-em-vinhais-neste-sabado\/","name":"Mil Diabos voltam a andar \u00e0 solta em Vinhais neste s\u00e1bado - Portal Tela Portugal","isPartOf":{"@id":"https:\/\/portaltela.pt\/#website"},"primaryImageOfPage":{"@id":"https:\/\/portaltela.pt\/noticias\/2026\/02\/18\/mil-diabos-voltam-a-andar-a-solta-em-vinhais-neste-sabado\/#primaryimage"},"image":{"@id":"https:\/\/portaltela.pt\/noticias\/2026\/02\/18\/mil-diabos-voltam-a-andar-a-solta-em-vinhais-neste-sabado\/#primaryimage"},"thumbnailUrl":"https:\/\/portaltela.pt\/s.01k8rhncp4jt1\/2026\/02\/2068018.jpg","datePublished":"2026-02-18T14:12:00+00:00","author":{"@id":"https:\/\/portaltela.pt\/#\/schema\/person\/c4278d4a6028830caff9ee44b42d32ed"},"breadcrumb":{"@id":"https:\/\/portaltela.pt\/noticias\/2026\/02\/18\/mil-diabos-voltam-a-andar-a-solta-em-vinhais-neste-sabado\/#breadcrumb"},"inLanguage":"pt-PT","potentialAction":[{"@type":"ReadAction","target":["https:\/\/portaltela.pt\/noticias\/2026\/02\/18\/mil-diabos-voltam-a-andar-a-solta-em-vinhais-neste-sabado\/"]}]},{"@type":"ImageObject","inLanguage":"pt-PT","@id":"https:\/\/portaltela.pt\/noticias\/2026\/02\/18\/mil-diabos-voltam-a-andar-a-solta-em-vinhais-neste-sabado\/#primaryimage","url":"https:\/\/portaltela.pt\/s.01k8rhncp4jt1\/2026\/02\/2068018.jpg","contentUrl":"https:\/\/portaltela.pt\/s.01k8rhncp4jt1\/2026\/02\/2068018.jpg","width":796,"height":448,"caption":"Mil Diabos \u00e0 Solta em Vinhais"},{"@type":"BreadcrumbList","@id":"https:\/\/portaltela.pt\/noticias\/2026\/02\/18\/mil-diabos-voltam-a-andar-a-solta-em-vinhais-neste-sabado\/#breadcrumb","itemListElement":[{"@type":"ListItem","position":1,"name":"In\u00edcio","item":"https:\/\/portaltela.pt\/"},{"@type":"ListItem","position":2,"name":"Mil Diabos voltam a andar \u00e0 solta em Vinhais neste s\u00e1bado"}]},{"@type":"WebSite","@id":"https:\/\/portaltela.pt\/#website","url":"https:\/\/portaltela.pt\/","name":"Portal Tela Portugal","description":"","potentialAction":[{"@type":"SearchAction","target":{"@type":"EntryPoint","urlTemplate":"https:\/\/portaltela.pt\/?s={search_term_string}"},"query-input":{"@type":"PropertyValueSpecification","valueRequired":true,"valueName":"search_term_string"}}],"inLanguage":"pt-PT"},{"@type":"Person","@id":"https:\/\/portaltela.pt\/#\/schema\/person\/c4278d4a6028830caff9ee44b42d32ed","name":"Telinha","image":{"@type":"ImageObject","inLanguage":"pt-PT","@id":"https:\/\/portaltela.pt\/s.01k8rhncp4jt1\/2025\/11\/talking-bot-125x125.png","url":"https:\/\/portaltela.pt\/s.01k8rhncp4jt1\/2025\/11\/talking-bot-125x125.png","contentUrl":"https:\/\/portaltela.pt\/s.01k8rhncp4jt1\/2025\/11\/talking-bot-125x125.png","caption":"Telinha"},"sameAs":["https:\/\/portaltela.pt\/"],"url":"https:\/\/portaltela.pt\/por\/367410592786\/"}]}},"_links":{"self":[{"href":"https:\/\/portaltela.pt\/api\/wp\/v2\/posts\/216021","targetHints":{"allow":["GET"]}}],"collection":[{"href":"https:\/\/portaltela.pt\/api\/wp\/v2\/posts"}],"about":[{"href":"https:\/\/portaltela.pt\/api\/wp\/v2\/types\/post"}],"author":[{"embeddable":true,"href":"https:\/\/portaltela.pt\/api\/wp\/v2\/users\/2"}],"replies":[{"embeddable":true,"href":"https:\/\/portaltela.pt\/api\/wp\/v2\/comments?post=216021"}],"version-history":[{"count":0,"href":"https:\/\/portaltela.pt\/api\/wp\/v2\/posts\/216021\/revisions"}],"wp:featuredmedia":[{"embeddable":true,"href":"https:\/\/portaltela.pt\/api\/wp\/v2\/media\/216025"}],"wp:attachment":[{"href":"https:\/\/portaltela.pt\/api\/wp\/v2\/media?parent=216021"}],"wp:term":[{"taxonomy":"category","embeddable":true,"href":"https:\/\/portaltela.pt\/api\/wp\/v2\/categories?post=216021"},{"taxonomy":"post_tag","embeddable":true,"href":"https:\/\/portaltela.pt\/api\/wp\/v2\/tags?post=216021"}],"curies":[{"name":"wp","href":"https:\/\/api.w.org\/{rel}","templated":true}]}}