{"id":216009,"date":"2026-02-18T11:30:00","date_gmt":"2026-02-18T14:30:00","guid":{"rendered":"https:\/\/portaltela.pt\/noticias\/2026\/02\/18\/ciclo-revela-o-cinema-underground-de-philippe-garrel\/"},"modified":"2026-02-18T11:30:00","modified_gmt":"2026-02-18T14:30:00","slug":"ciclo-revela-o-cinema-underground-de-philippe-garrel","status":"publish","type":"post","link":"https:\/\/portaltela.pt\/noticias\/2026\/02\/18\/ciclo-revela-o-cinema-underground-de-philippe-garrel\/","title":{"rendered":"Ciclo revela o cinema underground de Philippe Garrel"},"content":{"rendered":"<p>Um ciclo em Lisboa, dedicado a Philippe Garrel e Jean Eustache, figura central do p\u00f3s-Nouvelle Vague, juntou obras e refer\u00eancias dos dois cineastas. A programa\u00e7\u00e3o tem tamb\u00e9m extens\u00f5es a outras cidades, ampliando o alcance do arquivo e da mem\u00f3ria f\u00edlmica.<\/p>\n<p>A mostra re\u00fane filmes e sess\u00f5es de arquivo, acompanhadas por debates e an\u00e1lises que ajudam a mapear a rela\u00e7\u00e3o entre Garrel e Eustache. O foco est\u00e1 no legado de autor e nas consequ\u00eancias da \u00e9poca na est\u00e9tica e na narrativa.<\/p>\n<p>O ciclo decorre em Lisboa, com prolongamentos previstos noutras localidades do pa\u00eds. A proposta visa contextualizar a passagem de Garrel pela est\u00e9tica da Nouvelle Vague e a influ\u00eancia de Nico, destacando a hist\u00f3ria partilhada entre os dois nomes.<\/p>\n<p>A entrevista com Garrel, mencionada pela organiza\u00e7\u00e3o, aborda a evolu\u00e7\u00e3o do cineasta desde Maio de 68 at\u00e9 a liga\u00e7\u00e3o com Nico, revelando perspetivas sobre o cinema de autor e o ambiente cultural da \u00e9poca.<\/p>\n","protected":false},"excerpt":{"rendered":"<ul>\n<li>Um ciclo em lisboa, com extens\u00f5es a outras cidades, re\u00fane Philippe Garrel e Jean Eustache, figuras centrais do p\u00f3s-Nouvelle Vague.<\/li>\n<li>O programa foca a rela\u00e7\u00e3o entre os dois cineastas e o legado que deixaram, com refer\u00eancias a Nico.<\/li>\n<li>O ciclo inclui filmes dos dois realizadores, destacando a liga\u00e7\u00e3o entre Garrel, Eustache e a \u00e9poca de maio de 68.<\/li>\n<li>A not\u00edcia menciona uma entrevista com Garrel sobre este percurso cinematogr\u00e1fico.<\/li>\n<li>Uma imagem acompanha a not\u00edcia, mostrando Garrel em 1972 com Nico, em La cicatrice int\u00e9rieure.<\/li>\n<\/ul>\n","protected":false},"author":2,"featured_media":216014,"comment_status":"closed","ping_status":"closed","sticky":false,"template":"","format":"standard","meta":{"footnotes":""},"categories":[1],"tags":[1858,112,1073,145,196,5242],"class_list":["post-216009","post","type-post","status-publish","format-standard","has-post-thumbnail","hentry","category-noticias","tag-arte-teatro","tag-cinema","tag-cinema-teatro-concertos","tag-cultura","tag-documentarios","tag-filmes"],"yoast_head":"<!-- This site is optimized with the Yoast SEO plugin v27.2 - https:\/\/yoast.com\/product\/yoast-seo-wordpress\/ -->\n<title>Ciclo revela o cinema underground de Philippe Garrel - Portal Tela Portugal<\/title>\n<meta name=\"robots\" content=\"index, follow, max-snippet:-1, max-image-preview:large, max-video-preview:-1\" \/>\n<meta property=\"og:locale\" content=\"pt_PT\" \/>\n<meta property=\"og:type\" content=\"article\" \/>\n<meta property=\"og:title\" content=\"Ciclo revela o cinema underground de Philippe Garrel - Portal Tela Portugal\" \/>\n<meta property=\"og:description\" content=\"Um ciclo em lisboa, com extens\u00f5es a outras cidades, re\u00fane Philippe Garrel e Jean Eustache, figuras centrais do p\u00f3s-Nouvelle Vague. O programa foca a rela\u00e7\u00e3o entre os dois cineastas e o legado que deixaram, com refer\u00eancias a Nico. O ciclo inclui filmes dos dois realizadores, destacando a liga\u00e7\u00e3o entre Garrel, Eustache e a \u00e9poca de maio de 68. A not\u00edcia menciona uma entrevista com Garrel sobre este percurso cinematogr\u00e1fico. Uma imagem acompanha a not\u00edcia, mostrando Garrel em 1972 com Nico, em La cicatrice int\u00e9rieure.\" \/>\n<meta property=\"og:url\" content=\"https:\/\/portaltela.pt\/noticias\/2026\/02\/18\/ciclo-revela-o-cinema-underground-de-philippe-garrel\/\" \/>\n<meta property=\"og:site_name\" content=\"Portal Tela Portugal\" \/>\n<meta property=\"article:published_time\" content=\"2026-02-18T14:30:00+00:00\" \/>\n<meta name=\"author\" content=\"Telinha\" \/>\n<meta name=\"twitter:card\" content=\"summary_large_image\" \/>\n<meta name=\"twitter:label1\" content=\"Escrito por\" \/>\n\t<meta name=\"twitter:data1\" content=\"Telinha\" \/>\n\t<meta name=\"twitter:label2\" content=\"Tempo estimado de leitura\" \/>\n\t<meta name=\"twitter:data2\" content=\"1 minuto\" \/>\n<script type=\"application\/ld+json\" class=\"yoast-schema-graph\">{\"@context\":\"https:\/\/schema.org\",\"@graph\":[{\"@type\":\"Article\",\"@id\":\"https:\/\/portaltela.pt\/noticias\/2026\/02\/18\/ciclo-revela-o-cinema-underground-de-philippe-garrel\/#article\",\"isPartOf\":{\"@id\":\"https:\/\/portaltela.pt\/noticias\/2026\/02\/18\/ciclo-revela-o-cinema-underground-de-philippe-garrel\/\"},\"author\":{\"name\":\"Telinha\",\"@id\":\"https:\/\/portaltela.pt\/#\/schema\/person\/c4278d4a6028830caff9ee44b42d32ed\"},\"headline\":\"Ciclo revela o cinema underground de Philippe Garrel\",\"datePublished\":\"2026-02-18T14:30:00+00:00\",\"mainEntityOfPage\":{\"@id\":\"https:\/\/portaltela.pt\/noticias\/2026\/02\/18\/ciclo-revela-o-cinema-underground-de-philippe-garrel\/\"},\"wordCount\":179,\"image\":{\"@id\":\"https:\/\/portaltela.pt\/noticias\/2026\/02\/18\/ciclo-revela-o-cinema-underground-de-philippe-garrel\/#primaryimage\"},\"thumbnailUrl\":\"https:\/\/portaltela.pt\/s.01k8rhncp4jt1\/2026\/02\/2067741.jpg\",\"keywords\":[\"arte\/teatro\",\"cinema\",\"cinema\/teatro\/concertos\",\"cultura\",\"document\u00e1rios\",\"filmes\"],\"articleSection\":[\"Not\u00edcias\"],\"inLanguage\":\"pt-PT\"},{\"@type\":\"WebPage\",\"@id\":\"https:\/\/portaltela.pt\/noticias\/2026\/02\/18\/ciclo-revela-o-cinema-underground-de-philippe-garrel\/\",\"url\":\"https:\/\/portaltela.pt\/noticias\/2026\/02\/18\/ciclo-revela-o-cinema-underground-de-philippe-garrel\/\",\"name\":\"Ciclo revela o cinema underground de Philippe Garrel - Portal Tela Portugal\",\"isPartOf\":{\"@id\":\"https:\/\/portaltela.pt\/#website\"},\"primaryImageOfPage\":{\"@id\":\"https:\/\/portaltela.pt\/noticias\/2026\/02\/18\/ciclo-revela-o-cinema-underground-de-philippe-garrel\/#primaryimage\"},\"image\":{\"@id\":\"https:\/\/portaltela.pt\/noticias\/2026\/02\/18\/ciclo-revela-o-cinema-underground-de-philippe-garrel\/#primaryimage\"},\"thumbnailUrl\":\"https:\/\/portaltela.pt\/s.01k8rhncp4jt1\/2026\/02\/2067741.jpg\",\"datePublished\":\"2026-02-18T14:30:00+00:00\",\"author\":{\"@id\":\"https:\/\/portaltela.pt\/#\/schema\/person\/c4278d4a6028830caff9ee44b42d32ed\"},\"breadcrumb\":{\"@id\":\"https:\/\/portaltela.pt\/noticias\/2026\/02\/18\/ciclo-revela-o-cinema-underground-de-philippe-garrel\/#breadcrumb\"},\"inLanguage\":\"pt-PT\",\"potentialAction\":[{\"@type\":\"ReadAction\",\"target\":[\"https:\/\/portaltela.pt\/noticias\/2026\/02\/18\/ciclo-revela-o-cinema-underground-de-philippe-garrel\/\"]}]},{\"@type\":\"ImageObject\",\"inLanguage\":\"pt-PT\",\"@id\":\"https:\/\/portaltela.pt\/noticias\/2026\/02\/18\/ciclo-revela-o-cinema-underground-de-philippe-garrel\/#primaryimage\",\"url\":\"https:\/\/portaltela.pt\/s.01k8rhncp4jt1\/2026\/02\/2067741.jpg\",\"contentUrl\":\"https:\/\/portaltela.pt\/s.01k8rhncp4jt1\/2026\/02\/2067741.jpg\",\"width\":796,\"height\":448,\"caption\":\"Philippe Garrel, em 1972, com Nico, em *La Cicatrice int\u00e9rieure*\"},{\"@type\":\"BreadcrumbList\",\"@id\":\"https:\/\/portaltela.pt\/noticias\/2026\/02\/18\/ciclo-revela-o-cinema-underground-de-philippe-garrel\/#breadcrumb\",\"itemListElement\":[{\"@type\":\"ListItem\",\"position\":1,\"name\":\"In\u00edcio\",\"item\":\"https:\/\/portaltela.pt\/\"},{\"@type\":\"ListItem\",\"position\":2,\"name\":\"Ciclo revela o cinema underground de Philippe Garrel\"}]},{\"@type\":\"WebSite\",\"@id\":\"https:\/\/portaltela.pt\/#website\",\"url\":\"https:\/\/portaltela.pt\/\",\"name\":\"Portal Tela Portugal\",\"description\":\"\",\"potentialAction\":[{\"@type\":\"SearchAction\",\"target\":{\"@type\":\"EntryPoint\",\"urlTemplate\":\"https:\/\/portaltela.pt\/?s={search_term_string}\"},\"query-input\":{\"@type\":\"PropertyValueSpecification\",\"valueRequired\":true,\"valueName\":\"search_term_string\"}}],\"inLanguage\":\"pt-PT\"},{\"@type\":\"Person\",\"@id\":\"https:\/\/portaltela.pt\/#\/schema\/person\/c4278d4a6028830caff9ee44b42d32ed\",\"name\":\"Telinha\",\"image\":{\"@type\":\"ImageObject\",\"inLanguage\":\"pt-PT\",\"@id\":\"https:\/\/portaltela.pt\/s.01k8rhncp4jt1\/2025\/11\/talking-bot-125x125.png\",\"url\":\"https:\/\/portaltela.pt\/s.01k8rhncp4jt1\/2025\/11\/talking-bot-125x125.png\",\"contentUrl\":\"https:\/\/portaltela.pt\/s.01k8rhncp4jt1\/2025\/11\/talking-bot-125x125.png\",\"caption\":\"Telinha\"},\"sameAs\":[\"https:\/\/portaltela.pt\/\"],\"url\":\"https:\/\/portaltela.pt\/por\/367410592786\/\"}]}<\/script>\n<!-- \/ Yoast SEO plugin. -->","yoast_head_json":{"title":"Ciclo revela o cinema underground de Philippe Garrel - Portal Tela Portugal","robots":{"index":"index","follow":"follow","max-snippet":"max-snippet:-1","max-image-preview":"max-image-preview:large","max-video-preview":"max-video-preview:-1"},"og_locale":"pt_PT","og_type":"article","og_title":"Ciclo revela o cinema underground de Philippe Garrel - Portal Tela Portugal","og_description":"Um ciclo em lisboa, com extens\u00f5es a outras cidades, re\u00fane Philippe Garrel e Jean Eustache, figuras centrais do p\u00f3s-Nouvelle Vague. O programa foca a rela\u00e7\u00e3o entre os dois cineastas e o legado que deixaram, com refer\u00eancias a Nico. O ciclo inclui filmes dos dois realizadores, destacando a liga\u00e7\u00e3o entre Garrel, Eustache e a \u00e9poca de maio de 68. A not\u00edcia menciona uma entrevista com Garrel sobre este percurso cinematogr\u00e1fico. Uma imagem acompanha a not\u00edcia, mostrando Garrel em 1972 com Nico, em La cicatrice int\u00e9rieure.","og_url":"https:\/\/portaltela.pt\/noticias\/2026\/02\/18\/ciclo-revela-o-cinema-underground-de-philippe-garrel\/","og_site_name":"Portal Tela Portugal","article_published_time":"2026-02-18T14:30:00+00:00","author":"Telinha","twitter_card":"summary_large_image","twitter_misc":{"Escrito por":"Telinha","Tempo estimado de leitura":"1 minuto"},"schema":{"@context":"https:\/\/schema.org","@graph":[{"@type":"Article","@id":"https:\/\/portaltela.pt\/noticias\/2026\/02\/18\/ciclo-revela-o-cinema-underground-de-philippe-garrel\/#article","isPartOf":{"@id":"https:\/\/portaltela.pt\/noticias\/2026\/02\/18\/ciclo-revela-o-cinema-underground-de-philippe-garrel\/"},"author":{"name":"Telinha","@id":"https:\/\/portaltela.pt\/#\/schema\/person\/c4278d4a6028830caff9ee44b42d32ed"},"headline":"Ciclo revela o cinema underground de Philippe Garrel","datePublished":"2026-02-18T14:30:00+00:00","mainEntityOfPage":{"@id":"https:\/\/portaltela.pt\/noticias\/2026\/02\/18\/ciclo-revela-o-cinema-underground-de-philippe-garrel\/"},"wordCount":179,"image":{"@id":"https:\/\/portaltela.pt\/noticias\/2026\/02\/18\/ciclo-revela-o-cinema-underground-de-philippe-garrel\/#primaryimage"},"thumbnailUrl":"https:\/\/portaltela.pt\/s.01k8rhncp4jt1\/2026\/02\/2067741.jpg","keywords":["arte\/teatro","cinema","cinema\/teatro\/concertos","cultura","document\u00e1rios","filmes"],"articleSection":["Not\u00edcias"],"inLanguage":"pt-PT"},{"@type":"WebPage","@id":"https:\/\/portaltela.pt\/noticias\/2026\/02\/18\/ciclo-revela-o-cinema-underground-de-philippe-garrel\/","url":"https:\/\/portaltela.pt\/noticias\/2026\/02\/18\/ciclo-revela-o-cinema-underground-de-philippe-garrel\/","name":"Ciclo revela o cinema underground de Philippe Garrel - Portal Tela Portugal","isPartOf":{"@id":"https:\/\/portaltela.pt\/#website"},"primaryImageOfPage":{"@id":"https:\/\/portaltela.pt\/noticias\/2026\/02\/18\/ciclo-revela-o-cinema-underground-de-philippe-garrel\/#primaryimage"},"image":{"@id":"https:\/\/portaltela.pt\/noticias\/2026\/02\/18\/ciclo-revela-o-cinema-underground-de-philippe-garrel\/#primaryimage"},"thumbnailUrl":"https:\/\/portaltela.pt\/s.01k8rhncp4jt1\/2026\/02\/2067741.jpg","datePublished":"2026-02-18T14:30:00+00:00","author":{"@id":"https:\/\/portaltela.pt\/#\/schema\/person\/c4278d4a6028830caff9ee44b42d32ed"},"breadcrumb":{"@id":"https:\/\/portaltela.pt\/noticias\/2026\/02\/18\/ciclo-revela-o-cinema-underground-de-philippe-garrel\/#breadcrumb"},"inLanguage":"pt-PT","potentialAction":[{"@type":"ReadAction","target":["https:\/\/portaltela.pt\/noticias\/2026\/02\/18\/ciclo-revela-o-cinema-underground-de-philippe-garrel\/"]}]},{"@type":"ImageObject","inLanguage":"pt-PT","@id":"https:\/\/portaltela.pt\/noticias\/2026\/02\/18\/ciclo-revela-o-cinema-underground-de-philippe-garrel\/#primaryimage","url":"https:\/\/portaltela.pt\/s.01k8rhncp4jt1\/2026\/02\/2067741.jpg","contentUrl":"https:\/\/portaltela.pt\/s.01k8rhncp4jt1\/2026\/02\/2067741.jpg","width":796,"height":448,"caption":"Philippe Garrel, em 1972, com Nico, em *La Cicatrice int\u00e9rieure*"},{"@type":"BreadcrumbList","@id":"https:\/\/portaltela.pt\/noticias\/2026\/02\/18\/ciclo-revela-o-cinema-underground-de-philippe-garrel\/#breadcrumb","itemListElement":[{"@type":"ListItem","position":1,"name":"In\u00edcio","item":"https:\/\/portaltela.pt\/"},{"@type":"ListItem","position":2,"name":"Ciclo revela o cinema underground de Philippe Garrel"}]},{"@type":"WebSite","@id":"https:\/\/portaltela.pt\/#website","url":"https:\/\/portaltela.pt\/","name":"Portal Tela Portugal","description":"","potentialAction":[{"@type":"SearchAction","target":{"@type":"EntryPoint","urlTemplate":"https:\/\/portaltela.pt\/?s={search_term_string}"},"query-input":{"@type":"PropertyValueSpecification","valueRequired":true,"valueName":"search_term_string"}}],"inLanguage":"pt-PT"},{"@type":"Person","@id":"https:\/\/portaltela.pt\/#\/schema\/person\/c4278d4a6028830caff9ee44b42d32ed","name":"Telinha","image":{"@type":"ImageObject","inLanguage":"pt-PT","@id":"https:\/\/portaltela.pt\/s.01k8rhncp4jt1\/2025\/11\/talking-bot-125x125.png","url":"https:\/\/portaltela.pt\/s.01k8rhncp4jt1\/2025\/11\/talking-bot-125x125.png","contentUrl":"https:\/\/portaltela.pt\/s.01k8rhncp4jt1\/2025\/11\/talking-bot-125x125.png","caption":"Telinha"},"sameAs":["https:\/\/portaltela.pt\/"],"url":"https:\/\/portaltela.pt\/por\/367410592786\/"}]}},"_links":{"self":[{"href":"https:\/\/portaltela.pt\/api\/wp\/v2\/posts\/216009","targetHints":{"allow":["GET"]}}],"collection":[{"href":"https:\/\/portaltela.pt\/api\/wp\/v2\/posts"}],"about":[{"href":"https:\/\/portaltela.pt\/api\/wp\/v2\/types\/post"}],"author":[{"embeddable":true,"href":"https:\/\/portaltela.pt\/api\/wp\/v2\/users\/2"}],"replies":[{"embeddable":true,"href":"https:\/\/portaltela.pt\/api\/wp\/v2\/comments?post=216009"}],"version-history":[{"count":0,"href":"https:\/\/portaltela.pt\/api\/wp\/v2\/posts\/216009\/revisions"}],"wp:featuredmedia":[{"embeddable":true,"href":"https:\/\/portaltela.pt\/api\/wp\/v2\/media\/216014"}],"wp:attachment":[{"href":"https:\/\/portaltela.pt\/api\/wp\/v2\/media?parent=216009"}],"wp:term":[{"taxonomy":"category","embeddable":true,"href":"https:\/\/portaltela.pt\/api\/wp\/v2\/categories?post=216009"},{"taxonomy":"post_tag","embeddable":true,"href":"https:\/\/portaltela.pt\/api\/wp\/v2\/tags?post=216009"}],"curies":[{"name":"wp","href":"https:\/\/api.w.org\/{rel}","templated":true}]}}