{"id":216002,"date":"2026-02-18T11:25:00","date_gmt":"2026-02-18T14:25:00","guid":{"rendered":"https:\/\/portaltela.pt\/noticias\/2026\/02\/18\/mariana-monteiro-e-fotografada-no-rio-com-novo-amor\/"},"modified":"2026-02-18T11:25:00","modified_gmt":"2026-02-18T14:25:00","slug":"mariana-monteiro-e-fotografada-no-rio-com-novo-amor","status":"publish","type":"post","link":"https:\/\/portaltela.pt\/noticias\/2026\/02\/18\/mariana-monteiro-e-fotografada-no-rio-com-novo-amor\/","title":{"rendered":"Mariana Monteiro \u00e9 fotografada no Rio com novo amor"},"content":{"rendered":"<p>Mariana Monteiro, atriz de 37 anos, foi vista no Rio de Janeiro, acompanhada pelo eurodeputado Bruno Gon\u00e7alves, de 29, numa noite de Carnaval. O momento foi filmado junto ao Camarote Alma Rio, na Sapuca\u00ed, sem que o casal tenha oficializado o relacionamento.<\/p>\n<p>As imagens divulgadas mostram os dois lado a lado enquanto seguiam para a celebra\u00e7\u00e3o. Apesar da exposi\u00e7\u00e3o, ambos mant\u00eam discri\u00e7\u00e3o sobre a vida amorosa, sem confirma\u00e7\u00e3o p\u00fablica do namoro.<\/p>\n<p>Mariana publicou momentos na cidade brasileira, incluindo paisagens e bastidores das festas, sem mostrar quem a acompanhava. Bruno Gon\u00e7alves, por sua vez, n\u00e3o fez publica\u00e7\u00f5es durante a estadia no Brasil.<\/p>\n<p>Este foi o primeiro registro p\u00fablico em que o casal surge junto. As fontes n\u00e3o especificam se havia algum motivo institucional por tr\u00e1s da apari\u00e7\u00e3o ou apenas o contexto festivo do Carnaval.<\/p>\n<p>Mariana Monteiro viajou ao Brasil antes do Carnaval, mas esta foi a sua estreia no evento. Ela mencionou o Rio de Janeiro nas suas redes, destacando a experi\u00eancia da folia.<\/p>\n<p>No Carnaval, a atriz desfilou no Baile da Copa vestindo verde, com traje assinado pela marca portuguesa P\u00e9 de Chumbo. Acompanhante n\u00e3o foi revelado nas imagens.<\/p>\n<p>Antes do Brasil, Mariana j\u00e1 esteve no Atl\u00e2ntico, passando alguns dias com o que seria o novo parceiro. No regresso, a atriz continuou com projetos em Portugal.<\/p>\n<p>Em Portugal, Mariana mant\u00e9m atua\u00e7\u00e3o na novela A Heran\u00e7a, da SIC, onde interpreta a vil\u00e3 Pilar. Paralelamente, integra a s\u00e9rie Homens de Honra, que estreou na RTP1.<\/p>\n","protected":false},"excerpt":{"rendered":"<ul>\n<li>Mariana Monteiro, 37 anos, e o eurodeputado Bruno Gon\u00e7alves, 29, foram vistos juntos no Rio de Janeiro a caminho de uma celebra\u00e7\u00e3o de Carnaval, no Camarote Alma Rio.<\/li>\n<li>As imagens surgiram no fim de semana e marcaram a primeira apari\u00e7\u00e3o p\u00fablica do casal, alimentando rumores sem confirma\u00e7\u00e3o oficial do namoro.<\/li>\n<li>Os dois mant\u00eam discri\u00e7\u00e3o: Mariana partilhou momentos na cidade, sem expor o companheiro, e Bruno n\u00e3o publicou durante a estadia no Brasil.<\/li>\n<li>Esta foi a estreia de Mariana no Carnaval do Rio; a atriz mostrou-se entusiasmada e posou num dos eventos mais badalados da cidade.<\/li>\n<li>Enquanto isso, em Portugal, Mariana continua a lutar pela novela A heran\u00e7a, da SIC, e pela s\u00e9rie Homens de honra, da RTP1.<\/li>\n<\/ul>\n","protected":false},"author":2,"featured_media":216006,"comment_status":"closed","ping_status":"closed","sticky":false,"template":"","format":"standard","meta":{"footnotes":""},"categories":[12,1],"tags":[4275,2547,76,78,6064,1014],"class_list":["post-216002","post","type-post","status-publish","format-standard","has-post-thumbnail","hentry","category-entretenimento","category-noticias","tag-a-heranca","tag-brasil","tag-celebridades","tag-famosos","tag-homens-de-honra","tag-portugal"],"yoast_head":"<!-- This site is optimized with the Yoast SEO plugin v27.2 - https:\/\/yoast.com\/product\/yoast-seo-wordpress\/ -->\n<title>Mariana Monteiro \u00e9 fotografada no Rio com novo amor - Portal Tela Portugal<\/title>\n<meta name=\"robots\" content=\"index, follow, max-snippet:-1, max-image-preview:large, max-video-preview:-1\" \/>\n<meta property=\"og:locale\" content=\"pt_PT\" \/>\n<meta property=\"og:type\" content=\"article\" \/>\n<meta property=\"og:title\" content=\"Mariana Monteiro \u00e9 fotografada no Rio com novo amor - Portal Tela Portugal\" \/>\n<meta property=\"og:description\" content=\"Mariana Monteiro, 37 anos, e o eurodeputado Bruno Gon\u00e7alves, 29, foram vistos juntos no Rio de Janeiro a caminho de uma celebra\u00e7\u00e3o de Carnaval, no Camarote Alma Rio. As imagens surgiram no fim de semana e marcaram a primeira apari\u00e7\u00e3o p\u00fablica do casal, alimentando rumores sem confirma\u00e7\u00e3o oficial do namoro. Os dois mant\u00eam discri\u00e7\u00e3o: Mariana partilhou momentos na cidade, sem expor o companheiro, e Bruno n\u00e3o publicou durante a estadia no Brasil. Esta foi a estreia de Mariana no Carnaval do Rio; a atriz mostrou-se entusiasmada e posou num dos eventos mais badalados da cidade. Enquanto isso, em Portugal, Mariana continua a lutar pela novela A heran\u00e7a, da SIC, e pela s\u00e9rie Homens de honra, da RTP1.\" \/>\n<meta property=\"og:url\" content=\"https:\/\/portaltela.pt\/noticias\/2026\/02\/18\/mariana-monteiro-e-fotografada-no-rio-com-novo-amor\/\" \/>\n<meta property=\"og:site_name\" content=\"Portal Tela Portugal\" \/>\n<meta property=\"article:published_time\" content=\"2026-02-18T14:25:00+00:00\" \/>\n<meta name=\"author\" content=\"Telinha\" \/>\n<meta name=\"twitter:card\" content=\"summary_large_image\" \/>\n<meta name=\"twitter:label1\" content=\"Escrito por\" \/>\n\t<meta name=\"twitter:data1\" content=\"Telinha\" \/>\n\t<meta name=\"twitter:label2\" content=\"Tempo estimado de leitura\" \/>\n\t<meta name=\"twitter:data2\" content=\"1 minuto\" \/>\n<script type=\"application\/ld+json\" class=\"yoast-schema-graph\">{\"@context\":\"https:\/\/schema.org\",\"@graph\":[{\"@type\":\"Article\",\"@id\":\"https:\/\/portaltela.pt\/noticias\/2026\/02\/18\/mariana-monteiro-e-fotografada-no-rio-com-novo-amor\/#article\",\"isPartOf\":{\"@id\":\"https:\/\/portaltela.pt\/noticias\/2026\/02\/18\/mariana-monteiro-e-fotografada-no-rio-com-novo-amor\/\"},\"author\":{\"name\":\"Telinha\",\"@id\":\"https:\/\/portaltela.pt\/#\/schema\/person\/c4278d4a6028830caff9ee44b42d32ed\"},\"headline\":\"Mariana Monteiro \u00e9 fotografada no Rio com novo amor\",\"datePublished\":\"2026-02-18T14:25:00+00:00\",\"mainEntityOfPage\":{\"@id\":\"https:\/\/portaltela.pt\/noticias\/2026\/02\/18\/mariana-monteiro-e-fotografada-no-rio-com-novo-amor\/\"},\"wordCount\":270,\"image\":{\"@id\":\"https:\/\/portaltela.pt\/noticias\/2026\/02\/18\/mariana-monteiro-e-fotografada-no-rio-com-novo-amor\/#primaryimage\"},\"thumbnailUrl\":\"https:\/\/portaltela.pt\/s.01k8rhncp4jt1\/2026\/02\/dc052838-bac9-4aa8-b9c8-98cf01e9265e_1200x675.jpg\",\"keywords\":[\"A Heran\u00e7a\",\"Brasil\",\"celebridades\",\"famosos\",\"Homens de Honra\",\"Portugal\"],\"articleSection\":[\"Entretenimento\",\"Not\u00edcias\"],\"inLanguage\":\"pt-PT\"},{\"@type\":\"WebPage\",\"@id\":\"https:\/\/portaltela.pt\/noticias\/2026\/02\/18\/mariana-monteiro-e-fotografada-no-rio-com-novo-amor\/\",\"url\":\"https:\/\/portaltela.pt\/noticias\/2026\/02\/18\/mariana-monteiro-e-fotografada-no-rio-com-novo-amor\/\",\"name\":\"Mariana Monteiro \u00e9 fotografada no Rio com novo amor - Portal Tela Portugal\",\"isPartOf\":{\"@id\":\"https:\/\/portaltela.pt\/#website\"},\"primaryImageOfPage\":{\"@id\":\"https:\/\/portaltela.pt\/noticias\/2026\/02\/18\/mariana-monteiro-e-fotografada-no-rio-com-novo-amor\/#primaryimage\"},\"image\":{\"@id\":\"https:\/\/portaltela.pt\/noticias\/2026\/02\/18\/mariana-monteiro-e-fotografada-no-rio-com-novo-amor\/#primaryimage\"},\"thumbnailUrl\":\"https:\/\/portaltela.pt\/s.01k8rhncp4jt1\/2026\/02\/dc052838-bac9-4aa8-b9c8-98cf01e9265e_1200x675.jpg\",\"datePublished\":\"2026-02-18T14:25:00+00:00\",\"author\":{\"@id\":\"https:\/\/portaltela.pt\/#\/schema\/person\/c4278d4a6028830caff9ee44b42d32ed\"},\"breadcrumb\":{\"@id\":\"https:\/\/portaltela.pt\/noticias\/2026\/02\/18\/mariana-monteiro-e-fotografada-no-rio-com-novo-amor\/#breadcrumb\"},\"inLanguage\":\"pt-PT\",\"potentialAction\":[{\"@type\":\"ReadAction\",\"target\":[\"https:\/\/portaltela.pt\/noticias\/2026\/02\/18\/mariana-monteiro-e-fotografada-no-rio-com-novo-amor\/\"]}]},{\"@type\":\"ImageObject\",\"inLanguage\":\"pt-PT\",\"@id\":\"https:\/\/portaltela.pt\/noticias\/2026\/02\/18\/mariana-monteiro-e-fotografada-no-rio-com-novo-amor\/#primaryimage\",\"url\":\"https:\/\/portaltela.pt\/s.01k8rhncp4jt1\/2026\/02\/dc052838-bac9-4aa8-b9c8-98cf01e9265e_1200x675.jpg\",\"contentUrl\":\"https:\/\/portaltela.pt\/s.01k8rhncp4jt1\/2026\/02\/dc052838-bac9-4aa8-b9c8-98cf01e9265e_1200x675.jpg\",\"width\":796,\"height\":448,\"caption\":\"Relacionamento de Bruno Gon\u00e7alves e Mariana Monteiro \u00e9 assumido entre os amigos mais pr\u00f3ximos\"},{\"@type\":\"BreadcrumbList\",\"@id\":\"https:\/\/portaltela.pt\/noticias\/2026\/02\/18\/mariana-monteiro-e-fotografada-no-rio-com-novo-amor\/#breadcrumb\",\"itemListElement\":[{\"@type\":\"ListItem\",\"position\":1,\"name\":\"In\u00edcio\",\"item\":\"https:\/\/portaltela.pt\/\"},{\"@type\":\"ListItem\",\"position\":2,\"name\":\"Mariana Monteiro \u00e9 fotografada no Rio com novo amor\"}]},{\"@type\":\"WebSite\",\"@id\":\"https:\/\/portaltela.pt\/#website\",\"url\":\"https:\/\/portaltela.pt\/\",\"name\":\"Portal Tela Portugal\",\"description\":\"\",\"potentialAction\":[{\"@type\":\"SearchAction\",\"target\":{\"@type\":\"EntryPoint\",\"urlTemplate\":\"https:\/\/portaltela.pt\/?s={search_term_string}\"},\"query-input\":{\"@type\":\"PropertyValueSpecification\",\"valueRequired\":true,\"valueName\":\"search_term_string\"}}],\"inLanguage\":\"pt-PT\"},{\"@type\":\"Person\",\"@id\":\"https:\/\/portaltela.pt\/#\/schema\/person\/c4278d4a6028830caff9ee44b42d32ed\",\"name\":\"Telinha\",\"image\":{\"@type\":\"ImageObject\",\"inLanguage\":\"pt-PT\",\"@id\":\"https:\/\/portaltela.pt\/s.01k8rhncp4jt1\/2025\/11\/talking-bot-125x125.png\",\"url\":\"https:\/\/portaltela.pt\/s.01k8rhncp4jt1\/2025\/11\/talking-bot-125x125.png\",\"contentUrl\":\"https:\/\/portaltela.pt\/s.01k8rhncp4jt1\/2025\/11\/talking-bot-125x125.png\",\"caption\":\"Telinha\"},\"sameAs\":[\"https:\/\/portaltela.pt\/\"],\"url\":\"https:\/\/portaltela.pt\/por\/367410592786\/\"}]}<\/script>\n<!-- \/ Yoast SEO plugin. -->","yoast_head_json":{"title":"Mariana Monteiro \u00e9 fotografada no Rio com novo amor - Portal Tela Portugal","robots":{"index":"index","follow":"follow","max-snippet":"max-snippet:-1","max-image-preview":"max-image-preview:large","max-video-preview":"max-video-preview:-1"},"og_locale":"pt_PT","og_type":"article","og_title":"Mariana Monteiro \u00e9 fotografada no Rio com novo amor - Portal Tela Portugal","og_description":"Mariana Monteiro, 37 anos, e o eurodeputado Bruno Gon\u00e7alves, 29, foram vistos juntos no Rio de Janeiro a caminho de uma celebra\u00e7\u00e3o de Carnaval, no Camarote Alma Rio. As imagens surgiram no fim de semana e marcaram a primeira apari\u00e7\u00e3o p\u00fablica do casal, alimentando rumores sem confirma\u00e7\u00e3o oficial do namoro. Os dois mant\u00eam discri\u00e7\u00e3o: Mariana partilhou momentos na cidade, sem expor o companheiro, e Bruno n\u00e3o publicou durante a estadia no Brasil. Esta foi a estreia de Mariana no Carnaval do Rio; a atriz mostrou-se entusiasmada e posou num dos eventos mais badalados da cidade. Enquanto isso, em Portugal, Mariana continua a lutar pela novela A heran\u00e7a, da SIC, e pela s\u00e9rie Homens de honra, da RTP1.","og_url":"https:\/\/portaltela.pt\/noticias\/2026\/02\/18\/mariana-monteiro-e-fotografada-no-rio-com-novo-amor\/","og_site_name":"Portal Tela Portugal","article_published_time":"2026-02-18T14:25:00+00:00","author":"Telinha","twitter_card":"summary_large_image","twitter_misc":{"Escrito por":"Telinha","Tempo estimado de leitura":"1 minuto"},"schema":{"@context":"https:\/\/schema.org","@graph":[{"@type":"Article","@id":"https:\/\/portaltela.pt\/noticias\/2026\/02\/18\/mariana-monteiro-e-fotografada-no-rio-com-novo-amor\/#article","isPartOf":{"@id":"https:\/\/portaltela.pt\/noticias\/2026\/02\/18\/mariana-monteiro-e-fotografada-no-rio-com-novo-amor\/"},"author":{"name":"Telinha","@id":"https:\/\/portaltela.pt\/#\/schema\/person\/c4278d4a6028830caff9ee44b42d32ed"},"headline":"Mariana Monteiro \u00e9 fotografada no Rio com novo amor","datePublished":"2026-02-18T14:25:00+00:00","mainEntityOfPage":{"@id":"https:\/\/portaltela.pt\/noticias\/2026\/02\/18\/mariana-monteiro-e-fotografada-no-rio-com-novo-amor\/"},"wordCount":270,"image":{"@id":"https:\/\/portaltela.pt\/noticias\/2026\/02\/18\/mariana-monteiro-e-fotografada-no-rio-com-novo-amor\/#primaryimage"},"thumbnailUrl":"https:\/\/portaltela.pt\/s.01k8rhncp4jt1\/2026\/02\/dc052838-bac9-4aa8-b9c8-98cf01e9265e_1200x675.jpg","keywords":["A Heran\u00e7a","Brasil","celebridades","famosos","Homens de Honra","Portugal"],"articleSection":["Entretenimento","Not\u00edcias"],"inLanguage":"pt-PT"},{"@type":"WebPage","@id":"https:\/\/portaltela.pt\/noticias\/2026\/02\/18\/mariana-monteiro-e-fotografada-no-rio-com-novo-amor\/","url":"https:\/\/portaltela.pt\/noticias\/2026\/02\/18\/mariana-monteiro-e-fotografada-no-rio-com-novo-amor\/","name":"Mariana Monteiro \u00e9 fotografada no Rio com novo amor - Portal Tela Portugal","isPartOf":{"@id":"https:\/\/portaltela.pt\/#website"},"primaryImageOfPage":{"@id":"https:\/\/portaltela.pt\/noticias\/2026\/02\/18\/mariana-monteiro-e-fotografada-no-rio-com-novo-amor\/#primaryimage"},"image":{"@id":"https:\/\/portaltela.pt\/noticias\/2026\/02\/18\/mariana-monteiro-e-fotografada-no-rio-com-novo-amor\/#primaryimage"},"thumbnailUrl":"https:\/\/portaltela.pt\/s.01k8rhncp4jt1\/2026\/02\/dc052838-bac9-4aa8-b9c8-98cf01e9265e_1200x675.jpg","datePublished":"2026-02-18T14:25:00+00:00","author":{"@id":"https:\/\/portaltela.pt\/#\/schema\/person\/c4278d4a6028830caff9ee44b42d32ed"},"breadcrumb":{"@id":"https:\/\/portaltela.pt\/noticias\/2026\/02\/18\/mariana-monteiro-e-fotografada-no-rio-com-novo-amor\/#breadcrumb"},"inLanguage":"pt-PT","potentialAction":[{"@type":"ReadAction","target":["https:\/\/portaltela.pt\/noticias\/2026\/02\/18\/mariana-monteiro-e-fotografada-no-rio-com-novo-amor\/"]}]},{"@type":"ImageObject","inLanguage":"pt-PT","@id":"https:\/\/portaltela.pt\/noticias\/2026\/02\/18\/mariana-monteiro-e-fotografada-no-rio-com-novo-amor\/#primaryimage","url":"https:\/\/portaltela.pt\/s.01k8rhncp4jt1\/2026\/02\/dc052838-bac9-4aa8-b9c8-98cf01e9265e_1200x675.jpg","contentUrl":"https:\/\/portaltela.pt\/s.01k8rhncp4jt1\/2026\/02\/dc052838-bac9-4aa8-b9c8-98cf01e9265e_1200x675.jpg","width":796,"height":448,"caption":"Relacionamento de Bruno Gon\u00e7alves e Mariana Monteiro \u00e9 assumido entre os amigos mais pr\u00f3ximos"},{"@type":"BreadcrumbList","@id":"https:\/\/portaltela.pt\/noticias\/2026\/02\/18\/mariana-monteiro-e-fotografada-no-rio-com-novo-amor\/#breadcrumb","itemListElement":[{"@type":"ListItem","position":1,"name":"In\u00edcio","item":"https:\/\/portaltela.pt\/"},{"@type":"ListItem","position":2,"name":"Mariana Monteiro \u00e9 fotografada no Rio com novo amor"}]},{"@type":"WebSite","@id":"https:\/\/portaltela.pt\/#website","url":"https:\/\/portaltela.pt\/","name":"Portal Tela Portugal","description":"","potentialAction":[{"@type":"SearchAction","target":{"@type":"EntryPoint","urlTemplate":"https:\/\/portaltela.pt\/?s={search_term_string}"},"query-input":{"@type":"PropertyValueSpecification","valueRequired":true,"valueName":"search_term_string"}}],"inLanguage":"pt-PT"},{"@type":"Person","@id":"https:\/\/portaltela.pt\/#\/schema\/person\/c4278d4a6028830caff9ee44b42d32ed","name":"Telinha","image":{"@type":"ImageObject","inLanguage":"pt-PT","@id":"https:\/\/portaltela.pt\/s.01k8rhncp4jt1\/2025\/11\/talking-bot-125x125.png","url":"https:\/\/portaltela.pt\/s.01k8rhncp4jt1\/2025\/11\/talking-bot-125x125.png","contentUrl":"https:\/\/portaltela.pt\/s.01k8rhncp4jt1\/2025\/11\/talking-bot-125x125.png","caption":"Telinha"},"sameAs":["https:\/\/portaltela.pt\/"],"url":"https:\/\/portaltela.pt\/por\/367410592786\/"}]}},"_links":{"self":[{"href":"https:\/\/portaltela.pt\/api\/wp\/v2\/posts\/216002","targetHints":{"allow":["GET"]}}],"collection":[{"href":"https:\/\/portaltela.pt\/api\/wp\/v2\/posts"}],"about":[{"href":"https:\/\/portaltela.pt\/api\/wp\/v2\/types\/post"}],"author":[{"embeddable":true,"href":"https:\/\/portaltela.pt\/api\/wp\/v2\/users\/2"}],"replies":[{"embeddable":true,"href":"https:\/\/portaltela.pt\/api\/wp\/v2\/comments?post=216002"}],"version-history":[{"count":0,"href":"https:\/\/portaltela.pt\/api\/wp\/v2\/posts\/216002\/revisions"}],"wp:featuredmedia":[{"embeddable":true,"href":"https:\/\/portaltela.pt\/api\/wp\/v2\/media\/216006"}],"wp:attachment":[{"href":"https:\/\/portaltela.pt\/api\/wp\/v2\/media?parent=216002"}],"wp:term":[{"taxonomy":"category","embeddable":true,"href":"https:\/\/portaltela.pt\/api\/wp\/v2\/categories?post=216002"},{"taxonomy":"post_tag","embeddable":true,"href":"https:\/\/portaltela.pt\/api\/wp\/v2\/tags?post=216002"}],"curies":[{"name":"wp","href":"https:\/\/api.w.org\/{rel}","templated":true}]}}