{"id":215983,"date":"2026-02-17T21:00:00","date_gmt":"2026-02-18T00:00:00","guid":{"rendered":"https:\/\/portaltela.pt\/noticias\/2026\/02\/17\/quase-84-mil-utilizadores-continuam-sem-comunicacoes\/"},"modified":"2026-02-17T21:00:00","modified_gmt":"2026-02-18T00:00:00","slug":"quase-84-mil-utilizadores-continuam-sem-comunicacoes","status":"publish","type":"post","link":"https:\/\/portaltela.pt\/noticias\/2026\/02\/17\/quase-84-mil-utilizadores-continuam-sem-comunicacoes\/","title":{"rendered":"Quase 84 mil utilizadores continuam sem comunica\u00e7\u00f5es"},"content":{"rendered":"<p>O presidente da Estrutura de Miss\u00e3o Reconstru\u00e7\u00e3o da Regi\u00e3o Centro do Pa\u00eds, Paulo Fernandes, informou nesta quarta-feira, 18 de fevereiro, que quase 84 mil utilizadores continuam sem comunica\u00e7\u00f5es devido ao mau tempo que afetou Portugal.<\/p>\n<p>O respons\u00e1vel destacou os esfor\u00e7os para restabelecer os servi\u00e7os, incluindo a distribui\u00e7\u00e3o de equipamentos Starlink e a ativa\u00e7\u00e3o do roaming nacional.<\/p>\n<p>A iniciativa visa acelerar a reconex\u00e3o em \u00e1reas mais afetadas, com apoio das autoridades locais e operadoras, segundo a pasta respons\u00e1vel pela reconstru\u00e7\u00e3o.<\/p>\n","protected":false},"excerpt":{"rendered":"<ul>\n<li>Existem quase 84 mil utilizadores sem comunica\u00e7\u00f5es devido ao mau tempo que afetou Portugal.<\/li>\n<li>O an\u00fancio foi feito na quarta-feira, 18 de fevereiro, pelo presidente da Estrutura de Miss\u00e3o Reconstru\u00e7\u00e3o da Regi\u00e3o Centro do Pa\u00eds, Paulo Fernandes.<\/li>\n<li>A Estrutura est\u00e1 a trabalhar para restabelecer servi\u00e7os, incluindo a distribui\u00e7\u00e3o de equipamentos Starlink.<\/li>\n<li>Est\u00e1 tamb\u00e9m a ser ativado o roaming nacional para facilitar as comunica\u00e7\u00f5es na regi\u00e3o afetada.<\/li>\n<\/ul>\n","protected":false},"author":2,"featured_media":215984,"comment_status":"closed","ping_status":"closed","sticky":false,"template":"","format":"standard","meta":{"footnotes":""},"categories":[1],"tags":[5050,2206,1935,4650,5010,2171],"class_list":["post-215983","post","type-post","status-publish","format-standard","has-post-thumbnail","hentry","category-noticias","tag-calamidades-publicas","tag-comunicacoes","tag-emergencias","tag-regiao-centro","tag-starlink","tag-telecomunicacoes"],"yoast_head":"<!-- This site is optimized with the Yoast SEO plugin v27.2 - https:\/\/yoast.com\/product\/yoast-seo-wordpress\/ -->\n<title>Quase 84 mil utilizadores continuam sem comunica\u00e7\u00f5es - Portal Tela Portugal<\/title>\n<meta name=\"robots\" content=\"index, follow, max-snippet:-1, max-image-preview:large, max-video-preview:-1\" \/>\n<meta property=\"og:locale\" content=\"pt_PT\" \/>\n<meta property=\"og:type\" content=\"article\" \/>\n<meta property=\"og:title\" content=\"Quase 84 mil utilizadores continuam sem comunica\u00e7\u00f5es - Portal Tela Portugal\" \/>\n<meta property=\"og:description\" content=\"Existem quase 84 mil utilizadores sem comunica\u00e7\u00f5es devido ao mau tempo que afetou Portugal. O an\u00fancio foi feito na quarta-feira, 18 de fevereiro, pelo presidente da Estrutura de Miss\u00e3o Reconstru\u00e7\u00e3o da Regi\u00e3o Centro do Pa\u00eds, Paulo Fernandes. A Estrutura est\u00e1 a trabalhar para restabelecer servi\u00e7os, incluindo a distribui\u00e7\u00e3o de equipamentos Starlink. Est\u00e1 tamb\u00e9m a ser ativado o roaming nacional para facilitar as comunica\u00e7\u00f5es na regi\u00e3o afetada.\" \/>\n<meta property=\"og:url\" content=\"https:\/\/portaltela.pt\/noticias\/2026\/02\/17\/quase-84-mil-utilizadores-continuam-sem-comunicacoes\/\" \/>\n<meta property=\"og:site_name\" content=\"Portal Tela Portugal\" \/>\n<meta property=\"article:published_time\" content=\"2026-02-18T00:00:00+00:00\" \/>\n<meta name=\"author\" content=\"Telinha\" \/>\n<meta name=\"twitter:card\" content=\"summary_large_image\" \/>\n<meta name=\"twitter:label1\" content=\"Escrito por\" \/>\n\t<meta name=\"twitter:data1\" content=\"Telinha\" \/>\n<script type=\"application\/ld+json\" class=\"yoast-schema-graph\">{\"@context\":\"https:\/\/schema.org\",\"@graph\":[{\"@type\":\"Article\",\"@id\":\"https:\/\/portaltela.pt\/noticias\/2026\/02\/17\/quase-84-mil-utilizadores-continuam-sem-comunicacoes\/#article\",\"isPartOf\":{\"@id\":\"https:\/\/portaltela.pt\/noticias\/2026\/02\/17\/quase-84-mil-utilizadores-continuam-sem-comunicacoes\/\"},\"author\":{\"name\":\"Telinha\",\"@id\":\"https:\/\/portaltela.pt\/#\/schema\/person\/c4278d4a6028830caff9ee44b42d32ed\"},\"headline\":\"Quase 84 mil utilizadores continuam sem comunica\u00e7\u00f5es\",\"datePublished\":\"2026-02-18T00:00:00+00:00\",\"mainEntityOfPage\":{\"@id\":\"https:\/\/portaltela.pt\/noticias\/2026\/02\/17\/quase-84-mil-utilizadores-continuam-sem-comunicacoes\/\"},\"wordCount\":97,\"image\":{\"@id\":\"https:\/\/portaltela.pt\/noticias\/2026\/02\/17\/quase-84-mil-utilizadores-continuam-sem-comunicacoes\/#primaryimage\"},\"thumbnailUrl\":\"https:\/\/portaltela.pt\/s.01k8rhncp4jt1\/2026\/02\/dn2F2026-02-022F8ebtvjss2FDN28012026REINALDORODRIGUES087.jpg\",\"keywords\":[\"calamidades p\u00fablicas\",\"comunica\u00e7\u00f5es\",\"emerg\u00eancias\",\"Regi\u00e3o Centro\",\"Starlink\",\"telecomunica\u00e7\u00f5es\"],\"articleSection\":[\"Not\u00edcias\"],\"inLanguage\":\"pt-PT\"},{\"@type\":\"WebPage\",\"@id\":\"https:\/\/portaltela.pt\/noticias\/2026\/02\/17\/quase-84-mil-utilizadores-continuam-sem-comunicacoes\/\",\"url\":\"https:\/\/portaltela.pt\/noticias\/2026\/02\/17\/quase-84-mil-utilizadores-continuam-sem-comunicacoes\/\",\"name\":\"Quase 84 mil utilizadores continuam sem comunica\u00e7\u00f5es - Portal Tela Portugal\",\"isPartOf\":{\"@id\":\"https:\/\/portaltela.pt\/#website\"},\"primaryImageOfPage\":{\"@id\":\"https:\/\/portaltela.pt\/noticias\/2026\/02\/17\/quase-84-mil-utilizadores-continuam-sem-comunicacoes\/#primaryimage\"},\"image\":{\"@id\":\"https:\/\/portaltela.pt\/noticias\/2026\/02\/17\/quase-84-mil-utilizadores-continuam-sem-comunicacoes\/#primaryimage\"},\"thumbnailUrl\":\"https:\/\/portaltela.pt\/s.01k8rhncp4jt1\/2026\/02\/dn2F2026-02-022F8ebtvjss2FDN28012026REINALDORODRIGUES087.jpg\",\"datePublished\":\"2026-02-18T00:00:00+00:00\",\"author\":{\"@id\":\"https:\/\/portaltela.pt\/#\/schema\/person\/c4278d4a6028830caff9ee44b42d32ed\"},\"breadcrumb\":{\"@id\":\"https:\/\/portaltela.pt\/noticias\/2026\/02\/17\/quase-84-mil-utilizadores-continuam-sem-comunicacoes\/#breadcrumb\"},\"inLanguage\":\"pt-PT\",\"potentialAction\":[{\"@type\":\"ReadAction\",\"target\":[\"https:\/\/portaltela.pt\/noticias\/2026\/02\/17\/quase-84-mil-utilizadores-continuam-sem-comunicacoes\/\"]}]},{\"@type\":\"ImageObject\",\"inLanguage\":\"pt-PT\",\"@id\":\"https:\/\/portaltela.pt\/noticias\/2026\/02\/17\/quase-84-mil-utilizadores-continuam-sem-comunicacoes\/#primaryimage\",\"url\":\"https:\/\/portaltela.pt\/s.01k8rhncp4jt1\/2026\/02\/dn2F2026-02-022F8ebtvjss2FDN28012026REINALDORODRIGUES087.jpg\",\"contentUrl\":\"https:\/\/portaltela.pt\/s.01k8rhncp4jt1\/2026\/02\/dn2F2026-02-022F8ebtvjss2FDN28012026REINALDORODRIGUES087.jpg\",\"width\":1200,\"height\":800,\"caption\":\"Reinaldo Rodrigues\"},{\"@type\":\"BreadcrumbList\",\"@id\":\"https:\/\/portaltela.pt\/noticias\/2026\/02\/17\/quase-84-mil-utilizadores-continuam-sem-comunicacoes\/#breadcrumb\",\"itemListElement\":[{\"@type\":\"ListItem\",\"position\":1,\"name\":\"In\u00edcio\",\"item\":\"https:\/\/portaltela.pt\/\"},{\"@type\":\"ListItem\",\"position\":2,\"name\":\"Quase 84 mil utilizadores continuam sem comunica\u00e7\u00f5es\"}]},{\"@type\":\"WebSite\",\"@id\":\"https:\/\/portaltela.pt\/#website\",\"url\":\"https:\/\/portaltela.pt\/\",\"name\":\"Portal Tela Portugal\",\"description\":\"\",\"potentialAction\":[{\"@type\":\"SearchAction\",\"target\":{\"@type\":\"EntryPoint\",\"urlTemplate\":\"https:\/\/portaltela.pt\/?s={search_term_string}\"},\"query-input\":{\"@type\":\"PropertyValueSpecification\",\"valueRequired\":true,\"valueName\":\"search_term_string\"}}],\"inLanguage\":\"pt-PT\"},{\"@type\":\"Person\",\"@id\":\"https:\/\/portaltela.pt\/#\/schema\/person\/c4278d4a6028830caff9ee44b42d32ed\",\"name\":\"Telinha\",\"image\":{\"@type\":\"ImageObject\",\"inLanguage\":\"pt-PT\",\"@id\":\"https:\/\/portaltela.pt\/s.01k8rhncp4jt1\/2025\/11\/talking-bot-125x125.png\",\"url\":\"https:\/\/portaltela.pt\/s.01k8rhncp4jt1\/2025\/11\/talking-bot-125x125.png\",\"contentUrl\":\"https:\/\/portaltela.pt\/s.01k8rhncp4jt1\/2025\/11\/talking-bot-125x125.png\",\"caption\":\"Telinha\"},\"sameAs\":[\"https:\/\/portaltela.pt\/\"],\"url\":\"https:\/\/portaltela.pt\/por\/367410592786\/\"}]}<\/script>\n<!-- \/ Yoast SEO plugin. -->","yoast_head_json":{"title":"Quase 84 mil utilizadores continuam sem comunica\u00e7\u00f5es - Portal Tela Portugal","robots":{"index":"index","follow":"follow","max-snippet":"max-snippet:-1","max-image-preview":"max-image-preview:large","max-video-preview":"max-video-preview:-1"},"og_locale":"pt_PT","og_type":"article","og_title":"Quase 84 mil utilizadores continuam sem comunica\u00e7\u00f5es - Portal Tela Portugal","og_description":"Existem quase 84 mil utilizadores sem comunica\u00e7\u00f5es devido ao mau tempo que afetou Portugal. O an\u00fancio foi feito na quarta-feira, 18 de fevereiro, pelo presidente da Estrutura de Miss\u00e3o Reconstru\u00e7\u00e3o da Regi\u00e3o Centro do Pa\u00eds, Paulo Fernandes. A Estrutura est\u00e1 a trabalhar para restabelecer servi\u00e7os, incluindo a distribui\u00e7\u00e3o de equipamentos Starlink. Est\u00e1 tamb\u00e9m a ser ativado o roaming nacional para facilitar as comunica\u00e7\u00f5es na regi\u00e3o afetada.","og_url":"https:\/\/portaltela.pt\/noticias\/2026\/02\/17\/quase-84-mil-utilizadores-continuam-sem-comunicacoes\/","og_site_name":"Portal Tela Portugal","article_published_time":"2026-02-18T00:00:00+00:00","author":"Telinha","twitter_card":"summary_large_image","twitter_misc":{"Escrito por":"Telinha"},"schema":{"@context":"https:\/\/schema.org","@graph":[{"@type":"Article","@id":"https:\/\/portaltela.pt\/noticias\/2026\/02\/17\/quase-84-mil-utilizadores-continuam-sem-comunicacoes\/#article","isPartOf":{"@id":"https:\/\/portaltela.pt\/noticias\/2026\/02\/17\/quase-84-mil-utilizadores-continuam-sem-comunicacoes\/"},"author":{"name":"Telinha","@id":"https:\/\/portaltela.pt\/#\/schema\/person\/c4278d4a6028830caff9ee44b42d32ed"},"headline":"Quase 84 mil utilizadores continuam sem comunica\u00e7\u00f5es","datePublished":"2026-02-18T00:00:00+00:00","mainEntityOfPage":{"@id":"https:\/\/portaltela.pt\/noticias\/2026\/02\/17\/quase-84-mil-utilizadores-continuam-sem-comunicacoes\/"},"wordCount":97,"image":{"@id":"https:\/\/portaltela.pt\/noticias\/2026\/02\/17\/quase-84-mil-utilizadores-continuam-sem-comunicacoes\/#primaryimage"},"thumbnailUrl":"https:\/\/portaltela.pt\/s.01k8rhncp4jt1\/2026\/02\/dn2F2026-02-022F8ebtvjss2FDN28012026REINALDORODRIGUES087.jpg","keywords":["calamidades p\u00fablicas","comunica\u00e7\u00f5es","emerg\u00eancias","Regi\u00e3o Centro","Starlink","telecomunica\u00e7\u00f5es"],"articleSection":["Not\u00edcias"],"inLanguage":"pt-PT"},{"@type":"WebPage","@id":"https:\/\/portaltela.pt\/noticias\/2026\/02\/17\/quase-84-mil-utilizadores-continuam-sem-comunicacoes\/","url":"https:\/\/portaltela.pt\/noticias\/2026\/02\/17\/quase-84-mil-utilizadores-continuam-sem-comunicacoes\/","name":"Quase 84 mil utilizadores continuam sem comunica\u00e7\u00f5es - Portal Tela Portugal","isPartOf":{"@id":"https:\/\/portaltela.pt\/#website"},"primaryImageOfPage":{"@id":"https:\/\/portaltela.pt\/noticias\/2026\/02\/17\/quase-84-mil-utilizadores-continuam-sem-comunicacoes\/#primaryimage"},"image":{"@id":"https:\/\/portaltela.pt\/noticias\/2026\/02\/17\/quase-84-mil-utilizadores-continuam-sem-comunicacoes\/#primaryimage"},"thumbnailUrl":"https:\/\/portaltela.pt\/s.01k8rhncp4jt1\/2026\/02\/dn2F2026-02-022F8ebtvjss2FDN28012026REINALDORODRIGUES087.jpg","datePublished":"2026-02-18T00:00:00+00:00","author":{"@id":"https:\/\/portaltela.pt\/#\/schema\/person\/c4278d4a6028830caff9ee44b42d32ed"},"breadcrumb":{"@id":"https:\/\/portaltela.pt\/noticias\/2026\/02\/17\/quase-84-mil-utilizadores-continuam-sem-comunicacoes\/#breadcrumb"},"inLanguage":"pt-PT","potentialAction":[{"@type":"ReadAction","target":["https:\/\/portaltela.pt\/noticias\/2026\/02\/17\/quase-84-mil-utilizadores-continuam-sem-comunicacoes\/"]}]},{"@type":"ImageObject","inLanguage":"pt-PT","@id":"https:\/\/portaltela.pt\/noticias\/2026\/02\/17\/quase-84-mil-utilizadores-continuam-sem-comunicacoes\/#primaryimage","url":"https:\/\/portaltela.pt\/s.01k8rhncp4jt1\/2026\/02\/dn2F2026-02-022F8ebtvjss2FDN28012026REINALDORODRIGUES087.jpg","contentUrl":"https:\/\/portaltela.pt\/s.01k8rhncp4jt1\/2026\/02\/dn2F2026-02-022F8ebtvjss2FDN28012026REINALDORODRIGUES087.jpg","width":1200,"height":800,"caption":"Reinaldo Rodrigues"},{"@type":"BreadcrumbList","@id":"https:\/\/portaltela.pt\/noticias\/2026\/02\/17\/quase-84-mil-utilizadores-continuam-sem-comunicacoes\/#breadcrumb","itemListElement":[{"@type":"ListItem","position":1,"name":"In\u00edcio","item":"https:\/\/portaltela.pt\/"},{"@type":"ListItem","position":2,"name":"Quase 84 mil utilizadores continuam sem comunica\u00e7\u00f5es"}]},{"@type":"WebSite","@id":"https:\/\/portaltela.pt\/#website","url":"https:\/\/portaltela.pt\/","name":"Portal Tela Portugal","description":"","potentialAction":[{"@type":"SearchAction","target":{"@type":"EntryPoint","urlTemplate":"https:\/\/portaltela.pt\/?s={search_term_string}"},"query-input":{"@type":"PropertyValueSpecification","valueRequired":true,"valueName":"search_term_string"}}],"inLanguage":"pt-PT"},{"@type":"Person","@id":"https:\/\/portaltela.pt\/#\/schema\/person\/c4278d4a6028830caff9ee44b42d32ed","name":"Telinha","image":{"@type":"ImageObject","inLanguage":"pt-PT","@id":"https:\/\/portaltela.pt\/s.01k8rhncp4jt1\/2025\/11\/talking-bot-125x125.png","url":"https:\/\/portaltela.pt\/s.01k8rhncp4jt1\/2025\/11\/talking-bot-125x125.png","contentUrl":"https:\/\/portaltela.pt\/s.01k8rhncp4jt1\/2025\/11\/talking-bot-125x125.png","caption":"Telinha"},"sameAs":["https:\/\/portaltela.pt\/"],"url":"https:\/\/portaltela.pt\/por\/367410592786\/"}]}},"_links":{"self":[{"href":"https:\/\/portaltela.pt\/api\/wp\/v2\/posts\/215983","targetHints":{"allow":["GET"]}}],"collection":[{"href":"https:\/\/portaltela.pt\/api\/wp\/v2\/posts"}],"about":[{"href":"https:\/\/portaltela.pt\/api\/wp\/v2\/types\/post"}],"author":[{"embeddable":true,"href":"https:\/\/portaltela.pt\/api\/wp\/v2\/users\/2"}],"replies":[{"embeddable":true,"href":"https:\/\/portaltela.pt\/api\/wp\/v2\/comments?post=215983"}],"version-history":[{"count":0,"href":"https:\/\/portaltela.pt\/api\/wp\/v2\/posts\/215983\/revisions"}],"wp:featuredmedia":[{"embeddable":true,"href":"https:\/\/portaltela.pt\/api\/wp\/v2\/media\/215984"}],"wp:attachment":[{"href":"https:\/\/portaltela.pt\/api\/wp\/v2\/media?parent=215983"}],"wp:term":[{"taxonomy":"category","embeddable":true,"href":"https:\/\/portaltela.pt\/api\/wp\/v2\/categories?post=215983"},{"taxonomy":"post_tag","embeddable":true,"href":"https:\/\/portaltela.pt\/api\/wp\/v2\/tags?post=215983"}],"curies":[{"name":"wp","href":"https:\/\/api.w.org\/{rel}","templated":true}]}}