{"id":215954,"date":"2026-02-18T10:57:00","date_gmt":"2026-02-18T13:57:00","guid":{"rendered":"https:\/\/portaltela.pt\/noticias\/2026\/02\/18\/quase-84-mil-utilizadores-ficaram-sem-comunicacoes\/"},"modified":"2026-02-18T10:57:00","modified_gmt":"2026-02-18T13:57:00","slug":"quase-84-mil-utilizadores-ficaram-sem-comunicacoes","status":"publish","type":"post","link":"https:\/\/portaltela.pt\/noticias\/2026\/02\/18\/quase-84-mil-utilizadores-ficaram-sem-comunicacoes\/","title":{"rendered":"Quase 84 mil utilizadores ficaram sem comunica\u00e7\u00f5es"},"content":{"rendered":"<p>O presidente da Estrutura de Miss\u00e3o Reconstru\u00e7\u00e3o da Regi\u00e3o Centro, Paulo Fernandes, informou que quase 84 mil utilizadores continuam sem comunica\u00e7\u00f5es ap\u00f3s o mau tempo de Kristin. O n\u00famero representa a situa\u00e7\u00e3o tr\u00eas semanas depois da depress\u00e3o que atingiu o pa\u00eds. O total inicial de clientes sem servi\u00e7o era de 307.900, entre m\u00f3vel e fixo.<\/p>\n<p>Paulo Fernandes explicou que, em cerca de 40% dos casos, a falha se prende \u00e0 aus\u00eancia de energia el\u00e9trica nas antenas. O respons\u00e1vel sublinhou ainda que tem sido distribu\u00edda tecnologia Starlink para zonas onde as comunica\u00e7\u00f5es est\u00e3o cortadas. Al\u00e9m disso, h\u00e1 ajustes nos roteiros de atendimento para responder de forma mais eficaz.<\/p>\n<p>O coordenador referiu ainda o papel da roaming nacional, indicando que as operadoras, ainda que com danos diferentes, podem partilhar servi\u00e7os para reduzir zonas cinzentas. A E-Redes informou que, \u00e0s 8h, cerca de 7.600 clientes ainda estavam sem energia, com maior concentra\u00e7\u00e3o em Leiria e Pombal.<\/p>\n<h3>Situa\u00e7\u00e3o atual das comunica\u00e7\u00f5es<\/h3>\n<p>A Administra\u00e7\u00e3o detalhou que a recupera\u00e7\u00e3o de m\u00e9dia tens\u00e3o est\u00e1 planeada. Entre domingo e 23 de outubro, deve estar restabelecida a liga\u00e7\u00e3o de todas as redes de m\u00e9dia tens\u00e3o. Em zonas industriais, 77 das 140 empresas estavam sem energia antes da recupera\u00e7\u00e3o.<\/p>\n<p>O respons\u00e1vel apontou que o desafio nas zonas industriais decorre da necessidade de levar a m\u00e9dia tens\u00e3o, por via da alta tens\u00e3o, para Alfredo locais com grandes empresas fora dessas \u00e1reas. O objetivo \u00e9 reduzir problemas em baixa tens\u00e3o nos munic\u00edpios afetados.<\/p>\n<p>Paulo Fernandes pediu \u00e0 E-Redes um cronograma definitivo para o restabelecimento total de energia nos munic\u00edpios afetados. A depress\u00e3o Kristin, associada \u00e0s depress\u00f5es Leonardo e Marta, causou oito mortes em Portugal, al\u00e9m de feridos, desalojados e danos materiais extensos.<\/p>\n<p>As regi\u00f5es mais afetadas foram Centro, Lisboa e Vale do Tejo, e Alentejo. A situa\u00e7\u00e3o de calamidade que abrangia 68 concelhos terminou no \u00faltimo fim de semana, segundo as autoridades.<\/p>\n","protected":false},"excerpt":{"rendered":"<ul>\n<li>Quase 84 mil utilizadores ainda sem comunica\u00e7\u00f5es, tr\u00eas semanas ap\u00f3s a depress\u00e3o Kristin.<\/li>\n<li>O total inicial era de 307.900 utilizadores afetados, com cerca de 40% do problema ligado \u00e0 falta de energia nas antenas.<\/li>\n<li>Foram distribu\u00eddos equipamentos Starlink e ajustados os itiner\u00e1rios dos Balc\u00f5es de Cidad\u00e3o para cobrir zonas escuras; ativado o roaming nacional entre operadoras.<\/li>\n<li>\u00c0s 8h, cerca de 7.600 clientes estavam sem energia, principalmente em Leiria e Pombal, menos na Marinha Grande.<\/li>\n<li>Regi\u00f5es mais afetadas: Centro, Lisboa e Vale do Tejo e Alentejo; morreram 18 pessoas; calamidade terminou no \u00faltimo domingo.<\/li>\n<\/ul>\n","protected":false},"author":2,"featured_media":215963,"comment_status":"closed","ping_status":"closed","sticky":false,"template":"","format":"standard","meta":{"footnotes":""},"categories":[1],"tags":[4687,1309,3004,5037,4549,5010],"class_list":["post-215954","post","type-post","status-publish","format-standard","has-post-thumbnail","hentry","category-noticias","tag-calamidade-publica","tag-centro","tag-desalojados","tag-e-redes","tag-energia-eletrica","tag-starlink"],"yoast_head":"<!-- This site is optimized with the Yoast SEO plugin v27.2 - https:\/\/yoast.com\/product\/yoast-seo-wordpress\/ -->\n<title>Quase 84 mil utilizadores ficaram sem comunica\u00e7\u00f5es - Portal Tela Portugal<\/title>\n<meta name=\"robots\" content=\"index, follow, max-snippet:-1, max-image-preview:large, max-video-preview:-1\" \/>\n<meta property=\"og:locale\" content=\"pt_PT\" \/>\n<meta property=\"og:type\" content=\"article\" \/>\n<meta property=\"og:title\" content=\"Quase 84 mil utilizadores ficaram sem comunica\u00e7\u00f5es - Portal Tela Portugal\" \/>\n<meta property=\"og:description\" content=\"Quase 84 mil utilizadores ainda sem comunica\u00e7\u00f5es, tr\u00eas semanas ap\u00f3s a depress\u00e3o Kristin. O total inicial era de 307.900 utilizadores afetados, com cerca de 40% do problema ligado \u00e0 falta de energia nas antenas. Foram distribu\u00eddos equipamentos Starlink e ajustados os itiner\u00e1rios dos Balc\u00f5es de Cidad\u00e3o para cobrir zonas escuras; ativado o roaming nacional entre operadoras. \u00c0s 8h, cerca de 7.600 clientes estavam sem energia, principalmente em Leiria e Pombal, menos na Marinha Grande. Regi\u00f5es mais afetadas: Centro, Lisboa e Vale do Tejo e Alentejo; morreram 18 pessoas; calamidade terminou no \u00faltimo domingo.\" \/>\n<meta property=\"og:url\" content=\"https:\/\/portaltela.pt\/noticias\/2026\/02\/18\/quase-84-mil-utilizadores-ficaram-sem-comunicacoes\/\" \/>\n<meta property=\"og:site_name\" content=\"Portal Tela Portugal\" \/>\n<meta property=\"article:published_time\" content=\"2026-02-18T13:57:00+00:00\" \/>\n<meta name=\"author\" content=\"Telinha\" \/>\n<meta name=\"twitter:card\" content=\"summary_large_image\" \/>\n<meta name=\"twitter:label1\" content=\"Escrito por\" \/>\n\t<meta name=\"twitter:data1\" content=\"Telinha\" \/>\n\t<meta name=\"twitter:label2\" content=\"Tempo estimado de leitura\" \/>\n\t<meta name=\"twitter:data2\" content=\"2 minutos\" \/>\n<script type=\"application\/ld+json\" class=\"yoast-schema-graph\">{\"@context\":\"https:\/\/schema.org\",\"@graph\":[{\"@type\":\"Article\",\"@id\":\"https:\/\/portaltela.pt\/noticias\/2026\/02\/18\/quase-84-mil-utilizadores-ficaram-sem-comunicacoes\/#article\",\"isPartOf\":{\"@id\":\"https:\/\/portaltela.pt\/noticias\/2026\/02\/18\/quase-84-mil-utilizadores-ficaram-sem-comunicacoes\/\"},\"author\":{\"name\":\"Telinha\",\"@id\":\"https:\/\/portaltela.pt\/#\/schema\/person\/c4278d4a6028830caff9ee44b42d32ed\"},\"headline\":\"Quase 84 mil utilizadores ficaram sem comunica\u00e7\u00f5es\",\"datePublished\":\"2026-02-18T13:57:00+00:00\",\"mainEntityOfPage\":{\"@id\":\"https:\/\/portaltela.pt\/noticias\/2026\/02\/18\/quase-84-mil-utilizadores-ficaram-sem-comunicacoes\/\"},\"wordCount\":349,\"image\":{\"@id\":\"https:\/\/portaltela.pt\/noticias\/2026\/02\/18\/quase-84-mil-utilizadores-ficaram-sem-comunicacoes\/#primaryimage\"},\"thumbnailUrl\":\"https:\/\/portaltela.pt\/s.01k8rhncp4jt1\/2026\/02\/image-1331.jpg\",\"keywords\":[\"calamidade p\u00fablica\",\"Centro\",\"desalojados\",\"E-Redes\",\"energia el\u00e9trica\",\"Starlink\"],\"articleSection\":[\"Not\u00edcias\"],\"inLanguage\":\"pt-PT\"},{\"@type\":\"WebPage\",\"@id\":\"https:\/\/portaltela.pt\/noticias\/2026\/02\/18\/quase-84-mil-utilizadores-ficaram-sem-comunicacoes\/\",\"url\":\"https:\/\/portaltela.pt\/noticias\/2026\/02\/18\/quase-84-mil-utilizadores-ficaram-sem-comunicacoes\/\",\"name\":\"Quase 84 mil utilizadores ficaram sem comunica\u00e7\u00f5es - Portal Tela Portugal\",\"isPartOf\":{\"@id\":\"https:\/\/portaltela.pt\/#website\"},\"primaryImageOfPage\":{\"@id\":\"https:\/\/portaltela.pt\/noticias\/2026\/02\/18\/quase-84-mil-utilizadores-ficaram-sem-comunicacoes\/#primaryimage\"},\"image\":{\"@id\":\"https:\/\/portaltela.pt\/noticias\/2026\/02\/18\/quase-84-mil-utilizadores-ficaram-sem-comunicacoes\/#primaryimage\"},\"thumbnailUrl\":\"https:\/\/portaltela.pt\/s.01k8rhncp4jt1\/2026\/02\/image-1331.jpg\",\"datePublished\":\"2026-02-18T13:57:00+00:00\",\"author\":{\"@id\":\"https:\/\/portaltela.pt\/#\/schema\/person\/c4278d4a6028830caff9ee44b42d32ed\"},\"breadcrumb\":{\"@id\":\"https:\/\/portaltela.pt\/noticias\/2026\/02\/18\/quase-84-mil-utilizadores-ficaram-sem-comunicacoes\/#breadcrumb\"},\"inLanguage\":\"pt-PT\",\"potentialAction\":[{\"@type\":\"ReadAction\",\"target\":[\"https:\/\/portaltela.pt\/noticias\/2026\/02\/18\/quase-84-mil-utilizadores-ficaram-sem-comunicacoes\/\"]}]},{\"@type\":\"ImageObject\",\"inLanguage\":\"pt-PT\",\"@id\":\"https:\/\/portaltela.pt\/noticias\/2026\/02\/18\/quase-84-mil-utilizadores-ficaram-sem-comunicacoes\/#primaryimage\",\"url\":\"https:\/\/portaltela.pt\/s.01k8rhncp4jt1\/2026\/02\/image-1331.jpg\",\"contentUrl\":\"https:\/\/portaltela.pt\/s.01k8rhncp4jt1\/2026\/02\/image-1331.jpg\",\"width\":796,\"height\":448,\"caption\":\"Em cerca de 40% dos casos, o problema deve-se \u00e0 \\\"chegada de energia el\u00e9trica\\\" \u00e0s antenas\"},{\"@type\":\"BreadcrumbList\",\"@id\":\"https:\/\/portaltela.pt\/noticias\/2026\/02\/18\/quase-84-mil-utilizadores-ficaram-sem-comunicacoes\/#breadcrumb\",\"itemListElement\":[{\"@type\":\"ListItem\",\"position\":1,\"name\":\"In\u00edcio\",\"item\":\"https:\/\/portaltela.pt\/\"},{\"@type\":\"ListItem\",\"position\":2,\"name\":\"Quase 84 mil utilizadores ficaram sem comunica\u00e7\u00f5es\"}]},{\"@type\":\"WebSite\",\"@id\":\"https:\/\/portaltela.pt\/#website\",\"url\":\"https:\/\/portaltela.pt\/\",\"name\":\"Portal Tela Portugal\",\"description\":\"\",\"potentialAction\":[{\"@type\":\"SearchAction\",\"target\":{\"@type\":\"EntryPoint\",\"urlTemplate\":\"https:\/\/portaltela.pt\/?s={search_term_string}\"},\"query-input\":{\"@type\":\"PropertyValueSpecification\",\"valueRequired\":true,\"valueName\":\"search_term_string\"}}],\"inLanguage\":\"pt-PT\"},{\"@type\":\"Person\",\"@id\":\"https:\/\/portaltela.pt\/#\/schema\/person\/c4278d4a6028830caff9ee44b42d32ed\",\"name\":\"Telinha\",\"image\":{\"@type\":\"ImageObject\",\"inLanguage\":\"pt-PT\",\"@id\":\"https:\/\/portaltela.pt\/s.01k8rhncp4jt1\/2025\/11\/talking-bot-125x125.png\",\"url\":\"https:\/\/portaltela.pt\/s.01k8rhncp4jt1\/2025\/11\/talking-bot-125x125.png\",\"contentUrl\":\"https:\/\/portaltela.pt\/s.01k8rhncp4jt1\/2025\/11\/talking-bot-125x125.png\",\"caption\":\"Telinha\"},\"sameAs\":[\"https:\/\/portaltela.pt\/\"],\"url\":\"https:\/\/portaltela.pt\/por\/367410592786\/\"}]}<\/script>\n<!-- \/ Yoast SEO plugin. -->","yoast_head_json":{"title":"Quase 84 mil utilizadores ficaram sem comunica\u00e7\u00f5es - Portal Tela Portugal","robots":{"index":"index","follow":"follow","max-snippet":"max-snippet:-1","max-image-preview":"max-image-preview:large","max-video-preview":"max-video-preview:-1"},"og_locale":"pt_PT","og_type":"article","og_title":"Quase 84 mil utilizadores ficaram sem comunica\u00e7\u00f5es - Portal Tela Portugal","og_description":"Quase 84 mil utilizadores ainda sem comunica\u00e7\u00f5es, tr\u00eas semanas ap\u00f3s a depress\u00e3o Kristin. O total inicial era de 307.900 utilizadores afetados, com cerca de 40% do problema ligado \u00e0 falta de energia nas antenas. Foram distribu\u00eddos equipamentos Starlink e ajustados os itiner\u00e1rios dos Balc\u00f5es de Cidad\u00e3o para cobrir zonas escuras; ativado o roaming nacional entre operadoras. \u00c0s 8h, cerca de 7.600 clientes estavam sem energia, principalmente em Leiria e Pombal, menos na Marinha Grande. Regi\u00f5es mais afetadas: Centro, Lisboa e Vale do Tejo e Alentejo; morreram 18 pessoas; calamidade terminou no \u00faltimo domingo.","og_url":"https:\/\/portaltela.pt\/noticias\/2026\/02\/18\/quase-84-mil-utilizadores-ficaram-sem-comunicacoes\/","og_site_name":"Portal Tela Portugal","article_published_time":"2026-02-18T13:57:00+00:00","author":"Telinha","twitter_card":"summary_large_image","twitter_misc":{"Escrito por":"Telinha","Tempo estimado de leitura":"2 minutos"},"schema":{"@context":"https:\/\/schema.org","@graph":[{"@type":"Article","@id":"https:\/\/portaltela.pt\/noticias\/2026\/02\/18\/quase-84-mil-utilizadores-ficaram-sem-comunicacoes\/#article","isPartOf":{"@id":"https:\/\/portaltela.pt\/noticias\/2026\/02\/18\/quase-84-mil-utilizadores-ficaram-sem-comunicacoes\/"},"author":{"name":"Telinha","@id":"https:\/\/portaltela.pt\/#\/schema\/person\/c4278d4a6028830caff9ee44b42d32ed"},"headline":"Quase 84 mil utilizadores ficaram sem comunica\u00e7\u00f5es","datePublished":"2026-02-18T13:57:00+00:00","mainEntityOfPage":{"@id":"https:\/\/portaltela.pt\/noticias\/2026\/02\/18\/quase-84-mil-utilizadores-ficaram-sem-comunicacoes\/"},"wordCount":349,"image":{"@id":"https:\/\/portaltela.pt\/noticias\/2026\/02\/18\/quase-84-mil-utilizadores-ficaram-sem-comunicacoes\/#primaryimage"},"thumbnailUrl":"https:\/\/portaltela.pt\/s.01k8rhncp4jt1\/2026\/02\/image-1331.jpg","keywords":["calamidade p\u00fablica","Centro","desalojados","E-Redes","energia el\u00e9trica","Starlink"],"articleSection":["Not\u00edcias"],"inLanguage":"pt-PT"},{"@type":"WebPage","@id":"https:\/\/portaltela.pt\/noticias\/2026\/02\/18\/quase-84-mil-utilizadores-ficaram-sem-comunicacoes\/","url":"https:\/\/portaltela.pt\/noticias\/2026\/02\/18\/quase-84-mil-utilizadores-ficaram-sem-comunicacoes\/","name":"Quase 84 mil utilizadores ficaram sem comunica\u00e7\u00f5es - Portal Tela Portugal","isPartOf":{"@id":"https:\/\/portaltela.pt\/#website"},"primaryImageOfPage":{"@id":"https:\/\/portaltela.pt\/noticias\/2026\/02\/18\/quase-84-mil-utilizadores-ficaram-sem-comunicacoes\/#primaryimage"},"image":{"@id":"https:\/\/portaltela.pt\/noticias\/2026\/02\/18\/quase-84-mil-utilizadores-ficaram-sem-comunicacoes\/#primaryimage"},"thumbnailUrl":"https:\/\/portaltela.pt\/s.01k8rhncp4jt1\/2026\/02\/image-1331.jpg","datePublished":"2026-02-18T13:57:00+00:00","author":{"@id":"https:\/\/portaltela.pt\/#\/schema\/person\/c4278d4a6028830caff9ee44b42d32ed"},"breadcrumb":{"@id":"https:\/\/portaltela.pt\/noticias\/2026\/02\/18\/quase-84-mil-utilizadores-ficaram-sem-comunicacoes\/#breadcrumb"},"inLanguage":"pt-PT","potentialAction":[{"@type":"ReadAction","target":["https:\/\/portaltela.pt\/noticias\/2026\/02\/18\/quase-84-mil-utilizadores-ficaram-sem-comunicacoes\/"]}]},{"@type":"ImageObject","inLanguage":"pt-PT","@id":"https:\/\/portaltela.pt\/noticias\/2026\/02\/18\/quase-84-mil-utilizadores-ficaram-sem-comunicacoes\/#primaryimage","url":"https:\/\/portaltela.pt\/s.01k8rhncp4jt1\/2026\/02\/image-1331.jpg","contentUrl":"https:\/\/portaltela.pt\/s.01k8rhncp4jt1\/2026\/02\/image-1331.jpg","width":796,"height":448,"caption":"Em cerca de 40% dos casos, o problema deve-se \u00e0 \"chegada de energia el\u00e9trica\" \u00e0s antenas"},{"@type":"BreadcrumbList","@id":"https:\/\/portaltela.pt\/noticias\/2026\/02\/18\/quase-84-mil-utilizadores-ficaram-sem-comunicacoes\/#breadcrumb","itemListElement":[{"@type":"ListItem","position":1,"name":"In\u00edcio","item":"https:\/\/portaltela.pt\/"},{"@type":"ListItem","position":2,"name":"Quase 84 mil utilizadores ficaram sem comunica\u00e7\u00f5es"}]},{"@type":"WebSite","@id":"https:\/\/portaltela.pt\/#website","url":"https:\/\/portaltela.pt\/","name":"Portal Tela Portugal","description":"","potentialAction":[{"@type":"SearchAction","target":{"@type":"EntryPoint","urlTemplate":"https:\/\/portaltela.pt\/?s={search_term_string}"},"query-input":{"@type":"PropertyValueSpecification","valueRequired":true,"valueName":"search_term_string"}}],"inLanguage":"pt-PT"},{"@type":"Person","@id":"https:\/\/portaltela.pt\/#\/schema\/person\/c4278d4a6028830caff9ee44b42d32ed","name":"Telinha","image":{"@type":"ImageObject","inLanguage":"pt-PT","@id":"https:\/\/portaltela.pt\/s.01k8rhncp4jt1\/2025\/11\/talking-bot-125x125.png","url":"https:\/\/portaltela.pt\/s.01k8rhncp4jt1\/2025\/11\/talking-bot-125x125.png","contentUrl":"https:\/\/portaltela.pt\/s.01k8rhncp4jt1\/2025\/11\/talking-bot-125x125.png","caption":"Telinha"},"sameAs":["https:\/\/portaltela.pt\/"],"url":"https:\/\/portaltela.pt\/por\/367410592786\/"}]}},"_links":{"self":[{"href":"https:\/\/portaltela.pt\/api\/wp\/v2\/posts\/215954","targetHints":{"allow":["GET"]}}],"collection":[{"href":"https:\/\/portaltela.pt\/api\/wp\/v2\/posts"}],"about":[{"href":"https:\/\/portaltela.pt\/api\/wp\/v2\/types\/post"}],"author":[{"embeddable":true,"href":"https:\/\/portaltela.pt\/api\/wp\/v2\/users\/2"}],"replies":[{"embeddable":true,"href":"https:\/\/portaltela.pt\/api\/wp\/v2\/comments?post=215954"}],"version-history":[{"count":0,"href":"https:\/\/portaltela.pt\/api\/wp\/v2\/posts\/215954\/revisions"}],"wp:featuredmedia":[{"embeddable":true,"href":"https:\/\/portaltela.pt\/api\/wp\/v2\/media\/215963"}],"wp:attachment":[{"href":"https:\/\/portaltela.pt\/api\/wp\/v2\/media?parent=215954"}],"wp:term":[{"taxonomy":"category","embeddable":true,"href":"https:\/\/portaltela.pt\/api\/wp\/v2\/categories?post=215954"},{"taxonomy":"post_tag","embeddable":true,"href":"https:\/\/portaltela.pt\/api\/wp\/v2\/tags?post=215954"}],"curies":[{"name":"wp","href":"https:\/\/api.w.org\/{rel}","templated":true}]}}