{"id":215952,"date":"2026-02-18T11:01:50","date_gmt":"2026-02-18T14:01:50","guid":{"rendered":"https:\/\/portaltela.pt\/noticias\/2026\/02\/18\/filipinas-milhoes-marcam-inicio-da-quaresma-na-quarta-feira-de-cinzas\/"},"modified":"2026-02-18T11:01:50","modified_gmt":"2026-02-18T14:01:50","slug":"filipinas-milhoes-marcam-inicio-da-quaresma-na-quarta-feira-de-cinzas","status":"publish","type":"post","link":"https:\/\/portaltela.pt\/noticias\/2026\/02\/18\/filipinas-milhoes-marcam-inicio-da-quaresma-na-quarta-feira-de-cinzas\/","title":{"rendered":"Filipinas: milh\u00f5es marcam in\u00edcio da Quaresma na Quarta-feira de Cinzas"},"content":{"rendered":"<p>Milh\u00f5es de filipinos assinalaram a Quarta-feira de Cinzas, marcando o in\u00edcio da Quaresma num pa\u00eds maioritariamente crist\u00e3o. O sinal da cruz com cinza foi dado a fi\u00e9is em igrejas e, em alguns casos, em espa\u00e7os ao ar livre.<\/p>\n<p>O ritual \u00e9 simples e p\u00fablico: um sacerdote, padre ou agente pastoral desenha a cruz na testa com cinza consagrada, iniciando um per\u00edodo de 40 dias de penit\u00eancia e reflex\u00e3o.<\/p>\n<p>As cinzas s\u00e3o feitas a partir de ramos de palmeira benzidos no Domingo de Ramos do ano anterior, que s\u00e3o queimados, misturados com \u00e1gua benta e expostos ao incenso.<\/p>\n<p>O gesto recorda a penit\u00eancia, a mortalidade humana e a proximidade da P\u00e1scoa, convidando os fi\u00e9is a uma participa\u00e7\u00e3o consciente na Quaresma.<\/p>\n","protected":false},"excerpt":{"rendered":"<ul>\n<li>Milh\u00f5es de filipinos assinalaram a Quarta-feira de Cinzas com uma cruz de cinza na testa, marcando o in\u00edcio da Quaresma.<\/li>\n<li>O gesto \u00e9 feito por sacerdote, pastor ou agente pastoral que tra\u00e7a o sinal com cinza consagrada.<\/li>\n<li>O ritual d\u00e1 in\u00edcio aos 40 dias da Quaresma num pa\u00eds de maioria crist\u00e3, com celebra\u00e7\u00f5es em igrejas cheias ou ao ar livre.<\/li>\n<li>As cinzas s\u00e3o obtidas a partir de ramos de palma aben\u00e7oados no Domingo de Ramos do ano anterior, queimados, misturados com \u00e1gua benta e incenso.<\/li>\n<li>O ato recorda a penit\u00eancia e a proximidade da P\u00e1scoa.<\/li>\n<\/ul>\n","protected":false},"author":2,"featured_media":215958,"comment_status":"closed","ping_status":"closed","sticky":false,"template":"","format":"standard","meta":{"footnotes":""},"categories":[1],"tags":[103,105,102,2926,104],"class_list":["post-215952","post","type-post","status-publish","format-standard","has-post-thumbnail","hentry","category-noticias","tag-catolicismo","tag-cristianismo","tag-igreja","tag-quaresma","tag-religiao"],"yoast_head":"<!-- This site is optimized with the Yoast SEO plugin v27.2 - https:\/\/yoast.com\/product\/yoast-seo-wordpress\/ -->\n<title>Filipinas: milh\u00f5es marcam in\u00edcio da Quaresma na Quarta-feira de Cinzas - Portal Tela Portugal<\/title>\n<meta name=\"robots\" content=\"index, follow, max-snippet:-1, max-image-preview:large, max-video-preview:-1\" \/>\n<meta property=\"og:locale\" content=\"pt_PT\" \/>\n<meta property=\"og:type\" content=\"article\" \/>\n<meta property=\"og:title\" content=\"Filipinas: milh\u00f5es marcam in\u00edcio da Quaresma na Quarta-feira de Cinzas - Portal Tela Portugal\" \/>\n<meta property=\"og:description\" content=\"Milh\u00f5es de filipinos assinalaram a Quarta-feira de Cinzas com uma cruz de cinza na testa, marcando o in\u00edcio da Quaresma. O gesto \u00e9 feito por sacerdote, pastor ou agente pastoral que tra\u00e7a o sinal com cinza consagrada. O ritual d\u00e1 in\u00edcio aos 40 dias da Quaresma num pa\u00eds de maioria crist\u00e3, com celebra\u00e7\u00f5es em igrejas cheias ou ao ar livre. As cinzas s\u00e3o obtidas a partir de ramos de palma aben\u00e7oados no Domingo de Ramos do ano anterior, queimados, misturados com \u00e1gua benta e incenso. O ato recorda a penit\u00eancia e a proximidade da P\u00e1scoa.\" \/>\n<meta property=\"og:url\" content=\"https:\/\/portaltela.pt\/noticias\/2026\/02\/18\/filipinas-milhoes-marcam-inicio-da-quaresma-na-quarta-feira-de-cinzas\/\" \/>\n<meta property=\"og:site_name\" content=\"Portal Tela Portugal\" \/>\n<meta property=\"article:published_time\" content=\"2026-02-18T14:01:50+00:00\" \/>\n<meta name=\"author\" content=\"Telinha\" \/>\n<meta name=\"twitter:card\" content=\"summary_large_image\" \/>\n<meta name=\"twitter:label1\" content=\"Escrito por\" \/>\n\t<meta name=\"twitter:data1\" content=\"Telinha\" \/>\n\t<meta name=\"twitter:label2\" content=\"Tempo estimado de leitura\" \/>\n\t<meta name=\"twitter:data2\" content=\"1 minuto\" \/>\n<script type=\"application\/ld+json\" class=\"yoast-schema-graph\">{\"@context\":\"https:\/\/schema.org\",\"@graph\":[{\"@type\":\"Article\",\"@id\":\"https:\/\/portaltela.pt\/noticias\/2026\/02\/18\/filipinas-milhoes-marcam-inicio-da-quaresma-na-quarta-feira-de-cinzas\/#article\",\"isPartOf\":{\"@id\":\"https:\/\/portaltela.pt\/noticias\/2026\/02\/18\/filipinas-milhoes-marcam-inicio-da-quaresma-na-quarta-feira-de-cinzas\/\"},\"author\":{\"name\":\"Telinha\",\"@id\":\"https:\/\/portaltela.pt\/#\/schema\/person\/c4278d4a6028830caff9ee44b42d32ed\"},\"headline\":\"Filipinas: milh\u00f5es marcam in\u00edcio da Quaresma na Quarta-feira de Cinzas\",\"datePublished\":\"2026-02-18T14:01:50+00:00\",\"mainEntityOfPage\":{\"@id\":\"https:\/\/portaltela.pt\/noticias\/2026\/02\/18\/filipinas-milhoes-marcam-inicio-da-quaresma-na-quarta-feira-de-cinzas\/\"},\"wordCount\":145,\"image\":{\"@id\":\"https:\/\/portaltela.pt\/noticias\/2026\/02\/18\/filipinas-milhoes-marcam-inicio-da-quaresma-na-quarta-feira-de-cinzas\/#primaryimage\"},\"thumbnailUrl\":\"https:\/\/portaltela.pt\/s.01k8rhncp4jt1\/2026\/02\/1536x864_cmsv2_b939124e-3cdb-54da-8aec-3915d0a906fc-9655789.jpg\",\"keywords\":[\"catolicismo\",\"cristianismo\",\"igreja\",\"Quaresma\",\"religi\u00e3o\"],\"articleSection\":[\"Not\u00edcias\"],\"inLanguage\":\"pt-PT\"},{\"@type\":\"WebPage\",\"@id\":\"https:\/\/portaltela.pt\/noticias\/2026\/02\/18\/filipinas-milhoes-marcam-inicio-da-quaresma-na-quarta-feira-de-cinzas\/\",\"url\":\"https:\/\/portaltela.pt\/noticias\/2026\/02\/18\/filipinas-milhoes-marcam-inicio-da-quaresma-na-quarta-feira-de-cinzas\/\",\"name\":\"Filipinas: milh\u00f5es marcam in\u00edcio da Quaresma na Quarta-feira de Cinzas - Portal Tela Portugal\",\"isPartOf\":{\"@id\":\"https:\/\/portaltela.pt\/#website\"},\"primaryImageOfPage\":{\"@id\":\"https:\/\/portaltela.pt\/noticias\/2026\/02\/18\/filipinas-milhoes-marcam-inicio-da-quaresma-na-quarta-feira-de-cinzas\/#primaryimage\"},\"image\":{\"@id\":\"https:\/\/portaltela.pt\/noticias\/2026\/02\/18\/filipinas-milhoes-marcam-inicio-da-quaresma-na-quarta-feira-de-cinzas\/#primaryimage\"},\"thumbnailUrl\":\"https:\/\/portaltela.pt\/s.01k8rhncp4jt1\/2026\/02\/1536x864_cmsv2_b939124e-3cdb-54da-8aec-3915d0a906fc-9655789.jpg\",\"datePublished\":\"2026-02-18T14:01:50+00:00\",\"author\":{\"@id\":\"https:\/\/portaltela.pt\/#\/schema\/person\/c4278d4a6028830caff9ee44b42d32ed\"},\"breadcrumb\":{\"@id\":\"https:\/\/portaltela.pt\/noticias\/2026\/02\/18\/filipinas-milhoes-marcam-inicio-da-quaresma-na-quarta-feira-de-cinzas\/#breadcrumb\"},\"inLanguage\":\"pt-PT\",\"potentialAction\":[{\"@type\":\"ReadAction\",\"target\":[\"https:\/\/portaltela.pt\/noticias\/2026\/02\/18\/filipinas-milhoes-marcam-inicio-da-quaresma-na-quarta-feira-de-cinzas\/\"]}]},{\"@type\":\"ImageObject\",\"inLanguage\":\"pt-PT\",\"@id\":\"https:\/\/portaltela.pt\/noticias\/2026\/02\/18\/filipinas-milhoes-marcam-inicio-da-quaresma-na-quarta-feira-de-cinzas\/#primaryimage\",\"url\":\"https:\/\/portaltela.pt\/s.01k8rhncp4jt1\/2026\/02\/1536x864_cmsv2_b939124e-3cdb-54da-8aec-3915d0a906fc-9655789.jpg\",\"contentUrl\":\"https:\/\/portaltela.pt\/s.01k8rhncp4jt1\/2026\/02\/1536x864_cmsv2_b939124e-3cdb-54da-8aec-3915d0a906fc-9655789.jpg\",\"width\":796,\"height\":448,\"caption\":\"Milh\u00f5es de filipinos assinalam a Quarta-Feira de Cinzas com cruz de cinza, in\u00edcio da Quaresma no pa\u00eds maioritariamente crist\u00e3o\"},{\"@type\":\"BreadcrumbList\",\"@id\":\"https:\/\/portaltela.pt\/noticias\/2026\/02\/18\/filipinas-milhoes-marcam-inicio-da-quaresma-na-quarta-feira-de-cinzas\/#breadcrumb\",\"itemListElement\":[{\"@type\":\"ListItem\",\"position\":1,\"name\":\"In\u00edcio\",\"item\":\"https:\/\/portaltela.pt\/\"},{\"@type\":\"ListItem\",\"position\":2,\"name\":\"Filipinas: milh\u00f5es marcam in\u00edcio da Quaresma na Quarta-feira de Cinzas\"}]},{\"@type\":\"WebSite\",\"@id\":\"https:\/\/portaltela.pt\/#website\",\"url\":\"https:\/\/portaltela.pt\/\",\"name\":\"Portal Tela Portugal\",\"description\":\"\",\"potentialAction\":[{\"@type\":\"SearchAction\",\"target\":{\"@type\":\"EntryPoint\",\"urlTemplate\":\"https:\/\/portaltela.pt\/?s={search_term_string}\"},\"query-input\":{\"@type\":\"PropertyValueSpecification\",\"valueRequired\":true,\"valueName\":\"search_term_string\"}}],\"inLanguage\":\"pt-PT\"},{\"@type\":\"Person\",\"@id\":\"https:\/\/portaltela.pt\/#\/schema\/person\/c4278d4a6028830caff9ee44b42d32ed\",\"name\":\"Telinha\",\"image\":{\"@type\":\"ImageObject\",\"inLanguage\":\"pt-PT\",\"@id\":\"https:\/\/portaltela.pt\/s.01k8rhncp4jt1\/2025\/11\/talking-bot-125x125.png\",\"url\":\"https:\/\/portaltela.pt\/s.01k8rhncp4jt1\/2025\/11\/talking-bot-125x125.png\",\"contentUrl\":\"https:\/\/portaltela.pt\/s.01k8rhncp4jt1\/2025\/11\/talking-bot-125x125.png\",\"caption\":\"Telinha\"},\"sameAs\":[\"https:\/\/portaltela.pt\/\"],\"url\":\"https:\/\/portaltela.pt\/por\/367410592786\/\"}]}<\/script>\n<!-- \/ Yoast SEO plugin. -->","yoast_head_json":{"title":"Filipinas: milh\u00f5es marcam in\u00edcio da Quaresma na Quarta-feira de Cinzas - Portal Tela Portugal","robots":{"index":"index","follow":"follow","max-snippet":"max-snippet:-1","max-image-preview":"max-image-preview:large","max-video-preview":"max-video-preview:-1"},"og_locale":"pt_PT","og_type":"article","og_title":"Filipinas: milh\u00f5es marcam in\u00edcio da Quaresma na Quarta-feira de Cinzas - Portal Tela Portugal","og_description":"Milh\u00f5es de filipinos assinalaram a Quarta-feira de Cinzas com uma cruz de cinza na testa, marcando o in\u00edcio da Quaresma. O gesto \u00e9 feito por sacerdote, pastor ou agente pastoral que tra\u00e7a o sinal com cinza consagrada. O ritual d\u00e1 in\u00edcio aos 40 dias da Quaresma num pa\u00eds de maioria crist\u00e3, com celebra\u00e7\u00f5es em igrejas cheias ou ao ar livre. As cinzas s\u00e3o obtidas a partir de ramos de palma aben\u00e7oados no Domingo de Ramos do ano anterior, queimados, misturados com \u00e1gua benta e incenso. O ato recorda a penit\u00eancia e a proximidade da P\u00e1scoa.","og_url":"https:\/\/portaltela.pt\/noticias\/2026\/02\/18\/filipinas-milhoes-marcam-inicio-da-quaresma-na-quarta-feira-de-cinzas\/","og_site_name":"Portal Tela Portugal","article_published_time":"2026-02-18T14:01:50+00:00","author":"Telinha","twitter_card":"summary_large_image","twitter_misc":{"Escrito por":"Telinha","Tempo estimado de leitura":"1 minuto"},"schema":{"@context":"https:\/\/schema.org","@graph":[{"@type":"Article","@id":"https:\/\/portaltela.pt\/noticias\/2026\/02\/18\/filipinas-milhoes-marcam-inicio-da-quaresma-na-quarta-feira-de-cinzas\/#article","isPartOf":{"@id":"https:\/\/portaltela.pt\/noticias\/2026\/02\/18\/filipinas-milhoes-marcam-inicio-da-quaresma-na-quarta-feira-de-cinzas\/"},"author":{"name":"Telinha","@id":"https:\/\/portaltela.pt\/#\/schema\/person\/c4278d4a6028830caff9ee44b42d32ed"},"headline":"Filipinas: milh\u00f5es marcam in\u00edcio da Quaresma na Quarta-feira de Cinzas","datePublished":"2026-02-18T14:01:50+00:00","mainEntityOfPage":{"@id":"https:\/\/portaltela.pt\/noticias\/2026\/02\/18\/filipinas-milhoes-marcam-inicio-da-quaresma-na-quarta-feira-de-cinzas\/"},"wordCount":145,"image":{"@id":"https:\/\/portaltela.pt\/noticias\/2026\/02\/18\/filipinas-milhoes-marcam-inicio-da-quaresma-na-quarta-feira-de-cinzas\/#primaryimage"},"thumbnailUrl":"https:\/\/portaltela.pt\/s.01k8rhncp4jt1\/2026\/02\/1536x864_cmsv2_b939124e-3cdb-54da-8aec-3915d0a906fc-9655789.jpg","keywords":["catolicismo","cristianismo","igreja","Quaresma","religi\u00e3o"],"articleSection":["Not\u00edcias"],"inLanguage":"pt-PT"},{"@type":"WebPage","@id":"https:\/\/portaltela.pt\/noticias\/2026\/02\/18\/filipinas-milhoes-marcam-inicio-da-quaresma-na-quarta-feira-de-cinzas\/","url":"https:\/\/portaltela.pt\/noticias\/2026\/02\/18\/filipinas-milhoes-marcam-inicio-da-quaresma-na-quarta-feira-de-cinzas\/","name":"Filipinas: milh\u00f5es marcam in\u00edcio da Quaresma na Quarta-feira de Cinzas - Portal Tela Portugal","isPartOf":{"@id":"https:\/\/portaltela.pt\/#website"},"primaryImageOfPage":{"@id":"https:\/\/portaltela.pt\/noticias\/2026\/02\/18\/filipinas-milhoes-marcam-inicio-da-quaresma-na-quarta-feira-de-cinzas\/#primaryimage"},"image":{"@id":"https:\/\/portaltela.pt\/noticias\/2026\/02\/18\/filipinas-milhoes-marcam-inicio-da-quaresma-na-quarta-feira-de-cinzas\/#primaryimage"},"thumbnailUrl":"https:\/\/portaltela.pt\/s.01k8rhncp4jt1\/2026\/02\/1536x864_cmsv2_b939124e-3cdb-54da-8aec-3915d0a906fc-9655789.jpg","datePublished":"2026-02-18T14:01:50+00:00","author":{"@id":"https:\/\/portaltela.pt\/#\/schema\/person\/c4278d4a6028830caff9ee44b42d32ed"},"breadcrumb":{"@id":"https:\/\/portaltela.pt\/noticias\/2026\/02\/18\/filipinas-milhoes-marcam-inicio-da-quaresma-na-quarta-feira-de-cinzas\/#breadcrumb"},"inLanguage":"pt-PT","potentialAction":[{"@type":"ReadAction","target":["https:\/\/portaltela.pt\/noticias\/2026\/02\/18\/filipinas-milhoes-marcam-inicio-da-quaresma-na-quarta-feira-de-cinzas\/"]}]},{"@type":"ImageObject","inLanguage":"pt-PT","@id":"https:\/\/portaltela.pt\/noticias\/2026\/02\/18\/filipinas-milhoes-marcam-inicio-da-quaresma-na-quarta-feira-de-cinzas\/#primaryimage","url":"https:\/\/portaltela.pt\/s.01k8rhncp4jt1\/2026\/02\/1536x864_cmsv2_b939124e-3cdb-54da-8aec-3915d0a906fc-9655789.jpg","contentUrl":"https:\/\/portaltela.pt\/s.01k8rhncp4jt1\/2026\/02\/1536x864_cmsv2_b939124e-3cdb-54da-8aec-3915d0a906fc-9655789.jpg","width":796,"height":448,"caption":"Milh\u00f5es de filipinos assinalam a Quarta-Feira de Cinzas com cruz de cinza, in\u00edcio da Quaresma no pa\u00eds maioritariamente crist\u00e3o"},{"@type":"BreadcrumbList","@id":"https:\/\/portaltela.pt\/noticias\/2026\/02\/18\/filipinas-milhoes-marcam-inicio-da-quaresma-na-quarta-feira-de-cinzas\/#breadcrumb","itemListElement":[{"@type":"ListItem","position":1,"name":"In\u00edcio","item":"https:\/\/portaltela.pt\/"},{"@type":"ListItem","position":2,"name":"Filipinas: milh\u00f5es marcam in\u00edcio da Quaresma na Quarta-feira de Cinzas"}]},{"@type":"WebSite","@id":"https:\/\/portaltela.pt\/#website","url":"https:\/\/portaltela.pt\/","name":"Portal Tela Portugal","description":"","potentialAction":[{"@type":"SearchAction","target":{"@type":"EntryPoint","urlTemplate":"https:\/\/portaltela.pt\/?s={search_term_string}"},"query-input":{"@type":"PropertyValueSpecification","valueRequired":true,"valueName":"search_term_string"}}],"inLanguage":"pt-PT"},{"@type":"Person","@id":"https:\/\/portaltela.pt\/#\/schema\/person\/c4278d4a6028830caff9ee44b42d32ed","name":"Telinha","image":{"@type":"ImageObject","inLanguage":"pt-PT","@id":"https:\/\/portaltela.pt\/s.01k8rhncp4jt1\/2025\/11\/talking-bot-125x125.png","url":"https:\/\/portaltela.pt\/s.01k8rhncp4jt1\/2025\/11\/talking-bot-125x125.png","contentUrl":"https:\/\/portaltela.pt\/s.01k8rhncp4jt1\/2025\/11\/talking-bot-125x125.png","caption":"Telinha"},"sameAs":["https:\/\/portaltela.pt\/"],"url":"https:\/\/portaltela.pt\/por\/367410592786\/"}]}},"_links":{"self":[{"href":"https:\/\/portaltela.pt\/api\/wp\/v2\/posts\/215952","targetHints":{"allow":["GET"]}}],"collection":[{"href":"https:\/\/portaltela.pt\/api\/wp\/v2\/posts"}],"about":[{"href":"https:\/\/portaltela.pt\/api\/wp\/v2\/types\/post"}],"author":[{"embeddable":true,"href":"https:\/\/portaltela.pt\/api\/wp\/v2\/users\/2"}],"replies":[{"embeddable":true,"href":"https:\/\/portaltela.pt\/api\/wp\/v2\/comments?post=215952"}],"version-history":[{"count":0,"href":"https:\/\/portaltela.pt\/api\/wp\/v2\/posts\/215952\/revisions"}],"wp:featuredmedia":[{"embeddable":true,"href":"https:\/\/portaltela.pt\/api\/wp\/v2\/media\/215958"}],"wp:attachment":[{"href":"https:\/\/portaltela.pt\/api\/wp\/v2\/media?parent=215952"}],"wp:term":[{"taxonomy":"category","embeddable":true,"href":"https:\/\/portaltela.pt\/api\/wp\/v2\/categories?post=215952"},{"taxonomy":"post_tag","embeddable":true,"href":"https:\/\/portaltela.pt\/api\/wp\/v2\/tags?post=215952"}],"curies":[{"name":"wp","href":"https:\/\/api.w.org\/{rel}","templated":true}]}}