{"id":215951,"date":"2026-02-18T10:57:25","date_gmt":"2026-02-18T13:57:25","guid":{"rendered":"https:\/\/portaltela.pt\/noticias\/2026\/02\/18\/epstein-relatos-de-terror-a-bordo-de-jato-privado\/"},"modified":"2026-02-18T10:57:25","modified_gmt":"2026-02-18T13:57:25","slug":"epstein-relatos-de-terror-a-bordo-de-jato-privado","status":"publish","type":"post","link":"https:\/\/portaltela.pt\/noticias\/2026\/02\/18\/epstein-relatos-de-terror-a-bordo-de-jato-privado\/","title":{"rendered":"Epstein: relatos de terror a bordo de jato privado"},"content":{"rendered":"<p>Juliette Bryant, ent\u00e3o com 20 anos, foi recrutada em 2002 na Cidade do Cabo por Ghislaine Maxwell, bra\u00e7o-direito de Jeffrey Epstein, com a promessa de uma carreira como modelo em Nova Iorque. O epis\u00f3dio ocorreu a bordo do Boeing 727-100 conhecido como \u201cLolita Express\u201d.<\/p>\n<p>Ao descolar, Bryant relata que Epstein iniciou abusos sexuais; outras mulheres que seguiam a viagem riam-se, segundo a testemunha. Ela descreve ter entrado em p\u00e2nico ao perceber que, para alguns presentes, a situa\u00e7\u00e3o poderia ter consequ\u00eancias graves.<\/p>\n<p>A controv\u00e9rsia envolve relatos de abusos ocorridos a bordo de v\u00e1rios voos privados operados para Epstein. Testemunhas descrevem o ambiente como controlado pelo grupo pr\u00f3ximo ao magnata, com impactos psicol\u00f3gicos duradouros para quem esteve a bordo.<\/p>\n<h3>Contexto e testemunhos<\/h3>\n<p>Relatos ouvidos por jornalistas de investiga\u00e7\u00e3o indicam que a din\u00e2mica a bordo envolvia recrutamento de novas v\u00edtimas, uso do avi\u00e3o como cen\u00e1rio de abusos e um ambiente de sil\u00eancio entre as participantes. A mat\u00e9ria cita a Sky News como fonte das declara\u00e7\u00f5es de Bryant, com refer\u00eancia ao caso amplamente coberto pela imprensa internacional.<\/p>\n<p>As informa\u00e7\u00f5es destacadas n\u00e3o substituem investiga\u00e7\u00f5es oficiais em curso, que continuam a analisar a rede de aliciamento e as condi\u00e7\u00f5es de opera\u00e7\u00e3o dos voos privados associados a Epstein. As fontes ressaltam a necessidade de verifica\u00e7\u00e3o adicional para fundamentar conclus\u00f5es.<\/p>\n","protected":false},"excerpt":{"rendered":"<ul>\n<li>Juliette Bryant, aos 20 anos, foi recrutada por Ghislaine Maxwell em 2002 na Cidade do Cabo com a promessa de uma carreira de modelo em Nova Iorque.<\/li>\n<li>Segundo Bryant, Epstein come\u00e7ou a tocar-lhe \u00e0 for\u00e7a segundos ap\u00f3s a descolagem do Boeing 727-100, conhecido como \u201cLolita Express\u201d.<\/li>\n<li>Outras mulheres a bordo riam-se enquanto ela era agredida, descrevendo um ambiente de abuso durante o voo.<\/li>\n<li>Bryant disse ter entrado em p\u00e2nico, temendo que as pessoas a bordo pudessem mat\u00e1-la.<\/li>\n<li>O Boeing 727-100 foi adquirido em 1994 e ficou associado a abusos relatados no caso Epstein.<\/li>\n<\/ul>\n","protected":false},"author":2,"featured_media":215957,"comment_status":"closed","ping_status":"closed","sticky":false,"template":"","format":"standard","meta":{"footnotes":""},"categories":[1],"tags":[1455,208,2998,5866,3990,217],"class_list":["post-215951","post","type-post","status-publish","format-standard","has-post-thumbnail","hentry","category-noticias","tag-abuso-de-menor-dependente","tag-abuso-de-menores-dependentes","tag-abuso-de-sexual-de-menor-dependente","tag-abusos","tag-crimes-sexuais","tag-investigacao-criminal"],"yoast_head":"<!-- This site is optimized with the Yoast SEO plugin v27.2 - https:\/\/yoast.com\/product\/yoast-seo-wordpress\/ -->\n<title>Epstein: relatos de terror a bordo de jato privado - Portal Tela Portugal<\/title>\n<meta name=\"robots\" content=\"index, follow, max-snippet:-1, max-image-preview:large, max-video-preview:-1\" \/>\n<meta property=\"og:locale\" content=\"pt_PT\" \/>\n<meta property=\"og:type\" content=\"article\" \/>\n<meta property=\"og:title\" content=\"Epstein: relatos de terror a bordo de jato privado - Portal Tela Portugal\" \/>\n<meta property=\"og:description\" content=\"Juliette Bryant, aos 20 anos, foi recrutada por Ghislaine Maxwell em 2002 na Cidade do Cabo com a promessa de uma carreira de modelo em Nova Iorque. Segundo Bryant, Epstein come\u00e7ou a tocar-lhe \u00e0 for\u00e7a segundos ap\u00f3s a descolagem do Boeing 727-100, conhecido como \u201cLolita Express\u201d. Outras mulheres a bordo riam-se enquanto ela era agredida, descrevendo um ambiente de abuso durante o voo. Bryant disse ter entrado em p\u00e2nico, temendo que as pessoas a bordo pudessem mat\u00e1-la. O Boeing 727-100 foi adquirido em 1994 e ficou associado a abusos relatados no caso Epstein.\" \/>\n<meta property=\"og:url\" content=\"https:\/\/portaltela.pt\/noticias\/2026\/02\/18\/epstein-relatos-de-terror-a-bordo-de-jato-privado\/\" \/>\n<meta property=\"og:site_name\" content=\"Portal Tela Portugal\" \/>\n<meta property=\"article:published_time\" content=\"2026-02-18T13:57:25+00:00\" \/>\n<meta name=\"author\" content=\"Telinha\" \/>\n<meta name=\"twitter:card\" content=\"summary_large_image\" \/>\n<meta name=\"twitter:label1\" content=\"Escrito por\" \/>\n\t<meta name=\"twitter:data1\" content=\"Telinha\" \/>\n\t<meta name=\"twitter:label2\" content=\"Tempo estimado de leitura\" \/>\n\t<meta name=\"twitter:data2\" content=\"1 minuto\" \/>\n<script type=\"application\/ld+json\" class=\"yoast-schema-graph\">{\"@context\":\"https:\/\/schema.org\",\"@graph\":[{\"@type\":\"Article\",\"@id\":\"https:\/\/portaltela.pt\/noticias\/2026\/02\/18\/epstein-relatos-de-terror-a-bordo-de-jato-privado\/#article\",\"isPartOf\":{\"@id\":\"https:\/\/portaltela.pt\/noticias\/2026\/02\/18\/epstein-relatos-de-terror-a-bordo-de-jato-privado\/\"},\"author\":{\"name\":\"Telinha\",\"@id\":\"https:\/\/portaltela.pt\/#\/schema\/person\/c4278d4a6028830caff9ee44b42d32ed\"},\"headline\":\"Epstein: relatos de terror a bordo de jato privado\",\"datePublished\":\"2026-02-18T13:57:25+00:00\",\"mainEntityOfPage\":{\"@id\":\"https:\/\/portaltela.pt\/noticias\/2026\/02\/18\/epstein-relatos-de-terror-a-bordo-de-jato-privado\/\"},\"wordCount\":245,\"image\":{\"@id\":\"https:\/\/portaltela.pt\/noticias\/2026\/02\/18\/epstein-relatos-de-terror-a-bordo-de-jato-privado\/#primaryimage\"},\"thumbnailUrl\":\"https:\/\/portaltela.pt\/s.01k8rhncp4jt1\/2026\/02\/img_293x165uu2025-12-12-19-36-02-2408815.jpg\",\"keywords\":[\"abuso de menor dependente\",\"abuso de menores dependentes\",\"abuso de sexual de menor dependente\",\"abusos\",\"crimes sexuais\",\"investiga\u00e7\u00e3o criminal\"],\"articleSection\":[\"Not\u00edcias\"],\"inLanguage\":\"pt-PT\"},{\"@type\":\"WebPage\",\"@id\":\"https:\/\/portaltela.pt\/noticias\/2026\/02\/18\/epstein-relatos-de-terror-a-bordo-de-jato-privado\/\",\"url\":\"https:\/\/portaltela.pt\/noticias\/2026\/02\/18\/epstein-relatos-de-terror-a-bordo-de-jato-privado\/\",\"name\":\"Epstein: relatos de terror a bordo de jato privado - Portal Tela Portugal\",\"isPartOf\":{\"@id\":\"https:\/\/portaltela.pt\/#website\"},\"primaryImageOfPage\":{\"@id\":\"https:\/\/portaltela.pt\/noticias\/2026\/02\/18\/epstein-relatos-de-terror-a-bordo-de-jato-privado\/#primaryimage\"},\"image\":{\"@id\":\"https:\/\/portaltela.pt\/noticias\/2026\/02\/18\/epstein-relatos-de-terror-a-bordo-de-jato-privado\/#primaryimage\"},\"thumbnailUrl\":\"https:\/\/portaltela.pt\/s.01k8rhncp4jt1\/2026\/02\/img_293x165uu2025-12-12-19-36-02-2408815.jpg\",\"datePublished\":\"2026-02-18T13:57:25+00:00\",\"author\":{\"@id\":\"https:\/\/portaltela.pt\/#\/schema\/person\/c4278d4a6028830caff9ee44b42d32ed\"},\"breadcrumb\":{\"@id\":\"https:\/\/portaltela.pt\/noticias\/2026\/02\/18\/epstein-relatos-de-terror-a-bordo-de-jato-privado\/#breadcrumb\"},\"inLanguage\":\"pt-PT\",\"potentialAction\":[{\"@type\":\"ReadAction\",\"target\":[\"https:\/\/portaltela.pt\/noticias\/2026\/02\/18\/epstein-relatos-de-terror-a-bordo-de-jato-privado\/\"]}]},{\"@type\":\"ImageObject\",\"inLanguage\":\"pt-PT\",\"@id\":\"https:\/\/portaltela.pt\/noticias\/2026\/02\/18\/epstein-relatos-de-terror-a-bordo-de-jato-privado\/#primaryimage\",\"url\":\"https:\/\/portaltela.pt\/s.01k8rhncp4jt1\/2026\/02\/img_293x165uu2025-12-12-19-36-02-2408815.jpg\",\"contentUrl\":\"https:\/\/portaltela.pt\/s.01k8rhncp4jt1\/2026\/02\/img_293x165uu2025-12-12-19-36-02-2408815.jpg\",\"width\":796,\"height\":448,\"caption\":\"Caso Epstein: relatos de terror a bordo de jato privado\"},{\"@type\":\"BreadcrumbList\",\"@id\":\"https:\/\/portaltela.pt\/noticias\/2026\/02\/18\/epstein-relatos-de-terror-a-bordo-de-jato-privado\/#breadcrumb\",\"itemListElement\":[{\"@type\":\"ListItem\",\"position\":1,\"name\":\"In\u00edcio\",\"item\":\"https:\/\/portaltela.pt\/\"},{\"@type\":\"ListItem\",\"position\":2,\"name\":\"Epstein: relatos de terror a bordo de jato privado\"}]},{\"@type\":\"WebSite\",\"@id\":\"https:\/\/portaltela.pt\/#website\",\"url\":\"https:\/\/portaltela.pt\/\",\"name\":\"Portal Tela Portugal\",\"description\":\"\",\"potentialAction\":[{\"@type\":\"SearchAction\",\"target\":{\"@type\":\"EntryPoint\",\"urlTemplate\":\"https:\/\/portaltela.pt\/?s={search_term_string}\"},\"query-input\":{\"@type\":\"PropertyValueSpecification\",\"valueRequired\":true,\"valueName\":\"search_term_string\"}}],\"inLanguage\":\"pt-PT\"},{\"@type\":\"Person\",\"@id\":\"https:\/\/portaltela.pt\/#\/schema\/person\/c4278d4a6028830caff9ee44b42d32ed\",\"name\":\"Telinha\",\"image\":{\"@type\":\"ImageObject\",\"inLanguage\":\"pt-PT\",\"@id\":\"https:\/\/portaltela.pt\/s.01k8rhncp4jt1\/2025\/11\/talking-bot-125x125.png\",\"url\":\"https:\/\/portaltela.pt\/s.01k8rhncp4jt1\/2025\/11\/talking-bot-125x125.png\",\"contentUrl\":\"https:\/\/portaltela.pt\/s.01k8rhncp4jt1\/2025\/11\/talking-bot-125x125.png\",\"caption\":\"Telinha\"},\"sameAs\":[\"https:\/\/portaltela.pt\/\"],\"url\":\"https:\/\/portaltela.pt\/por\/367410592786\/\"}]}<\/script>\n<!-- \/ Yoast SEO plugin. -->","yoast_head_json":{"title":"Epstein: relatos de terror a bordo de jato privado - Portal Tela Portugal","robots":{"index":"index","follow":"follow","max-snippet":"max-snippet:-1","max-image-preview":"max-image-preview:large","max-video-preview":"max-video-preview:-1"},"og_locale":"pt_PT","og_type":"article","og_title":"Epstein: relatos de terror a bordo de jato privado - Portal Tela Portugal","og_description":"Juliette Bryant, aos 20 anos, foi recrutada por Ghislaine Maxwell em 2002 na Cidade do Cabo com a promessa de uma carreira de modelo em Nova Iorque. Segundo Bryant, Epstein come\u00e7ou a tocar-lhe \u00e0 for\u00e7a segundos ap\u00f3s a descolagem do Boeing 727-100, conhecido como \u201cLolita Express\u201d. Outras mulheres a bordo riam-se enquanto ela era agredida, descrevendo um ambiente de abuso durante o voo. Bryant disse ter entrado em p\u00e2nico, temendo que as pessoas a bordo pudessem mat\u00e1-la. O Boeing 727-100 foi adquirido em 1994 e ficou associado a abusos relatados no caso Epstein.","og_url":"https:\/\/portaltela.pt\/noticias\/2026\/02\/18\/epstein-relatos-de-terror-a-bordo-de-jato-privado\/","og_site_name":"Portal Tela Portugal","article_published_time":"2026-02-18T13:57:25+00:00","author":"Telinha","twitter_card":"summary_large_image","twitter_misc":{"Escrito por":"Telinha","Tempo estimado de leitura":"1 minuto"},"schema":{"@context":"https:\/\/schema.org","@graph":[{"@type":"Article","@id":"https:\/\/portaltela.pt\/noticias\/2026\/02\/18\/epstein-relatos-de-terror-a-bordo-de-jato-privado\/#article","isPartOf":{"@id":"https:\/\/portaltela.pt\/noticias\/2026\/02\/18\/epstein-relatos-de-terror-a-bordo-de-jato-privado\/"},"author":{"name":"Telinha","@id":"https:\/\/portaltela.pt\/#\/schema\/person\/c4278d4a6028830caff9ee44b42d32ed"},"headline":"Epstein: relatos de terror a bordo de jato privado","datePublished":"2026-02-18T13:57:25+00:00","mainEntityOfPage":{"@id":"https:\/\/portaltela.pt\/noticias\/2026\/02\/18\/epstein-relatos-de-terror-a-bordo-de-jato-privado\/"},"wordCount":245,"image":{"@id":"https:\/\/portaltela.pt\/noticias\/2026\/02\/18\/epstein-relatos-de-terror-a-bordo-de-jato-privado\/#primaryimage"},"thumbnailUrl":"https:\/\/portaltela.pt\/s.01k8rhncp4jt1\/2026\/02\/img_293x165uu2025-12-12-19-36-02-2408815.jpg","keywords":["abuso de menor dependente","abuso de menores dependentes","abuso de sexual de menor dependente","abusos","crimes sexuais","investiga\u00e7\u00e3o criminal"],"articleSection":["Not\u00edcias"],"inLanguage":"pt-PT"},{"@type":"WebPage","@id":"https:\/\/portaltela.pt\/noticias\/2026\/02\/18\/epstein-relatos-de-terror-a-bordo-de-jato-privado\/","url":"https:\/\/portaltela.pt\/noticias\/2026\/02\/18\/epstein-relatos-de-terror-a-bordo-de-jato-privado\/","name":"Epstein: relatos de terror a bordo de jato privado - Portal Tela Portugal","isPartOf":{"@id":"https:\/\/portaltela.pt\/#website"},"primaryImageOfPage":{"@id":"https:\/\/portaltela.pt\/noticias\/2026\/02\/18\/epstein-relatos-de-terror-a-bordo-de-jato-privado\/#primaryimage"},"image":{"@id":"https:\/\/portaltela.pt\/noticias\/2026\/02\/18\/epstein-relatos-de-terror-a-bordo-de-jato-privado\/#primaryimage"},"thumbnailUrl":"https:\/\/portaltela.pt\/s.01k8rhncp4jt1\/2026\/02\/img_293x165uu2025-12-12-19-36-02-2408815.jpg","datePublished":"2026-02-18T13:57:25+00:00","author":{"@id":"https:\/\/portaltela.pt\/#\/schema\/person\/c4278d4a6028830caff9ee44b42d32ed"},"breadcrumb":{"@id":"https:\/\/portaltela.pt\/noticias\/2026\/02\/18\/epstein-relatos-de-terror-a-bordo-de-jato-privado\/#breadcrumb"},"inLanguage":"pt-PT","potentialAction":[{"@type":"ReadAction","target":["https:\/\/portaltela.pt\/noticias\/2026\/02\/18\/epstein-relatos-de-terror-a-bordo-de-jato-privado\/"]}]},{"@type":"ImageObject","inLanguage":"pt-PT","@id":"https:\/\/portaltela.pt\/noticias\/2026\/02\/18\/epstein-relatos-de-terror-a-bordo-de-jato-privado\/#primaryimage","url":"https:\/\/portaltela.pt\/s.01k8rhncp4jt1\/2026\/02\/img_293x165uu2025-12-12-19-36-02-2408815.jpg","contentUrl":"https:\/\/portaltela.pt\/s.01k8rhncp4jt1\/2026\/02\/img_293x165uu2025-12-12-19-36-02-2408815.jpg","width":796,"height":448,"caption":"Caso Epstein: relatos de terror a bordo de jato privado"},{"@type":"BreadcrumbList","@id":"https:\/\/portaltela.pt\/noticias\/2026\/02\/18\/epstein-relatos-de-terror-a-bordo-de-jato-privado\/#breadcrumb","itemListElement":[{"@type":"ListItem","position":1,"name":"In\u00edcio","item":"https:\/\/portaltela.pt\/"},{"@type":"ListItem","position":2,"name":"Epstein: relatos de terror a bordo de jato privado"}]},{"@type":"WebSite","@id":"https:\/\/portaltela.pt\/#website","url":"https:\/\/portaltela.pt\/","name":"Portal Tela Portugal","description":"","potentialAction":[{"@type":"SearchAction","target":{"@type":"EntryPoint","urlTemplate":"https:\/\/portaltela.pt\/?s={search_term_string}"},"query-input":{"@type":"PropertyValueSpecification","valueRequired":true,"valueName":"search_term_string"}}],"inLanguage":"pt-PT"},{"@type":"Person","@id":"https:\/\/portaltela.pt\/#\/schema\/person\/c4278d4a6028830caff9ee44b42d32ed","name":"Telinha","image":{"@type":"ImageObject","inLanguage":"pt-PT","@id":"https:\/\/portaltela.pt\/s.01k8rhncp4jt1\/2025\/11\/talking-bot-125x125.png","url":"https:\/\/portaltela.pt\/s.01k8rhncp4jt1\/2025\/11\/talking-bot-125x125.png","contentUrl":"https:\/\/portaltela.pt\/s.01k8rhncp4jt1\/2025\/11\/talking-bot-125x125.png","caption":"Telinha"},"sameAs":["https:\/\/portaltela.pt\/"],"url":"https:\/\/portaltela.pt\/por\/367410592786\/"}]}},"_links":{"self":[{"href":"https:\/\/portaltela.pt\/api\/wp\/v2\/posts\/215951","targetHints":{"allow":["GET"]}}],"collection":[{"href":"https:\/\/portaltela.pt\/api\/wp\/v2\/posts"}],"about":[{"href":"https:\/\/portaltela.pt\/api\/wp\/v2\/types\/post"}],"author":[{"embeddable":true,"href":"https:\/\/portaltela.pt\/api\/wp\/v2\/users\/2"}],"replies":[{"embeddable":true,"href":"https:\/\/portaltela.pt\/api\/wp\/v2\/comments?post=215951"}],"version-history":[{"count":0,"href":"https:\/\/portaltela.pt\/api\/wp\/v2\/posts\/215951\/revisions"}],"wp:featuredmedia":[{"embeddable":true,"href":"https:\/\/portaltela.pt\/api\/wp\/v2\/media\/215957"}],"wp:attachment":[{"href":"https:\/\/portaltela.pt\/api\/wp\/v2\/media?parent=215951"}],"wp:term":[{"taxonomy":"category","embeddable":true,"href":"https:\/\/portaltela.pt\/api\/wp\/v2\/categories?post=215951"},{"taxonomy":"post_tag","embeddable":true,"href":"https:\/\/portaltela.pt\/api\/wp\/v2\/tags?post=215951"}],"curies":[{"name":"wp","href":"https:\/\/api.w.org\/{rel}","templated":true}]}}