{"id":215947,"date":"2026-02-18T10:46:00","date_gmt":"2026-02-18T13:46:00","guid":{"rendered":"https:\/\/portaltela.pt\/noticias\/2026\/02\/18\/treinos-do-fc-porto-kiwior-condicionado-e-martim-fernandes-em-tratamento\/"},"modified":"2026-02-18T10:46:00","modified_gmt":"2026-02-18T13:46:00","slug":"treinos-do-fc-porto-kiwior-condicionado-e-martim-fernandes-em-tratamento","status":"publish","type":"post","link":"https:\/\/portaltela.pt\/desporto\/futebol\/2026\/02\/18\/treinos-do-fc-porto-kiwior-condicionado-e-martim-fernandes-em-tratamento\/","title":{"rendered":"Treinos do FC Porto: Kiwior condicionado e Martim Fernandes em tratamento"},"content":{"rendered":"<p>O FC Porto regressou aos treinos nesta quarta-feira, ap\u00f3s dois dias de folga. A sess\u00e3o ocorreu na Madeira, onde a equipa encara o Rio Ave na pr\u00f3xima jornada, ap\u00f3s o triunfo por 1-0 frente ao Nacional.<\/p>\n<p>Kiwior foi permitido realizar treino condicionado, mantendo o ritmo junto da equipa. Martim Fernandes continua em tratamento e a realizar trabalho de gin\u00e1sio, sem recupera\u00e7\u00e3o anunciada para j\u00e1.<\/p>\n<p>Entre os jogadores com les\u00e3o de longa dura\u00e7\u00e3o, Nehu\u00e9n P\u00e9rez segue em regime de treino condicionado, enquanto Luuk de Jong realiza tratamento espec\u00edfico, ainda sem regresso definido. Samu apresentou opera\u00e7\u00e3o ao joelho direito.<\/p>\n<p>Gabriel Br\u00e1s, Dinis Rodrigues e Andr\u00e9 Oliveira, da equipa B, estiveram a trabalhar com o plantel principal, numa sess\u00e3o de integra\u00e7\u00e3o parcial.<\/p>\n<h3>Situa\u00e7\u00e3o cl\u00ednica e prepara\u00e7\u00e3o<\/h3>\n<p>No dia em que foi anunciada a opera\u00e7\u00e3o de Samu, a equipa manteve o foco na recupera\u00e7\u00e3o de acordo com o plano m\u00e9dico, sem indica\u00e7\u00f5es de datas de retorno para os jogadores a recuperar.<\/p>\n","protected":false},"excerpt":{"rendered":"<ul>\n<li>O FC Porto regressou aos treinos quarta-feira, ap\u00f3s dois dias de folga, para preparar o jogo com o Rio Ave.<\/li>\n<li>Kiwior evoluiu para treino condicionado; Martim Fernandes trabalha em tratamento e no gin\u00e1sio.<\/li>\n<li>Nehu\u00e9n P\u00e9rez mant\u00e9m treino condicionado; Luuk de Jong continua em tratamento.<\/li>\n<li>Samu foi operado com sucesso \u00e0 rotura total do ligamento cruzado anterior do joelho direito.<\/li>\n<li>Gabriel Br\u00e1s, Dinis Rodrigues e Andr\u00e9 Oliveira, da equipa B, integraram o treino com o plantel principal.<\/li>\n<\/ul>\n","protected":false},"author":2,"featured_media":215948,"comment_status":"closed","ping_status":"closed","sticky":false,"template":"","format":"standard","meta":{"footnotes":""},"categories":[21,24],"tags":[2028,2538,859,982,2190,2570],"class_list":["post-215947","post","type-post","status-publish","format-standard","has-post-thumbnail","hentry","category-desporto","category-futebol","tag-fc-porto","tag-lesoes","tag-madeira","tag-porto","tag-rio-ave","tag-samu"],"yoast_head":"<!-- This site is optimized with the Yoast SEO plugin v27.2 - https:\/\/yoast.com\/product\/yoast-seo-wordpress\/ -->\n<title>Treinos do FC Porto: Kiwior condicionado e Martim Fernandes em tratamento - Portal Tela Portugal<\/title>\n<meta name=\"robots\" content=\"index, follow, max-snippet:-1, max-image-preview:large, max-video-preview:-1\" \/>\n<meta property=\"og:locale\" content=\"pt_PT\" \/>\n<meta property=\"og:type\" content=\"article\" \/>\n<meta property=\"og:title\" content=\"Treinos do FC Porto: Kiwior condicionado e Martim Fernandes em tratamento - Portal Tela Portugal\" \/>\n<meta property=\"og:description\" content=\"O FC Porto regressou aos treinos quarta-feira, ap\u00f3s dois dias de folga, para preparar o jogo com o Rio Ave. Kiwior evoluiu para treino condicionado; Martim Fernandes trabalha em tratamento e no gin\u00e1sio. Nehu\u00e9n P\u00e9rez mant\u00e9m treino condicionado; Luuk de Jong continua em tratamento. Samu foi operado com sucesso \u00e0 rotura total do ligamento cruzado anterior do joelho direito. Gabriel Br\u00e1s, Dinis Rodrigues e Andr\u00e9 Oliveira, da equipa B, integraram o treino com o plantel principal.\" \/>\n<meta property=\"og:url\" content=\"https:\/\/portaltela.pt\/noticias\/2026\/02\/18\/treinos-do-fc-porto-kiwior-condicionado-e-martim-fernandes-em-tratamento\/\" \/>\n<meta property=\"og:site_name\" content=\"Portal Tela Portugal\" \/>\n<meta property=\"article:published_time\" content=\"2026-02-18T13:46:00+00:00\" \/>\n<meta name=\"author\" content=\"Telinha\" \/>\n<meta name=\"twitter:card\" content=\"summary_large_image\" \/>\n<meta name=\"twitter:label1\" content=\"Escrito por\" \/>\n\t<meta name=\"twitter:data1\" content=\"Telinha\" \/>\n\t<meta name=\"twitter:label2\" content=\"Tempo estimado de leitura\" \/>\n\t<meta name=\"twitter:data2\" content=\"1 minuto\" \/>\n<script type=\"application\/ld+json\" class=\"yoast-schema-graph\">{\"@context\":\"https:\/\/schema.org\",\"@graph\":[{\"@type\":\"Article\",\"@id\":\"https:\/\/portaltela.pt\/noticias\/2026\/02\/18\/treinos-do-fc-porto-kiwior-condicionado-e-martim-fernandes-em-tratamento\/#article\",\"isPartOf\":{\"@id\":\"https:\/\/portaltela.pt\/noticias\/2026\/02\/18\/treinos-do-fc-porto-kiwior-condicionado-e-martim-fernandes-em-tratamento\/\"},\"author\":{\"name\":\"Telinha\",\"@id\":\"https:\/\/portaltela.pt\/#\/schema\/person\/c4278d4a6028830caff9ee44b42d32ed\"},\"headline\":\"Treinos do FC Porto: Kiwior condicionado e Martim Fernandes em tratamento\",\"datePublished\":\"2026-02-18T13:46:00+00:00\",\"mainEntityOfPage\":{\"@id\":\"https:\/\/portaltela.pt\/noticias\/2026\/02\/18\/treinos-do-fc-porto-kiwior-condicionado-e-martim-fernandes-em-tratamento\/\"},\"wordCount\":190,\"image\":{\"@id\":\"https:\/\/portaltela.pt\/noticias\/2026\/02\/18\/treinos-do-fc-porto-kiwior-condicionado-e-martim-fernandes-em-tratamento\/#primaryimage\"},\"thumbnailUrl\":\"https:\/\/portaltela.pt\/s.01k8rhncp4jt1\/2026\/02\/img_920x518uu2025-09-13-20-21-50-2389670-im-639070190638648812.jpg\",\"keywords\":[\"FC Porto\",\"les\u00f5es\",\"Madeira\",\"Porto\",\"Rio Ave\",\"Samu\"],\"articleSection\":[\"Desporto\",\"Futebol\"],\"inLanguage\":\"pt-PT\"},{\"@type\":\"WebPage\",\"@id\":\"https:\/\/portaltela.pt\/noticias\/2026\/02\/18\/treinos-do-fc-porto-kiwior-condicionado-e-martim-fernandes-em-tratamento\/\",\"url\":\"https:\/\/portaltela.pt\/noticias\/2026\/02\/18\/treinos-do-fc-porto-kiwior-condicionado-e-martim-fernandes-em-tratamento\/\",\"name\":\"Treinos do FC Porto: Kiwior condicionado e Martim Fernandes em tratamento - Portal Tela Portugal\",\"isPartOf\":{\"@id\":\"https:\/\/portaltela.pt\/#website\"},\"primaryImageOfPage\":{\"@id\":\"https:\/\/portaltela.pt\/noticias\/2026\/02\/18\/treinos-do-fc-porto-kiwior-condicionado-e-martim-fernandes-em-tratamento\/#primaryimage\"},\"image\":{\"@id\":\"https:\/\/portaltela.pt\/noticias\/2026\/02\/18\/treinos-do-fc-porto-kiwior-condicionado-e-martim-fernandes-em-tratamento\/#primaryimage\"},\"thumbnailUrl\":\"https:\/\/portaltela.pt\/s.01k8rhncp4jt1\/2026\/02\/img_920x518uu2025-09-13-20-21-50-2389670-im-639070190638648812.jpg\",\"datePublished\":\"2026-02-18T13:46:00+00:00\",\"author\":{\"@id\":\"https:\/\/portaltela.pt\/#\/schema\/person\/c4278d4a6028830caff9ee44b42d32ed\"},\"breadcrumb\":{\"@id\":\"https:\/\/portaltela.pt\/noticias\/2026\/02\/18\/treinos-do-fc-porto-kiwior-condicionado-e-martim-fernandes-em-tratamento\/#breadcrumb\"},\"inLanguage\":\"pt-PT\",\"potentialAction\":[{\"@type\":\"ReadAction\",\"target\":[\"https:\/\/portaltela.pt\/noticias\/2026\/02\/18\/treinos-do-fc-porto-kiwior-condicionado-e-martim-fernandes-em-tratamento\/\"]}]},{\"@type\":\"ImageObject\",\"inLanguage\":\"pt-PT\",\"@id\":\"https:\/\/portaltela.pt\/noticias\/2026\/02\/18\/treinos-do-fc-porto-kiwior-condicionado-e-martim-fernandes-em-tratamento\/#primaryimage\",\"url\":\"https:\/\/portaltela.pt\/s.01k8rhncp4jt1\/2026\/02\/img_920x518uu2025-09-13-20-21-50-2389670-im-639070190638648812.jpg\",\"contentUrl\":\"https:\/\/portaltela.pt\/s.01k8rhncp4jt1\/2026\/02\/img_920x518uu2025-09-13-20-21-50-2389670-im-639070190638648812.jpg\",\"width\":796,\"height\":448,\"caption\":\"Jakub Kiwior em a\u00e7\u00e3o pelo FC Porto\"},{\"@type\":\"BreadcrumbList\",\"@id\":\"https:\/\/portaltela.pt\/noticias\/2026\/02\/18\/treinos-do-fc-porto-kiwior-condicionado-e-martim-fernandes-em-tratamento\/#breadcrumb\",\"itemListElement\":[{\"@type\":\"ListItem\",\"position\":1,\"name\":\"In\u00edcio\",\"item\":\"https:\/\/portaltela.pt\/\"},{\"@type\":\"ListItem\",\"position\":2,\"name\":\"Treinos do FC Porto: Kiwior condicionado e Martim Fernandes em tratamento\"}]},{\"@type\":\"WebSite\",\"@id\":\"https:\/\/portaltela.pt\/#website\",\"url\":\"https:\/\/portaltela.pt\/\",\"name\":\"Portal Tela Portugal\",\"description\":\"\",\"potentialAction\":[{\"@type\":\"SearchAction\",\"target\":{\"@type\":\"EntryPoint\",\"urlTemplate\":\"https:\/\/portaltela.pt\/?s={search_term_string}\"},\"query-input\":{\"@type\":\"PropertyValueSpecification\",\"valueRequired\":true,\"valueName\":\"search_term_string\"}}],\"inLanguage\":\"pt-PT\"},{\"@type\":\"Person\",\"@id\":\"https:\/\/portaltela.pt\/#\/schema\/person\/c4278d4a6028830caff9ee44b42d32ed\",\"name\":\"Telinha\",\"image\":{\"@type\":\"ImageObject\",\"inLanguage\":\"pt-PT\",\"@id\":\"https:\/\/portaltela.pt\/s.01k8rhncp4jt1\/2025\/11\/talking-bot-125x125.png\",\"url\":\"https:\/\/portaltela.pt\/s.01k8rhncp4jt1\/2025\/11\/talking-bot-125x125.png\",\"contentUrl\":\"https:\/\/portaltela.pt\/s.01k8rhncp4jt1\/2025\/11\/talking-bot-125x125.png\",\"caption\":\"Telinha\"},\"sameAs\":[\"https:\/\/portaltela.pt\/\"],\"url\":\"https:\/\/portaltela.pt\/por\/367410592786\/\"}]}<\/script>\n<!-- \/ Yoast SEO plugin. -->","yoast_head_json":{"title":"Treinos do FC Porto: Kiwior condicionado e Martim Fernandes em tratamento - Portal Tela Portugal","robots":{"index":"index","follow":"follow","max-snippet":"max-snippet:-1","max-image-preview":"max-image-preview:large","max-video-preview":"max-video-preview:-1"},"og_locale":"pt_PT","og_type":"article","og_title":"Treinos do FC Porto: Kiwior condicionado e Martim Fernandes em tratamento - Portal Tela Portugal","og_description":"O FC Porto regressou aos treinos quarta-feira, ap\u00f3s dois dias de folga, para preparar o jogo com o Rio Ave. Kiwior evoluiu para treino condicionado; Martim Fernandes trabalha em tratamento e no gin\u00e1sio. Nehu\u00e9n P\u00e9rez mant\u00e9m treino condicionado; Luuk de Jong continua em tratamento. Samu foi operado com sucesso \u00e0 rotura total do ligamento cruzado anterior do joelho direito. Gabriel Br\u00e1s, Dinis Rodrigues e Andr\u00e9 Oliveira, da equipa B, integraram o treino com o plantel principal.","og_url":"https:\/\/portaltela.pt\/noticias\/2026\/02\/18\/treinos-do-fc-porto-kiwior-condicionado-e-martim-fernandes-em-tratamento\/","og_site_name":"Portal Tela Portugal","article_published_time":"2026-02-18T13:46:00+00:00","author":"Telinha","twitter_card":"summary_large_image","twitter_misc":{"Escrito por":"Telinha","Tempo estimado de leitura":"1 minuto"},"schema":{"@context":"https:\/\/schema.org","@graph":[{"@type":"Article","@id":"https:\/\/portaltela.pt\/noticias\/2026\/02\/18\/treinos-do-fc-porto-kiwior-condicionado-e-martim-fernandes-em-tratamento\/#article","isPartOf":{"@id":"https:\/\/portaltela.pt\/noticias\/2026\/02\/18\/treinos-do-fc-porto-kiwior-condicionado-e-martim-fernandes-em-tratamento\/"},"author":{"name":"Telinha","@id":"https:\/\/portaltela.pt\/#\/schema\/person\/c4278d4a6028830caff9ee44b42d32ed"},"headline":"Treinos do FC Porto: Kiwior condicionado e Martim Fernandes em tratamento","datePublished":"2026-02-18T13:46:00+00:00","mainEntityOfPage":{"@id":"https:\/\/portaltela.pt\/noticias\/2026\/02\/18\/treinos-do-fc-porto-kiwior-condicionado-e-martim-fernandes-em-tratamento\/"},"wordCount":190,"image":{"@id":"https:\/\/portaltela.pt\/noticias\/2026\/02\/18\/treinos-do-fc-porto-kiwior-condicionado-e-martim-fernandes-em-tratamento\/#primaryimage"},"thumbnailUrl":"https:\/\/portaltela.pt\/s.01k8rhncp4jt1\/2026\/02\/img_920x518uu2025-09-13-20-21-50-2389670-im-639070190638648812.jpg","keywords":["FC Porto","les\u00f5es","Madeira","Porto","Rio Ave","Samu"],"articleSection":["Desporto","Futebol"],"inLanguage":"pt-PT"},{"@type":"WebPage","@id":"https:\/\/portaltela.pt\/noticias\/2026\/02\/18\/treinos-do-fc-porto-kiwior-condicionado-e-martim-fernandes-em-tratamento\/","url":"https:\/\/portaltela.pt\/noticias\/2026\/02\/18\/treinos-do-fc-porto-kiwior-condicionado-e-martim-fernandes-em-tratamento\/","name":"Treinos do FC Porto: Kiwior condicionado e Martim Fernandes em tratamento - Portal Tela Portugal","isPartOf":{"@id":"https:\/\/portaltela.pt\/#website"},"primaryImageOfPage":{"@id":"https:\/\/portaltela.pt\/noticias\/2026\/02\/18\/treinos-do-fc-porto-kiwior-condicionado-e-martim-fernandes-em-tratamento\/#primaryimage"},"image":{"@id":"https:\/\/portaltela.pt\/noticias\/2026\/02\/18\/treinos-do-fc-porto-kiwior-condicionado-e-martim-fernandes-em-tratamento\/#primaryimage"},"thumbnailUrl":"https:\/\/portaltela.pt\/s.01k8rhncp4jt1\/2026\/02\/img_920x518uu2025-09-13-20-21-50-2389670-im-639070190638648812.jpg","datePublished":"2026-02-18T13:46:00+00:00","author":{"@id":"https:\/\/portaltela.pt\/#\/schema\/person\/c4278d4a6028830caff9ee44b42d32ed"},"breadcrumb":{"@id":"https:\/\/portaltela.pt\/noticias\/2026\/02\/18\/treinos-do-fc-porto-kiwior-condicionado-e-martim-fernandes-em-tratamento\/#breadcrumb"},"inLanguage":"pt-PT","potentialAction":[{"@type":"ReadAction","target":["https:\/\/portaltela.pt\/noticias\/2026\/02\/18\/treinos-do-fc-porto-kiwior-condicionado-e-martim-fernandes-em-tratamento\/"]}]},{"@type":"ImageObject","inLanguage":"pt-PT","@id":"https:\/\/portaltela.pt\/noticias\/2026\/02\/18\/treinos-do-fc-porto-kiwior-condicionado-e-martim-fernandes-em-tratamento\/#primaryimage","url":"https:\/\/portaltela.pt\/s.01k8rhncp4jt1\/2026\/02\/img_920x518uu2025-09-13-20-21-50-2389670-im-639070190638648812.jpg","contentUrl":"https:\/\/portaltela.pt\/s.01k8rhncp4jt1\/2026\/02\/img_920x518uu2025-09-13-20-21-50-2389670-im-639070190638648812.jpg","width":796,"height":448,"caption":"Jakub Kiwior em a\u00e7\u00e3o pelo FC Porto"},{"@type":"BreadcrumbList","@id":"https:\/\/portaltela.pt\/noticias\/2026\/02\/18\/treinos-do-fc-porto-kiwior-condicionado-e-martim-fernandes-em-tratamento\/#breadcrumb","itemListElement":[{"@type":"ListItem","position":1,"name":"In\u00edcio","item":"https:\/\/portaltela.pt\/"},{"@type":"ListItem","position":2,"name":"Treinos do FC Porto: Kiwior condicionado e Martim Fernandes em tratamento"}]},{"@type":"WebSite","@id":"https:\/\/portaltela.pt\/#website","url":"https:\/\/portaltela.pt\/","name":"Portal Tela Portugal","description":"","potentialAction":[{"@type":"SearchAction","target":{"@type":"EntryPoint","urlTemplate":"https:\/\/portaltela.pt\/?s={search_term_string}"},"query-input":{"@type":"PropertyValueSpecification","valueRequired":true,"valueName":"search_term_string"}}],"inLanguage":"pt-PT"},{"@type":"Person","@id":"https:\/\/portaltela.pt\/#\/schema\/person\/c4278d4a6028830caff9ee44b42d32ed","name":"Telinha","image":{"@type":"ImageObject","inLanguage":"pt-PT","@id":"https:\/\/portaltela.pt\/s.01k8rhncp4jt1\/2025\/11\/talking-bot-125x125.png","url":"https:\/\/portaltela.pt\/s.01k8rhncp4jt1\/2025\/11\/talking-bot-125x125.png","contentUrl":"https:\/\/portaltela.pt\/s.01k8rhncp4jt1\/2025\/11\/talking-bot-125x125.png","caption":"Telinha"},"sameAs":["https:\/\/portaltela.pt\/"],"url":"https:\/\/portaltela.pt\/por\/367410592786\/"}]}},"_links":{"self":[{"href":"https:\/\/portaltela.pt\/api\/wp\/v2\/posts\/215947","targetHints":{"allow":["GET"]}}],"collection":[{"href":"https:\/\/portaltela.pt\/api\/wp\/v2\/posts"}],"about":[{"href":"https:\/\/portaltela.pt\/api\/wp\/v2\/types\/post"}],"author":[{"embeddable":true,"href":"https:\/\/portaltela.pt\/api\/wp\/v2\/users\/2"}],"replies":[{"embeddable":true,"href":"https:\/\/portaltela.pt\/api\/wp\/v2\/comments?post=215947"}],"version-history":[{"count":0,"href":"https:\/\/portaltela.pt\/api\/wp\/v2\/posts\/215947\/revisions"}],"wp:featuredmedia":[{"embeddable":true,"href":"https:\/\/portaltela.pt\/api\/wp\/v2\/media\/215948"}],"wp:attachment":[{"href":"https:\/\/portaltela.pt\/api\/wp\/v2\/media?parent=215947"}],"wp:term":[{"taxonomy":"category","embeddable":true,"href":"https:\/\/portaltela.pt\/api\/wp\/v2\/categories?post=215947"},{"taxonomy":"post_tag","embeddable":true,"href":"https:\/\/portaltela.pt\/api\/wp\/v2\/tags?post=215947"}],"curies":[{"name":"wp","href":"https:\/\/api.w.org\/{rel}","templated":true}]}}