{"id":215945,"date":"2026-02-18T10:42:00","date_gmt":"2026-02-18T13:42:00","guid":{"rendered":"https:\/\/portaltela.pt\/noticias\/2026\/02\/18\/hannah-montana-celebra-20-anos-em-especial-com-miley-cyrus\/"},"modified":"2026-02-18T10:42:00","modified_gmt":"2026-02-18T13:42:00","slug":"hannah-montana-celebra-20-anos-em-especial-com-miley-cyrus","status":"publish","type":"post","link":"https:\/\/portaltela.pt\/noticias\/2026\/02\/18\/hannah-montana-celebra-20-anos-em-especial-com-miley-cyrus\/","title":{"rendered":"Hannah Montana celebra 20 anos em especial com Miley Cyrus"},"content":{"rendered":"<p>Miley Cyrus volta a brilhar como Hannah Montana num especial de 20.\u00ba anivers\u00e1rio, anunciado pela Disney. O evento celebra duas d\u00e9cadas desde a estreia da s\u00e9rie que revelou a jovem atriz e impulsionou a carreira musical de Cyrus. A emiss\u00e3o ser\u00e1 exclusiva no Disney+.<\/p>\n<p>O especial traz entrevistas, cenas in\u00e9ditas de arquivo e a recria\u00e7\u00e3o de cen\u00e1rios ic\u00f3nicos, gravados diante de uma plateia ao vivo. Entre as din\u00e2micas, espera-se a participa\u00e7\u00e3o de convidados e momentos musicais, mantendo o esp\u00edrito do programa.<\/p>\n<p>A confirma\u00e7\u00e3o surgiu nas redes da Disney e de Miley Cyrus, com a atriz a agradecer aos f\u00e3s pelo apoio ao longo dos 20 anos. A data marcada \u00e9 24 de mar\u00e7o, coincidindo com o dia de estreia original da s\u00e9rie em 2006.<\/p>\n<h3>De volta onde tudo come\u00e7ou<\/h3>\n<p>O projeto insere-se numa tend\u00eancia de revisitar sucessos da inf\u00e2ncia com formatos que combinam nostalgia e conte\u00fado moderno. O p\u00fablico aguarda novas revela\u00e7\u00f5es sobre poss\u00edveis surpresas e convidados especiais.<\/p>\n<p>Ao longo de tr\u00eas temporadas, Hannah Montana marcou gera\u00e7\u00f5es e criou um mercado ligado \u00e0 m\u00fasica, moda e entretenimento para jovens. A produ\u00e7\u00e3o abriu caminho para novas propostas no g\u00eanero.<\/p>\n","protected":false},"excerpt":{"rendered":"<ul>\n<li>A Disney anunciou o regresso de Hannah Montana com um especial de 20.\u00ba anivers\u00e1rio para 24 de mar\u00e7o no Disney+.<\/li>\n<li>A s\u00e9rie estreou em 2006 no Disney Channel e teve quatro temporadas, lan\u00e7ando Miley Cyrus, filha do cantor Billy Ray Cyrus, para a fama na m\u00fasica.<\/li>\n<li>O especial vai incluir entrevistas, cenas in\u00e9ditas de arquivo e uma grava\u00e7\u00e3o ao vivo, com recria\u00e7\u00e3o de cen\u00e1rios antigos.<\/li>\n<li>Miley Cyrus afirmou que o Hannahvers\u00e1rio \u00e9 uma forma de agradecer aos f\u00e3s que acompanharam a s\u00e9rie durante 20 anos.<\/li>\n<li>Os f\u00e3s aguardam mais surpresas e convidados, com novas confirma\u00e7\u00f5es esperadas em breve.<\/li>\n<\/ul>\n","protected":false},"author":2,"featured_media":215946,"comment_status":"closed","ping_status":"closed","sticky":false,"template":"","format":"standard","meta":{"footnotes":""},"categories":[12,1],"tags":[762,76,145,2924,1759,122],"class_list":["post-215945","post","type-post","status-publish","format-standard","has-post-thumbnail","hentry","category-entretenimento","category-noticias","tag-artistas","tag-celebridades","tag-cultura","tag-disney","tag-infancia","tag-musica"],"yoast_head":"<!-- This site is optimized with the Yoast SEO plugin v27.2 - https:\/\/yoast.com\/product\/yoast-seo-wordpress\/ -->\n<title>Hannah Montana celebra 20 anos em especial com Miley Cyrus - Portal Tela Portugal<\/title>\n<meta name=\"robots\" content=\"index, follow, max-snippet:-1, max-image-preview:large, max-video-preview:-1\" \/>\n<meta property=\"og:locale\" content=\"pt_PT\" \/>\n<meta property=\"og:type\" content=\"article\" \/>\n<meta property=\"og:title\" content=\"Hannah Montana celebra 20 anos em especial com Miley Cyrus - Portal Tela Portugal\" \/>\n<meta property=\"og:description\" content=\"A Disney anunciou o regresso de Hannah Montana com um especial de 20.\u00ba anivers\u00e1rio para 24 de mar\u00e7o no Disney+. A s\u00e9rie estreou em 2006 no Disney Channel e teve quatro temporadas, lan\u00e7ando Miley Cyrus, filha do cantor Billy Ray Cyrus, para a fama na m\u00fasica. O especial vai incluir entrevistas, cenas in\u00e9ditas de arquivo e uma grava\u00e7\u00e3o ao vivo, com recria\u00e7\u00e3o de cen\u00e1rios antigos. Miley Cyrus afirmou que o Hannahvers\u00e1rio \u00e9 uma forma de agradecer aos f\u00e3s que acompanharam a s\u00e9rie durante 20 anos. Os f\u00e3s aguardam mais surpresas e convidados, com novas confirma\u00e7\u00f5es esperadas em breve.\" \/>\n<meta property=\"og:url\" content=\"https:\/\/portaltela.pt\/noticias\/2026\/02\/18\/hannah-montana-celebra-20-anos-em-especial-com-miley-cyrus\/\" \/>\n<meta property=\"og:site_name\" content=\"Portal Tela Portugal\" \/>\n<meta property=\"article:published_time\" content=\"2026-02-18T13:42:00+00:00\" \/>\n<meta name=\"author\" content=\"Telinha\" \/>\n<meta name=\"twitter:card\" content=\"summary_large_image\" \/>\n<meta name=\"twitter:label1\" content=\"Escrito por\" \/>\n\t<meta name=\"twitter:data1\" content=\"Telinha\" \/>\n\t<meta name=\"twitter:label2\" content=\"Tempo estimado de leitura\" \/>\n\t<meta name=\"twitter:data2\" content=\"1 minuto\" \/>\n<script type=\"application\/ld+json\" class=\"yoast-schema-graph\">{\"@context\":\"https:\/\/schema.org\",\"@graph\":[{\"@type\":\"Article\",\"@id\":\"https:\/\/portaltela.pt\/noticias\/2026\/02\/18\/hannah-montana-celebra-20-anos-em-especial-com-miley-cyrus\/#article\",\"isPartOf\":{\"@id\":\"https:\/\/portaltela.pt\/noticias\/2026\/02\/18\/hannah-montana-celebra-20-anos-em-especial-com-miley-cyrus\/\"},\"author\":{\"name\":\"Telinha\",\"@id\":\"https:\/\/portaltela.pt\/#\/schema\/person\/c4278d4a6028830caff9ee44b42d32ed\"},\"headline\":\"Hannah Montana celebra 20 anos em especial com Miley Cyrus\",\"datePublished\":\"2026-02-18T13:42:00+00:00\",\"mainEntityOfPage\":{\"@id\":\"https:\/\/portaltela.pt\/noticias\/2026\/02\/18\/hannah-montana-celebra-20-anos-em-especial-com-miley-cyrus\/\"},\"wordCount\":218,\"image\":{\"@id\":\"https:\/\/portaltela.pt\/noticias\/2026\/02\/18\/hannah-montana-celebra-20-anos-em-especial-com-miley-cyrus\/#primaryimage\"},\"thumbnailUrl\":\"https:\/\/portaltela.pt\/s.01k8rhncp4jt1\/2026\/02\/image-1330.jpg\",\"keywords\":[\"artistas\",\"celebridades\",\"cultura\",\"Disney+\",\"inf\u00e2ncia\",\"m\u00fasica\"],\"articleSection\":[\"Entretenimento\",\"Not\u00edcias\"],\"inLanguage\":\"pt-PT\"},{\"@type\":\"WebPage\",\"@id\":\"https:\/\/portaltela.pt\/noticias\/2026\/02\/18\/hannah-montana-celebra-20-anos-em-especial-com-miley-cyrus\/\",\"url\":\"https:\/\/portaltela.pt\/noticias\/2026\/02\/18\/hannah-montana-celebra-20-anos-em-especial-com-miley-cyrus\/\",\"name\":\"Hannah Montana celebra 20 anos em especial com Miley Cyrus - Portal Tela Portugal\",\"isPartOf\":{\"@id\":\"https:\/\/portaltela.pt\/#website\"},\"primaryImageOfPage\":{\"@id\":\"https:\/\/portaltela.pt\/noticias\/2026\/02\/18\/hannah-montana-celebra-20-anos-em-especial-com-miley-cyrus\/#primaryimage\"},\"image\":{\"@id\":\"https:\/\/portaltela.pt\/noticias\/2026\/02\/18\/hannah-montana-celebra-20-anos-em-especial-com-miley-cyrus\/#primaryimage\"},\"thumbnailUrl\":\"https:\/\/portaltela.pt\/s.01k8rhncp4jt1\/2026\/02\/image-1330.jpg\",\"datePublished\":\"2026-02-18T13:42:00+00:00\",\"author\":{\"@id\":\"https:\/\/portaltela.pt\/#\/schema\/person\/c4278d4a6028830caff9ee44b42d32ed\"},\"breadcrumb\":{\"@id\":\"https:\/\/portaltela.pt\/noticias\/2026\/02\/18\/hannah-montana-celebra-20-anos-em-especial-com-miley-cyrus\/#breadcrumb\"},\"inLanguage\":\"pt-PT\",\"potentialAction\":[{\"@type\":\"ReadAction\",\"target\":[\"https:\/\/portaltela.pt\/noticias\/2026\/02\/18\/hannah-montana-celebra-20-anos-em-especial-com-miley-cyrus\/\"]}]},{\"@type\":\"ImageObject\",\"inLanguage\":\"pt-PT\",\"@id\":\"https:\/\/portaltela.pt\/noticias\/2026\/02\/18\/hannah-montana-celebra-20-anos-em-especial-com-miley-cyrus\/#primaryimage\",\"url\":\"https:\/\/portaltela.pt\/s.01k8rhncp4jt1\/2026\/02\/image-1330.jpg\",\"contentUrl\":\"https:\/\/portaltela.pt\/s.01k8rhncp4jt1\/2026\/02\/image-1330.jpg\",\"width\":796,\"height\":448,\"caption\":\"Miley Cyrus foi a protagonista da s\u00e9rie \\\"Hannah Montana\\\" h\u00e1 20 anos. Tem atualmente 33 anos e fez carreira na m\u00fasica.\"},{\"@type\":\"BreadcrumbList\",\"@id\":\"https:\/\/portaltela.pt\/noticias\/2026\/02\/18\/hannah-montana-celebra-20-anos-em-especial-com-miley-cyrus\/#breadcrumb\",\"itemListElement\":[{\"@type\":\"ListItem\",\"position\":1,\"name\":\"In\u00edcio\",\"item\":\"https:\/\/portaltela.pt\/\"},{\"@type\":\"ListItem\",\"position\":2,\"name\":\"Hannah Montana celebra 20 anos em especial com Miley Cyrus\"}]},{\"@type\":\"WebSite\",\"@id\":\"https:\/\/portaltela.pt\/#website\",\"url\":\"https:\/\/portaltela.pt\/\",\"name\":\"Portal Tela Portugal\",\"description\":\"\",\"potentialAction\":[{\"@type\":\"SearchAction\",\"target\":{\"@type\":\"EntryPoint\",\"urlTemplate\":\"https:\/\/portaltela.pt\/?s={search_term_string}\"},\"query-input\":{\"@type\":\"PropertyValueSpecification\",\"valueRequired\":true,\"valueName\":\"search_term_string\"}}],\"inLanguage\":\"pt-PT\"},{\"@type\":\"Person\",\"@id\":\"https:\/\/portaltela.pt\/#\/schema\/person\/c4278d4a6028830caff9ee44b42d32ed\",\"name\":\"Telinha\",\"image\":{\"@type\":\"ImageObject\",\"inLanguage\":\"pt-PT\",\"@id\":\"https:\/\/portaltela.pt\/s.01k8rhncp4jt1\/2025\/11\/talking-bot-125x125.png\",\"url\":\"https:\/\/portaltela.pt\/s.01k8rhncp4jt1\/2025\/11\/talking-bot-125x125.png\",\"contentUrl\":\"https:\/\/portaltela.pt\/s.01k8rhncp4jt1\/2025\/11\/talking-bot-125x125.png\",\"caption\":\"Telinha\"},\"sameAs\":[\"https:\/\/portaltela.pt\/\"],\"url\":\"https:\/\/portaltela.pt\/por\/367410592786\/\"}]}<\/script>\n<!-- \/ Yoast SEO plugin. -->","yoast_head_json":{"title":"Hannah Montana celebra 20 anos em especial com Miley Cyrus - Portal Tela Portugal","robots":{"index":"index","follow":"follow","max-snippet":"max-snippet:-1","max-image-preview":"max-image-preview:large","max-video-preview":"max-video-preview:-1"},"og_locale":"pt_PT","og_type":"article","og_title":"Hannah Montana celebra 20 anos em especial com Miley Cyrus - Portal Tela Portugal","og_description":"A Disney anunciou o regresso de Hannah Montana com um especial de 20.\u00ba anivers\u00e1rio para 24 de mar\u00e7o no Disney+. A s\u00e9rie estreou em 2006 no Disney Channel e teve quatro temporadas, lan\u00e7ando Miley Cyrus, filha do cantor Billy Ray Cyrus, para a fama na m\u00fasica. O especial vai incluir entrevistas, cenas in\u00e9ditas de arquivo e uma grava\u00e7\u00e3o ao vivo, com recria\u00e7\u00e3o de cen\u00e1rios antigos. Miley Cyrus afirmou que o Hannahvers\u00e1rio \u00e9 uma forma de agradecer aos f\u00e3s que acompanharam a s\u00e9rie durante 20 anos. Os f\u00e3s aguardam mais surpresas e convidados, com novas confirma\u00e7\u00f5es esperadas em breve.","og_url":"https:\/\/portaltela.pt\/noticias\/2026\/02\/18\/hannah-montana-celebra-20-anos-em-especial-com-miley-cyrus\/","og_site_name":"Portal Tela Portugal","article_published_time":"2026-02-18T13:42:00+00:00","author":"Telinha","twitter_card":"summary_large_image","twitter_misc":{"Escrito por":"Telinha","Tempo estimado de leitura":"1 minuto"},"schema":{"@context":"https:\/\/schema.org","@graph":[{"@type":"Article","@id":"https:\/\/portaltela.pt\/noticias\/2026\/02\/18\/hannah-montana-celebra-20-anos-em-especial-com-miley-cyrus\/#article","isPartOf":{"@id":"https:\/\/portaltela.pt\/noticias\/2026\/02\/18\/hannah-montana-celebra-20-anos-em-especial-com-miley-cyrus\/"},"author":{"name":"Telinha","@id":"https:\/\/portaltela.pt\/#\/schema\/person\/c4278d4a6028830caff9ee44b42d32ed"},"headline":"Hannah Montana celebra 20 anos em especial com Miley Cyrus","datePublished":"2026-02-18T13:42:00+00:00","mainEntityOfPage":{"@id":"https:\/\/portaltela.pt\/noticias\/2026\/02\/18\/hannah-montana-celebra-20-anos-em-especial-com-miley-cyrus\/"},"wordCount":218,"image":{"@id":"https:\/\/portaltela.pt\/noticias\/2026\/02\/18\/hannah-montana-celebra-20-anos-em-especial-com-miley-cyrus\/#primaryimage"},"thumbnailUrl":"https:\/\/portaltela.pt\/s.01k8rhncp4jt1\/2026\/02\/image-1330.jpg","keywords":["artistas","celebridades","cultura","Disney+","inf\u00e2ncia","m\u00fasica"],"articleSection":["Entretenimento","Not\u00edcias"],"inLanguage":"pt-PT"},{"@type":"WebPage","@id":"https:\/\/portaltela.pt\/noticias\/2026\/02\/18\/hannah-montana-celebra-20-anos-em-especial-com-miley-cyrus\/","url":"https:\/\/portaltela.pt\/noticias\/2026\/02\/18\/hannah-montana-celebra-20-anos-em-especial-com-miley-cyrus\/","name":"Hannah Montana celebra 20 anos em especial com Miley Cyrus - Portal Tela Portugal","isPartOf":{"@id":"https:\/\/portaltela.pt\/#website"},"primaryImageOfPage":{"@id":"https:\/\/portaltela.pt\/noticias\/2026\/02\/18\/hannah-montana-celebra-20-anos-em-especial-com-miley-cyrus\/#primaryimage"},"image":{"@id":"https:\/\/portaltela.pt\/noticias\/2026\/02\/18\/hannah-montana-celebra-20-anos-em-especial-com-miley-cyrus\/#primaryimage"},"thumbnailUrl":"https:\/\/portaltela.pt\/s.01k8rhncp4jt1\/2026\/02\/image-1330.jpg","datePublished":"2026-02-18T13:42:00+00:00","author":{"@id":"https:\/\/portaltela.pt\/#\/schema\/person\/c4278d4a6028830caff9ee44b42d32ed"},"breadcrumb":{"@id":"https:\/\/portaltela.pt\/noticias\/2026\/02\/18\/hannah-montana-celebra-20-anos-em-especial-com-miley-cyrus\/#breadcrumb"},"inLanguage":"pt-PT","potentialAction":[{"@type":"ReadAction","target":["https:\/\/portaltela.pt\/noticias\/2026\/02\/18\/hannah-montana-celebra-20-anos-em-especial-com-miley-cyrus\/"]}]},{"@type":"ImageObject","inLanguage":"pt-PT","@id":"https:\/\/portaltela.pt\/noticias\/2026\/02\/18\/hannah-montana-celebra-20-anos-em-especial-com-miley-cyrus\/#primaryimage","url":"https:\/\/portaltela.pt\/s.01k8rhncp4jt1\/2026\/02\/image-1330.jpg","contentUrl":"https:\/\/portaltela.pt\/s.01k8rhncp4jt1\/2026\/02\/image-1330.jpg","width":796,"height":448,"caption":"Miley Cyrus foi a protagonista da s\u00e9rie \"Hannah Montana\" h\u00e1 20 anos. Tem atualmente 33 anos e fez carreira na m\u00fasica."},{"@type":"BreadcrumbList","@id":"https:\/\/portaltela.pt\/noticias\/2026\/02\/18\/hannah-montana-celebra-20-anos-em-especial-com-miley-cyrus\/#breadcrumb","itemListElement":[{"@type":"ListItem","position":1,"name":"In\u00edcio","item":"https:\/\/portaltela.pt\/"},{"@type":"ListItem","position":2,"name":"Hannah Montana celebra 20 anos em especial com Miley Cyrus"}]},{"@type":"WebSite","@id":"https:\/\/portaltela.pt\/#website","url":"https:\/\/portaltela.pt\/","name":"Portal Tela Portugal","description":"","potentialAction":[{"@type":"SearchAction","target":{"@type":"EntryPoint","urlTemplate":"https:\/\/portaltela.pt\/?s={search_term_string}"},"query-input":{"@type":"PropertyValueSpecification","valueRequired":true,"valueName":"search_term_string"}}],"inLanguage":"pt-PT"},{"@type":"Person","@id":"https:\/\/portaltela.pt\/#\/schema\/person\/c4278d4a6028830caff9ee44b42d32ed","name":"Telinha","image":{"@type":"ImageObject","inLanguage":"pt-PT","@id":"https:\/\/portaltela.pt\/s.01k8rhncp4jt1\/2025\/11\/talking-bot-125x125.png","url":"https:\/\/portaltela.pt\/s.01k8rhncp4jt1\/2025\/11\/talking-bot-125x125.png","contentUrl":"https:\/\/portaltela.pt\/s.01k8rhncp4jt1\/2025\/11\/talking-bot-125x125.png","caption":"Telinha"},"sameAs":["https:\/\/portaltela.pt\/"],"url":"https:\/\/portaltela.pt\/por\/367410592786\/"}]}},"_links":{"self":[{"href":"https:\/\/portaltela.pt\/api\/wp\/v2\/posts\/215945","targetHints":{"allow":["GET"]}}],"collection":[{"href":"https:\/\/portaltela.pt\/api\/wp\/v2\/posts"}],"about":[{"href":"https:\/\/portaltela.pt\/api\/wp\/v2\/types\/post"}],"author":[{"embeddable":true,"href":"https:\/\/portaltela.pt\/api\/wp\/v2\/users\/2"}],"replies":[{"embeddable":true,"href":"https:\/\/portaltela.pt\/api\/wp\/v2\/comments?post=215945"}],"version-history":[{"count":0,"href":"https:\/\/portaltela.pt\/api\/wp\/v2\/posts\/215945\/revisions"}],"wp:featuredmedia":[{"embeddable":true,"href":"https:\/\/portaltela.pt\/api\/wp\/v2\/media\/215946"}],"wp:attachment":[{"href":"https:\/\/portaltela.pt\/api\/wp\/v2\/media?parent=215945"}],"wp:term":[{"taxonomy":"category","embeddable":true,"href":"https:\/\/portaltela.pt\/api\/wp\/v2\/categories?post=215945"},{"taxonomy":"post_tag","embeddable":true,"href":"https:\/\/portaltela.pt\/api\/wp\/v2\/tags?post=215945"}],"curies":[{"name":"wp","href":"https:\/\/api.w.org\/{rel}","templated":true}]}}