{"id":215928,"date":"2026-02-18T10:31:00","date_gmt":"2026-02-18T13:31:00","guid":{"rendered":"https:\/\/portaltela.pt\/noticias\/2026\/02\/18\/alvaro-carreras-e-vinicius-junior-mostram-apoio-mutuo\/"},"modified":"2026-02-18T10:31:00","modified_gmt":"2026-02-18T13:31:00","slug":"alvaro-carreras-e-vinicius-junior-mostram-apoio-mutuo","status":"publish","type":"post","link":"https:\/\/portaltela.pt\/desporto\/futebol\/2026\/02\/18\/alvaro-carreras-e-vinicius-junior-mostram-apoio-mutuo\/","title":{"rendered":"\u00c1lvaro Carreras e Vin\u00edcius J\u00fanior mostram apoio m\u00fatuo"},"content":{"rendered":"<p>\u00c1lvaro Carreras publicou uma imagem ao lado de Vin\u00edcius Jr. para apoiar o colega ap\u00f3s a pol\u00e9mica envolvendo Gianluca Prestianni. O ex-jogador do Benfica regressou \u00e0 Luz na ter\u00e7a-feira e, nesta quarta, partilhou uma foto onde surge abra\u00e7ado ao internacional brasileiro. Carreras manifestou apoio, em tom de fraternalidade.<\/p>\n<p>O epis\u00f3dio em causa ocorreu durante o jogo Benfica-Real Madrid (0-1), com Vin\u00edcius Jr. a alegar insultos racistas por parte de Prestianni. O caso est\u00e1 a ser analisado pela UEFA, que j\u00e1 nomeou um inspetor de \u00e9tica e disciplina para averiguar os insultos alegados.<\/p>\n<p>A decis\u00e3o da UEFA surge no contexto de uma investiga\u00e7\u00e3o em curso sobre conduta racista em encontros entre equipas portuguesas e espanholas. A entidade pretende apurar o que efetivamente ter\u00e1 sido dito e apurar responsabilidades, se confirmar.<\/p>\n<h3>Investiga\u00e7\u00e3o da UEFA<\/h3>\n<p>O Benfica indicou colaborar com a UEFA e refor\u00e7ou que repudia qualquer forma de racismo. Fontes ligadas ao Real Madrid tamb\u00e9m mant\u00e9m a expectativa de um esclarecimento c\u00e9lere, para evitar distra\u00e7\u00f5es no corpo t\u00e9cnico e na equipa.<\/p>\n<p>Ainda n\u00e3o h\u00e1 confirma\u00e7\u00e3o de san\u00e7\u00f5es, que depender\u00e3o do relat\u00f3rio do inspetor de \u00e9tica e disciplina. O caso manteve-se nos canais institucionais, com declara\u00e7\u00f5es p\u00fablicas das partes envolvidas a serem evitadas at\u00e9 \u00e0quilo que o organismo apresentar.<\/p>\n","protected":false},"excerpt":{"rendered":"<ul>\n<li>\u00c1lvaro Carreras partilhou uma fotografia abra\u00e7ado a Vin\u00edcius Jr. e escreveu \u00abEstamos juntos irm\u00e3o\u00bb.<\/li>\n<li>A mensagem surge na sequ\u00eancia da pol\u00e9mica que envolve Gianluca Prestianni no jogo Benfica\u2013Real Madrid (0-1).<\/li>\n<li>Vin\u00edcius Jr. acusa Prestianni de o ter chamado de &#8216;macaco&#8217; durante a partida.<\/li>\n<li>A UEFA nomeou um inspetor de \u00e9tica e disciplina para investigar os alegados insultos racistas.<\/li>\n<li>O caso envolve ainda a posi\u00e7\u00e3o do Benfica e a rea\u00e7\u00e3o a eventuais difama\u00e7\u00f5es no contexto da disputa entre as duas equipas.<\/li>\n<\/ul>\n","protected":false},"author":2,"featured_media":215933,"comment_status":"closed","ping_status":"closed","sticky":false,"template":"","format":"standard","meta":{"footnotes":""},"categories":[21,24],"tags":[1946,32,3338,6031,6032,2265],"class_list":["post-215928","post","type-post","status-publish","format-standard","has-post-thumbnail","hentry","category-desporto","category-futebol","tag-benfica","tag-futebol","tag-futebol-internacional","tag-gianluca-prestianni","tag-racismo","tag-vinicius-junior"],"yoast_head":"<!-- This site is optimized with the Yoast SEO plugin v27.2 - https:\/\/yoast.com\/product\/yoast-seo-wordpress\/ -->\n<title>\u00c1lvaro Carreras e Vin\u00edcius J\u00fanior mostram apoio m\u00fatuo - Portal Tela Portugal<\/title>\n<meta name=\"robots\" content=\"index, follow, max-snippet:-1, max-image-preview:large, max-video-preview:-1\" \/>\n<meta property=\"og:locale\" content=\"pt_PT\" \/>\n<meta property=\"og:type\" content=\"article\" \/>\n<meta property=\"og:title\" content=\"\u00c1lvaro Carreras e Vin\u00edcius J\u00fanior mostram apoio m\u00fatuo - Portal Tela Portugal\" \/>\n<meta property=\"og:description\" content=\"\u00c1lvaro Carreras partilhou uma fotografia abra\u00e7ado a Vin\u00edcius Jr. e escreveu \u00abEstamos juntos irm\u00e3o\u00bb. A mensagem surge na sequ\u00eancia da pol\u00e9mica que envolve Gianluca Prestianni no jogo Benfica\u2013Real Madrid (0-1). Vin\u00edcius Jr. acusa Prestianni de o ter chamado de &#039;macaco&#039; durante a partida. A UEFA nomeou um inspetor de \u00e9tica e disciplina para investigar os alegados insultos racistas. O caso envolve ainda a posi\u00e7\u00e3o do Benfica e a rea\u00e7\u00e3o a eventuais difama\u00e7\u00f5es no contexto da disputa entre as duas equipas.\" \/>\n<meta property=\"og:url\" content=\"https:\/\/portaltela.pt\/noticias\/2026\/02\/18\/alvaro-carreras-e-vinicius-junior-mostram-apoio-mutuo\/\" \/>\n<meta property=\"og:site_name\" content=\"Portal Tela Portugal\" \/>\n<meta property=\"article:published_time\" content=\"2026-02-18T13:31:00+00:00\" \/>\n<meta name=\"author\" content=\"Telinha\" \/>\n<meta name=\"twitter:card\" content=\"summary_large_image\" \/>\n<meta name=\"twitter:label1\" content=\"Escrito por\" \/>\n\t<meta name=\"twitter:data1\" content=\"Telinha\" \/>\n\t<meta name=\"twitter:label2\" content=\"Tempo estimado de leitura\" \/>\n\t<meta name=\"twitter:data2\" content=\"1 minuto\" \/>\n<script type=\"application\/ld+json\" class=\"yoast-schema-graph\">{\"@context\":\"https:\/\/schema.org\",\"@graph\":[{\"@type\":\"Article\",\"@id\":\"https:\/\/portaltela.pt\/noticias\/2026\/02\/18\/alvaro-carreras-e-vinicius-junior-mostram-apoio-mutuo\/#article\",\"isPartOf\":{\"@id\":\"https:\/\/portaltela.pt\/noticias\/2026\/02\/18\/alvaro-carreras-e-vinicius-junior-mostram-apoio-mutuo\/\"},\"author\":{\"name\":\"Telinha\",\"@id\":\"https:\/\/portaltela.pt\/#\/schema\/person\/c4278d4a6028830caff9ee44b42d32ed\"},\"headline\":\"\u00c1lvaro Carreras e Vin\u00edcius J\u00fanior mostram apoio m\u00fatuo\",\"datePublished\":\"2026-02-18T13:31:00+00:00\",\"mainEntityOfPage\":{\"@id\":\"https:\/\/portaltela.pt\/noticias\/2026\/02\/18\/alvaro-carreras-e-vinicius-junior-mostram-apoio-mutuo\/\"},\"wordCount\":239,\"image\":{\"@id\":\"https:\/\/portaltela.pt\/noticias\/2026\/02\/18\/alvaro-carreras-e-vinicius-junior-mostram-apoio-mutuo\/#primaryimage\"},\"thumbnailUrl\":\"https:\/\/portaltela.pt\/s.01k8rhncp4jt1\/2026\/02\/img_1200x721uu2026-02-17-21-49-31-2422230-7.jpg\",\"keywords\":[\"Benfica\",\"futebol\",\"futebol internacional\",\"Gianluca Prestianni\",\"racismo\",\"Vin\u00edcius J\u00fanior\"],\"articleSection\":[\"Desporto\",\"Futebol\"],\"inLanguage\":\"pt-PT\"},{\"@type\":\"WebPage\",\"@id\":\"https:\/\/portaltela.pt\/noticias\/2026\/02\/18\/alvaro-carreras-e-vinicius-junior-mostram-apoio-mutuo\/\",\"url\":\"https:\/\/portaltela.pt\/noticias\/2026\/02\/18\/alvaro-carreras-e-vinicius-junior-mostram-apoio-mutuo\/\",\"name\":\"\u00c1lvaro Carreras e Vin\u00edcius J\u00fanior mostram apoio m\u00fatuo - Portal Tela Portugal\",\"isPartOf\":{\"@id\":\"https:\/\/portaltela.pt\/#website\"},\"primaryImageOfPage\":{\"@id\":\"https:\/\/portaltela.pt\/noticias\/2026\/02\/18\/alvaro-carreras-e-vinicius-junior-mostram-apoio-mutuo\/#primaryimage\"},\"image\":{\"@id\":\"https:\/\/portaltela.pt\/noticias\/2026\/02\/18\/alvaro-carreras-e-vinicius-junior-mostram-apoio-mutuo\/#primaryimage\"},\"thumbnailUrl\":\"https:\/\/portaltela.pt\/s.01k8rhncp4jt1\/2026\/02\/img_1200x721uu2026-02-17-21-49-31-2422230-7.jpg\",\"datePublished\":\"2026-02-18T13:31:00+00:00\",\"author\":{\"@id\":\"https:\/\/portaltela.pt\/#\/schema\/person\/c4278d4a6028830caff9ee44b42d32ed\"},\"breadcrumb\":{\"@id\":\"https:\/\/portaltela.pt\/noticias\/2026\/02\/18\/alvaro-carreras-e-vinicius-junior-mostram-apoio-mutuo\/#breadcrumb\"},\"inLanguage\":\"pt-PT\",\"potentialAction\":[{\"@type\":\"ReadAction\",\"target\":[\"https:\/\/portaltela.pt\/noticias\/2026\/02\/18\/alvaro-carreras-e-vinicius-junior-mostram-apoio-mutuo\/\"]}]},{\"@type\":\"ImageObject\",\"inLanguage\":\"pt-PT\",\"@id\":\"https:\/\/portaltela.pt\/noticias\/2026\/02\/18\/alvaro-carreras-e-vinicius-junior-mostram-apoio-mutuo\/#primaryimage\",\"url\":\"https:\/\/portaltela.pt\/s.01k8rhncp4jt1\/2026\/02\/img_1200x721uu2026-02-17-21-49-31-2422230-7.jpg\",\"contentUrl\":\"https:\/\/portaltela.pt\/s.01k8rhncp4jt1\/2026\/02\/img_1200x721uu2026-02-17-21-49-31-2422230-7.jpg\",\"width\":796,\"height\":448,\"caption\":\"\u00c1lvaro Carreras e Vin\u00edcius Jr.\"},{\"@type\":\"BreadcrumbList\",\"@id\":\"https:\/\/portaltela.pt\/noticias\/2026\/02\/18\/alvaro-carreras-e-vinicius-junior-mostram-apoio-mutuo\/#breadcrumb\",\"itemListElement\":[{\"@type\":\"ListItem\",\"position\":1,\"name\":\"In\u00edcio\",\"item\":\"https:\/\/portaltela.pt\/\"},{\"@type\":\"ListItem\",\"position\":2,\"name\":\"\u00c1lvaro Carreras e Vin\u00edcius J\u00fanior mostram apoio m\u00fatuo\"}]},{\"@type\":\"WebSite\",\"@id\":\"https:\/\/portaltela.pt\/#website\",\"url\":\"https:\/\/portaltela.pt\/\",\"name\":\"Portal Tela Portugal\",\"description\":\"\",\"potentialAction\":[{\"@type\":\"SearchAction\",\"target\":{\"@type\":\"EntryPoint\",\"urlTemplate\":\"https:\/\/portaltela.pt\/?s={search_term_string}\"},\"query-input\":{\"@type\":\"PropertyValueSpecification\",\"valueRequired\":true,\"valueName\":\"search_term_string\"}}],\"inLanguage\":\"pt-PT\"},{\"@type\":\"Person\",\"@id\":\"https:\/\/portaltela.pt\/#\/schema\/person\/c4278d4a6028830caff9ee44b42d32ed\",\"name\":\"Telinha\",\"image\":{\"@type\":\"ImageObject\",\"inLanguage\":\"pt-PT\",\"@id\":\"https:\/\/portaltela.pt\/s.01k8rhncp4jt1\/2025\/11\/talking-bot-125x125.png\",\"url\":\"https:\/\/portaltela.pt\/s.01k8rhncp4jt1\/2025\/11\/talking-bot-125x125.png\",\"contentUrl\":\"https:\/\/portaltela.pt\/s.01k8rhncp4jt1\/2025\/11\/talking-bot-125x125.png\",\"caption\":\"Telinha\"},\"sameAs\":[\"https:\/\/portaltela.pt\/\"],\"url\":\"https:\/\/portaltela.pt\/por\/367410592786\/\"}]}<\/script>\n<!-- \/ Yoast SEO plugin. -->","yoast_head_json":{"title":"\u00c1lvaro Carreras e Vin\u00edcius J\u00fanior mostram apoio m\u00fatuo - Portal Tela Portugal","robots":{"index":"index","follow":"follow","max-snippet":"max-snippet:-1","max-image-preview":"max-image-preview:large","max-video-preview":"max-video-preview:-1"},"og_locale":"pt_PT","og_type":"article","og_title":"\u00c1lvaro Carreras e Vin\u00edcius J\u00fanior mostram apoio m\u00fatuo - Portal Tela Portugal","og_description":"\u00c1lvaro Carreras partilhou uma fotografia abra\u00e7ado a Vin\u00edcius Jr. e escreveu \u00abEstamos juntos irm\u00e3o\u00bb. A mensagem surge na sequ\u00eancia da pol\u00e9mica que envolve Gianluca Prestianni no jogo Benfica\u2013Real Madrid (0-1). Vin\u00edcius Jr. acusa Prestianni de o ter chamado de 'macaco' durante a partida. A UEFA nomeou um inspetor de \u00e9tica e disciplina para investigar os alegados insultos racistas. O caso envolve ainda a posi\u00e7\u00e3o do Benfica e a rea\u00e7\u00e3o a eventuais difama\u00e7\u00f5es no contexto da disputa entre as duas equipas.","og_url":"https:\/\/portaltela.pt\/noticias\/2026\/02\/18\/alvaro-carreras-e-vinicius-junior-mostram-apoio-mutuo\/","og_site_name":"Portal Tela Portugal","article_published_time":"2026-02-18T13:31:00+00:00","author":"Telinha","twitter_card":"summary_large_image","twitter_misc":{"Escrito por":"Telinha","Tempo estimado de leitura":"1 minuto"},"schema":{"@context":"https:\/\/schema.org","@graph":[{"@type":"Article","@id":"https:\/\/portaltela.pt\/noticias\/2026\/02\/18\/alvaro-carreras-e-vinicius-junior-mostram-apoio-mutuo\/#article","isPartOf":{"@id":"https:\/\/portaltela.pt\/noticias\/2026\/02\/18\/alvaro-carreras-e-vinicius-junior-mostram-apoio-mutuo\/"},"author":{"name":"Telinha","@id":"https:\/\/portaltela.pt\/#\/schema\/person\/c4278d4a6028830caff9ee44b42d32ed"},"headline":"\u00c1lvaro Carreras e Vin\u00edcius J\u00fanior mostram apoio m\u00fatuo","datePublished":"2026-02-18T13:31:00+00:00","mainEntityOfPage":{"@id":"https:\/\/portaltela.pt\/noticias\/2026\/02\/18\/alvaro-carreras-e-vinicius-junior-mostram-apoio-mutuo\/"},"wordCount":239,"image":{"@id":"https:\/\/portaltela.pt\/noticias\/2026\/02\/18\/alvaro-carreras-e-vinicius-junior-mostram-apoio-mutuo\/#primaryimage"},"thumbnailUrl":"https:\/\/portaltela.pt\/s.01k8rhncp4jt1\/2026\/02\/img_1200x721uu2026-02-17-21-49-31-2422230-7.jpg","keywords":["Benfica","futebol","futebol internacional","Gianluca Prestianni","racismo","Vin\u00edcius J\u00fanior"],"articleSection":["Desporto","Futebol"],"inLanguage":"pt-PT"},{"@type":"WebPage","@id":"https:\/\/portaltela.pt\/noticias\/2026\/02\/18\/alvaro-carreras-e-vinicius-junior-mostram-apoio-mutuo\/","url":"https:\/\/portaltela.pt\/noticias\/2026\/02\/18\/alvaro-carreras-e-vinicius-junior-mostram-apoio-mutuo\/","name":"\u00c1lvaro Carreras e Vin\u00edcius J\u00fanior mostram apoio m\u00fatuo - Portal Tela Portugal","isPartOf":{"@id":"https:\/\/portaltela.pt\/#website"},"primaryImageOfPage":{"@id":"https:\/\/portaltela.pt\/noticias\/2026\/02\/18\/alvaro-carreras-e-vinicius-junior-mostram-apoio-mutuo\/#primaryimage"},"image":{"@id":"https:\/\/portaltela.pt\/noticias\/2026\/02\/18\/alvaro-carreras-e-vinicius-junior-mostram-apoio-mutuo\/#primaryimage"},"thumbnailUrl":"https:\/\/portaltela.pt\/s.01k8rhncp4jt1\/2026\/02\/img_1200x721uu2026-02-17-21-49-31-2422230-7.jpg","datePublished":"2026-02-18T13:31:00+00:00","author":{"@id":"https:\/\/portaltela.pt\/#\/schema\/person\/c4278d4a6028830caff9ee44b42d32ed"},"breadcrumb":{"@id":"https:\/\/portaltela.pt\/noticias\/2026\/02\/18\/alvaro-carreras-e-vinicius-junior-mostram-apoio-mutuo\/#breadcrumb"},"inLanguage":"pt-PT","potentialAction":[{"@type":"ReadAction","target":["https:\/\/portaltela.pt\/noticias\/2026\/02\/18\/alvaro-carreras-e-vinicius-junior-mostram-apoio-mutuo\/"]}]},{"@type":"ImageObject","inLanguage":"pt-PT","@id":"https:\/\/portaltela.pt\/noticias\/2026\/02\/18\/alvaro-carreras-e-vinicius-junior-mostram-apoio-mutuo\/#primaryimage","url":"https:\/\/portaltela.pt\/s.01k8rhncp4jt1\/2026\/02\/img_1200x721uu2026-02-17-21-49-31-2422230-7.jpg","contentUrl":"https:\/\/portaltela.pt\/s.01k8rhncp4jt1\/2026\/02\/img_1200x721uu2026-02-17-21-49-31-2422230-7.jpg","width":796,"height":448,"caption":"\u00c1lvaro Carreras e Vin\u00edcius Jr."},{"@type":"BreadcrumbList","@id":"https:\/\/portaltela.pt\/noticias\/2026\/02\/18\/alvaro-carreras-e-vinicius-junior-mostram-apoio-mutuo\/#breadcrumb","itemListElement":[{"@type":"ListItem","position":1,"name":"In\u00edcio","item":"https:\/\/portaltela.pt\/"},{"@type":"ListItem","position":2,"name":"\u00c1lvaro Carreras e Vin\u00edcius J\u00fanior mostram apoio m\u00fatuo"}]},{"@type":"WebSite","@id":"https:\/\/portaltela.pt\/#website","url":"https:\/\/portaltela.pt\/","name":"Portal Tela Portugal","description":"","potentialAction":[{"@type":"SearchAction","target":{"@type":"EntryPoint","urlTemplate":"https:\/\/portaltela.pt\/?s={search_term_string}"},"query-input":{"@type":"PropertyValueSpecification","valueRequired":true,"valueName":"search_term_string"}}],"inLanguage":"pt-PT"},{"@type":"Person","@id":"https:\/\/portaltela.pt\/#\/schema\/person\/c4278d4a6028830caff9ee44b42d32ed","name":"Telinha","image":{"@type":"ImageObject","inLanguage":"pt-PT","@id":"https:\/\/portaltela.pt\/s.01k8rhncp4jt1\/2025\/11\/talking-bot-125x125.png","url":"https:\/\/portaltela.pt\/s.01k8rhncp4jt1\/2025\/11\/talking-bot-125x125.png","contentUrl":"https:\/\/portaltela.pt\/s.01k8rhncp4jt1\/2025\/11\/talking-bot-125x125.png","caption":"Telinha"},"sameAs":["https:\/\/portaltela.pt\/"],"url":"https:\/\/portaltela.pt\/por\/367410592786\/"}]}},"_links":{"self":[{"href":"https:\/\/portaltela.pt\/api\/wp\/v2\/posts\/215928","targetHints":{"allow":["GET"]}}],"collection":[{"href":"https:\/\/portaltela.pt\/api\/wp\/v2\/posts"}],"about":[{"href":"https:\/\/portaltela.pt\/api\/wp\/v2\/types\/post"}],"author":[{"embeddable":true,"href":"https:\/\/portaltela.pt\/api\/wp\/v2\/users\/2"}],"replies":[{"embeddable":true,"href":"https:\/\/portaltela.pt\/api\/wp\/v2\/comments?post=215928"}],"version-history":[{"count":0,"href":"https:\/\/portaltela.pt\/api\/wp\/v2\/posts\/215928\/revisions"}],"wp:featuredmedia":[{"embeddable":true,"href":"https:\/\/portaltela.pt\/api\/wp\/v2\/media\/215933"}],"wp:attachment":[{"href":"https:\/\/portaltela.pt\/api\/wp\/v2\/media?parent=215928"}],"wp:term":[{"taxonomy":"category","embeddable":true,"href":"https:\/\/portaltela.pt\/api\/wp\/v2\/categories?post=215928"},{"taxonomy":"post_tag","embeddable":true,"href":"https:\/\/portaltela.pt\/api\/wp\/v2\/tags?post=215928"}],"curies":[{"name":"wp","href":"https:\/\/api.w.org\/{rel}","templated":true}]}}