{"id":215912,"date":"2026-02-18T10:13:00","date_gmt":"2026-02-18T13:13:00","guid":{"rendered":"https:\/\/portaltela.pt\/noticias\/2026\/02\/18\/catalunha-javalis-com-peste-suina-africana-fora-do-perimetro-de-seguranca\/"},"modified":"2026-02-18T10:13:00","modified_gmt":"2026-02-18T13:13:00","slug":"catalunha-javalis-com-peste-suina-africana-fora-do-perimetro-de-seguranca","status":"publish","type":"post","link":"https:\/\/portaltela.pt\/noticias\/2026\/02\/18\/catalunha-javalis-com-peste-suina-africana-fora-do-perimetro-de-seguranca\/","title":{"rendered":"Catalunha: javalis com peste su\u00edna africana fora do per\u00edmetro de seguran\u00e7a"},"content":{"rendered":"<p>O Minist\u00e9rio da Agricultura da Catalunha confirmou 13 novos casos de javalis infectados com o gen\u00f3tipo II do v\u00edrus da peste su\u00edna africana. O an\u00fancio refere-se a testes conclu\u00eddos no final da \u00faltima semana, com a detec\u00e7\u00e3o de quatro animais na zona de alto risco. Dois casos foram identificados fora do epicentro, pela primeira vez, no munic\u00edpio de Cerdanyola del Vall\u00e8s e nas imedia\u00e7\u00f5es de Barcelona.<\/p>\n<p>O relat\u00f3rio aponta que o gen\u00f3tipo II, j\u00e1 presente na Europa desde 2014, apresenta uma nova assinatura molecular. O ministro \u00d2scar Ordeig sublinhou que este alargamento altera o mapa de risco e pode acelerar a resposta necess\u00e1ria para conter a dissemina\u00e7\u00e3o. O raio de detec\u00e7\u00e3o permanece de 20 quil\u00f3metros, mas o alargamento envolve novas \u00e1reas.<\/p>\n<h3>Expans\u00e3o da \u00e1rea de detec\u00e7\u00e3o<\/h3>\n<p>Como consequ\u00eancia, Molins de Rei e El Papiol passaram a integrar a zona de alto risco, aumentando para 14 as localidades afetadas. As autoridades mant\u00eam restri\u00e7\u00f5es de acesso a zonas de meio ambiente natural nestes concelhos e na regi\u00e3o envolvente.<\/p>\n<p>Entre 31 de Janeiro e este relat\u00f3rio preliminar, o comit\u00e9 cient\u00edfico j\u00e1 analisou 936 javalis. Desses, 648 estavam na zona de alto risco, 218 na zona de baixo risco e 70 em outras \u00e1reas fora do raio de 20 quil\u00f3metros. A taxa de positivos na \u00e1rea de alto risco foi de 15,9%.<\/p>\n<p>Na \u00e1rea considerada de alto risco, 103 javalis testaram positivos. Destes, quatro foram eutanasiados, cinco abatidos, tr\u00eas atingidos por atropelamento e 91 encontrados mortos. O aumento do n\u00famero de casos positivos preocupa as autoridades pela possibilidade de dissemina\u00e7\u00e3o.<\/p>\n<h3>Impacto na suinicultura<\/h3>\n<p>A \u00e1rea infectada alberga 57 explora\u00e7\u00f5es de su\u00ednos, com uma popula\u00e7\u00e3o total de cerca de 66.682 animais. Durante a visita do comit\u00e9 cient\u00edfico, 44 explora\u00e7\u00f5es tinham animais, 13 estavam vazias. Assim, as autoridades continuam a acompanhar o risco de transmiss\u00e3o para as unidades pecu\u00e1rias.<\/p>\n<p>O surto mant\u00e9m-se como uma amea\u00e7a significativa para a produ\u00e7\u00e3o pecu\u00e1ria da Catalunha, que representa uma parte relevante da produ\u00e7\u00e3o espanhola. Em Espanha, a produ\u00e7\u00e3o de carne registou volumes elevados em 2025, com dezenas de milh\u00f5es de animais abatidos e valores de produ\u00e7\u00e3o superiores a 11 mil milh\u00f5es de euros para o setor de su\u00ednos.<\/p>\n<p>A prioridade atual \u00e9 conter a propaga\u00e7\u00e3o do v\u00edrus e impedir que chegue \u00e0s explora\u00e7\u00f5es de su\u00ednos, protegendo a economia local e a cadeia de abastecimento. O relat\u00f3rio preliminar, apresentado a 10 de Fevereiro, continua sem determinar a origem do surto, e as investiga\u00e7\u00f5es em curso permanecem em est\u00e1gio intermedi\u00e1rio.<\/p>\n","protected":false},"excerpt":{"rendered":"<ul>\n<li>A Catalunha confirmou 13 novos casos de javalis infectados com o gen\u00f3tipo II da peste su\u00edna africana, dois deles fora do epicentro, perto de Barcelona.<\/li>\n<li>O comit\u00e9 cient\u00edfico admite ser prematuro concluir a origem do surto; j\u00e1 foram analisados 936 javalis, com parte deles no alto risco e outros fora dessa \u00e1rea.<\/li>\n<li>As autoridades alargaram as restri\u00e7\u00f5es de acesso ao meio ambiente natural para incluir Molins de Rei e El Papiol, elevando para 14 as localidades na zona de alto risco.<\/li>\n<li>A dire\u00e7\u00e3o catalana v\u00ea o aumento de casos positivos como uma escalada da transmiss\u00e3o, com 57 explora\u00e7\u00f5es de su\u00ednos na \u00e1rea infectada e 66.682 animais no total.<\/li>\n<li>Em Espanha, a produ\u00e7\u00e3o de carne em 2025 ultrapassou 5,2 milh\u00f5es de toneladas, com mais de 56 milh\u00f5es de animais abatidos; o valor estimado da produ\u00e7\u00e3o de su\u00ednos est\u00e1 em 11,905 mil milh\u00f5es de euros.<\/li>\n<\/ul>\n","protected":false},"author":2,"featured_media":215917,"comment_status":"closed","ping_status":"closed","sticky":false,"template":"","format":"standard","meta":{"footnotes":""},"categories":[1],"tags":[167,3091,5485,5723,3239,3499],"class_list":["post-215912","post","type-post","status-publish","format-standard","has-post-thumbnail","hentry","category-noticias","tag-ambiente","tag-animais","tag-catalunha","tag-doenca","tag-infeccao","tag-pecuaria"],"yoast_head":"<!-- This site is optimized with the Yoast SEO plugin v27.2 - https:\/\/yoast.com\/product\/yoast-seo-wordpress\/ -->\n<title>Catalunha: javalis com peste su\u00edna africana fora do per\u00edmetro de seguran\u00e7a - Portal Tela Portugal<\/title>\n<meta name=\"robots\" content=\"index, follow, max-snippet:-1, max-image-preview:large, max-video-preview:-1\" \/>\n<meta property=\"og:locale\" content=\"pt_PT\" \/>\n<meta property=\"og:type\" content=\"article\" \/>\n<meta property=\"og:title\" content=\"Catalunha: javalis com peste su\u00edna africana fora do per\u00edmetro de seguran\u00e7a - Portal Tela Portugal\" \/>\n<meta property=\"og:description\" content=\"A Catalunha confirmou 13 novos casos de javalis infectados com o gen\u00f3tipo II da peste su\u00edna africana, dois deles fora do epicentro, perto de Barcelona. O comit\u00e9 cient\u00edfico admite ser prematuro concluir a origem do surto; j\u00e1 foram analisados 936 javalis, com parte deles no alto risco e outros fora dessa \u00e1rea. As autoridades alargaram as restri\u00e7\u00f5es de acesso ao meio ambiente natural para incluir Molins de Rei e El Papiol, elevando para 14 as localidades na zona de alto risco. A dire\u00e7\u00e3o catalana v\u00ea o aumento de casos positivos como uma escalada da transmiss\u00e3o, com 57 explora\u00e7\u00f5es de su\u00ednos na \u00e1rea infectada e 66.682 animais no total. Em Espanha, a produ\u00e7\u00e3o de carne em 2025 ultrapassou 5,2 milh\u00f5es de toneladas, com mais de 56 milh\u00f5es de animais abatidos; o valor estimado da produ\u00e7\u00e3o de su\u00ednos est\u00e1 em 11,905 mil milh\u00f5es de euros.\" \/>\n<meta property=\"og:url\" content=\"https:\/\/portaltela.pt\/noticias\/2026\/02\/18\/catalunha-javalis-com-peste-suina-africana-fora-do-perimetro-de-seguranca\/\" \/>\n<meta property=\"og:site_name\" content=\"Portal Tela Portugal\" \/>\n<meta property=\"article:published_time\" content=\"2026-02-18T13:13:00+00:00\" \/>\n<meta name=\"author\" content=\"Telinha\" \/>\n<meta name=\"twitter:card\" content=\"summary_large_image\" \/>\n<meta name=\"twitter:label1\" content=\"Escrito por\" \/>\n\t<meta name=\"twitter:data1\" content=\"Telinha\" \/>\n\t<meta name=\"twitter:label2\" content=\"Tempo estimado de leitura\" \/>\n\t<meta name=\"twitter:data2\" content=\"2 minutos\" \/>\n<script type=\"application\/ld+json\" class=\"yoast-schema-graph\">{\"@context\":\"https:\/\/schema.org\",\"@graph\":[{\"@type\":\"Article\",\"@id\":\"https:\/\/portaltela.pt\/noticias\/2026\/02\/18\/catalunha-javalis-com-peste-suina-africana-fora-do-perimetro-de-seguranca\/#article\",\"isPartOf\":{\"@id\":\"https:\/\/portaltela.pt\/noticias\/2026\/02\/18\/catalunha-javalis-com-peste-suina-africana-fora-do-perimetro-de-seguranca\/\"},\"author\":{\"name\":\"Telinha\",\"@id\":\"https:\/\/portaltela.pt\/#\/schema\/person\/c4278d4a6028830caff9ee44b42d32ed\"},\"headline\":\"Catalunha: javalis com peste su\u00edna africana fora do per\u00edmetro de seguran\u00e7a\",\"datePublished\":\"2026-02-18T13:13:00+00:00\",\"mainEntityOfPage\":{\"@id\":\"https:\/\/portaltela.pt\/noticias\/2026\/02\/18\/catalunha-javalis-com-peste-suina-africana-fora-do-perimetro-de-seguranca\/\"},\"wordCount\":454,\"image\":{\"@id\":\"https:\/\/portaltela.pt\/noticias\/2026\/02\/18\/catalunha-javalis-com-peste-suina-africana-fora-do-perimetro-de-seguranca\/#primaryimage\"},\"thumbnailUrl\":\"https:\/\/portaltela.pt\/s.01k8rhncp4jt1\/2026\/02\/2067999.jpg\",\"keywords\":[\"ambiente\",\"animais\",\"Catalunha\",\"doen\u00e7a\",\"infec\u00e7\u00e3o\",\"pecu\u00e1ria\"],\"articleSection\":[\"Not\u00edcias\"],\"inLanguage\":\"pt-PT\"},{\"@type\":\"WebPage\",\"@id\":\"https:\/\/portaltela.pt\/noticias\/2026\/02\/18\/catalunha-javalis-com-peste-suina-africana-fora-do-perimetro-de-seguranca\/\",\"url\":\"https:\/\/portaltela.pt\/noticias\/2026\/02\/18\/catalunha-javalis-com-peste-suina-africana-fora-do-perimetro-de-seguranca\/\",\"name\":\"Catalunha: javalis com peste su\u00edna africana fora do per\u00edmetro de seguran\u00e7a - Portal Tela Portugal\",\"isPartOf\":{\"@id\":\"https:\/\/portaltela.pt\/#website\"},\"primaryImageOfPage\":{\"@id\":\"https:\/\/portaltela.pt\/noticias\/2026\/02\/18\/catalunha-javalis-com-peste-suina-africana-fora-do-perimetro-de-seguranca\/#primaryimage\"},\"image\":{\"@id\":\"https:\/\/portaltela.pt\/noticias\/2026\/02\/18\/catalunha-javalis-com-peste-suina-africana-fora-do-perimetro-de-seguranca\/#primaryimage\"},\"thumbnailUrl\":\"https:\/\/portaltela.pt\/s.01k8rhncp4jt1\/2026\/02\/2067999.jpg\",\"datePublished\":\"2026-02-18T13:13:00+00:00\",\"author\":{\"@id\":\"https:\/\/portaltela.pt\/#\/schema\/person\/c4278d4a6028830caff9ee44b42d32ed\"},\"breadcrumb\":{\"@id\":\"https:\/\/portaltela.pt\/noticias\/2026\/02\/18\/catalunha-javalis-com-peste-suina-africana-fora-do-perimetro-de-seguranca\/#breadcrumb\"},\"inLanguage\":\"pt-PT\",\"potentialAction\":[{\"@type\":\"ReadAction\",\"target\":[\"https:\/\/portaltela.pt\/noticias\/2026\/02\/18\/catalunha-javalis-com-peste-suina-africana-fora-do-perimetro-de-seguranca\/\"]}]},{\"@type\":\"ImageObject\",\"inLanguage\":\"pt-PT\",\"@id\":\"https:\/\/portaltela.pt\/noticias\/2026\/02\/18\/catalunha-javalis-com-peste-suina-africana-fora-do-perimetro-de-seguranca\/#primaryimage\",\"url\":\"https:\/\/portaltela.pt\/s.01k8rhncp4jt1\/2026\/02\/2067999.jpg\",\"contentUrl\":\"https:\/\/portaltela.pt\/s.01k8rhncp4jt1\/2026\/02\/2067999.jpg\",\"width\":796,\"height\":448,\"caption\":\"Javalis\"},{\"@type\":\"BreadcrumbList\",\"@id\":\"https:\/\/portaltela.pt\/noticias\/2026\/02\/18\/catalunha-javalis-com-peste-suina-africana-fora-do-perimetro-de-seguranca\/#breadcrumb\",\"itemListElement\":[{\"@type\":\"ListItem\",\"position\":1,\"name\":\"In\u00edcio\",\"item\":\"https:\/\/portaltela.pt\/\"},{\"@type\":\"ListItem\",\"position\":2,\"name\":\"Catalunha: javalis com peste su\u00edna africana fora do per\u00edmetro de seguran\u00e7a\"}]},{\"@type\":\"WebSite\",\"@id\":\"https:\/\/portaltela.pt\/#website\",\"url\":\"https:\/\/portaltela.pt\/\",\"name\":\"Portal Tela Portugal\",\"description\":\"\",\"potentialAction\":[{\"@type\":\"SearchAction\",\"target\":{\"@type\":\"EntryPoint\",\"urlTemplate\":\"https:\/\/portaltela.pt\/?s={search_term_string}\"},\"query-input\":{\"@type\":\"PropertyValueSpecification\",\"valueRequired\":true,\"valueName\":\"search_term_string\"}}],\"inLanguage\":\"pt-PT\"},{\"@type\":\"Person\",\"@id\":\"https:\/\/portaltela.pt\/#\/schema\/person\/c4278d4a6028830caff9ee44b42d32ed\",\"name\":\"Telinha\",\"image\":{\"@type\":\"ImageObject\",\"inLanguage\":\"pt-PT\",\"@id\":\"https:\/\/portaltela.pt\/s.01k8rhncp4jt1\/2025\/11\/talking-bot-125x125.png\",\"url\":\"https:\/\/portaltela.pt\/s.01k8rhncp4jt1\/2025\/11\/talking-bot-125x125.png\",\"contentUrl\":\"https:\/\/portaltela.pt\/s.01k8rhncp4jt1\/2025\/11\/talking-bot-125x125.png\",\"caption\":\"Telinha\"},\"sameAs\":[\"https:\/\/portaltela.pt\/\"],\"url\":\"https:\/\/portaltela.pt\/por\/367410592786\/\"}]}<\/script>\n<!-- \/ Yoast SEO plugin. -->","yoast_head_json":{"title":"Catalunha: javalis com peste su\u00edna africana fora do per\u00edmetro de seguran\u00e7a - Portal Tela Portugal","robots":{"index":"index","follow":"follow","max-snippet":"max-snippet:-1","max-image-preview":"max-image-preview:large","max-video-preview":"max-video-preview:-1"},"og_locale":"pt_PT","og_type":"article","og_title":"Catalunha: javalis com peste su\u00edna africana fora do per\u00edmetro de seguran\u00e7a - Portal Tela Portugal","og_description":"A Catalunha confirmou 13 novos casos de javalis infectados com o gen\u00f3tipo II da peste su\u00edna africana, dois deles fora do epicentro, perto de Barcelona. O comit\u00e9 cient\u00edfico admite ser prematuro concluir a origem do surto; j\u00e1 foram analisados 936 javalis, com parte deles no alto risco e outros fora dessa \u00e1rea. As autoridades alargaram as restri\u00e7\u00f5es de acesso ao meio ambiente natural para incluir Molins de Rei e El Papiol, elevando para 14 as localidades na zona de alto risco. A dire\u00e7\u00e3o catalana v\u00ea o aumento de casos positivos como uma escalada da transmiss\u00e3o, com 57 explora\u00e7\u00f5es de su\u00ednos na \u00e1rea infectada e 66.682 animais no total. Em Espanha, a produ\u00e7\u00e3o de carne em 2025 ultrapassou 5,2 milh\u00f5es de toneladas, com mais de 56 milh\u00f5es de animais abatidos; o valor estimado da produ\u00e7\u00e3o de su\u00ednos est\u00e1 em 11,905 mil milh\u00f5es de euros.","og_url":"https:\/\/portaltela.pt\/noticias\/2026\/02\/18\/catalunha-javalis-com-peste-suina-africana-fora-do-perimetro-de-seguranca\/","og_site_name":"Portal Tela Portugal","article_published_time":"2026-02-18T13:13:00+00:00","author":"Telinha","twitter_card":"summary_large_image","twitter_misc":{"Escrito por":"Telinha","Tempo estimado de leitura":"2 minutos"},"schema":{"@context":"https:\/\/schema.org","@graph":[{"@type":"Article","@id":"https:\/\/portaltela.pt\/noticias\/2026\/02\/18\/catalunha-javalis-com-peste-suina-africana-fora-do-perimetro-de-seguranca\/#article","isPartOf":{"@id":"https:\/\/portaltela.pt\/noticias\/2026\/02\/18\/catalunha-javalis-com-peste-suina-africana-fora-do-perimetro-de-seguranca\/"},"author":{"name":"Telinha","@id":"https:\/\/portaltela.pt\/#\/schema\/person\/c4278d4a6028830caff9ee44b42d32ed"},"headline":"Catalunha: javalis com peste su\u00edna africana fora do per\u00edmetro de seguran\u00e7a","datePublished":"2026-02-18T13:13:00+00:00","mainEntityOfPage":{"@id":"https:\/\/portaltela.pt\/noticias\/2026\/02\/18\/catalunha-javalis-com-peste-suina-africana-fora-do-perimetro-de-seguranca\/"},"wordCount":454,"image":{"@id":"https:\/\/portaltela.pt\/noticias\/2026\/02\/18\/catalunha-javalis-com-peste-suina-africana-fora-do-perimetro-de-seguranca\/#primaryimage"},"thumbnailUrl":"https:\/\/portaltela.pt\/s.01k8rhncp4jt1\/2026\/02\/2067999.jpg","keywords":["ambiente","animais","Catalunha","doen\u00e7a","infec\u00e7\u00e3o","pecu\u00e1ria"],"articleSection":["Not\u00edcias"],"inLanguage":"pt-PT"},{"@type":"WebPage","@id":"https:\/\/portaltela.pt\/noticias\/2026\/02\/18\/catalunha-javalis-com-peste-suina-africana-fora-do-perimetro-de-seguranca\/","url":"https:\/\/portaltela.pt\/noticias\/2026\/02\/18\/catalunha-javalis-com-peste-suina-africana-fora-do-perimetro-de-seguranca\/","name":"Catalunha: javalis com peste su\u00edna africana fora do per\u00edmetro de seguran\u00e7a - Portal Tela Portugal","isPartOf":{"@id":"https:\/\/portaltela.pt\/#website"},"primaryImageOfPage":{"@id":"https:\/\/portaltela.pt\/noticias\/2026\/02\/18\/catalunha-javalis-com-peste-suina-africana-fora-do-perimetro-de-seguranca\/#primaryimage"},"image":{"@id":"https:\/\/portaltela.pt\/noticias\/2026\/02\/18\/catalunha-javalis-com-peste-suina-africana-fora-do-perimetro-de-seguranca\/#primaryimage"},"thumbnailUrl":"https:\/\/portaltela.pt\/s.01k8rhncp4jt1\/2026\/02\/2067999.jpg","datePublished":"2026-02-18T13:13:00+00:00","author":{"@id":"https:\/\/portaltela.pt\/#\/schema\/person\/c4278d4a6028830caff9ee44b42d32ed"},"breadcrumb":{"@id":"https:\/\/portaltela.pt\/noticias\/2026\/02\/18\/catalunha-javalis-com-peste-suina-africana-fora-do-perimetro-de-seguranca\/#breadcrumb"},"inLanguage":"pt-PT","potentialAction":[{"@type":"ReadAction","target":["https:\/\/portaltela.pt\/noticias\/2026\/02\/18\/catalunha-javalis-com-peste-suina-africana-fora-do-perimetro-de-seguranca\/"]}]},{"@type":"ImageObject","inLanguage":"pt-PT","@id":"https:\/\/portaltela.pt\/noticias\/2026\/02\/18\/catalunha-javalis-com-peste-suina-africana-fora-do-perimetro-de-seguranca\/#primaryimage","url":"https:\/\/portaltela.pt\/s.01k8rhncp4jt1\/2026\/02\/2067999.jpg","contentUrl":"https:\/\/portaltela.pt\/s.01k8rhncp4jt1\/2026\/02\/2067999.jpg","width":796,"height":448,"caption":"Javalis"},{"@type":"BreadcrumbList","@id":"https:\/\/portaltela.pt\/noticias\/2026\/02\/18\/catalunha-javalis-com-peste-suina-africana-fora-do-perimetro-de-seguranca\/#breadcrumb","itemListElement":[{"@type":"ListItem","position":1,"name":"In\u00edcio","item":"https:\/\/portaltela.pt\/"},{"@type":"ListItem","position":2,"name":"Catalunha: javalis com peste su\u00edna africana fora do per\u00edmetro de seguran\u00e7a"}]},{"@type":"WebSite","@id":"https:\/\/portaltela.pt\/#website","url":"https:\/\/portaltela.pt\/","name":"Portal Tela Portugal","description":"","potentialAction":[{"@type":"SearchAction","target":{"@type":"EntryPoint","urlTemplate":"https:\/\/portaltela.pt\/?s={search_term_string}"},"query-input":{"@type":"PropertyValueSpecification","valueRequired":true,"valueName":"search_term_string"}}],"inLanguage":"pt-PT"},{"@type":"Person","@id":"https:\/\/portaltela.pt\/#\/schema\/person\/c4278d4a6028830caff9ee44b42d32ed","name":"Telinha","image":{"@type":"ImageObject","inLanguage":"pt-PT","@id":"https:\/\/portaltela.pt\/s.01k8rhncp4jt1\/2025\/11\/talking-bot-125x125.png","url":"https:\/\/portaltela.pt\/s.01k8rhncp4jt1\/2025\/11\/talking-bot-125x125.png","contentUrl":"https:\/\/portaltela.pt\/s.01k8rhncp4jt1\/2025\/11\/talking-bot-125x125.png","caption":"Telinha"},"sameAs":["https:\/\/portaltela.pt\/"],"url":"https:\/\/portaltela.pt\/por\/367410592786\/"}]}},"_links":{"self":[{"href":"https:\/\/portaltela.pt\/api\/wp\/v2\/posts\/215912","targetHints":{"allow":["GET"]}}],"collection":[{"href":"https:\/\/portaltela.pt\/api\/wp\/v2\/posts"}],"about":[{"href":"https:\/\/portaltela.pt\/api\/wp\/v2\/types\/post"}],"author":[{"embeddable":true,"href":"https:\/\/portaltela.pt\/api\/wp\/v2\/users\/2"}],"replies":[{"embeddable":true,"href":"https:\/\/portaltela.pt\/api\/wp\/v2\/comments?post=215912"}],"version-history":[{"count":0,"href":"https:\/\/portaltela.pt\/api\/wp\/v2\/posts\/215912\/revisions"}],"wp:featuredmedia":[{"embeddable":true,"href":"https:\/\/portaltela.pt\/api\/wp\/v2\/media\/215917"}],"wp:attachment":[{"href":"https:\/\/portaltela.pt\/api\/wp\/v2\/media?parent=215912"}],"wp:term":[{"taxonomy":"category","embeddable":true,"href":"https:\/\/portaltela.pt\/api\/wp\/v2\/categories?post=215912"},{"taxonomy":"post_tag","embeddable":true,"href":"https:\/\/portaltela.pt\/api\/wp\/v2\/tags?post=215912"}],"curies":[{"name":"wp","href":"https:\/\/api.w.org\/{rel}","templated":true}]}}