{"id":215909,"date":"2026-02-18T10:22:02","date_gmt":"2026-02-18T13:22:02","guid":{"rendered":"https:\/\/portaltela.pt\/noticias\/2026\/02\/18\/julio-isidro-deixa-a-rtp-apos-65-anos\/"},"modified":"2026-02-18T10:22:02","modified_gmt":"2026-02-18T13:22:02","slug":"julio-isidro-deixa-a-rtp-apos-65-anos","status":"publish","type":"post","link":"https:\/\/portaltela.pt\/noticias\/2026\/02\/18\/julio-isidro-deixa-a-rtp-apos-65-anos\/","title":{"rendered":"J\u00falio Isidro deixa a RTP ap\u00f3s 65 anos"},"content":{"rendered":"<p>J\u00falio Isidro encerrou hoje a liga\u00e7\u00e3o profissional com a RTP, ap\u00f3s 65 anos de colabora\u00e7\u00e3o cont\u00ednua com a esta\u00e7\u00e3o p\u00fablica. O apresentador, com 81 anos, deixa a casa onde cresceu profissionalmente, num afastamento que classificou como sereno e bem ponderado.<\/p>\n<p>Ao longo da carreira, Isidro apresentou formatos ic\u00f3nicos como o Passeio dos Alegres e Festa \u00e9 Festa, que marcaram gera\u00e7\u00f5es e impulsionaram artistas nacionais. Desde 2016, conduzia o programa Inesquec\u00edvel, na RTP Mem\u00f3ria.<\/p>\n<p>O afastamento foi descrito pelo apresentador como uma decis\u00e3o pessoal, n\u00e3o motivada por cansa\u00e7o. Refere que quer descansar mais e desfrutar o tempo livre de forma mais calma, mantendo ainda o v\u00ednculo com a televis\u00e3o de forma residual.<\/p>\n<p>Isidro recorda que j\u00e1 \u00e9 octogen\u00e1rio e que a decis\u00e3o envolve vontade de explorar outros caminhos, sem qualquer ifrma de desaven\u00e7as com a RTP. Continua ligado \u00e0 comunica\u00e7\u00e3o social, mantendo atividades fora da televis\u00e3o.<\/p>\n<h3>Novos rumos<\/h3>\n<p>Fora da RTP, J\u00falio Isidro mant\u00e9m atividade no r\u00e1dio com o programa Hotel Calif\u00f3rnia, aos s\u00e1bados, na R\u00e1dio Renascen\u00e7a. Paralelamente, colabora com o Expresso e com a SIC, no podcast Gera\u00e7\u00e3o 40, que estreou a 12 de fevereiro, numa tentativa de se manter ativo em novas plataformas.<\/p>\n","protected":false},"excerpt":{"rendered":"<ul>\n<li>J\u00falio Isidro, 81 anos, encerrou a liga\u00e7\u00e3o \u00e0 RTP ap\u00f3s sessenta e cinco anos de colabora\u00e7\u00e3o com a esta\u00e7\u00e3o p\u00fablica.<\/li>\n<li>Ao longo da carreira foi rosto de programas ic\u00f3nicos como Passeio dos Alegres e Festa \u00e9 Festa, e, desde 2016, conduzia Inesquec\u00edvel na RTP Mem\u00f3ria.<\/li>\n<li>A sa\u00edda foi descrita como serena e ponderada pelo apresentador, que afirmou n\u00e3o estar cansado, apenas desejar descansar e viver a vida com calma.<\/li>\n<li>O acordo de sa\u00edda \u00e9 apresentado como uma decis\u00e3o muito pessoal e conjunta entre Isidro e a RTP, sem m\u00e1goas nem fronteiras ultrapassadas.<\/li>\n<li>Fora da televis\u00e3o, mant\u00e9m atividade na R\u00e1dio Renascen\u00e7a com Hotel Calif\u00f3rnia, e colabora com o Expresso e com a SIC no podcast Gera\u00e7\u00e3o 40, que estreou a 12 de fevereiro.<\/li>\n<\/ul>\n","protected":false},"author":2,"featured_media":215918,"comment_status":"closed","ping_status":"closed","sticky":false,"template":"","format":"standard","meta":{"footnotes":""},"categories":[12,1],"tags":[5957,5326,1014,3181,3794],"class_list":["post-215909","post","type-post","status-publish","format-standard","has-post-thumbnail","hentry","category-entretenimento","category-noticias","tag-apresentadores","tag-comunicacao-social","tag-portugal","tag-publicacoes","tag-radios"],"yoast_head":"<!-- This site is optimized with the Yoast SEO plugin v27.2 - https:\/\/yoast.com\/product\/yoast-seo-wordpress\/ -->\n<title>J\u00falio Isidro deixa a RTP ap\u00f3s 65 anos - Portal Tela Portugal<\/title>\n<meta name=\"robots\" content=\"index, follow, max-snippet:-1, max-image-preview:large, max-video-preview:-1\" \/>\n<meta property=\"og:locale\" content=\"pt_PT\" \/>\n<meta property=\"og:type\" content=\"article\" \/>\n<meta property=\"og:title\" content=\"J\u00falio Isidro deixa a RTP ap\u00f3s 65 anos - Portal Tela Portugal\" \/>\n<meta property=\"og:description\" content=\"J\u00falio Isidro, 81 anos, encerrou a liga\u00e7\u00e3o \u00e0 RTP ap\u00f3s sessenta e cinco anos de colabora\u00e7\u00e3o com a esta\u00e7\u00e3o p\u00fablica. Ao longo da carreira foi rosto de programas ic\u00f3nicos como Passeio dos Alegres e Festa \u00e9 Festa, e, desde 2016, conduzia Inesquec\u00edvel na RTP Mem\u00f3ria. A sa\u00edda foi descrita como serena e ponderada pelo apresentador, que afirmou n\u00e3o estar cansado, apenas desejar descansar e viver a vida com calma. O acordo de sa\u00edda \u00e9 apresentado como uma decis\u00e3o muito pessoal e conjunta entre Isidro e a RTP, sem m\u00e1goas nem fronteiras ultrapassadas. Fora da televis\u00e3o, mant\u00e9m atividade na R\u00e1dio Renascen\u00e7a com Hotel Calif\u00f3rnia, e colabora com o Expresso e com a SIC no podcast Gera\u00e7\u00e3o 40, que estreou a 12 de fevereiro.\" \/>\n<meta property=\"og:url\" content=\"https:\/\/portaltela.pt\/noticias\/2026\/02\/18\/julio-isidro-deixa-a-rtp-apos-65-anos\/\" \/>\n<meta property=\"og:site_name\" content=\"Portal Tela Portugal\" \/>\n<meta property=\"article:published_time\" content=\"2026-02-18T13:22:02+00:00\" \/>\n<meta name=\"author\" content=\"Telinha\" \/>\n<meta name=\"twitter:card\" content=\"summary_large_image\" \/>\n<meta name=\"twitter:label1\" content=\"Escrito por\" \/>\n\t<meta name=\"twitter:data1\" content=\"Telinha\" \/>\n\t<meta name=\"twitter:label2\" content=\"Tempo estimado de leitura\" \/>\n\t<meta name=\"twitter:data2\" content=\"1 minuto\" \/>\n<script type=\"application\/ld+json\" class=\"yoast-schema-graph\">{\"@context\":\"https:\/\/schema.org\",\"@graph\":[{\"@type\":\"Article\",\"@id\":\"https:\/\/portaltela.pt\/noticias\/2026\/02\/18\/julio-isidro-deixa-a-rtp-apos-65-anos\/#article\",\"isPartOf\":{\"@id\":\"https:\/\/portaltela.pt\/noticias\/2026\/02\/18\/julio-isidro-deixa-a-rtp-apos-65-anos\/\"},\"author\":{\"name\":\"Telinha\",\"@id\":\"https:\/\/portaltela.pt\/#\/schema\/person\/c4278d4a6028830caff9ee44b42d32ed\"},\"headline\":\"J\u00falio Isidro deixa a RTP ap\u00f3s 65 anos\",\"datePublished\":\"2026-02-18T13:22:02+00:00\",\"mainEntityOfPage\":{\"@id\":\"https:\/\/portaltela.pt\/noticias\/2026\/02\/18\/julio-isidro-deixa-a-rtp-apos-65-anos\/\"},\"wordCount\":224,\"image\":{\"@id\":\"https:\/\/portaltela.pt\/noticias\/2026\/02\/18\/julio-isidro-deixa-a-rtp-apos-65-anos\/#primaryimage\"},\"thumbnailUrl\":\"https:\/\/portaltela.pt\/s.01k8rhncp4jt1\/2026\/02\/img_1280x718uu2019-05-30-22-57-23-856455-im-639070147729791420.jpg\",\"keywords\":[\"apresentadores\",\"comunica\u00e7\u00e3o social\",\"Portugal\",\"publica\u00e7\u00f5es\",\"r\u00e1dios\"],\"articleSection\":[\"Entretenimento\",\"Not\u00edcias\"],\"inLanguage\":\"pt-PT\"},{\"@type\":\"WebPage\",\"@id\":\"https:\/\/portaltela.pt\/noticias\/2026\/02\/18\/julio-isidro-deixa-a-rtp-apos-65-anos\/\",\"url\":\"https:\/\/portaltela.pt\/noticias\/2026\/02\/18\/julio-isidro-deixa-a-rtp-apos-65-anos\/\",\"name\":\"J\u00falio Isidro deixa a RTP ap\u00f3s 65 anos - Portal Tela Portugal\",\"isPartOf\":{\"@id\":\"https:\/\/portaltela.pt\/#website\"},\"primaryImageOfPage\":{\"@id\":\"https:\/\/portaltela.pt\/noticias\/2026\/02\/18\/julio-isidro-deixa-a-rtp-apos-65-anos\/#primaryimage\"},\"image\":{\"@id\":\"https:\/\/portaltela.pt\/noticias\/2026\/02\/18\/julio-isidro-deixa-a-rtp-apos-65-anos\/#primaryimage\"},\"thumbnailUrl\":\"https:\/\/portaltela.pt\/s.01k8rhncp4jt1\/2026\/02\/img_1280x718uu2019-05-30-22-57-23-856455-im-639070147729791420.jpg\",\"datePublished\":\"2026-02-18T13:22:02+00:00\",\"author\":{\"@id\":\"https:\/\/portaltela.pt\/#\/schema\/person\/c4278d4a6028830caff9ee44b42d32ed\"},\"breadcrumb\":{\"@id\":\"https:\/\/portaltela.pt\/noticias\/2026\/02\/18\/julio-isidro-deixa-a-rtp-apos-65-anos\/#breadcrumb\"},\"inLanguage\":\"pt-PT\",\"potentialAction\":[{\"@type\":\"ReadAction\",\"target\":[\"https:\/\/portaltela.pt\/noticias\/2026\/02\/18\/julio-isidro-deixa-a-rtp-apos-65-anos\/\"]}]},{\"@type\":\"ImageObject\",\"inLanguage\":\"pt-PT\",\"@id\":\"https:\/\/portaltela.pt\/noticias\/2026\/02\/18\/julio-isidro-deixa-a-rtp-apos-65-anos\/#primaryimage\",\"url\":\"https:\/\/portaltela.pt\/s.01k8rhncp4jt1\/2026\/02\/img_1280x718uu2019-05-30-22-57-23-856455-im-639070147729791420.jpg\",\"contentUrl\":\"https:\/\/portaltela.pt\/s.01k8rhncp4jt1\/2026\/02\/img_1280x718uu2019-05-30-22-57-23-856455-im-639070147729791420.jpg\",\"width\":796,\"height\":448,\"caption\":\"J\u00falio Isidro\"},{\"@type\":\"BreadcrumbList\",\"@id\":\"https:\/\/portaltela.pt\/noticias\/2026\/02\/18\/julio-isidro-deixa-a-rtp-apos-65-anos\/#breadcrumb\",\"itemListElement\":[{\"@type\":\"ListItem\",\"position\":1,\"name\":\"In\u00edcio\",\"item\":\"https:\/\/portaltela.pt\/\"},{\"@type\":\"ListItem\",\"position\":2,\"name\":\"J\u00falio Isidro deixa a RTP ap\u00f3s 65 anos\"}]},{\"@type\":\"WebSite\",\"@id\":\"https:\/\/portaltela.pt\/#website\",\"url\":\"https:\/\/portaltela.pt\/\",\"name\":\"Portal Tela Portugal\",\"description\":\"\",\"potentialAction\":[{\"@type\":\"SearchAction\",\"target\":{\"@type\":\"EntryPoint\",\"urlTemplate\":\"https:\/\/portaltela.pt\/?s={search_term_string}\"},\"query-input\":{\"@type\":\"PropertyValueSpecification\",\"valueRequired\":true,\"valueName\":\"search_term_string\"}}],\"inLanguage\":\"pt-PT\"},{\"@type\":\"Person\",\"@id\":\"https:\/\/portaltela.pt\/#\/schema\/person\/c4278d4a6028830caff9ee44b42d32ed\",\"name\":\"Telinha\",\"image\":{\"@type\":\"ImageObject\",\"inLanguage\":\"pt-PT\",\"@id\":\"https:\/\/portaltela.pt\/s.01k8rhncp4jt1\/2025\/11\/talking-bot-125x125.png\",\"url\":\"https:\/\/portaltela.pt\/s.01k8rhncp4jt1\/2025\/11\/talking-bot-125x125.png\",\"contentUrl\":\"https:\/\/portaltela.pt\/s.01k8rhncp4jt1\/2025\/11\/talking-bot-125x125.png\",\"caption\":\"Telinha\"},\"sameAs\":[\"https:\/\/portaltela.pt\/\"],\"url\":\"https:\/\/portaltela.pt\/por\/367410592786\/\"}]}<\/script>\n<!-- \/ Yoast SEO plugin. -->","yoast_head_json":{"title":"J\u00falio Isidro deixa a RTP ap\u00f3s 65 anos - Portal Tela Portugal","robots":{"index":"index","follow":"follow","max-snippet":"max-snippet:-1","max-image-preview":"max-image-preview:large","max-video-preview":"max-video-preview:-1"},"og_locale":"pt_PT","og_type":"article","og_title":"J\u00falio Isidro deixa a RTP ap\u00f3s 65 anos - Portal Tela Portugal","og_description":"J\u00falio Isidro, 81 anos, encerrou a liga\u00e7\u00e3o \u00e0 RTP ap\u00f3s sessenta e cinco anos de colabora\u00e7\u00e3o com a esta\u00e7\u00e3o p\u00fablica. Ao longo da carreira foi rosto de programas ic\u00f3nicos como Passeio dos Alegres e Festa \u00e9 Festa, e, desde 2016, conduzia Inesquec\u00edvel na RTP Mem\u00f3ria. A sa\u00edda foi descrita como serena e ponderada pelo apresentador, que afirmou n\u00e3o estar cansado, apenas desejar descansar e viver a vida com calma. O acordo de sa\u00edda \u00e9 apresentado como uma decis\u00e3o muito pessoal e conjunta entre Isidro e a RTP, sem m\u00e1goas nem fronteiras ultrapassadas. Fora da televis\u00e3o, mant\u00e9m atividade na R\u00e1dio Renascen\u00e7a com Hotel Calif\u00f3rnia, e colabora com o Expresso e com a SIC no podcast Gera\u00e7\u00e3o 40, que estreou a 12 de fevereiro.","og_url":"https:\/\/portaltela.pt\/noticias\/2026\/02\/18\/julio-isidro-deixa-a-rtp-apos-65-anos\/","og_site_name":"Portal Tela Portugal","article_published_time":"2026-02-18T13:22:02+00:00","author":"Telinha","twitter_card":"summary_large_image","twitter_misc":{"Escrito por":"Telinha","Tempo estimado de leitura":"1 minuto"},"schema":{"@context":"https:\/\/schema.org","@graph":[{"@type":"Article","@id":"https:\/\/portaltela.pt\/noticias\/2026\/02\/18\/julio-isidro-deixa-a-rtp-apos-65-anos\/#article","isPartOf":{"@id":"https:\/\/portaltela.pt\/noticias\/2026\/02\/18\/julio-isidro-deixa-a-rtp-apos-65-anos\/"},"author":{"name":"Telinha","@id":"https:\/\/portaltela.pt\/#\/schema\/person\/c4278d4a6028830caff9ee44b42d32ed"},"headline":"J\u00falio Isidro deixa a RTP ap\u00f3s 65 anos","datePublished":"2026-02-18T13:22:02+00:00","mainEntityOfPage":{"@id":"https:\/\/portaltela.pt\/noticias\/2026\/02\/18\/julio-isidro-deixa-a-rtp-apos-65-anos\/"},"wordCount":224,"image":{"@id":"https:\/\/portaltela.pt\/noticias\/2026\/02\/18\/julio-isidro-deixa-a-rtp-apos-65-anos\/#primaryimage"},"thumbnailUrl":"https:\/\/portaltela.pt\/s.01k8rhncp4jt1\/2026\/02\/img_1280x718uu2019-05-30-22-57-23-856455-im-639070147729791420.jpg","keywords":["apresentadores","comunica\u00e7\u00e3o social","Portugal","publica\u00e7\u00f5es","r\u00e1dios"],"articleSection":["Entretenimento","Not\u00edcias"],"inLanguage":"pt-PT"},{"@type":"WebPage","@id":"https:\/\/portaltela.pt\/noticias\/2026\/02\/18\/julio-isidro-deixa-a-rtp-apos-65-anos\/","url":"https:\/\/portaltela.pt\/noticias\/2026\/02\/18\/julio-isidro-deixa-a-rtp-apos-65-anos\/","name":"J\u00falio Isidro deixa a RTP ap\u00f3s 65 anos - Portal Tela Portugal","isPartOf":{"@id":"https:\/\/portaltela.pt\/#website"},"primaryImageOfPage":{"@id":"https:\/\/portaltela.pt\/noticias\/2026\/02\/18\/julio-isidro-deixa-a-rtp-apos-65-anos\/#primaryimage"},"image":{"@id":"https:\/\/portaltela.pt\/noticias\/2026\/02\/18\/julio-isidro-deixa-a-rtp-apos-65-anos\/#primaryimage"},"thumbnailUrl":"https:\/\/portaltela.pt\/s.01k8rhncp4jt1\/2026\/02\/img_1280x718uu2019-05-30-22-57-23-856455-im-639070147729791420.jpg","datePublished":"2026-02-18T13:22:02+00:00","author":{"@id":"https:\/\/portaltela.pt\/#\/schema\/person\/c4278d4a6028830caff9ee44b42d32ed"},"breadcrumb":{"@id":"https:\/\/portaltela.pt\/noticias\/2026\/02\/18\/julio-isidro-deixa-a-rtp-apos-65-anos\/#breadcrumb"},"inLanguage":"pt-PT","potentialAction":[{"@type":"ReadAction","target":["https:\/\/portaltela.pt\/noticias\/2026\/02\/18\/julio-isidro-deixa-a-rtp-apos-65-anos\/"]}]},{"@type":"ImageObject","inLanguage":"pt-PT","@id":"https:\/\/portaltela.pt\/noticias\/2026\/02\/18\/julio-isidro-deixa-a-rtp-apos-65-anos\/#primaryimage","url":"https:\/\/portaltela.pt\/s.01k8rhncp4jt1\/2026\/02\/img_1280x718uu2019-05-30-22-57-23-856455-im-639070147729791420.jpg","contentUrl":"https:\/\/portaltela.pt\/s.01k8rhncp4jt1\/2026\/02\/img_1280x718uu2019-05-30-22-57-23-856455-im-639070147729791420.jpg","width":796,"height":448,"caption":"J\u00falio Isidro"},{"@type":"BreadcrumbList","@id":"https:\/\/portaltela.pt\/noticias\/2026\/02\/18\/julio-isidro-deixa-a-rtp-apos-65-anos\/#breadcrumb","itemListElement":[{"@type":"ListItem","position":1,"name":"In\u00edcio","item":"https:\/\/portaltela.pt\/"},{"@type":"ListItem","position":2,"name":"J\u00falio Isidro deixa a RTP ap\u00f3s 65 anos"}]},{"@type":"WebSite","@id":"https:\/\/portaltela.pt\/#website","url":"https:\/\/portaltela.pt\/","name":"Portal Tela Portugal","description":"","potentialAction":[{"@type":"SearchAction","target":{"@type":"EntryPoint","urlTemplate":"https:\/\/portaltela.pt\/?s={search_term_string}"},"query-input":{"@type":"PropertyValueSpecification","valueRequired":true,"valueName":"search_term_string"}}],"inLanguage":"pt-PT"},{"@type":"Person","@id":"https:\/\/portaltela.pt\/#\/schema\/person\/c4278d4a6028830caff9ee44b42d32ed","name":"Telinha","image":{"@type":"ImageObject","inLanguage":"pt-PT","@id":"https:\/\/portaltela.pt\/s.01k8rhncp4jt1\/2025\/11\/talking-bot-125x125.png","url":"https:\/\/portaltela.pt\/s.01k8rhncp4jt1\/2025\/11\/talking-bot-125x125.png","contentUrl":"https:\/\/portaltela.pt\/s.01k8rhncp4jt1\/2025\/11\/talking-bot-125x125.png","caption":"Telinha"},"sameAs":["https:\/\/portaltela.pt\/"],"url":"https:\/\/portaltela.pt\/por\/367410592786\/"}]}},"_links":{"self":[{"href":"https:\/\/portaltela.pt\/api\/wp\/v2\/posts\/215909","targetHints":{"allow":["GET"]}}],"collection":[{"href":"https:\/\/portaltela.pt\/api\/wp\/v2\/posts"}],"about":[{"href":"https:\/\/portaltela.pt\/api\/wp\/v2\/types\/post"}],"author":[{"embeddable":true,"href":"https:\/\/portaltela.pt\/api\/wp\/v2\/users\/2"}],"replies":[{"embeddable":true,"href":"https:\/\/portaltela.pt\/api\/wp\/v2\/comments?post=215909"}],"version-history":[{"count":0,"href":"https:\/\/portaltela.pt\/api\/wp\/v2\/posts\/215909\/revisions"}],"wp:featuredmedia":[{"embeddable":true,"href":"https:\/\/portaltela.pt\/api\/wp\/v2\/media\/215918"}],"wp:attachment":[{"href":"https:\/\/portaltela.pt\/api\/wp\/v2\/media?parent=215909"}],"wp:term":[{"taxonomy":"category","embeddable":true,"href":"https:\/\/portaltela.pt\/api\/wp\/v2\/categories?post=215909"},{"taxonomy":"post_tag","embeddable":true,"href":"https:\/\/portaltela.pt\/api\/wp\/v2\/tags?post=215909"}],"curies":[{"name":"wp","href":"https:\/\/api.w.org\/{rel}","templated":true}]}}