{"id":215903,"date":"2026-02-18T10:22:00","date_gmt":"2026-02-18T13:22:00","guid":{"rendered":"https:\/\/portaltela.pt\/noticias\/2026\/02\/18\/mais-criancas-em-risco-em-familias-de-acolhimento-e-menos-em-instituicoes\/"},"modified":"2026-02-18T10:22:00","modified_gmt":"2026-02-18T13:22:00","slug":"mais-criancas-em-risco-em-familias-de-acolhimento-e-menos-em-instituicoes","status":"publish","type":"post","link":"https:\/\/portaltela.pt\/noticias\/2026\/02\/18\/mais-criancas-em-risco-em-familias-de-acolhimento-e-menos-em-instituicoes\/","title":{"rendered":"Mais crian\u00e7as em risco em fam\u00edlias de acolhimento e menos em institui\u00e7\u00f5es"},"content":{"rendered":"<p>Em novembro de 2024, o Governo lan\u00e7ou uma campanha nacional de acolhimento familiar que visou aumentar o n\u00famero de crian\u00e7as colocadas em fam\u00edlias, reduzindo os casos de menores encaminhados para institui\u00e7\u00f5es. A secret\u00e1ria de estado da A\u00e7\u00e3o Social e Inclus\u00e3o, Clara Marques Mendes, explicou que a iniciativa procurou criar condi\u00e7\u00f5es para que cada crian\u00e7a possa viver numa fam\u00edlia enquanto a sua fam\u00edlia biol\u00f3gica se restabelece.<\/p>\n<p>Dados apresentados pela autoridade revelam que, em novembro de 2024, existiam 388 fam\u00edlias de acolhimento certificadas, que permitiam acolher 356 crian\u00e7as. Na altura, registavam-se 6143 crian\u00e7as em regime de acolhimento no total.<\/p>\n<p>Um ano ap\u00f3s o in\u00edcio da campanha, o n\u00famero de fam\u00edlias de acolhimento e de crian\u00e7as acolhidas aumentou de forma significativa. Em novembro de 2025, havia 520 fam\u00edlias na bolsa nacional e 462 crian\u00e7as em acolhimento familiar, face a 388 e 356 respetivamente no ano anterior. As crian\u00e7as institucionalizadas passaram a 5987, face aos 6143 em regime de acolhimento.<\/p>\n<h3>Desinstitucionaliza\u00e7\u00e3o em foco<\/h3>\n<p>Clara Marques Mendes questionou como o pa\u00eds chegou a manter valores residuais de acolhimento ao longo de d\u00e9cadas, apesar de a lei estabelecer o acolhimento familiar como prioridade. A respons\u00e1vel afirmou que \u00e9 essencial continuar a trabalhar para aumentar o volume de fam\u00edlias dispon\u00edveis.<\/p>\n<p>A secret\u00e1ria de estado acrescentou que, paralelamente ao aumento de acolhimentos, a equipa mant\u00e9m o foco nas fam\u00edlias que j\u00e1 recebem crian\u00e7as, com o objetivo de facilitar o regresso dessas crian\u00e7as \u00e0s fam\u00edlias biol\u00f3gicas sempre que poss\u00edvel.<\/p>\n<h3>Continuidade de a\u00e7\u00f5es e metas futuras<\/h3>\n<p>O governo aponta a desinstitucionaliza\u00e7\u00e3o como objetivo central, promovendo medidas de suporte \u00e0s fam\u00edlias de acolhimento e de acompanhamento das crian\u00e7as. A prioridade \u00e9 reduzir a institucionaliza\u00e7\u00e3o e refor\u00e7ar as oportunidades de vida em contexto familiar est\u00e1vel.<\/p>\n","protected":false},"excerpt":{"rendered":"<ul>\n<li>Em novembro de 2024 existiam 388 fam\u00edlias de acolhimento certificadas, que permitiam 356 crian\u00e7as viverem com essas fam\u00edlias, num total de 6 143 crian\u00e7as em regime de acolhimento.<\/li>\n<li>A campanha nacional de acolhimento familiar, lan\u00e7ada em novembro de 2024, visou criar condi\u00e7\u00f5es para que cada crian\u00e7a viva numa fam\u00edlia enquanto a fam\u00edlia biol\u00f3gica se restabelece.<\/li>\n<li>Um ano depois, em novembro de 2025, o n\u00famero de fam\u00edlias de acolhimento na bolsa nacional passou a 520 e o de crian\u00e7as em acolhimento a 462, com as crian\u00e7as institucionalizadas a chegar a 5 987.<\/li>\n<li>A secret\u00e1ria de Estado da A\u00e7\u00e3o Social e Inclus\u00e3o, Clara Marques Mendes, questionou como houve um valor residual de acolhimento t\u00e3o baixo, abaixo dos 5 por cento, e defendeu a desinstitucionaliza\u00e7\u00e3o.<\/li>\n<li>Al\u00e9m de aumentar os n\u00fameros, afirmou que o trabalho continua para que as crian\u00e7as possam regressar \u00e0s suas fam\u00edlias biol\u00f3gicas.<\/li>\n<\/ul>\n","protected":false},"author":2,"featured_media":215915,"comment_status":"closed","ping_status":"closed","sticky":false,"template":"","format":"standard","meta":{"footnotes":""},"categories":[1],"tags":[1084,4583,3953,64,148,173],"class_list":["post-215903","post","type-post","status-publish","format-standard","has-post-thumbnail","hentry","category-noticias","tag-acao-social","tag-acolhimentos","tag-criancas","tag-familia","tag-familias","tag-protecao-social"],"yoast_head":"<!-- This site is optimized with the Yoast SEO plugin v27.2 - https:\/\/yoast.com\/product\/yoast-seo-wordpress\/ -->\n<title>Mais crian\u00e7as em risco em fam\u00edlias de acolhimento e menos em institui\u00e7\u00f5es - Portal Tela Portugal<\/title>\n<meta name=\"robots\" content=\"index, follow, max-snippet:-1, max-image-preview:large, max-video-preview:-1\" \/>\n<meta property=\"og:locale\" content=\"pt_PT\" \/>\n<meta property=\"og:type\" content=\"article\" \/>\n<meta property=\"og:title\" content=\"Mais crian\u00e7as em risco em fam\u00edlias de acolhimento e menos em institui\u00e7\u00f5es - Portal Tela Portugal\" \/>\n<meta property=\"og:description\" content=\"Em novembro de 2024 existiam 388 fam\u00edlias de acolhimento certificadas, que permitiam 356 crian\u00e7as viverem com essas fam\u00edlias, num total de 6 143 crian\u00e7as em regime de acolhimento. A campanha nacional de acolhimento familiar, lan\u00e7ada em novembro de 2024, visou criar condi\u00e7\u00f5es para que cada crian\u00e7a viva numa fam\u00edlia enquanto a fam\u00edlia biol\u00f3gica se restabelece. Um ano depois, em novembro de 2025, o n\u00famero de fam\u00edlias de acolhimento na bolsa nacional passou a 520 e o de crian\u00e7as em acolhimento a 462, com as crian\u00e7as institucionalizadas a chegar a 5 987. A secret\u00e1ria de Estado da A\u00e7\u00e3o Social e Inclus\u00e3o, Clara Marques Mendes, questionou como houve um valor residual de acolhimento t\u00e3o baixo, abaixo dos 5 por cento, e defendeu a desinstitucionaliza\u00e7\u00e3o. Al\u00e9m de aumentar os n\u00fameros, afirmou que o trabalho continua para que as crian\u00e7as possam regressar \u00e0s suas fam\u00edlias biol\u00f3gicas.\" \/>\n<meta property=\"og:url\" content=\"https:\/\/portaltela.pt\/noticias\/2026\/02\/18\/mais-criancas-em-risco-em-familias-de-acolhimento-e-menos-em-instituicoes\/\" \/>\n<meta property=\"og:site_name\" content=\"Portal Tela Portugal\" \/>\n<meta property=\"article:published_time\" content=\"2026-02-18T13:22:00+00:00\" \/>\n<meta name=\"author\" content=\"Telinha\" \/>\n<meta name=\"twitter:card\" content=\"summary_large_image\" \/>\n<meta name=\"twitter:label1\" content=\"Escrito por\" \/>\n\t<meta name=\"twitter:data1\" content=\"Telinha\" \/>\n\t<meta name=\"twitter:label2\" content=\"Tempo estimado de leitura\" \/>\n\t<meta name=\"twitter:data2\" content=\"2 minutos\" \/>\n<script type=\"application\/ld+json\" class=\"yoast-schema-graph\">{\"@context\":\"https:\/\/schema.org\",\"@graph\":[{\"@type\":\"Article\",\"@id\":\"https:\/\/portaltela.pt\/noticias\/2026\/02\/18\/mais-criancas-em-risco-em-familias-de-acolhimento-e-menos-em-instituicoes\/#article\",\"isPartOf\":{\"@id\":\"https:\/\/portaltela.pt\/noticias\/2026\/02\/18\/mais-criancas-em-risco-em-familias-de-acolhimento-e-menos-em-instituicoes\/\"},\"author\":{\"name\":\"Telinha\",\"@id\":\"https:\/\/portaltela.pt\/#\/schema\/person\/c4278d4a6028830caff9ee44b42d32ed\"},\"headline\":\"Mais crian\u00e7as em risco em fam\u00edlias de acolhimento e menos em institui\u00e7\u00f5es\",\"datePublished\":\"2026-02-18T13:22:00+00:00\",\"mainEntityOfPage\":{\"@id\":\"https:\/\/portaltela.pt\/noticias\/2026\/02\/18\/mais-criancas-em-risco-em-familias-de-acolhimento-e-menos-em-instituicoes\/\"},\"wordCount\":329,\"image\":{\"@id\":\"https:\/\/portaltela.pt\/noticias\/2026\/02\/18\/mais-criancas-em-risco-em-familias-de-acolhimento-e-menos-em-instituicoes\/#primaryimage\"},\"thumbnailUrl\":\"https:\/\/portaltela.pt\/s.01k8rhncp4jt1\/2026\/02\/image-1325.jpg\",\"keywords\":[\"A\u00e7\u00e3o Social\",\"acolhimentos\",\"crian\u00e7as\",\"fam\u00edlia\",\"fam\u00edlias\",\"prote\u00e7\u00e3o social\"],\"articleSection\":[\"Not\u00edcias\"],\"inLanguage\":\"pt-PT\"},{\"@type\":\"WebPage\",\"@id\":\"https:\/\/portaltela.pt\/noticias\/2026\/02\/18\/mais-criancas-em-risco-em-familias-de-acolhimento-e-menos-em-instituicoes\/\",\"url\":\"https:\/\/portaltela.pt\/noticias\/2026\/02\/18\/mais-criancas-em-risco-em-familias-de-acolhimento-e-menos-em-instituicoes\/\",\"name\":\"Mais crian\u00e7as em risco em fam\u00edlias de acolhimento e menos em institui\u00e7\u00f5es - Portal Tela Portugal\",\"isPartOf\":{\"@id\":\"https:\/\/portaltela.pt\/#website\"},\"primaryImageOfPage\":{\"@id\":\"https:\/\/portaltela.pt\/noticias\/2026\/02\/18\/mais-criancas-em-risco-em-familias-de-acolhimento-e-menos-em-instituicoes\/#primaryimage\"},\"image\":{\"@id\":\"https:\/\/portaltela.pt\/noticias\/2026\/02\/18\/mais-criancas-em-risco-em-familias-de-acolhimento-e-menos-em-instituicoes\/#primaryimage\"},\"thumbnailUrl\":\"https:\/\/portaltela.pt\/s.01k8rhncp4jt1\/2026\/02\/image-1325.jpg\",\"datePublished\":\"2026-02-18T13:22:00+00:00\",\"author\":{\"@id\":\"https:\/\/portaltela.pt\/#\/schema\/person\/c4278d4a6028830caff9ee44b42d32ed\"},\"breadcrumb\":{\"@id\":\"https:\/\/portaltela.pt\/noticias\/2026\/02\/18\/mais-criancas-em-risco-em-familias-de-acolhimento-e-menos-em-instituicoes\/#breadcrumb\"},\"inLanguage\":\"pt-PT\",\"potentialAction\":[{\"@type\":\"ReadAction\",\"target\":[\"https:\/\/portaltela.pt\/noticias\/2026\/02\/18\/mais-criancas-em-risco-em-familias-de-acolhimento-e-menos-em-instituicoes\/\"]}]},{\"@type\":\"ImageObject\",\"inLanguage\":\"pt-PT\",\"@id\":\"https:\/\/portaltela.pt\/noticias\/2026\/02\/18\/mais-criancas-em-risco-em-familias-de-acolhimento-e-menos-em-instituicoes\/#primaryimage\",\"url\":\"https:\/\/portaltela.pt\/s.01k8rhncp4jt1\/2026\/02\/image-1325.jpg\",\"contentUrl\":\"https:\/\/portaltela.pt\/s.01k8rhncp4jt1\/2026\/02\/image-1325.jpg\",\"width\":796,\"height\":448,\"caption\":\"Em 2024, havia 388 fam\u00edlias de acolhimento certificadas que permitiam ter 356 crian\u00e7as a viver com essas fam\u00edlias\"},{\"@type\":\"BreadcrumbList\",\"@id\":\"https:\/\/portaltela.pt\/noticias\/2026\/02\/18\/mais-criancas-em-risco-em-familias-de-acolhimento-e-menos-em-instituicoes\/#breadcrumb\",\"itemListElement\":[{\"@type\":\"ListItem\",\"position\":1,\"name\":\"In\u00edcio\",\"item\":\"https:\/\/portaltela.pt\/\"},{\"@type\":\"ListItem\",\"position\":2,\"name\":\"Mais crian\u00e7as em risco em fam\u00edlias de acolhimento e menos em institui\u00e7\u00f5es\"}]},{\"@type\":\"WebSite\",\"@id\":\"https:\/\/portaltela.pt\/#website\",\"url\":\"https:\/\/portaltela.pt\/\",\"name\":\"Portal Tela Portugal\",\"description\":\"\",\"potentialAction\":[{\"@type\":\"SearchAction\",\"target\":{\"@type\":\"EntryPoint\",\"urlTemplate\":\"https:\/\/portaltela.pt\/?s={search_term_string}\"},\"query-input\":{\"@type\":\"PropertyValueSpecification\",\"valueRequired\":true,\"valueName\":\"search_term_string\"}}],\"inLanguage\":\"pt-PT\"},{\"@type\":\"Person\",\"@id\":\"https:\/\/portaltela.pt\/#\/schema\/person\/c4278d4a6028830caff9ee44b42d32ed\",\"name\":\"Telinha\",\"image\":{\"@type\":\"ImageObject\",\"inLanguage\":\"pt-PT\",\"@id\":\"https:\/\/portaltela.pt\/s.01k8rhncp4jt1\/2025\/11\/talking-bot-125x125.png\",\"url\":\"https:\/\/portaltela.pt\/s.01k8rhncp4jt1\/2025\/11\/talking-bot-125x125.png\",\"contentUrl\":\"https:\/\/portaltela.pt\/s.01k8rhncp4jt1\/2025\/11\/talking-bot-125x125.png\",\"caption\":\"Telinha\"},\"sameAs\":[\"https:\/\/portaltela.pt\/\"],\"url\":\"https:\/\/portaltela.pt\/por\/367410592786\/\"}]}<\/script>\n<!-- \/ Yoast SEO plugin. -->","yoast_head_json":{"title":"Mais crian\u00e7as em risco em fam\u00edlias de acolhimento e menos em institui\u00e7\u00f5es - Portal Tela Portugal","robots":{"index":"index","follow":"follow","max-snippet":"max-snippet:-1","max-image-preview":"max-image-preview:large","max-video-preview":"max-video-preview:-1"},"og_locale":"pt_PT","og_type":"article","og_title":"Mais crian\u00e7as em risco em fam\u00edlias de acolhimento e menos em institui\u00e7\u00f5es - Portal Tela Portugal","og_description":"Em novembro de 2024 existiam 388 fam\u00edlias de acolhimento certificadas, que permitiam 356 crian\u00e7as viverem com essas fam\u00edlias, num total de 6 143 crian\u00e7as em regime de acolhimento. A campanha nacional de acolhimento familiar, lan\u00e7ada em novembro de 2024, visou criar condi\u00e7\u00f5es para que cada crian\u00e7a viva numa fam\u00edlia enquanto a fam\u00edlia biol\u00f3gica se restabelece. Um ano depois, em novembro de 2025, o n\u00famero de fam\u00edlias de acolhimento na bolsa nacional passou a 520 e o de crian\u00e7as em acolhimento a 462, com as crian\u00e7as institucionalizadas a chegar a 5 987. A secret\u00e1ria de Estado da A\u00e7\u00e3o Social e Inclus\u00e3o, Clara Marques Mendes, questionou como houve um valor residual de acolhimento t\u00e3o baixo, abaixo dos 5 por cento, e defendeu a desinstitucionaliza\u00e7\u00e3o. Al\u00e9m de aumentar os n\u00fameros, afirmou que o trabalho continua para que as crian\u00e7as possam regressar \u00e0s suas fam\u00edlias biol\u00f3gicas.","og_url":"https:\/\/portaltela.pt\/noticias\/2026\/02\/18\/mais-criancas-em-risco-em-familias-de-acolhimento-e-menos-em-instituicoes\/","og_site_name":"Portal Tela Portugal","article_published_time":"2026-02-18T13:22:00+00:00","author":"Telinha","twitter_card":"summary_large_image","twitter_misc":{"Escrito por":"Telinha","Tempo estimado de leitura":"2 minutos"},"schema":{"@context":"https:\/\/schema.org","@graph":[{"@type":"Article","@id":"https:\/\/portaltela.pt\/noticias\/2026\/02\/18\/mais-criancas-em-risco-em-familias-de-acolhimento-e-menos-em-instituicoes\/#article","isPartOf":{"@id":"https:\/\/portaltela.pt\/noticias\/2026\/02\/18\/mais-criancas-em-risco-em-familias-de-acolhimento-e-menos-em-instituicoes\/"},"author":{"name":"Telinha","@id":"https:\/\/portaltela.pt\/#\/schema\/person\/c4278d4a6028830caff9ee44b42d32ed"},"headline":"Mais crian\u00e7as em risco em fam\u00edlias de acolhimento e menos em institui\u00e7\u00f5es","datePublished":"2026-02-18T13:22:00+00:00","mainEntityOfPage":{"@id":"https:\/\/portaltela.pt\/noticias\/2026\/02\/18\/mais-criancas-em-risco-em-familias-de-acolhimento-e-menos-em-instituicoes\/"},"wordCount":329,"image":{"@id":"https:\/\/portaltela.pt\/noticias\/2026\/02\/18\/mais-criancas-em-risco-em-familias-de-acolhimento-e-menos-em-instituicoes\/#primaryimage"},"thumbnailUrl":"https:\/\/portaltela.pt\/s.01k8rhncp4jt1\/2026\/02\/image-1325.jpg","keywords":["A\u00e7\u00e3o Social","acolhimentos","crian\u00e7as","fam\u00edlia","fam\u00edlias","prote\u00e7\u00e3o social"],"articleSection":["Not\u00edcias"],"inLanguage":"pt-PT"},{"@type":"WebPage","@id":"https:\/\/portaltela.pt\/noticias\/2026\/02\/18\/mais-criancas-em-risco-em-familias-de-acolhimento-e-menos-em-instituicoes\/","url":"https:\/\/portaltela.pt\/noticias\/2026\/02\/18\/mais-criancas-em-risco-em-familias-de-acolhimento-e-menos-em-instituicoes\/","name":"Mais crian\u00e7as em risco em fam\u00edlias de acolhimento e menos em institui\u00e7\u00f5es - Portal Tela Portugal","isPartOf":{"@id":"https:\/\/portaltela.pt\/#website"},"primaryImageOfPage":{"@id":"https:\/\/portaltela.pt\/noticias\/2026\/02\/18\/mais-criancas-em-risco-em-familias-de-acolhimento-e-menos-em-instituicoes\/#primaryimage"},"image":{"@id":"https:\/\/portaltela.pt\/noticias\/2026\/02\/18\/mais-criancas-em-risco-em-familias-de-acolhimento-e-menos-em-instituicoes\/#primaryimage"},"thumbnailUrl":"https:\/\/portaltela.pt\/s.01k8rhncp4jt1\/2026\/02\/image-1325.jpg","datePublished":"2026-02-18T13:22:00+00:00","author":{"@id":"https:\/\/portaltela.pt\/#\/schema\/person\/c4278d4a6028830caff9ee44b42d32ed"},"breadcrumb":{"@id":"https:\/\/portaltela.pt\/noticias\/2026\/02\/18\/mais-criancas-em-risco-em-familias-de-acolhimento-e-menos-em-instituicoes\/#breadcrumb"},"inLanguage":"pt-PT","potentialAction":[{"@type":"ReadAction","target":["https:\/\/portaltela.pt\/noticias\/2026\/02\/18\/mais-criancas-em-risco-em-familias-de-acolhimento-e-menos-em-instituicoes\/"]}]},{"@type":"ImageObject","inLanguage":"pt-PT","@id":"https:\/\/portaltela.pt\/noticias\/2026\/02\/18\/mais-criancas-em-risco-em-familias-de-acolhimento-e-menos-em-instituicoes\/#primaryimage","url":"https:\/\/portaltela.pt\/s.01k8rhncp4jt1\/2026\/02\/image-1325.jpg","contentUrl":"https:\/\/portaltela.pt\/s.01k8rhncp4jt1\/2026\/02\/image-1325.jpg","width":796,"height":448,"caption":"Em 2024, havia 388 fam\u00edlias de acolhimento certificadas que permitiam ter 356 crian\u00e7as a viver com essas fam\u00edlias"},{"@type":"BreadcrumbList","@id":"https:\/\/portaltela.pt\/noticias\/2026\/02\/18\/mais-criancas-em-risco-em-familias-de-acolhimento-e-menos-em-instituicoes\/#breadcrumb","itemListElement":[{"@type":"ListItem","position":1,"name":"In\u00edcio","item":"https:\/\/portaltela.pt\/"},{"@type":"ListItem","position":2,"name":"Mais crian\u00e7as em risco em fam\u00edlias de acolhimento e menos em institui\u00e7\u00f5es"}]},{"@type":"WebSite","@id":"https:\/\/portaltela.pt\/#website","url":"https:\/\/portaltela.pt\/","name":"Portal Tela Portugal","description":"","potentialAction":[{"@type":"SearchAction","target":{"@type":"EntryPoint","urlTemplate":"https:\/\/portaltela.pt\/?s={search_term_string}"},"query-input":{"@type":"PropertyValueSpecification","valueRequired":true,"valueName":"search_term_string"}}],"inLanguage":"pt-PT"},{"@type":"Person","@id":"https:\/\/portaltela.pt\/#\/schema\/person\/c4278d4a6028830caff9ee44b42d32ed","name":"Telinha","image":{"@type":"ImageObject","inLanguage":"pt-PT","@id":"https:\/\/portaltela.pt\/s.01k8rhncp4jt1\/2025\/11\/talking-bot-125x125.png","url":"https:\/\/portaltela.pt\/s.01k8rhncp4jt1\/2025\/11\/talking-bot-125x125.png","contentUrl":"https:\/\/portaltela.pt\/s.01k8rhncp4jt1\/2025\/11\/talking-bot-125x125.png","caption":"Telinha"},"sameAs":["https:\/\/portaltela.pt\/"],"url":"https:\/\/portaltela.pt\/por\/367410592786\/"}]}},"_links":{"self":[{"href":"https:\/\/portaltela.pt\/api\/wp\/v2\/posts\/215903","targetHints":{"allow":["GET"]}}],"collection":[{"href":"https:\/\/portaltela.pt\/api\/wp\/v2\/posts"}],"about":[{"href":"https:\/\/portaltela.pt\/api\/wp\/v2\/types\/post"}],"author":[{"embeddable":true,"href":"https:\/\/portaltela.pt\/api\/wp\/v2\/users\/2"}],"replies":[{"embeddable":true,"href":"https:\/\/portaltela.pt\/api\/wp\/v2\/comments?post=215903"}],"version-history":[{"count":0,"href":"https:\/\/portaltela.pt\/api\/wp\/v2\/posts\/215903\/revisions"}],"wp:featuredmedia":[{"embeddable":true,"href":"https:\/\/portaltela.pt\/api\/wp\/v2\/media\/215915"}],"wp:attachment":[{"href":"https:\/\/portaltela.pt\/api\/wp\/v2\/media?parent=215903"}],"wp:term":[{"taxonomy":"category","embeddable":true,"href":"https:\/\/portaltela.pt\/api\/wp\/v2\/categories?post=215903"},{"taxonomy":"post_tag","embeddable":true,"href":"https:\/\/portaltela.pt\/api\/wp\/v2\/tags?post=215903"}],"curies":[{"name":"wp","href":"https:\/\/api.w.org\/{rel}","templated":true}]}}