{"id":215896,"date":"2026-02-18T10:27:00","date_gmt":"2026-02-18T13:27:00","guid":{"rendered":"https:\/\/portaltela.pt\/noticias\/2026\/02\/18\/doenca-tropical-dolorosa-pode-afetar-grande-parte-da-europa-incluindo-portugal\/"},"modified":"2026-02-18T10:27:00","modified_gmt":"2026-02-18T13:27:00","slug":"doenca-tropical-dolorosa-pode-afetar-grande-parte-da-europa-incluindo-portugal","status":"publish","type":"post","link":"https:\/\/portaltela.pt\/noticias\/2026\/02\/18\/doenca-tropical-dolorosa-pode-afetar-grande-parte-da-europa-incluindo-portugal\/","title":{"rendered":"Doen\u00e7a tropical dolorosa pode afetar grande parte da Europa, incluindo Portugal"},"content":{"rendered":"<p>A chikungunya, doen\u00e7a tropical extremamente dolorosa, pode ser transmitida por mosquitos na maior parte da Europa, incluindo Portugal, segundo estudo cient\u00edfico. A subida das temperaturas globais e a expans\u00e3o do mosquito-tigre asi\u00e1tico criaram condi\u00e7\u00f5es de transmiss\u00e3o em 29 pa\u00edses europeus.<\/p>\n<p>A doen\u00e7a provoca dores articulares intensas e prolongadas, podendo ser incapacitante; em crian\u00e7as e idosos, h\u00e1 risco de evolu\u00e7\u00e3o grave. Casos foram registados em mais de dez pa\u00edses europeus nos \u00faltimos anos, com surtos em Fran\u00e7a e It\u00e1lia em 2025.<\/p>\n<p>O estudo, publicado no Journal of the Royal Society Interface, avalia o impacto da temperatura no per\u00edodo de incuba\u00e7\u00e3o do v\u00edrus no Aedes albopictus, um mosquito invasor presente na Europa.<\/p>\n<p>A temperatura m\u00ednima para transmiss\u00e3o situou-se entre 13\u00baC e 14\u00baC, cerca de 2,5\u00baC abaixo das estimativas anteriores. Os investigadores descrevem a diferen\u00e7a como surpreendente, ampliando \u00e1reas de risco.<\/p>\n<h3>Expans\u00e3o do risco na Europa<\/h3>\n<p>Com base nos novos dados, infe\u00e7\u00f5es podem ocorrer por mais de seis meses anuais em Espanha, Portugal, It\u00e1lia e Gr\u00e9cia, e 3 a 5 meses em B\u00e9lgica, Fran\u00e7a, Alemanha e Su\u00ed\u00e7a. No sudeste de Inglaterra, a transmiss\u00e3o pode ocorrer por dois meses.<\/p>\n<p>A Europa aquece a ritmo cerca de duas vezes acima da m\u00e9dia global, acelerando a expans\u00e3o do territ\u00f3rio de risco. O v\u00edrus instala-se no tr\u00e2nsito intestinal do mosquito, passando \u00e0 saliva ap\u00f3s incuba\u00e7\u00e3o, para transmiss\u00e3o \u00e0 pr\u00f3xima pessoa.<\/p>\n<p>Aeros de inverno frios j\u00e1 n\u00e3o bastam como barreira natural em v\u00e1rias regi\u00f5es. O mosquito-tigre \u00e9 ativo durante todo o ano no sul da Europa, potenciando surtos conforme o clima aquece.<\/p>\n<h3>Casos e medidas de controlo<\/h3>\n<p>Entre janeiro e junho de 2025 foram confirmados 73 casos em viajantes infetados no estrangeiro, quase o triplo face ao mesmo per\u00edodo de 2024. A transmiss\u00e3o depende do tempo de vida do mosquito versus o per\u00edodo de incuba\u00e7\u00e3o.<\/p>\n<p>A chikungunya pode causar artrite ou dores duradouras, com at\u00e9 40% dos infetados a sofrerem sequelas at\u00e9 cinco anos depois. Vacinas existem, mas s\u00e3o dispendiosas; a preven\u00e7\u00e3o de picadas permanece a melhor defesa.<\/p>\n<p>Especialistas defendem medidas como eliminar \u00e1guas paradas, usar roupa comprida, aplicar repelente e refor\u00e7ar vigil\u00e2ncia epidemiol\u00f3gica. Identificar zonas e meses de maior risco permite a\u00e7\u00f5es mais eficazes.<\/p>\n<p>Perante altera\u00e7\u00f5es clim\u00e1ticas, os investigadores alertam que a expans\u00e3o para latitudes mais a norte \u00e9 uma quest\u00e3o de tempo. A presen\u00e7a de doen\u00e7as tropicais na Europa deixa de ser cen\u00e1rio hipot\u00e9tico.<\/p>\n","protected":false},"excerpt":{"rendered":"<ul>\n<li>A chikungunya pode j\u00e1 ser transmitida por mosquitos em grande parte da Europa, incluindo Portugal, conforme estudo cient\u00edfico.<\/li>\n<li>O aumento das temperaturas e a expans\u00e3o do mosquito-tigre asi\u00e1tico criaram condi\u00e7\u00f5es para a propaga\u00e7\u00e3o do v\u00edrus em 29 pa\u00edses europeus.<\/li>\n<li>A temperatura m\u00ednima para transmiss\u00e3o passa a ser entre 13 \u00b0C e 14 \u00b0C, cerca de 2,5 \u00b0C abaixo das estimativas anteriores, aumentando o per\u00edodo de risco.<\/li>\n<li>As infe\u00e7\u00f5es podem ocorrer durante mais de seis meses por ano em pa\u00edses como Espanha, Portugal, It\u00e1lia e Gr\u00e9cia, e entre tr\u00eas a cinco meses em Fran\u00e7a, Alemanha e Su\u00ed\u00e7a.<\/li>\n<li>Em 2025, surgiram surtos com centenas de infetados na Fran\u00e7a e na It\u00e1lia; especialistas defendem medidas de vigil\u00e2ncia, elimina\u00e7\u00e3o de \u00e1guas paradas e uso de prote\u00e7\u00e3o para limitar a propaga\u00e7\u00e3o.<\/li>\n<\/ul>\n","protected":false},"author":2,"featured_media":215899,"comment_status":"closed","ping_status":"closed","sticky":false,"template":"","format":"standard","meta":{"footnotes":""},"categories":[1],"tags":[2665,5723,4684,2487,1014,374],"class_list":["post-215896","post","type-post","status-publish","format-standard","has-post-thumbnail","hentry","category-noticias","tag-alteracoes-climaticas","tag-doenca","tag-epidemiologia","tag-europa","tag-portugal","tag-vigilancia-epidemiologica"],"yoast_head":"<!-- This site is optimized with the Yoast SEO plugin v27.2 - https:\/\/yoast.com\/product\/yoast-seo-wordpress\/ -->\n<title>Doen\u00e7a tropical dolorosa pode afetar grande parte da Europa, incluindo Portugal - Portal Tela Portugal<\/title>\n<meta name=\"robots\" content=\"index, follow, max-snippet:-1, max-image-preview:large, max-video-preview:-1\" \/>\n<meta property=\"og:locale\" content=\"pt_PT\" \/>\n<meta property=\"og:type\" content=\"article\" \/>\n<meta property=\"og:title\" content=\"Doen\u00e7a tropical dolorosa pode afetar grande parte da Europa, incluindo Portugal - Portal Tela Portugal\" \/>\n<meta property=\"og:description\" content=\"A chikungunya pode j\u00e1 ser transmitida por mosquitos em grande parte da Europa, incluindo Portugal, conforme estudo cient\u00edfico. O aumento das temperaturas e a expans\u00e3o do mosquito-tigre asi\u00e1tico criaram condi\u00e7\u00f5es para a propaga\u00e7\u00e3o do v\u00edrus em 29 pa\u00edses europeus. A temperatura m\u00ednima para transmiss\u00e3o passa a ser entre 13 \u00b0C e 14 \u00b0C, cerca de 2,5 \u00b0C abaixo das estimativas anteriores, aumentando o per\u00edodo de risco. As infe\u00e7\u00f5es podem ocorrer durante mais de seis meses por ano em pa\u00edses como Espanha, Portugal, It\u00e1lia e Gr\u00e9cia, e entre tr\u00eas a cinco meses em Fran\u00e7a, Alemanha e Su\u00ed\u00e7a. Em 2025, surgiram surtos com centenas de infetados na Fran\u00e7a e na It\u00e1lia; especialistas defendem medidas de vigil\u00e2ncia, elimina\u00e7\u00e3o de \u00e1guas paradas e uso de prote\u00e7\u00e3o para limitar a propaga\u00e7\u00e3o.\" \/>\n<meta property=\"og:url\" content=\"https:\/\/portaltela.pt\/noticias\/2026\/02\/18\/doenca-tropical-dolorosa-pode-afetar-grande-parte-da-europa-incluindo-portugal\/\" \/>\n<meta property=\"og:site_name\" content=\"Portal Tela Portugal\" \/>\n<meta property=\"article:published_time\" content=\"2026-02-18T13:27:00+00:00\" \/>\n<meta name=\"author\" content=\"Telinha\" \/>\n<meta name=\"twitter:card\" content=\"summary_large_image\" \/>\n<meta name=\"twitter:label1\" content=\"Escrito por\" \/>\n\t<meta name=\"twitter:data1\" content=\"Telinha\" \/>\n\t<meta name=\"twitter:label2\" content=\"Tempo estimado de leitura\" \/>\n\t<meta name=\"twitter:data2\" content=\"2 minutos\" \/>\n<script type=\"application\/ld+json\" class=\"yoast-schema-graph\">{\"@context\":\"https:\/\/schema.org\",\"@graph\":[{\"@type\":\"Article\",\"@id\":\"https:\/\/portaltela.pt\/noticias\/2026\/02\/18\/doenca-tropical-dolorosa-pode-afetar-grande-parte-da-europa-incluindo-portugal\/#article\",\"isPartOf\":{\"@id\":\"https:\/\/portaltela.pt\/noticias\/2026\/02\/18\/doenca-tropical-dolorosa-pode-afetar-grande-parte-da-europa-incluindo-portugal\/\"},\"author\":{\"name\":\"Telinha\",\"@id\":\"https:\/\/portaltela.pt\/#\/schema\/person\/c4278d4a6028830caff9ee44b42d32ed\"},\"headline\":\"Doen\u00e7a tropical dolorosa pode afetar grande parte da Europa, incluindo Portugal\",\"datePublished\":\"2026-02-18T13:27:00+00:00\",\"mainEntityOfPage\":{\"@id\":\"https:\/\/portaltela.pt\/noticias\/2026\/02\/18\/doenca-tropical-dolorosa-pode-afetar-grande-parte-da-europa-incluindo-portugal\/\"},\"wordCount\":445,\"image\":{\"@id\":\"https:\/\/portaltela.pt\/noticias\/2026\/02\/18\/doenca-tropical-dolorosa-pode-afetar-grande-parte-da-europa-incluindo-portugal\/#primaryimage\"},\"thumbnailUrl\":\"https:\/\/portaltela.pt\/s.01k8rhncp4jt1\/2026\/02\/img_1280x721uu2026-02-18-11-38-12-2267512.jpg\",\"keywords\":[\"Altera\u00e7\u00f5es Clim\u00e1ticas\",\"doen\u00e7a\",\"epidemiologia\",\"Europa\",\"Portugal\",\"vigil\u00e2ncia epidemiol\u00f3gica\"],\"articleSection\":[\"Not\u00edcias\"],\"inLanguage\":\"pt-PT\"},{\"@type\":\"WebPage\",\"@id\":\"https:\/\/portaltela.pt\/noticias\/2026\/02\/18\/doenca-tropical-dolorosa-pode-afetar-grande-parte-da-europa-incluindo-portugal\/\",\"url\":\"https:\/\/portaltela.pt\/noticias\/2026\/02\/18\/doenca-tropical-dolorosa-pode-afetar-grande-parte-da-europa-incluindo-portugal\/\",\"name\":\"Doen\u00e7a tropical dolorosa pode afetar grande parte da Europa, incluindo Portugal - Portal Tela Portugal\",\"isPartOf\":{\"@id\":\"https:\/\/portaltela.pt\/#website\"},\"primaryImageOfPage\":{\"@id\":\"https:\/\/portaltela.pt\/noticias\/2026\/02\/18\/doenca-tropical-dolorosa-pode-afetar-grande-parte-da-europa-incluindo-portugal\/#primaryimage\"},\"image\":{\"@id\":\"https:\/\/portaltela.pt\/noticias\/2026\/02\/18\/doenca-tropical-dolorosa-pode-afetar-grande-parte-da-europa-incluindo-portugal\/#primaryimage\"},\"thumbnailUrl\":\"https:\/\/portaltela.pt\/s.01k8rhncp4jt1\/2026\/02\/img_1280x721uu2026-02-18-11-38-12-2267512.jpg\",\"datePublished\":\"2026-02-18T13:27:00+00:00\",\"author\":{\"@id\":\"https:\/\/portaltela.pt\/#\/schema\/person\/c4278d4a6028830caff9ee44b42d32ed\"},\"breadcrumb\":{\"@id\":\"https:\/\/portaltela.pt\/noticias\/2026\/02\/18\/doenca-tropical-dolorosa-pode-afetar-grande-parte-da-europa-incluindo-portugal\/#breadcrumb\"},\"inLanguage\":\"pt-PT\",\"potentialAction\":[{\"@type\":\"ReadAction\",\"target\":[\"https:\/\/portaltela.pt\/noticias\/2026\/02\/18\/doenca-tropical-dolorosa-pode-afetar-grande-parte-da-europa-incluindo-portugal\/\"]}]},{\"@type\":\"ImageObject\",\"inLanguage\":\"pt-PT\",\"@id\":\"https:\/\/portaltela.pt\/noticias\/2026\/02\/18\/doenca-tropical-dolorosa-pode-afetar-grande-parte-da-europa-incluindo-portugal\/#primaryimage\",\"url\":\"https:\/\/portaltela.pt\/s.01k8rhncp4jt1\/2026\/02\/img_1280x721uu2026-02-18-11-38-12-2267512.jpg\",\"contentUrl\":\"https:\/\/portaltela.pt\/s.01k8rhncp4jt1\/2026\/02\/img_1280x721uu2026-02-18-11-38-12-2267512.jpg\",\"width\":796,\"height\":448,\"caption\":\"Mosquitos-tigre asi\u00e1ticos\"},{\"@type\":\"BreadcrumbList\",\"@id\":\"https:\/\/portaltela.pt\/noticias\/2026\/02\/18\/doenca-tropical-dolorosa-pode-afetar-grande-parte-da-europa-incluindo-portugal\/#breadcrumb\",\"itemListElement\":[{\"@type\":\"ListItem\",\"position\":1,\"name\":\"In\u00edcio\",\"item\":\"https:\/\/portaltela.pt\/\"},{\"@type\":\"ListItem\",\"position\":2,\"name\":\"Doen\u00e7a tropical dolorosa pode afetar grande parte da Europa, incluindo Portugal\"}]},{\"@type\":\"WebSite\",\"@id\":\"https:\/\/portaltela.pt\/#website\",\"url\":\"https:\/\/portaltela.pt\/\",\"name\":\"Portal Tela Portugal\",\"description\":\"\",\"potentialAction\":[{\"@type\":\"SearchAction\",\"target\":{\"@type\":\"EntryPoint\",\"urlTemplate\":\"https:\/\/portaltela.pt\/?s={search_term_string}\"},\"query-input\":{\"@type\":\"PropertyValueSpecification\",\"valueRequired\":true,\"valueName\":\"search_term_string\"}}],\"inLanguage\":\"pt-PT\"},{\"@type\":\"Person\",\"@id\":\"https:\/\/portaltela.pt\/#\/schema\/person\/c4278d4a6028830caff9ee44b42d32ed\",\"name\":\"Telinha\",\"image\":{\"@type\":\"ImageObject\",\"inLanguage\":\"pt-PT\",\"@id\":\"https:\/\/portaltela.pt\/s.01k8rhncp4jt1\/2025\/11\/talking-bot-125x125.png\",\"url\":\"https:\/\/portaltela.pt\/s.01k8rhncp4jt1\/2025\/11\/talking-bot-125x125.png\",\"contentUrl\":\"https:\/\/portaltela.pt\/s.01k8rhncp4jt1\/2025\/11\/talking-bot-125x125.png\",\"caption\":\"Telinha\"},\"sameAs\":[\"https:\/\/portaltela.pt\/\"],\"url\":\"https:\/\/portaltela.pt\/por\/367410592786\/\"}]}<\/script>\n<!-- \/ Yoast SEO plugin. -->","yoast_head_json":{"title":"Doen\u00e7a tropical dolorosa pode afetar grande parte da Europa, incluindo Portugal - Portal Tela Portugal","robots":{"index":"index","follow":"follow","max-snippet":"max-snippet:-1","max-image-preview":"max-image-preview:large","max-video-preview":"max-video-preview:-1"},"og_locale":"pt_PT","og_type":"article","og_title":"Doen\u00e7a tropical dolorosa pode afetar grande parte da Europa, incluindo Portugal - Portal Tela Portugal","og_description":"A chikungunya pode j\u00e1 ser transmitida por mosquitos em grande parte da Europa, incluindo Portugal, conforme estudo cient\u00edfico. O aumento das temperaturas e a expans\u00e3o do mosquito-tigre asi\u00e1tico criaram condi\u00e7\u00f5es para a propaga\u00e7\u00e3o do v\u00edrus em 29 pa\u00edses europeus. A temperatura m\u00ednima para transmiss\u00e3o passa a ser entre 13 \u00b0C e 14 \u00b0C, cerca de 2,5 \u00b0C abaixo das estimativas anteriores, aumentando o per\u00edodo de risco. As infe\u00e7\u00f5es podem ocorrer durante mais de seis meses por ano em pa\u00edses como Espanha, Portugal, It\u00e1lia e Gr\u00e9cia, e entre tr\u00eas a cinco meses em Fran\u00e7a, Alemanha e Su\u00ed\u00e7a. Em 2025, surgiram surtos com centenas de infetados na Fran\u00e7a e na It\u00e1lia; especialistas defendem medidas de vigil\u00e2ncia, elimina\u00e7\u00e3o de \u00e1guas paradas e uso de prote\u00e7\u00e3o para limitar a propaga\u00e7\u00e3o.","og_url":"https:\/\/portaltela.pt\/noticias\/2026\/02\/18\/doenca-tropical-dolorosa-pode-afetar-grande-parte-da-europa-incluindo-portugal\/","og_site_name":"Portal Tela Portugal","article_published_time":"2026-02-18T13:27:00+00:00","author":"Telinha","twitter_card":"summary_large_image","twitter_misc":{"Escrito por":"Telinha","Tempo estimado de leitura":"2 minutos"},"schema":{"@context":"https:\/\/schema.org","@graph":[{"@type":"Article","@id":"https:\/\/portaltela.pt\/noticias\/2026\/02\/18\/doenca-tropical-dolorosa-pode-afetar-grande-parte-da-europa-incluindo-portugal\/#article","isPartOf":{"@id":"https:\/\/portaltela.pt\/noticias\/2026\/02\/18\/doenca-tropical-dolorosa-pode-afetar-grande-parte-da-europa-incluindo-portugal\/"},"author":{"name":"Telinha","@id":"https:\/\/portaltela.pt\/#\/schema\/person\/c4278d4a6028830caff9ee44b42d32ed"},"headline":"Doen\u00e7a tropical dolorosa pode afetar grande parte da Europa, incluindo Portugal","datePublished":"2026-02-18T13:27:00+00:00","mainEntityOfPage":{"@id":"https:\/\/portaltela.pt\/noticias\/2026\/02\/18\/doenca-tropical-dolorosa-pode-afetar-grande-parte-da-europa-incluindo-portugal\/"},"wordCount":445,"image":{"@id":"https:\/\/portaltela.pt\/noticias\/2026\/02\/18\/doenca-tropical-dolorosa-pode-afetar-grande-parte-da-europa-incluindo-portugal\/#primaryimage"},"thumbnailUrl":"https:\/\/portaltela.pt\/s.01k8rhncp4jt1\/2026\/02\/img_1280x721uu2026-02-18-11-38-12-2267512.jpg","keywords":["Altera\u00e7\u00f5es Clim\u00e1ticas","doen\u00e7a","epidemiologia","Europa","Portugal","vigil\u00e2ncia epidemiol\u00f3gica"],"articleSection":["Not\u00edcias"],"inLanguage":"pt-PT"},{"@type":"WebPage","@id":"https:\/\/portaltela.pt\/noticias\/2026\/02\/18\/doenca-tropical-dolorosa-pode-afetar-grande-parte-da-europa-incluindo-portugal\/","url":"https:\/\/portaltela.pt\/noticias\/2026\/02\/18\/doenca-tropical-dolorosa-pode-afetar-grande-parte-da-europa-incluindo-portugal\/","name":"Doen\u00e7a tropical dolorosa pode afetar grande parte da Europa, incluindo Portugal - Portal Tela Portugal","isPartOf":{"@id":"https:\/\/portaltela.pt\/#website"},"primaryImageOfPage":{"@id":"https:\/\/portaltela.pt\/noticias\/2026\/02\/18\/doenca-tropical-dolorosa-pode-afetar-grande-parte-da-europa-incluindo-portugal\/#primaryimage"},"image":{"@id":"https:\/\/portaltela.pt\/noticias\/2026\/02\/18\/doenca-tropical-dolorosa-pode-afetar-grande-parte-da-europa-incluindo-portugal\/#primaryimage"},"thumbnailUrl":"https:\/\/portaltela.pt\/s.01k8rhncp4jt1\/2026\/02\/img_1280x721uu2026-02-18-11-38-12-2267512.jpg","datePublished":"2026-02-18T13:27:00+00:00","author":{"@id":"https:\/\/portaltela.pt\/#\/schema\/person\/c4278d4a6028830caff9ee44b42d32ed"},"breadcrumb":{"@id":"https:\/\/portaltela.pt\/noticias\/2026\/02\/18\/doenca-tropical-dolorosa-pode-afetar-grande-parte-da-europa-incluindo-portugal\/#breadcrumb"},"inLanguage":"pt-PT","potentialAction":[{"@type":"ReadAction","target":["https:\/\/portaltela.pt\/noticias\/2026\/02\/18\/doenca-tropical-dolorosa-pode-afetar-grande-parte-da-europa-incluindo-portugal\/"]}]},{"@type":"ImageObject","inLanguage":"pt-PT","@id":"https:\/\/portaltela.pt\/noticias\/2026\/02\/18\/doenca-tropical-dolorosa-pode-afetar-grande-parte-da-europa-incluindo-portugal\/#primaryimage","url":"https:\/\/portaltela.pt\/s.01k8rhncp4jt1\/2026\/02\/img_1280x721uu2026-02-18-11-38-12-2267512.jpg","contentUrl":"https:\/\/portaltela.pt\/s.01k8rhncp4jt1\/2026\/02\/img_1280x721uu2026-02-18-11-38-12-2267512.jpg","width":796,"height":448,"caption":"Mosquitos-tigre asi\u00e1ticos"},{"@type":"BreadcrumbList","@id":"https:\/\/portaltela.pt\/noticias\/2026\/02\/18\/doenca-tropical-dolorosa-pode-afetar-grande-parte-da-europa-incluindo-portugal\/#breadcrumb","itemListElement":[{"@type":"ListItem","position":1,"name":"In\u00edcio","item":"https:\/\/portaltela.pt\/"},{"@type":"ListItem","position":2,"name":"Doen\u00e7a tropical dolorosa pode afetar grande parte da Europa, incluindo Portugal"}]},{"@type":"WebSite","@id":"https:\/\/portaltela.pt\/#website","url":"https:\/\/portaltela.pt\/","name":"Portal Tela Portugal","description":"","potentialAction":[{"@type":"SearchAction","target":{"@type":"EntryPoint","urlTemplate":"https:\/\/portaltela.pt\/?s={search_term_string}"},"query-input":{"@type":"PropertyValueSpecification","valueRequired":true,"valueName":"search_term_string"}}],"inLanguage":"pt-PT"},{"@type":"Person","@id":"https:\/\/portaltela.pt\/#\/schema\/person\/c4278d4a6028830caff9ee44b42d32ed","name":"Telinha","image":{"@type":"ImageObject","inLanguage":"pt-PT","@id":"https:\/\/portaltela.pt\/s.01k8rhncp4jt1\/2025\/11\/talking-bot-125x125.png","url":"https:\/\/portaltela.pt\/s.01k8rhncp4jt1\/2025\/11\/talking-bot-125x125.png","contentUrl":"https:\/\/portaltela.pt\/s.01k8rhncp4jt1\/2025\/11\/talking-bot-125x125.png","caption":"Telinha"},"sameAs":["https:\/\/portaltela.pt\/"],"url":"https:\/\/portaltela.pt\/por\/367410592786\/"}]}},"_links":{"self":[{"href":"https:\/\/portaltela.pt\/api\/wp\/v2\/posts\/215896","targetHints":{"allow":["GET"]}}],"collection":[{"href":"https:\/\/portaltela.pt\/api\/wp\/v2\/posts"}],"about":[{"href":"https:\/\/portaltela.pt\/api\/wp\/v2\/types\/post"}],"author":[{"embeddable":true,"href":"https:\/\/portaltela.pt\/api\/wp\/v2\/users\/2"}],"replies":[{"embeddable":true,"href":"https:\/\/portaltela.pt\/api\/wp\/v2\/comments?post=215896"}],"version-history":[{"count":0,"href":"https:\/\/portaltela.pt\/api\/wp\/v2\/posts\/215896\/revisions"}],"wp:featuredmedia":[{"embeddable":true,"href":"https:\/\/portaltela.pt\/api\/wp\/v2\/media\/215899"}],"wp:attachment":[{"href":"https:\/\/portaltela.pt\/api\/wp\/v2\/media?parent=215896"}],"wp:term":[{"taxonomy":"category","embeddable":true,"href":"https:\/\/portaltela.pt\/api\/wp\/v2\/categories?post=215896"},{"taxonomy":"post_tag","embeddable":true,"href":"https:\/\/portaltela.pt\/api\/wp\/v2\/tags?post=215896"}],"curies":[{"name":"wp","href":"https:\/\/api.w.org\/{rel}","templated":true}]}}