{"id":215890,"date":"2026-02-18T10:20:00","date_gmt":"2026-02-18T13:20:00","guid":{"rendered":"https:\/\/portaltela.pt\/noticias\/2026\/02\/18\/portugal-submete-a-bruxelas-o-encerramento-do-pt2020\/"},"modified":"2026-02-18T10:20:00","modified_gmt":"2026-02-18T13:20:00","slug":"portugal-submete-a-bruxelas-o-encerramento-do-pt2020","status":"publish","type":"post","link":"https:\/\/portaltela.pt\/noticias\/economia\/2026\/02\/18\/portugal-submete-a-bruxelas-o-encerramento-do-pt2020\/","title":{"rendered":"Portugal submete a Bruxelas o encerramento do PT2020"},"content":{"rendered":"<p>O Governo submeteu a Comiss\u00e3o Europeia o encerramento do programa PT2020, cumprindo o prazo previsto. A execu\u00e7\u00e3o do programa ficou acima de 100%. O ministro respons\u00e1vel destacou que o pa\u00eds terminou com um excedente de cerca de 3% face ao planeado.<\/p>\n<p>No discurso, o governante agradeceu a quem participou na implementa\u00e7\u00e3o nos \u00faltimos 15 anos, incluindo o antigo governo e o Governo do PS, afirmando que todos contribu\u00edram para honrar o compromisso e evitar perda de fundos europeus. Est\u00e1 conclu\u00eddo; o foco passa para o PT2030.<\/p>\n<p>O ministro sublinhou ainda as perturba\u00e7\u00f5es existentes no pa\u00eds, como o encerramento do Plano de Recupera\u00e7\u00e3o e Resili\u00eancia, e apontou o desenho do pr\u00f3ximo quadro financeiro como desafio. O assunto ganhou relevo numa sess\u00e3o da Comiss\u00e3o de Economia e Coes\u00e3o Territorial.<\/p>\n<h3>Abertura do debate parlamentar<\/h3>\n<p>H\u00e9lder Reis esteve esta quarta-feira no parlamento, na Comiss\u00e3o de Economia e Coes\u00e3o Territorial, a pedido do Chega, para discutir os apoios do Governo ap\u00f3s as depress\u00f5es e tempestades que atingiram sobretudo o centro do pa\u00eds.<\/p>\n","protected":false},"excerpt":{"rendered":"<ul>\n<li>Portugal submeteu \u00e0 Comiss\u00e3o Europeia o encerramento do programa PT2020, no tempo previsto, com execu\u00e7\u00e3o superior a 100 por cento.<\/li>\n<li>A din\u00e2mica de execu\u00e7\u00e3o ficou acima do previsto, em cerca de 3 por cento.<\/li>\n<li>O governo agradeceu a colabora\u00e7\u00e3o de todos os intervenientes, incluindo o governo anterior e o Governo do Partido Socialista, por executar uma parte significativa do PT2020.<\/li>\n<li>O encerramento abre caminho ao PT2030, com um ano considerado dif\u00edcil e exigente, face a perturba\u00e7\u00f5es e ao encerramento do Plano de Recupera\u00e7\u00e3o e Resili\u00eancia.<\/li>\n<li>H\u00e9lder Reis participou, no parlamento, na Comiss\u00e3o de Economia e Coes\u00e3o Territorial, a pedido do Chega, para falar sobre apoios disponibilizados ap\u00f3s as depress\u00f5es e tempestades que afetaram o centro do pa\u00eds.<\/li>\n<\/ul>\n","protected":false},"author":2,"featured_media":215894,"comment_status":"closed","ping_status":"closed","sticky":false,"template":"","format":"standard","meta":{"footnotes":""},"categories":[2,1],"tags":[830,1638,3971,6000,1014,2055],"class_list":["post-215890","post","type-post","status-publish","format-standard","has-post-thumbnail","hentry","category-economia","category-noticias","tag-coesao-territorial","tag-comissao-europeia","tag-fundo-europeus","tag-orcamento","tag-portugal","tag-uniao-europeia"],"yoast_head":"<!-- This site is optimized with the Yoast SEO plugin v27.2 - https:\/\/yoast.com\/product\/yoast-seo-wordpress\/ -->\n<title>Portugal submete a Bruxelas o encerramento do PT2020 - Portal Tela Portugal<\/title>\n<meta name=\"robots\" content=\"index, follow, max-snippet:-1, max-image-preview:large, max-video-preview:-1\" \/>\n<meta property=\"og:locale\" content=\"pt_PT\" \/>\n<meta property=\"og:type\" content=\"article\" \/>\n<meta property=\"og:title\" content=\"Portugal submete a Bruxelas o encerramento do PT2020 - Portal Tela Portugal\" \/>\n<meta property=\"og:description\" content=\"Portugal submeteu \u00e0 Comiss\u00e3o Europeia o encerramento do programa PT2020, no tempo previsto, com execu\u00e7\u00e3o superior a 100 por cento. A din\u00e2mica de execu\u00e7\u00e3o ficou acima do previsto, em cerca de 3 por cento. O governo agradeceu a colabora\u00e7\u00e3o de todos os intervenientes, incluindo o governo anterior e o Governo do Partido Socialista, por executar uma parte significativa do PT2020. O encerramento abre caminho ao PT2030, com um ano considerado dif\u00edcil e exigente, face a perturba\u00e7\u00f5es e ao encerramento do Plano de Recupera\u00e7\u00e3o e Resili\u00eancia. H\u00e9lder Reis participou, no parlamento, na Comiss\u00e3o de Economia e Coes\u00e3o Territorial, a pedido do Chega, para falar sobre apoios disponibilizados ap\u00f3s as depress\u00f5es e tempestades que afetaram o centro do pa\u00eds.\" \/>\n<meta property=\"og:url\" content=\"https:\/\/portaltela.pt\/noticias\/2026\/02\/18\/portugal-submete-a-bruxelas-o-encerramento-do-pt2020\/\" \/>\n<meta property=\"og:site_name\" content=\"Portal Tela Portugal\" \/>\n<meta property=\"article:published_time\" content=\"2026-02-18T13:20:00+00:00\" \/>\n<meta name=\"author\" content=\"Telinha\" \/>\n<meta name=\"twitter:card\" content=\"summary_large_image\" \/>\n<meta name=\"twitter:label1\" content=\"Escrito por\" \/>\n\t<meta name=\"twitter:data1\" content=\"Telinha\" \/>\n\t<meta name=\"twitter:label2\" content=\"Tempo estimado de leitura\" \/>\n\t<meta name=\"twitter:data2\" content=\"1 minuto\" \/>\n<script type=\"application\/ld+json\" class=\"yoast-schema-graph\">{\"@context\":\"https:\/\/schema.org\",\"@graph\":[{\"@type\":\"Article\",\"@id\":\"https:\/\/portaltela.pt\/noticias\/2026\/02\/18\/portugal-submete-a-bruxelas-o-encerramento-do-pt2020\/#article\",\"isPartOf\":{\"@id\":\"https:\/\/portaltela.pt\/noticias\/2026\/02\/18\/portugal-submete-a-bruxelas-o-encerramento-do-pt2020\/\"},\"author\":{\"name\":\"Telinha\",\"@id\":\"https:\/\/portaltela.pt\/#\/schema\/person\/c4278d4a6028830caff9ee44b42d32ed\"},\"headline\":\"Portugal submete a Bruxelas o encerramento do PT2020\",\"datePublished\":\"2026-02-18T13:20:00+00:00\",\"mainEntityOfPage\":{\"@id\":\"https:\/\/portaltela.pt\/noticias\/2026\/02\/18\/portugal-submete-a-bruxelas-o-encerramento-do-pt2020\/\"},\"wordCount\":193,\"image\":{\"@id\":\"https:\/\/portaltela.pt\/noticias\/2026\/02\/18\/portugal-submete-a-bruxelas-o-encerramento-do-pt2020\/#primaryimage\"},\"thumbnailUrl\":\"https:\/\/portaltela.pt\/s.01k8rhncp4jt1\/2026\/02\/img_1280x721uu2026-02-18-13-21-11-2233243.jpg\",\"keywords\":[\"Coes\u00e3o Territorial\",\"Comiss\u00e3o Europeia\",\"Fundo Europeus\",\"or\u00e7amento\",\"Portugal\",\"Uni\u00e3o Europeia\"],\"articleSection\":[\"Economia\",\"Not\u00edcias\"],\"inLanguage\":\"pt-PT\"},{\"@type\":\"WebPage\",\"@id\":\"https:\/\/portaltela.pt\/noticias\/2026\/02\/18\/portugal-submete-a-bruxelas-o-encerramento-do-pt2020\/\",\"url\":\"https:\/\/portaltela.pt\/noticias\/2026\/02\/18\/portugal-submete-a-bruxelas-o-encerramento-do-pt2020\/\",\"name\":\"Portugal submete a Bruxelas o encerramento do PT2020 - Portal Tela Portugal\",\"isPartOf\":{\"@id\":\"https:\/\/portaltela.pt\/#website\"},\"primaryImageOfPage\":{\"@id\":\"https:\/\/portaltela.pt\/noticias\/2026\/02\/18\/portugal-submete-a-bruxelas-o-encerramento-do-pt2020\/#primaryimage\"},\"image\":{\"@id\":\"https:\/\/portaltela.pt\/noticias\/2026\/02\/18\/portugal-submete-a-bruxelas-o-encerramento-do-pt2020\/#primaryimage\"},\"thumbnailUrl\":\"https:\/\/portaltela.pt\/s.01k8rhncp4jt1\/2026\/02\/img_1280x721uu2026-02-18-13-21-11-2233243.jpg\",\"datePublished\":\"2026-02-18T13:20:00+00:00\",\"author\":{\"@id\":\"https:\/\/portaltela.pt\/#\/schema\/person\/c4278d4a6028830caff9ee44b42d32ed\"},\"breadcrumb\":{\"@id\":\"https:\/\/portaltela.pt\/noticias\/2026\/02\/18\/portugal-submete-a-bruxelas-o-encerramento-do-pt2020\/#breadcrumb\"},\"inLanguage\":\"pt-PT\",\"potentialAction\":[{\"@type\":\"ReadAction\",\"target\":[\"https:\/\/portaltela.pt\/noticias\/2026\/02\/18\/portugal-submete-a-bruxelas-o-encerramento-do-pt2020\/\"]}]},{\"@type\":\"ImageObject\",\"inLanguage\":\"pt-PT\",\"@id\":\"https:\/\/portaltela.pt\/noticias\/2026\/02\/18\/portugal-submete-a-bruxelas-o-encerramento-do-pt2020\/#primaryimage\",\"url\":\"https:\/\/portaltela.pt\/s.01k8rhncp4jt1\/2026\/02\/img_1280x721uu2026-02-18-13-21-11-2233243.jpg\",\"contentUrl\":\"https:\/\/portaltela.pt\/s.01k8rhncp4jt1\/2026\/02\/img_1280x721uu2026-02-18-13-21-11-2233243.jpg\",\"width\":796,\"height\":448,\"caption\":\"Bandeiras da Uni\u00e3o Europeia hasteadas em frente ao edif\u00edcio Berlaymont, em Bruxelas\"},{\"@type\":\"BreadcrumbList\",\"@id\":\"https:\/\/portaltela.pt\/noticias\/2026\/02\/18\/portugal-submete-a-bruxelas-o-encerramento-do-pt2020\/#breadcrumb\",\"itemListElement\":[{\"@type\":\"ListItem\",\"position\":1,\"name\":\"In\u00edcio\",\"item\":\"https:\/\/portaltela.pt\/\"},{\"@type\":\"ListItem\",\"position\":2,\"name\":\"Portugal submete a Bruxelas o encerramento do PT2020\"}]},{\"@type\":\"WebSite\",\"@id\":\"https:\/\/portaltela.pt\/#website\",\"url\":\"https:\/\/portaltela.pt\/\",\"name\":\"Portal Tela Portugal\",\"description\":\"\",\"potentialAction\":[{\"@type\":\"SearchAction\",\"target\":{\"@type\":\"EntryPoint\",\"urlTemplate\":\"https:\/\/portaltela.pt\/?s={search_term_string}\"},\"query-input\":{\"@type\":\"PropertyValueSpecification\",\"valueRequired\":true,\"valueName\":\"search_term_string\"}}],\"inLanguage\":\"pt-PT\"},{\"@type\":\"Person\",\"@id\":\"https:\/\/portaltela.pt\/#\/schema\/person\/c4278d4a6028830caff9ee44b42d32ed\",\"name\":\"Telinha\",\"image\":{\"@type\":\"ImageObject\",\"inLanguage\":\"pt-PT\",\"@id\":\"https:\/\/portaltela.pt\/s.01k8rhncp4jt1\/2025\/11\/talking-bot-125x125.png\",\"url\":\"https:\/\/portaltela.pt\/s.01k8rhncp4jt1\/2025\/11\/talking-bot-125x125.png\",\"contentUrl\":\"https:\/\/portaltela.pt\/s.01k8rhncp4jt1\/2025\/11\/talking-bot-125x125.png\",\"caption\":\"Telinha\"},\"sameAs\":[\"https:\/\/portaltela.pt\/\"],\"url\":\"https:\/\/portaltela.pt\/por\/367410592786\/\"}]}<\/script>\n<!-- \/ Yoast SEO plugin. -->","yoast_head_json":{"title":"Portugal submete a Bruxelas o encerramento do PT2020 - Portal Tela Portugal","robots":{"index":"index","follow":"follow","max-snippet":"max-snippet:-1","max-image-preview":"max-image-preview:large","max-video-preview":"max-video-preview:-1"},"og_locale":"pt_PT","og_type":"article","og_title":"Portugal submete a Bruxelas o encerramento do PT2020 - Portal Tela Portugal","og_description":"Portugal submeteu \u00e0 Comiss\u00e3o Europeia o encerramento do programa PT2020, no tempo previsto, com execu\u00e7\u00e3o superior a 100 por cento. A din\u00e2mica de execu\u00e7\u00e3o ficou acima do previsto, em cerca de 3 por cento. O governo agradeceu a colabora\u00e7\u00e3o de todos os intervenientes, incluindo o governo anterior e o Governo do Partido Socialista, por executar uma parte significativa do PT2020. O encerramento abre caminho ao PT2030, com um ano considerado dif\u00edcil e exigente, face a perturba\u00e7\u00f5es e ao encerramento do Plano de Recupera\u00e7\u00e3o e Resili\u00eancia. H\u00e9lder Reis participou, no parlamento, na Comiss\u00e3o de Economia e Coes\u00e3o Territorial, a pedido do Chega, para falar sobre apoios disponibilizados ap\u00f3s as depress\u00f5es e tempestades que afetaram o centro do pa\u00eds.","og_url":"https:\/\/portaltela.pt\/noticias\/2026\/02\/18\/portugal-submete-a-bruxelas-o-encerramento-do-pt2020\/","og_site_name":"Portal Tela Portugal","article_published_time":"2026-02-18T13:20:00+00:00","author":"Telinha","twitter_card":"summary_large_image","twitter_misc":{"Escrito por":"Telinha","Tempo estimado de leitura":"1 minuto"},"schema":{"@context":"https:\/\/schema.org","@graph":[{"@type":"Article","@id":"https:\/\/portaltela.pt\/noticias\/2026\/02\/18\/portugal-submete-a-bruxelas-o-encerramento-do-pt2020\/#article","isPartOf":{"@id":"https:\/\/portaltela.pt\/noticias\/2026\/02\/18\/portugal-submete-a-bruxelas-o-encerramento-do-pt2020\/"},"author":{"name":"Telinha","@id":"https:\/\/portaltela.pt\/#\/schema\/person\/c4278d4a6028830caff9ee44b42d32ed"},"headline":"Portugal submete a Bruxelas o encerramento do PT2020","datePublished":"2026-02-18T13:20:00+00:00","mainEntityOfPage":{"@id":"https:\/\/portaltela.pt\/noticias\/2026\/02\/18\/portugal-submete-a-bruxelas-o-encerramento-do-pt2020\/"},"wordCount":193,"image":{"@id":"https:\/\/portaltela.pt\/noticias\/2026\/02\/18\/portugal-submete-a-bruxelas-o-encerramento-do-pt2020\/#primaryimage"},"thumbnailUrl":"https:\/\/portaltela.pt\/s.01k8rhncp4jt1\/2026\/02\/img_1280x721uu2026-02-18-13-21-11-2233243.jpg","keywords":["Coes\u00e3o Territorial","Comiss\u00e3o Europeia","Fundo Europeus","or\u00e7amento","Portugal","Uni\u00e3o Europeia"],"articleSection":["Economia","Not\u00edcias"],"inLanguage":"pt-PT"},{"@type":"WebPage","@id":"https:\/\/portaltela.pt\/noticias\/2026\/02\/18\/portugal-submete-a-bruxelas-o-encerramento-do-pt2020\/","url":"https:\/\/portaltela.pt\/noticias\/2026\/02\/18\/portugal-submete-a-bruxelas-o-encerramento-do-pt2020\/","name":"Portugal submete a Bruxelas o encerramento do PT2020 - Portal Tela Portugal","isPartOf":{"@id":"https:\/\/portaltela.pt\/#website"},"primaryImageOfPage":{"@id":"https:\/\/portaltela.pt\/noticias\/2026\/02\/18\/portugal-submete-a-bruxelas-o-encerramento-do-pt2020\/#primaryimage"},"image":{"@id":"https:\/\/portaltela.pt\/noticias\/2026\/02\/18\/portugal-submete-a-bruxelas-o-encerramento-do-pt2020\/#primaryimage"},"thumbnailUrl":"https:\/\/portaltela.pt\/s.01k8rhncp4jt1\/2026\/02\/img_1280x721uu2026-02-18-13-21-11-2233243.jpg","datePublished":"2026-02-18T13:20:00+00:00","author":{"@id":"https:\/\/portaltela.pt\/#\/schema\/person\/c4278d4a6028830caff9ee44b42d32ed"},"breadcrumb":{"@id":"https:\/\/portaltela.pt\/noticias\/2026\/02\/18\/portugal-submete-a-bruxelas-o-encerramento-do-pt2020\/#breadcrumb"},"inLanguage":"pt-PT","potentialAction":[{"@type":"ReadAction","target":["https:\/\/portaltela.pt\/noticias\/2026\/02\/18\/portugal-submete-a-bruxelas-o-encerramento-do-pt2020\/"]}]},{"@type":"ImageObject","inLanguage":"pt-PT","@id":"https:\/\/portaltela.pt\/noticias\/2026\/02\/18\/portugal-submete-a-bruxelas-o-encerramento-do-pt2020\/#primaryimage","url":"https:\/\/portaltela.pt\/s.01k8rhncp4jt1\/2026\/02\/img_1280x721uu2026-02-18-13-21-11-2233243.jpg","contentUrl":"https:\/\/portaltela.pt\/s.01k8rhncp4jt1\/2026\/02\/img_1280x721uu2026-02-18-13-21-11-2233243.jpg","width":796,"height":448,"caption":"Bandeiras da Uni\u00e3o Europeia hasteadas em frente ao edif\u00edcio Berlaymont, em Bruxelas"},{"@type":"BreadcrumbList","@id":"https:\/\/portaltela.pt\/noticias\/2026\/02\/18\/portugal-submete-a-bruxelas-o-encerramento-do-pt2020\/#breadcrumb","itemListElement":[{"@type":"ListItem","position":1,"name":"In\u00edcio","item":"https:\/\/portaltela.pt\/"},{"@type":"ListItem","position":2,"name":"Portugal submete a Bruxelas o encerramento do PT2020"}]},{"@type":"WebSite","@id":"https:\/\/portaltela.pt\/#website","url":"https:\/\/portaltela.pt\/","name":"Portal Tela Portugal","description":"","potentialAction":[{"@type":"SearchAction","target":{"@type":"EntryPoint","urlTemplate":"https:\/\/portaltela.pt\/?s={search_term_string}"},"query-input":{"@type":"PropertyValueSpecification","valueRequired":true,"valueName":"search_term_string"}}],"inLanguage":"pt-PT"},{"@type":"Person","@id":"https:\/\/portaltela.pt\/#\/schema\/person\/c4278d4a6028830caff9ee44b42d32ed","name":"Telinha","image":{"@type":"ImageObject","inLanguage":"pt-PT","@id":"https:\/\/portaltela.pt\/s.01k8rhncp4jt1\/2025\/11\/talking-bot-125x125.png","url":"https:\/\/portaltela.pt\/s.01k8rhncp4jt1\/2025\/11\/talking-bot-125x125.png","contentUrl":"https:\/\/portaltela.pt\/s.01k8rhncp4jt1\/2025\/11\/talking-bot-125x125.png","caption":"Telinha"},"sameAs":["https:\/\/portaltela.pt\/"],"url":"https:\/\/portaltela.pt\/por\/367410592786\/"}]}},"_links":{"self":[{"href":"https:\/\/portaltela.pt\/api\/wp\/v2\/posts\/215890","targetHints":{"allow":["GET"]}}],"collection":[{"href":"https:\/\/portaltela.pt\/api\/wp\/v2\/posts"}],"about":[{"href":"https:\/\/portaltela.pt\/api\/wp\/v2\/types\/post"}],"author":[{"embeddable":true,"href":"https:\/\/portaltela.pt\/api\/wp\/v2\/users\/2"}],"replies":[{"embeddable":true,"href":"https:\/\/portaltela.pt\/api\/wp\/v2\/comments?post=215890"}],"version-history":[{"count":0,"href":"https:\/\/portaltela.pt\/api\/wp\/v2\/posts\/215890\/revisions"}],"wp:featuredmedia":[{"embeddable":true,"href":"https:\/\/portaltela.pt\/api\/wp\/v2\/media\/215894"}],"wp:attachment":[{"href":"https:\/\/portaltela.pt\/api\/wp\/v2\/media?parent=215890"}],"wp:term":[{"taxonomy":"category","embeddable":true,"href":"https:\/\/portaltela.pt\/api\/wp\/v2\/categories?post=215890"},{"taxonomy":"post_tag","embeddable":true,"href":"https:\/\/portaltela.pt\/api\/wp\/v2\/tags?post=215890"}],"curies":[{"name":"wp","href":"https:\/\/api.w.org\/{rel}","templated":true}]}}