{"id":215881,"date":"2026-02-18T10:12:02","date_gmt":"2026-02-18T13:12:02","guid":{"rendered":"https:\/\/portaltela.pt\/noticias\/2026\/02\/18\/metadona-disponivel-em-farmacias-avanca-em-abril-no-sul-do-pais-em-tres-regioes\/"},"modified":"2026-02-18T10:12:02","modified_gmt":"2026-02-18T13:12:02","slug":"metadona-disponivel-em-farmacias-avanca-em-abril-no-sul-do-pais-em-tres-regioes","status":"publish","type":"post","link":"https:\/\/portaltela.pt\/noticias\/2026\/02\/18\/metadona-disponivel-em-farmacias-avanca-em-abril-no-sul-do-pais-em-tres-regioes\/","title":{"rendered":"Metadona dispon\u00edvel em farm\u00e1cias avan\u00e7a em abril no sul do pa\u00eds em tr\u00eas regi\u00f5es"},"content":{"rendered":"<p>A dispensa\u00e7\u00e3o e administra\u00e7\u00e3o de metadona em farm\u00e1cias comunit\u00e1rias vai arrancar na segunda quinzena de abril em tr\u00eas regi\u00f5es do sul do pa\u00eds: Litoral Alentejano, Portalegre e Portim\u00e3o. O piloto envolve 12 doentes por regi\u00e3o, com tr\u00eas farm\u00e1cias a participar e cada uma a acompanhar quatro pacientes. A iniciativa decorre no \u00e2mbito de um protocolo assinado em novembro de 2025 entre ICAD, INFARMED, Ordem dos Farmac\u00eauticos, ANF e AFP.<\/p>\n<p>A presidente do Instituto para os Comportamentos Aditivos e as Depend\u00eancias (ICAD), Joana Teixeira, explicou que as regi\u00f5es foram escolhidas por serem das mais carenciadas em recursos humanos para servi\u00e7os de tratamento e substitui\u00e7\u00e3o de opioides. O arranque est\u00e1 previsto para a segunda metade de abril, com ades\u00e3o volunt\u00e1ria futura de outras farm\u00e1cias mediante comunica\u00e7\u00e3o no Portal Licenciamento+.<\/p>\n<p>O an\u00fancio foi feito na Comiss\u00e3o Parlamentar de Sa\u00fade, durante a apresenta\u00e7\u00e3o do relat\u00f3rio anual de comportamentos aditivos 2024. Joana Teixeira afirmou que o projeto est\u00e1 dentro do previsto e que re\u00fane parceiros como a ANF, a Associa\u00e7\u00e3o das Farm\u00e1cias Portuguesas, a Infarmed e o ICAD, todos em sintonia e a colaborar ativamente.<\/p>\n<h3>Progresso e perspetivas<\/h3>\n<p>O protocolo visa ampliar o acesso ao tratamento de depend\u00eancia de opi\u00e1ceos, incluindo as farm\u00e1cias como locais de dispensa controlada e acompanhamento terap\u00eautico. O ICAD indicou que o consumo il\u00edcito e o abuso de psicotr\u00f3picos e estupefacientes cresceu, com mais de 11.000 pessoas ligadas a programas de substitui\u00e7\u00e3o com metadona em Portugal.<\/p>\n<p>Na audi\u00e7\u00e3o, Joana Teixeira referiu estrat\u00e9gias integradas com autarquias para responder a problemas de droga em Lisboa e no Porto. Houve contactos com a vereadora do Porto e reuni\u00e3o com a vereadora de Lisboa para uma interven\u00e7\u00e3o mais robusta no terreno, potenciando respostas que v\u00e3o al\u00e9m da sala de consumo assistido.<\/p>\n<p>A respons\u00e1vel sublinhou a necessidade de uma interven\u00e7\u00e3o abrangente, que reduza danos, capture doentes para tratamento e ofere\u00e7a respostas sociais, com o objetivo de uma atua\u00e7\u00e3o sustent\u00e1vel a m\u00e9dio prazo.<\/p>\n","protected":false},"excerpt":{"rendered":"<ul>\n<li>A dispensa e administra\u00e7\u00e3o de metadona em farm\u00e1cias comunit\u00e1rias arrancar\u00e1 na segunda quinzena de abril em tr\u00eas regi\u00f5es do sul: Litoral Alentejano, Portalegre e Portim\u00e3o, com doze doentes por regi\u00e3o.<\/li>\n<li>Na fase piloto participam tr\u00eas farm\u00e1cias por regi\u00e3o, cada uma a acompanhar quatro doentes, com ades\u00e3o volunt\u00e1ria de outras farm\u00e1cias atrav\u00e9s do Portal Licenciamento+.<\/li>\n<li>O protocolo para a dispensa\u00e7\u00e3o em farm\u00e1cias comunit\u00e1rias foi assinado a 24 de novembro de 2025, marcando o regresso deste servi\u00e7o, que tinha sido interrompido em 2012.<\/li>\n<li>O ICAD, INFARMED, Ordem dos Farmac\u00eauticos, Associa\u00e7\u00e3o Nacional de Farm\u00e1cias e Associa\u00e7\u00e3o das Farm\u00e1cias Portuguesas trabalham em conjunto, com Joana Teixeira a explicar que as regi\u00f5es foram escolhidas pela car\u00eancia de recursos humanos para o tratamento de opioides.<\/li>\n<li>A presidente destacou estrat\u00e9gias com autarquias para responder ao consumo de drogas em Lisboa e no Porto, defendendo uma interven\u00e7\u00e3o integrada que v\u00e1 para al\u00e9m da sala de consumo assistido, com objetivo de reduzir danos e capturar pacientes para tratamento.<\/li>\n<\/ul>\n","protected":false},"author":2,"featured_media":215884,"comment_status":"closed","ping_status":"closed","sticky":false,"template":"","format":"standard","meta":{"footnotes":""},"categories":[1],"tags":[4347,1859,6045,6047,271,5709],"class_list":["post-215881","post","type-post","status-publish","format-standard","has-post-thumbnail","hentry","category-noticias","tag-drogas","tag-farmacias-comunitarias","tag-metadona","tag-opiaceos","tag-saude-publica","tag-substituicoes"],"yoast_head":"<!-- This site is optimized with the Yoast SEO plugin v27.2 - https:\/\/yoast.com\/product\/yoast-seo-wordpress\/ -->\n<title>Metadona dispon\u00edvel em farm\u00e1cias avan\u00e7a em abril no sul do pa\u00eds em tr\u00eas regi\u00f5es - Portal Tela Portugal<\/title>\n<meta name=\"robots\" content=\"index, follow, max-snippet:-1, max-image-preview:large, max-video-preview:-1\" \/>\n<meta property=\"og:locale\" content=\"pt_PT\" \/>\n<meta property=\"og:type\" content=\"article\" \/>\n<meta property=\"og:title\" content=\"Metadona dispon\u00edvel em farm\u00e1cias avan\u00e7a em abril no sul do pa\u00eds em tr\u00eas regi\u00f5es - Portal Tela Portugal\" \/>\n<meta property=\"og:description\" content=\"A dispensa e administra\u00e7\u00e3o de metadona em farm\u00e1cias comunit\u00e1rias arrancar\u00e1 na segunda quinzena de abril em tr\u00eas regi\u00f5es do sul: Litoral Alentejano, Portalegre e Portim\u00e3o, com doze doentes por regi\u00e3o. Na fase piloto participam tr\u00eas farm\u00e1cias por regi\u00e3o, cada uma a acompanhar quatro doentes, com ades\u00e3o volunt\u00e1ria de outras farm\u00e1cias atrav\u00e9s do Portal Licenciamento+. O protocolo para a dispensa\u00e7\u00e3o em farm\u00e1cias comunit\u00e1rias foi assinado a 24 de novembro de 2025, marcando o regresso deste servi\u00e7o, que tinha sido interrompido em 2012. O ICAD, INFARMED, Ordem dos Farmac\u00eauticos, Associa\u00e7\u00e3o Nacional de Farm\u00e1cias e Associa\u00e7\u00e3o das Farm\u00e1cias Portuguesas trabalham em conjunto, com Joana Teixeira a explicar que as regi\u00f5es foram escolhidas pela car\u00eancia de recursos humanos para o tratamento de opioides. A presidente destacou estrat\u00e9gias com autarquias para responder ao consumo de drogas em Lisboa e no Porto, defendendo uma interven\u00e7\u00e3o integrada que v\u00e1 para al\u00e9m da sala de consumo assistido, com objetivo de reduzir danos e capturar pacientes para tratamento.\" \/>\n<meta property=\"og:url\" content=\"https:\/\/portaltela.pt\/noticias\/2026\/02\/18\/metadona-disponivel-em-farmacias-avanca-em-abril-no-sul-do-pais-em-tres-regioes\/\" \/>\n<meta property=\"og:site_name\" content=\"Portal Tela Portugal\" \/>\n<meta property=\"article:published_time\" content=\"2026-02-18T13:12:02+00:00\" \/>\n<meta name=\"author\" content=\"Telinha\" \/>\n<meta name=\"twitter:card\" content=\"summary_large_image\" \/>\n<meta name=\"twitter:label1\" content=\"Escrito por\" \/>\n\t<meta name=\"twitter:data1\" content=\"Telinha\" \/>\n\t<meta name=\"twitter:label2\" content=\"Tempo estimado de leitura\" \/>\n\t<meta name=\"twitter:data2\" content=\"2 minutos\" \/>\n<script type=\"application\/ld+json\" class=\"yoast-schema-graph\">{\"@context\":\"https:\/\/schema.org\",\"@graph\":[{\"@type\":\"Article\",\"@id\":\"https:\/\/portaltela.pt\/noticias\/2026\/02\/18\/metadona-disponivel-em-farmacias-avanca-em-abril-no-sul-do-pais-em-tres-regioes\/#article\",\"isPartOf\":{\"@id\":\"https:\/\/portaltela.pt\/noticias\/2026\/02\/18\/metadona-disponivel-em-farmacias-avanca-em-abril-no-sul-do-pais-em-tres-regioes\/\"},\"author\":{\"name\":\"Telinha\",\"@id\":\"https:\/\/portaltela.pt\/#\/schema\/person\/c4278d4a6028830caff9ee44b42d32ed\"},\"headline\":\"Metadona dispon\u00edvel em farm\u00e1cias avan\u00e7a em abril no sul do pa\u00eds em tr\u00eas regi\u00f5es\",\"datePublished\":\"2026-02-18T13:12:02+00:00\",\"mainEntityOfPage\":{\"@id\":\"https:\/\/portaltela.pt\/noticias\/2026\/02\/18\/metadona-disponivel-em-farmacias-avanca-em-abril-no-sul-do-pais-em-tres-regioes\/\"},\"wordCount\":379,\"image\":{\"@id\":\"https:\/\/portaltela.pt\/noticias\/2026\/02\/18\/metadona-disponivel-em-farmacias-avanca-em-abril-no-sul-do-pais-em-tres-regioes\/#primaryimage\"},\"thumbnailUrl\":\"https:\/\/portaltela.pt\/s.01k8rhncp4jt1\/2026\/02\/img_1500x1000uu2021-01-18-19-02-19-1006398.jpg\",\"keywords\":[\"drogas\",\"farm\u00e1cias comunit\u00e1rias\",\"metadona\",\"opi\u00e1ceos\",\"sa\u00fade p\u00fablica\",\"substitui\u00e7\u00f5es\"],\"articleSection\":[\"Not\u00edcias\"],\"inLanguage\":\"pt-PT\"},{\"@type\":\"WebPage\",\"@id\":\"https:\/\/portaltela.pt\/noticias\/2026\/02\/18\/metadona-disponivel-em-farmacias-avanca-em-abril-no-sul-do-pais-em-tres-regioes\/\",\"url\":\"https:\/\/portaltela.pt\/noticias\/2026\/02\/18\/metadona-disponivel-em-farmacias-avanca-em-abril-no-sul-do-pais-em-tres-regioes\/\",\"name\":\"Metadona dispon\u00edvel em farm\u00e1cias avan\u00e7a em abril no sul do pa\u00eds em tr\u00eas regi\u00f5es - Portal Tela Portugal\",\"isPartOf\":{\"@id\":\"https:\/\/portaltela.pt\/#website\"},\"primaryImageOfPage\":{\"@id\":\"https:\/\/portaltela.pt\/noticias\/2026\/02\/18\/metadona-disponivel-em-farmacias-avanca-em-abril-no-sul-do-pais-em-tres-regioes\/#primaryimage\"},\"image\":{\"@id\":\"https:\/\/portaltela.pt\/noticias\/2026\/02\/18\/metadona-disponivel-em-farmacias-avanca-em-abril-no-sul-do-pais-em-tres-regioes\/#primaryimage\"},\"thumbnailUrl\":\"https:\/\/portaltela.pt\/s.01k8rhncp4jt1\/2026\/02\/img_1500x1000uu2021-01-18-19-02-19-1006398.jpg\",\"datePublished\":\"2026-02-18T13:12:02+00:00\",\"author\":{\"@id\":\"https:\/\/portaltela.pt\/#\/schema\/person\/c4278d4a6028830caff9ee44b42d32ed\"},\"breadcrumb\":{\"@id\":\"https:\/\/portaltela.pt\/noticias\/2026\/02\/18\/metadona-disponivel-em-farmacias-avanca-em-abril-no-sul-do-pais-em-tres-regioes\/#breadcrumb\"},\"inLanguage\":\"pt-PT\",\"potentialAction\":[{\"@type\":\"ReadAction\",\"target\":[\"https:\/\/portaltela.pt\/noticias\/2026\/02\/18\/metadona-disponivel-em-farmacias-avanca-em-abril-no-sul-do-pais-em-tres-regioes\/\"]}]},{\"@type\":\"ImageObject\",\"inLanguage\":\"pt-PT\",\"@id\":\"https:\/\/portaltela.pt\/noticias\/2026\/02\/18\/metadona-disponivel-em-farmacias-avanca-em-abril-no-sul-do-pais-em-tres-regioes\/#primaryimage\",\"url\":\"https:\/\/portaltela.pt\/s.01k8rhncp4jt1\/2026\/02\/img_1500x1000uu2021-01-18-19-02-19-1006398.jpg\",\"contentUrl\":\"https:\/\/portaltela.pt\/s.01k8rhncp4jt1\/2026\/02\/img_1500x1000uu2021-01-18-19-02-19-1006398.jpg\",\"width\":796,\"height\":448,\"caption\":\"Medicamentos\"},{\"@type\":\"BreadcrumbList\",\"@id\":\"https:\/\/portaltela.pt\/noticias\/2026\/02\/18\/metadona-disponivel-em-farmacias-avanca-em-abril-no-sul-do-pais-em-tres-regioes\/#breadcrumb\",\"itemListElement\":[{\"@type\":\"ListItem\",\"position\":1,\"name\":\"In\u00edcio\",\"item\":\"https:\/\/portaltela.pt\/\"},{\"@type\":\"ListItem\",\"position\":2,\"name\":\"Metadona dispon\u00edvel em farm\u00e1cias avan\u00e7a em abril no sul do pa\u00eds em tr\u00eas regi\u00f5es\"}]},{\"@type\":\"WebSite\",\"@id\":\"https:\/\/portaltela.pt\/#website\",\"url\":\"https:\/\/portaltela.pt\/\",\"name\":\"Portal Tela Portugal\",\"description\":\"\",\"potentialAction\":[{\"@type\":\"SearchAction\",\"target\":{\"@type\":\"EntryPoint\",\"urlTemplate\":\"https:\/\/portaltela.pt\/?s={search_term_string}\"},\"query-input\":{\"@type\":\"PropertyValueSpecification\",\"valueRequired\":true,\"valueName\":\"search_term_string\"}}],\"inLanguage\":\"pt-PT\"},{\"@type\":\"Person\",\"@id\":\"https:\/\/portaltela.pt\/#\/schema\/person\/c4278d4a6028830caff9ee44b42d32ed\",\"name\":\"Telinha\",\"image\":{\"@type\":\"ImageObject\",\"inLanguage\":\"pt-PT\",\"@id\":\"https:\/\/portaltela.pt\/s.01k8rhncp4jt1\/2025\/11\/talking-bot-125x125.png\",\"url\":\"https:\/\/portaltela.pt\/s.01k8rhncp4jt1\/2025\/11\/talking-bot-125x125.png\",\"contentUrl\":\"https:\/\/portaltela.pt\/s.01k8rhncp4jt1\/2025\/11\/talking-bot-125x125.png\",\"caption\":\"Telinha\"},\"sameAs\":[\"https:\/\/portaltela.pt\/\"],\"url\":\"https:\/\/portaltela.pt\/por\/367410592786\/\"}]}<\/script>\n<!-- \/ Yoast SEO plugin. -->","yoast_head_json":{"title":"Metadona dispon\u00edvel em farm\u00e1cias avan\u00e7a em abril no sul do pa\u00eds em tr\u00eas regi\u00f5es - Portal Tela Portugal","robots":{"index":"index","follow":"follow","max-snippet":"max-snippet:-1","max-image-preview":"max-image-preview:large","max-video-preview":"max-video-preview:-1"},"og_locale":"pt_PT","og_type":"article","og_title":"Metadona dispon\u00edvel em farm\u00e1cias avan\u00e7a em abril no sul do pa\u00eds em tr\u00eas regi\u00f5es - Portal Tela Portugal","og_description":"A dispensa e administra\u00e7\u00e3o de metadona em farm\u00e1cias comunit\u00e1rias arrancar\u00e1 na segunda quinzena de abril em tr\u00eas regi\u00f5es do sul: Litoral Alentejano, Portalegre e Portim\u00e3o, com doze doentes por regi\u00e3o. Na fase piloto participam tr\u00eas farm\u00e1cias por regi\u00e3o, cada uma a acompanhar quatro doentes, com ades\u00e3o volunt\u00e1ria de outras farm\u00e1cias atrav\u00e9s do Portal Licenciamento+. O protocolo para a dispensa\u00e7\u00e3o em farm\u00e1cias comunit\u00e1rias foi assinado a 24 de novembro de 2025, marcando o regresso deste servi\u00e7o, que tinha sido interrompido em 2012. O ICAD, INFARMED, Ordem dos Farmac\u00eauticos, Associa\u00e7\u00e3o Nacional de Farm\u00e1cias e Associa\u00e7\u00e3o das Farm\u00e1cias Portuguesas trabalham em conjunto, com Joana Teixeira a explicar que as regi\u00f5es foram escolhidas pela car\u00eancia de recursos humanos para o tratamento de opioides. A presidente destacou estrat\u00e9gias com autarquias para responder ao consumo de drogas em Lisboa e no Porto, defendendo uma interven\u00e7\u00e3o integrada que v\u00e1 para al\u00e9m da sala de consumo assistido, com objetivo de reduzir danos e capturar pacientes para tratamento.","og_url":"https:\/\/portaltela.pt\/noticias\/2026\/02\/18\/metadona-disponivel-em-farmacias-avanca-em-abril-no-sul-do-pais-em-tres-regioes\/","og_site_name":"Portal Tela Portugal","article_published_time":"2026-02-18T13:12:02+00:00","author":"Telinha","twitter_card":"summary_large_image","twitter_misc":{"Escrito por":"Telinha","Tempo estimado de leitura":"2 minutos"},"schema":{"@context":"https:\/\/schema.org","@graph":[{"@type":"Article","@id":"https:\/\/portaltela.pt\/noticias\/2026\/02\/18\/metadona-disponivel-em-farmacias-avanca-em-abril-no-sul-do-pais-em-tres-regioes\/#article","isPartOf":{"@id":"https:\/\/portaltela.pt\/noticias\/2026\/02\/18\/metadona-disponivel-em-farmacias-avanca-em-abril-no-sul-do-pais-em-tres-regioes\/"},"author":{"name":"Telinha","@id":"https:\/\/portaltela.pt\/#\/schema\/person\/c4278d4a6028830caff9ee44b42d32ed"},"headline":"Metadona dispon\u00edvel em farm\u00e1cias avan\u00e7a em abril no sul do pa\u00eds em tr\u00eas regi\u00f5es","datePublished":"2026-02-18T13:12:02+00:00","mainEntityOfPage":{"@id":"https:\/\/portaltela.pt\/noticias\/2026\/02\/18\/metadona-disponivel-em-farmacias-avanca-em-abril-no-sul-do-pais-em-tres-regioes\/"},"wordCount":379,"image":{"@id":"https:\/\/portaltela.pt\/noticias\/2026\/02\/18\/metadona-disponivel-em-farmacias-avanca-em-abril-no-sul-do-pais-em-tres-regioes\/#primaryimage"},"thumbnailUrl":"https:\/\/portaltela.pt\/s.01k8rhncp4jt1\/2026\/02\/img_1500x1000uu2021-01-18-19-02-19-1006398.jpg","keywords":["drogas","farm\u00e1cias comunit\u00e1rias","metadona","opi\u00e1ceos","sa\u00fade p\u00fablica","substitui\u00e7\u00f5es"],"articleSection":["Not\u00edcias"],"inLanguage":"pt-PT"},{"@type":"WebPage","@id":"https:\/\/portaltela.pt\/noticias\/2026\/02\/18\/metadona-disponivel-em-farmacias-avanca-em-abril-no-sul-do-pais-em-tres-regioes\/","url":"https:\/\/portaltela.pt\/noticias\/2026\/02\/18\/metadona-disponivel-em-farmacias-avanca-em-abril-no-sul-do-pais-em-tres-regioes\/","name":"Metadona dispon\u00edvel em farm\u00e1cias avan\u00e7a em abril no sul do pa\u00eds em tr\u00eas regi\u00f5es - Portal Tela Portugal","isPartOf":{"@id":"https:\/\/portaltela.pt\/#website"},"primaryImageOfPage":{"@id":"https:\/\/portaltela.pt\/noticias\/2026\/02\/18\/metadona-disponivel-em-farmacias-avanca-em-abril-no-sul-do-pais-em-tres-regioes\/#primaryimage"},"image":{"@id":"https:\/\/portaltela.pt\/noticias\/2026\/02\/18\/metadona-disponivel-em-farmacias-avanca-em-abril-no-sul-do-pais-em-tres-regioes\/#primaryimage"},"thumbnailUrl":"https:\/\/portaltela.pt\/s.01k8rhncp4jt1\/2026\/02\/img_1500x1000uu2021-01-18-19-02-19-1006398.jpg","datePublished":"2026-02-18T13:12:02+00:00","author":{"@id":"https:\/\/portaltela.pt\/#\/schema\/person\/c4278d4a6028830caff9ee44b42d32ed"},"breadcrumb":{"@id":"https:\/\/portaltela.pt\/noticias\/2026\/02\/18\/metadona-disponivel-em-farmacias-avanca-em-abril-no-sul-do-pais-em-tres-regioes\/#breadcrumb"},"inLanguage":"pt-PT","potentialAction":[{"@type":"ReadAction","target":["https:\/\/portaltela.pt\/noticias\/2026\/02\/18\/metadona-disponivel-em-farmacias-avanca-em-abril-no-sul-do-pais-em-tres-regioes\/"]}]},{"@type":"ImageObject","inLanguage":"pt-PT","@id":"https:\/\/portaltela.pt\/noticias\/2026\/02\/18\/metadona-disponivel-em-farmacias-avanca-em-abril-no-sul-do-pais-em-tres-regioes\/#primaryimage","url":"https:\/\/portaltela.pt\/s.01k8rhncp4jt1\/2026\/02\/img_1500x1000uu2021-01-18-19-02-19-1006398.jpg","contentUrl":"https:\/\/portaltela.pt\/s.01k8rhncp4jt1\/2026\/02\/img_1500x1000uu2021-01-18-19-02-19-1006398.jpg","width":796,"height":448,"caption":"Medicamentos"},{"@type":"BreadcrumbList","@id":"https:\/\/portaltela.pt\/noticias\/2026\/02\/18\/metadona-disponivel-em-farmacias-avanca-em-abril-no-sul-do-pais-em-tres-regioes\/#breadcrumb","itemListElement":[{"@type":"ListItem","position":1,"name":"In\u00edcio","item":"https:\/\/portaltela.pt\/"},{"@type":"ListItem","position":2,"name":"Metadona dispon\u00edvel em farm\u00e1cias avan\u00e7a em abril no sul do pa\u00eds em tr\u00eas regi\u00f5es"}]},{"@type":"WebSite","@id":"https:\/\/portaltela.pt\/#website","url":"https:\/\/portaltela.pt\/","name":"Portal Tela Portugal","description":"","potentialAction":[{"@type":"SearchAction","target":{"@type":"EntryPoint","urlTemplate":"https:\/\/portaltela.pt\/?s={search_term_string}"},"query-input":{"@type":"PropertyValueSpecification","valueRequired":true,"valueName":"search_term_string"}}],"inLanguage":"pt-PT"},{"@type":"Person","@id":"https:\/\/portaltela.pt\/#\/schema\/person\/c4278d4a6028830caff9ee44b42d32ed","name":"Telinha","image":{"@type":"ImageObject","inLanguage":"pt-PT","@id":"https:\/\/portaltela.pt\/s.01k8rhncp4jt1\/2025\/11\/talking-bot-125x125.png","url":"https:\/\/portaltela.pt\/s.01k8rhncp4jt1\/2025\/11\/talking-bot-125x125.png","contentUrl":"https:\/\/portaltela.pt\/s.01k8rhncp4jt1\/2025\/11\/talking-bot-125x125.png","caption":"Telinha"},"sameAs":["https:\/\/portaltela.pt\/"],"url":"https:\/\/portaltela.pt\/por\/367410592786\/"}]}},"_links":{"self":[{"href":"https:\/\/portaltela.pt\/api\/wp\/v2\/posts\/215881","targetHints":{"allow":["GET"]}}],"collection":[{"href":"https:\/\/portaltela.pt\/api\/wp\/v2\/posts"}],"about":[{"href":"https:\/\/portaltela.pt\/api\/wp\/v2\/types\/post"}],"author":[{"embeddable":true,"href":"https:\/\/portaltela.pt\/api\/wp\/v2\/users\/2"}],"replies":[{"embeddable":true,"href":"https:\/\/portaltela.pt\/api\/wp\/v2\/comments?post=215881"}],"version-history":[{"count":0,"href":"https:\/\/portaltela.pt\/api\/wp\/v2\/posts\/215881\/revisions"}],"wp:featuredmedia":[{"embeddable":true,"href":"https:\/\/portaltela.pt\/api\/wp\/v2\/media\/215884"}],"wp:attachment":[{"href":"https:\/\/portaltela.pt\/api\/wp\/v2\/media?parent=215881"}],"wp:term":[{"taxonomy":"category","embeddable":true,"href":"https:\/\/portaltela.pt\/api\/wp\/v2\/categories?post=215881"},{"taxonomy":"post_tag","embeddable":true,"href":"https:\/\/portaltela.pt\/api\/wp\/v2\/tags?post=215881"}],"curies":[{"name":"wp","href":"https:\/\/api.w.org\/{rel}","templated":true}]}}