{"id":215871,"date":"2026-02-18T10:07:58","date_gmt":"2026-02-18T13:07:58","guid":{"rendered":"https:\/\/portaltela.pt\/noticias\/2026\/02\/18\/caso-epstein-expoe-como-as-elites-se-comportam\/"},"modified":"2026-02-18T10:07:58","modified_gmt":"2026-02-18T13:07:58","slug":"caso-epstein-expoe-como-as-elites-se-comportam","status":"publish","type":"post","link":"https:\/\/portaltela.pt\/noticias\/2026\/02\/18\/caso-epstein-expoe-como-as-elites-se-comportam\/","title":{"rendered":"Caso Epstein exp\u00f5e como as elites se comportam"},"content":{"rendered":"<p>O caso Epstein fez surgir a divulga\u00e7\u00e3o de ficheiros que sugerem liga\u00e7\u00f5es entre elites de diversas \u00e1reas. A divulga\u00e7\u00e3o coloca em foco condutas associadas ao poder e o desafio da responsabiliza\u00e7\u00e3o.<\/p>\n<p>Ros\u00e1rio Mello e Castro, diretora da revista M\u00e1xima, explicou que os conte\u00fados apontam para redes que atravessam setores distintos, onde alguns envolvidos parecem agir sem considerar consequ\u00eancias. O material suscita perguntas sobre padr\u00f5es de conduta.<\/p>\n<p>O professor Vasco Rato descreveu o processo como surreal, referindo-se \u00e0 natureza do material e \u00e0 dificuldade de compreender o conjunto. A envolvente do caso apresenta-se como nebulosa, o que complica a leitura dos factos.<\/p>\n<p>O professor Lu\u00eds Tom\u00e9 apontou que a confus\u00e3o resulta da mistura de situa\u00e7\u00f5es distintas, tornando essencial distinguir entre diferentes tipos de atos para uma an\u00e1lise adequada.<\/p>\n<h3>An\u00e1lise e contexto<\/h3>\n<p>Especialistas ressaltam a necessidade de cautela e verifica\u00e7\u00e3o de fontes para evitar conclus\u00f5es precipitadas. As informa\u00e7\u00f5es dispon\u00edveis indicam um apelo por maior transpar\u00eancia nas rela\u00e7\u00f5es entre figuras p\u00fablicas e redes de influ\u00eancia. N\u00e3o houve confirma\u00e7\u00e3o sobre responsabilidades legais ou desdobramentos judiciais espec\u00edficos.<\/p>\n","protected":false},"excerpt":{"rendered":"<ul>\n<li>A diretora da revista M\u00e1xima, Ros\u00e1rio Mello e Castro, afirma que os ficheiros do caso Epstein mostram elites e grupos de v\u00e1rias \u00e1reas e que estes pensam que n\u00e3o ter\u00e3o consequ\u00eancias.<\/li>\n<li>O professor de rela\u00e7\u00f5es internacionais Vasco Rato considera o processo surreal.<\/li>\n<li>Rato acrescenta que a nebulosa em torno do caso \u00e9 pouco compreens\u00edvel.<\/li>\n<li>O professor catedr\u00e1tico Lu\u00eds Tom\u00e9 defende que a confus\u00e3o mistura coisas distintas.<\/li>\n<\/ul>\n","protected":false},"author":2,"featured_media":215879,"comment_status":"closed","ping_status":"closed","sticky":false,"template":"","format":"standard","meta":{"footnotes":""},"categories":[1],"tags":[83,147,352,5661,654,332],"class_list":["post-215871","post","type-post","status-publish","format-standard","has-post-thumbnail","hentry","category-noticias","tag-corrupcao","tag-crime","tag-organizacao-criminosa","tag-pessoas-publicas","tag-poder","tag-transparencia"],"yoast_head":"<!-- This site is optimized with the Yoast SEO plugin v27.2 - https:\/\/yoast.com\/product\/yoast-seo-wordpress\/ -->\n<title>Caso Epstein exp\u00f5e como as elites se comportam - Portal Tela Portugal<\/title>\n<meta name=\"robots\" content=\"index, follow, max-snippet:-1, max-image-preview:large, max-video-preview:-1\" \/>\n<meta property=\"og:locale\" content=\"pt_PT\" \/>\n<meta property=\"og:type\" content=\"article\" \/>\n<meta property=\"og:title\" content=\"Caso Epstein exp\u00f5e como as elites se comportam - Portal Tela Portugal\" \/>\n<meta property=\"og:description\" content=\"A diretora da revista M\u00e1xima, Ros\u00e1rio Mello e Castro, afirma que os ficheiros do caso Epstein mostram elites e grupos de v\u00e1rias \u00e1reas e que estes pensam que n\u00e3o ter\u00e3o consequ\u00eancias. O professor de rela\u00e7\u00f5es internacionais Vasco Rato considera o processo surreal. Rato acrescenta que a nebulosa em torno do caso \u00e9 pouco compreens\u00edvel. O professor catedr\u00e1tico Lu\u00eds Tom\u00e9 defende que a confus\u00e3o mistura coisas distintas.\" \/>\n<meta property=\"og:url\" content=\"https:\/\/portaltela.pt\/noticias\/2026\/02\/18\/caso-epstein-expoe-como-as-elites-se-comportam\/\" \/>\n<meta property=\"og:site_name\" content=\"Portal Tela Portugal\" \/>\n<meta property=\"article:published_time\" content=\"2026-02-18T13:07:58+00:00\" \/>\n<meta name=\"author\" content=\"Telinha\" \/>\n<meta name=\"twitter:card\" content=\"summary_large_image\" \/>\n<meta name=\"twitter:label1\" content=\"Escrito por\" \/>\n\t<meta name=\"twitter:data1\" content=\"Telinha\" \/>\n\t<meta name=\"twitter:label2\" content=\"Tempo estimado de leitura\" \/>\n\t<meta name=\"twitter:data2\" content=\"1 minuto\" \/>\n<script type=\"application\/ld+json\" class=\"yoast-schema-graph\">{\"@context\":\"https:\/\/schema.org\",\"@graph\":[{\"@type\":\"Article\",\"@id\":\"https:\/\/portaltela.pt\/noticias\/2026\/02\/18\/caso-epstein-expoe-como-as-elites-se-comportam\/#article\",\"isPartOf\":{\"@id\":\"https:\/\/portaltela.pt\/noticias\/2026\/02\/18\/caso-epstein-expoe-como-as-elites-se-comportam\/\"},\"author\":{\"name\":\"Telinha\",\"@id\":\"https:\/\/portaltela.pt\/#\/schema\/person\/c4278d4a6028830caff9ee44b42d32ed\"},\"headline\":\"Caso Epstein exp\u00f5e como as elites se comportam\",\"datePublished\":\"2026-02-18T13:07:58+00:00\",\"mainEntityOfPage\":{\"@id\":\"https:\/\/portaltela.pt\/noticias\/2026\/02\/18\/caso-epstein-expoe-como-as-elites-se-comportam\/\"},\"wordCount\":204,\"image\":{\"@id\":\"https:\/\/portaltela.pt\/noticias\/2026\/02\/18\/caso-epstein-expoe-como-as-elites-se-comportam\/#primaryimage\"},\"thumbnailUrl\":\"https:\/\/portaltela.pt\/s.01k8rhncp4jt1\/2026\/02\/img_1200x721uu2026-02-18-13-06-02-2422311.jpg\",\"keywords\":[\"corrup\u00e7\u00e3o\",\"crime\",\"organiza\u00e7\u00e3o criminosa\",\"pessoas p\u00fablicas\",\"poder\",\"transpar\u00eancia\"],\"articleSection\":[\"Not\u00edcias\"],\"inLanguage\":\"pt-PT\"},{\"@type\":\"WebPage\",\"@id\":\"https:\/\/portaltela.pt\/noticias\/2026\/02\/18\/caso-epstein-expoe-como-as-elites-se-comportam\/\",\"url\":\"https:\/\/portaltela.pt\/noticias\/2026\/02\/18\/caso-epstein-expoe-como-as-elites-se-comportam\/\",\"name\":\"Caso Epstein exp\u00f5e como as elites se comportam - Portal Tela Portugal\",\"isPartOf\":{\"@id\":\"https:\/\/portaltela.pt\/#website\"},\"primaryImageOfPage\":{\"@id\":\"https:\/\/portaltela.pt\/noticias\/2026\/02\/18\/caso-epstein-expoe-como-as-elites-se-comportam\/#primaryimage\"},\"image\":{\"@id\":\"https:\/\/portaltela.pt\/noticias\/2026\/02\/18\/caso-epstein-expoe-como-as-elites-se-comportam\/#primaryimage\"},\"thumbnailUrl\":\"https:\/\/portaltela.pt\/s.01k8rhncp4jt1\/2026\/02\/img_1200x721uu2026-02-18-13-06-02-2422311.jpg\",\"datePublished\":\"2026-02-18T13:07:58+00:00\",\"author\":{\"@id\":\"https:\/\/portaltela.pt\/#\/schema\/person\/c4278d4a6028830caff9ee44b42d32ed\"},\"breadcrumb\":{\"@id\":\"https:\/\/portaltela.pt\/noticias\/2026\/02\/18\/caso-epstein-expoe-como-as-elites-se-comportam\/#breadcrumb\"},\"inLanguage\":\"pt-PT\",\"potentialAction\":[{\"@type\":\"ReadAction\",\"target\":[\"https:\/\/portaltela.pt\/noticias\/2026\/02\/18\/caso-epstein-expoe-como-as-elites-se-comportam\/\"]}]},{\"@type\":\"ImageObject\",\"inLanguage\":\"pt-PT\",\"@id\":\"https:\/\/portaltela.pt\/noticias\/2026\/02\/18\/caso-epstein-expoe-como-as-elites-se-comportam\/#primaryimage\",\"url\":\"https:\/\/portaltela.pt\/s.01k8rhncp4jt1\/2026\/02\/img_1200x721uu2026-02-18-13-06-02-2422311.jpg\",\"contentUrl\":\"https:\/\/portaltela.pt\/s.01k8rhncp4jt1\/2026\/02\/img_1200x721uu2026-02-18-13-06-02-2422311.jpg\",\"width\":796,\"height\":448,\"caption\":\"A an\u00e1lise no NOW\"},{\"@type\":\"BreadcrumbList\",\"@id\":\"https:\/\/portaltela.pt\/noticias\/2026\/02\/18\/caso-epstein-expoe-como-as-elites-se-comportam\/#breadcrumb\",\"itemListElement\":[{\"@type\":\"ListItem\",\"position\":1,\"name\":\"In\u00edcio\",\"item\":\"https:\/\/portaltela.pt\/\"},{\"@type\":\"ListItem\",\"position\":2,\"name\":\"Caso Epstein exp\u00f5e como as elites se comportam\"}]},{\"@type\":\"WebSite\",\"@id\":\"https:\/\/portaltela.pt\/#website\",\"url\":\"https:\/\/portaltela.pt\/\",\"name\":\"Portal Tela Portugal\",\"description\":\"\",\"potentialAction\":[{\"@type\":\"SearchAction\",\"target\":{\"@type\":\"EntryPoint\",\"urlTemplate\":\"https:\/\/portaltela.pt\/?s={search_term_string}\"},\"query-input\":{\"@type\":\"PropertyValueSpecification\",\"valueRequired\":true,\"valueName\":\"search_term_string\"}}],\"inLanguage\":\"pt-PT\"},{\"@type\":\"Person\",\"@id\":\"https:\/\/portaltela.pt\/#\/schema\/person\/c4278d4a6028830caff9ee44b42d32ed\",\"name\":\"Telinha\",\"image\":{\"@type\":\"ImageObject\",\"inLanguage\":\"pt-PT\",\"@id\":\"https:\/\/portaltela.pt\/s.01k8rhncp4jt1\/2025\/11\/talking-bot-125x125.png\",\"url\":\"https:\/\/portaltela.pt\/s.01k8rhncp4jt1\/2025\/11\/talking-bot-125x125.png\",\"contentUrl\":\"https:\/\/portaltela.pt\/s.01k8rhncp4jt1\/2025\/11\/talking-bot-125x125.png\",\"caption\":\"Telinha\"},\"sameAs\":[\"https:\/\/portaltela.pt\/\"],\"url\":\"https:\/\/portaltela.pt\/por\/367410592786\/\"}]}<\/script>\n<!-- \/ Yoast SEO plugin. -->","yoast_head_json":{"title":"Caso Epstein exp\u00f5e como as elites se comportam - Portal Tela Portugal","robots":{"index":"index","follow":"follow","max-snippet":"max-snippet:-1","max-image-preview":"max-image-preview:large","max-video-preview":"max-video-preview:-1"},"og_locale":"pt_PT","og_type":"article","og_title":"Caso Epstein exp\u00f5e como as elites se comportam - Portal Tela Portugal","og_description":"A diretora da revista M\u00e1xima, Ros\u00e1rio Mello e Castro, afirma que os ficheiros do caso Epstein mostram elites e grupos de v\u00e1rias \u00e1reas e que estes pensam que n\u00e3o ter\u00e3o consequ\u00eancias. O professor de rela\u00e7\u00f5es internacionais Vasco Rato considera o processo surreal. Rato acrescenta que a nebulosa em torno do caso \u00e9 pouco compreens\u00edvel. O professor catedr\u00e1tico Lu\u00eds Tom\u00e9 defende que a confus\u00e3o mistura coisas distintas.","og_url":"https:\/\/portaltela.pt\/noticias\/2026\/02\/18\/caso-epstein-expoe-como-as-elites-se-comportam\/","og_site_name":"Portal Tela Portugal","article_published_time":"2026-02-18T13:07:58+00:00","author":"Telinha","twitter_card":"summary_large_image","twitter_misc":{"Escrito por":"Telinha","Tempo estimado de leitura":"1 minuto"},"schema":{"@context":"https:\/\/schema.org","@graph":[{"@type":"Article","@id":"https:\/\/portaltela.pt\/noticias\/2026\/02\/18\/caso-epstein-expoe-como-as-elites-se-comportam\/#article","isPartOf":{"@id":"https:\/\/portaltela.pt\/noticias\/2026\/02\/18\/caso-epstein-expoe-como-as-elites-se-comportam\/"},"author":{"name":"Telinha","@id":"https:\/\/portaltela.pt\/#\/schema\/person\/c4278d4a6028830caff9ee44b42d32ed"},"headline":"Caso Epstein exp\u00f5e como as elites se comportam","datePublished":"2026-02-18T13:07:58+00:00","mainEntityOfPage":{"@id":"https:\/\/portaltela.pt\/noticias\/2026\/02\/18\/caso-epstein-expoe-como-as-elites-se-comportam\/"},"wordCount":204,"image":{"@id":"https:\/\/portaltela.pt\/noticias\/2026\/02\/18\/caso-epstein-expoe-como-as-elites-se-comportam\/#primaryimage"},"thumbnailUrl":"https:\/\/portaltela.pt\/s.01k8rhncp4jt1\/2026\/02\/img_1200x721uu2026-02-18-13-06-02-2422311.jpg","keywords":["corrup\u00e7\u00e3o","crime","organiza\u00e7\u00e3o criminosa","pessoas p\u00fablicas","poder","transpar\u00eancia"],"articleSection":["Not\u00edcias"],"inLanguage":"pt-PT"},{"@type":"WebPage","@id":"https:\/\/portaltela.pt\/noticias\/2026\/02\/18\/caso-epstein-expoe-como-as-elites-se-comportam\/","url":"https:\/\/portaltela.pt\/noticias\/2026\/02\/18\/caso-epstein-expoe-como-as-elites-se-comportam\/","name":"Caso Epstein exp\u00f5e como as elites se comportam - Portal Tela Portugal","isPartOf":{"@id":"https:\/\/portaltela.pt\/#website"},"primaryImageOfPage":{"@id":"https:\/\/portaltela.pt\/noticias\/2026\/02\/18\/caso-epstein-expoe-como-as-elites-se-comportam\/#primaryimage"},"image":{"@id":"https:\/\/portaltela.pt\/noticias\/2026\/02\/18\/caso-epstein-expoe-como-as-elites-se-comportam\/#primaryimage"},"thumbnailUrl":"https:\/\/portaltela.pt\/s.01k8rhncp4jt1\/2026\/02\/img_1200x721uu2026-02-18-13-06-02-2422311.jpg","datePublished":"2026-02-18T13:07:58+00:00","author":{"@id":"https:\/\/portaltela.pt\/#\/schema\/person\/c4278d4a6028830caff9ee44b42d32ed"},"breadcrumb":{"@id":"https:\/\/portaltela.pt\/noticias\/2026\/02\/18\/caso-epstein-expoe-como-as-elites-se-comportam\/#breadcrumb"},"inLanguage":"pt-PT","potentialAction":[{"@type":"ReadAction","target":["https:\/\/portaltela.pt\/noticias\/2026\/02\/18\/caso-epstein-expoe-como-as-elites-se-comportam\/"]}]},{"@type":"ImageObject","inLanguage":"pt-PT","@id":"https:\/\/portaltela.pt\/noticias\/2026\/02\/18\/caso-epstein-expoe-como-as-elites-se-comportam\/#primaryimage","url":"https:\/\/portaltela.pt\/s.01k8rhncp4jt1\/2026\/02\/img_1200x721uu2026-02-18-13-06-02-2422311.jpg","contentUrl":"https:\/\/portaltela.pt\/s.01k8rhncp4jt1\/2026\/02\/img_1200x721uu2026-02-18-13-06-02-2422311.jpg","width":796,"height":448,"caption":"A an\u00e1lise no NOW"},{"@type":"BreadcrumbList","@id":"https:\/\/portaltela.pt\/noticias\/2026\/02\/18\/caso-epstein-expoe-como-as-elites-se-comportam\/#breadcrumb","itemListElement":[{"@type":"ListItem","position":1,"name":"In\u00edcio","item":"https:\/\/portaltela.pt\/"},{"@type":"ListItem","position":2,"name":"Caso Epstein exp\u00f5e como as elites se comportam"}]},{"@type":"WebSite","@id":"https:\/\/portaltela.pt\/#website","url":"https:\/\/portaltela.pt\/","name":"Portal Tela Portugal","description":"","potentialAction":[{"@type":"SearchAction","target":{"@type":"EntryPoint","urlTemplate":"https:\/\/portaltela.pt\/?s={search_term_string}"},"query-input":{"@type":"PropertyValueSpecification","valueRequired":true,"valueName":"search_term_string"}}],"inLanguage":"pt-PT"},{"@type":"Person","@id":"https:\/\/portaltela.pt\/#\/schema\/person\/c4278d4a6028830caff9ee44b42d32ed","name":"Telinha","image":{"@type":"ImageObject","inLanguage":"pt-PT","@id":"https:\/\/portaltela.pt\/s.01k8rhncp4jt1\/2025\/11\/talking-bot-125x125.png","url":"https:\/\/portaltela.pt\/s.01k8rhncp4jt1\/2025\/11\/talking-bot-125x125.png","contentUrl":"https:\/\/portaltela.pt\/s.01k8rhncp4jt1\/2025\/11\/talking-bot-125x125.png","caption":"Telinha"},"sameAs":["https:\/\/portaltela.pt\/"],"url":"https:\/\/portaltela.pt\/por\/367410592786\/"}]}},"_links":{"self":[{"href":"https:\/\/portaltela.pt\/api\/wp\/v2\/posts\/215871","targetHints":{"allow":["GET"]}}],"collection":[{"href":"https:\/\/portaltela.pt\/api\/wp\/v2\/posts"}],"about":[{"href":"https:\/\/portaltela.pt\/api\/wp\/v2\/types\/post"}],"author":[{"embeddable":true,"href":"https:\/\/portaltela.pt\/api\/wp\/v2\/users\/2"}],"replies":[{"embeddable":true,"href":"https:\/\/portaltela.pt\/api\/wp\/v2\/comments?post=215871"}],"version-history":[{"count":0,"href":"https:\/\/portaltela.pt\/api\/wp\/v2\/posts\/215871\/revisions"}],"wp:featuredmedia":[{"embeddable":true,"href":"https:\/\/portaltela.pt\/api\/wp\/v2\/media\/215879"}],"wp:attachment":[{"href":"https:\/\/portaltela.pt\/api\/wp\/v2\/media?parent=215871"}],"wp:term":[{"taxonomy":"category","embeddable":true,"href":"https:\/\/portaltela.pt\/api\/wp\/v2\/categories?post=215871"},{"taxonomy":"post_tag","embeddable":true,"href":"https:\/\/portaltela.pt\/api\/wp\/v2\/tags?post=215871"}],"curies":[{"name":"wp","href":"https:\/\/api.w.org\/{rel}","templated":true}]}}