{"id":215856,"date":"2026-02-18T09:49:00","date_gmt":"2026-02-18T12:49:00","guid":{"rendered":"https:\/\/portaltela.pt\/noticias\/2026\/02\/18\/apa-identifica-impactos-muito-significativos-na-central-solar-sophia\/"},"modified":"2026-02-18T09:49:00","modified_gmt":"2026-02-18T12:49:00","slug":"apa-identifica-impactos-muito-significativos-na-central-solar-sophia","status":"publish","type":"post","link":"https:\/\/portaltela.pt\/noticias\/2026\/02\/18\/apa-identifica-impactos-muito-significativos-na-central-solar-sophia\/","title":{"rendered":"APA identifica impactos muito significativos na central solar Sophia"},"content":{"rendered":"<p>A Ag\u00eancia Portuguesa do Ambiente aponta impactos negativos \u201cmuito significativos\u201d na paisagem e no uso do solo com o parque solar Sophia, que abrange Idanha-a-Nova, Penamacor e Fund\u00e3o. A avalia\u00e7\u00e3o reconhece tamb\u00e9m efeitos relevantes no ordenamento do territ\u00f3rio e na socioeconomia local.<\/p>\n<p>A \u00e1rea prevista para os m\u00f3dulos fotovoltaicos cobre 390 hectares, com o projeto a envolver zonas classificadas no geoparque Naturtejo, patrim\u00f3nio UNESCO, al\u00e9m de \u00e1reas na Reserva Agr\u00edcola Nacional e na Reserva Ecol\u00f3gica Nacional. A pe\u00e7a envolve a promotora Lightsource BP e um investimento de 590 milh\u00f5es de euros.<\/p>\n<p>A central tem uma capacidade instalada de 867 MWp. A \u00e1rea total ocupada pelo empreendimento pode chegar a 435 hectares, com a previs\u00e3o de veda\u00e7\u00e3o de 1734 hectares. Em janeiro, o promotor indicou inten\u00e7\u00e3o de reformular o projeto, segundo a APA.<\/p>\n<h3>Impactos e gest\u00e3o ambiental<\/h3>\n<p>A APA questionou, junto do proponente, o eventual uso da modifica\u00e7\u00e3o de projeto prevista na lei para evitar ou minimizar impactos. O promotor mostrou disponibilidade para a altera\u00e7\u00e3o, o que levou \u00e0 suspens\u00e3o do processo em 20 de janeiro de 2026, at\u00e9 9 de fevereiro.<\/p>\n<p>O promotor disp\u00f5e agora de at\u00e9 seis meses para apresentar a proposta de modifica\u00e7\u00e3o, segundo a APA. O objetivo \u00e9 reavaliar medidas para reduzir efeitos na paisagem, no solo e na atividade econ\u00f3mica local.<\/p>\n<h3>Rea\u00e7\u00f5es e contornos da oposi\u00e7\u00e3o<\/h3>\n<p>A Comunidade Intermunicipal da Beira Baixa emitiu parecer desfavor\u00e1vel, alertando para grandes impactos na comunidade e no territ\u00f3rio. A posi\u00e7\u00e3o abrange os oito munic\u00edpios da regi\u00e3o e refor\u00e7a a oposi\u00e7\u00e3o \u00e0 central.<\/p>\n<p>Al\u00e9m disso, a popula\u00e7\u00e3o, autarcas, partidos e organiza\u00e7\u00f5es ambientalistas contestam o projeto. Em janeiro, realizaram reuni\u00f5es em Lisboa para exprimer oposi\u00e7\u00e3o, incluindo uma manifesta\u00e7\u00e3o e uma peti\u00e7\u00e3o entregue na Assembleia da Rep\u00fablica.<\/p>\n<h3>Conserva\u00e7\u00e3o de esp\u00e9cies e habitats<\/h3>\n<p>A Quercus destacou que a \u00e1rea de implanta\u00e7\u00e3o inclui montados de sobro e azinho, bem como \u00e1reas com matos abertos. Estes espa\u00e7os s\u00e3o cr\u00edticos para v\u00e1rias esp\u00e9cies, entre as quais a \u00e1guia-imperial-ib\u00e9rica e a cegonha-preta, entre outras aves de interesse nacional.<\/p>\n","protected":false},"excerpt":{"rendered":"<ul>\n<li>A Ag\u00eancia Portuguesa do Ambiente aponta impactos negativos significativos na paisagem e no uso do solo com o parque solar Sophia, que abrange Idanha-a-Nova, Penamacor e Fund\u00e3o.<\/li>\n<li>O projeto prev\u00ea m\u00f3dulos fotovoltaicos em 390 hectares, com \u00e1rea total ocupada a chegar a 435 hectares e veda\u00e7\u00e3o de 1.734 hectares, incluindo zonas do geoparque Naturtejo e \u00e1reas da Reserva Agr\u00edcola Nacional e da Reserva Ecol\u00f3gica Nacional.<\/li>\n<li>O investimento estimado \u00e9 de 590 milh\u00f5es de euros, com capacidade instalada de 867 megawatts de pot\u00eancia de pico (MWp).<\/li>\n<li>Em janeiro, o promotor indicou a inten\u00e7\u00e3o de reformular o projeto; a APA questionou a possibilidade de recorrer a uma modifica\u00e7\u00e3o de projeto para mitigar impactos, levando o processo a suspender-se a 20 de janeiro de 2026, com prazo de at\u00e9 seis meses para apresentar a proposta de modifica\u00e7\u00e3o.<\/li>\n<li>Existem resist\u00eancias locais e regionais, com parecer desfavor\u00e1vel da Comunidade Intermunicipal Beira Baixa e forte oposi\u00e7\u00e3o de autarcas, cidad\u00e3os e entidades ambientalistas, devido aos impactos na comunidade, territ\u00f3rio e \u00e1reas naturais priorit\u00e1rias.<\/li>\n<\/ul>\n","protected":false},"author":2,"featured_media":215866,"comment_status":"closed","ping_status":"closed","sticky":false,"template":"","format":"standard","meta":{"footnotes":""},"categories":[1],"tags":[167,2729,2772,2176,4399,3422],"class_list":["post-215856","post","type-post","status-publish","format-standard","has-post-thumbnail","hentry","category-noticias","tag-ambiente","tag-energia-renovavel","tag-fundao","tag-idanha-a-nova","tag-paisagens","tag-penamacor"],"yoast_head":"<!-- This site is optimized with the Yoast SEO plugin v27.2 - https:\/\/yoast.com\/product\/yoast-seo-wordpress\/ -->\n<title>APA identifica impactos muito significativos na central solar Sophia - Portal Tela Portugal<\/title>\n<meta name=\"robots\" content=\"index, follow, max-snippet:-1, max-image-preview:large, max-video-preview:-1\" \/>\n<meta property=\"og:locale\" content=\"pt_PT\" \/>\n<meta property=\"og:type\" content=\"article\" \/>\n<meta property=\"og:title\" content=\"APA identifica impactos muito significativos na central solar Sophia - Portal Tela Portugal\" \/>\n<meta property=\"og:description\" content=\"A Ag\u00eancia Portuguesa do Ambiente aponta impactos negativos significativos na paisagem e no uso do solo com o parque solar Sophia, que abrange Idanha-a-Nova, Penamacor e Fund\u00e3o. O projeto prev\u00ea m\u00f3dulos fotovoltaicos em 390 hectares, com \u00e1rea total ocupada a chegar a 435 hectares e veda\u00e7\u00e3o de 1.734 hectares, incluindo zonas do geoparque Naturtejo e \u00e1reas da Reserva Agr\u00edcola Nacional e da Reserva Ecol\u00f3gica Nacional. O investimento estimado \u00e9 de 590 milh\u00f5es de euros, com capacidade instalada de 867 megawatts de pot\u00eancia de pico (MWp). Em janeiro, o promotor indicou a inten\u00e7\u00e3o de reformular o projeto; a APA questionou a possibilidade de recorrer a uma modifica\u00e7\u00e3o de projeto para mitigar impactos, levando o processo a suspender-se a 20 de janeiro de 2026, com prazo de at\u00e9 seis meses para apresentar a proposta de modifica\u00e7\u00e3o. Existem resist\u00eancias locais e regionais, com parecer desfavor\u00e1vel da Comunidade Intermunicipal Beira Baixa e forte oposi\u00e7\u00e3o de autarcas, cidad\u00e3os e entidades ambientalistas, devido aos impactos na comunidade, territ\u00f3rio e \u00e1reas naturais priorit\u00e1rias.\" \/>\n<meta property=\"og:url\" content=\"https:\/\/portaltela.pt\/noticias\/2026\/02\/18\/apa-identifica-impactos-muito-significativos-na-central-solar-sophia\/\" \/>\n<meta property=\"og:site_name\" content=\"Portal Tela Portugal\" \/>\n<meta property=\"article:published_time\" content=\"2026-02-18T12:49:00+00:00\" \/>\n<meta name=\"author\" content=\"Telinha\" \/>\n<meta name=\"twitter:card\" content=\"summary_large_image\" \/>\n<meta name=\"twitter:label1\" content=\"Escrito por\" \/>\n\t<meta name=\"twitter:data1\" content=\"Telinha\" \/>\n\t<meta name=\"twitter:label2\" content=\"Tempo estimado de leitura\" \/>\n\t<meta name=\"twitter:data2\" content=\"2 minutos\" \/>\n<script type=\"application\/ld+json\" class=\"yoast-schema-graph\">{\"@context\":\"https:\/\/schema.org\",\"@graph\":[{\"@type\":\"Article\",\"@id\":\"https:\/\/portaltela.pt\/noticias\/2026\/02\/18\/apa-identifica-impactos-muito-significativos-na-central-solar-sophia\/#article\",\"isPartOf\":{\"@id\":\"https:\/\/portaltela.pt\/noticias\/2026\/02\/18\/apa-identifica-impactos-muito-significativos-na-central-solar-sophia\/\"},\"author\":{\"name\":\"Telinha\",\"@id\":\"https:\/\/portaltela.pt\/#\/schema\/person\/c4278d4a6028830caff9ee44b42d32ed\"},\"headline\":\"APA identifica impactos muito significativos na central solar Sophia\",\"datePublished\":\"2026-02-18T12:49:00+00:00\",\"mainEntityOfPage\":{\"@id\":\"https:\/\/portaltela.pt\/noticias\/2026\/02\/18\/apa-identifica-impactos-muito-significativos-na-central-solar-sophia\/\"},\"wordCount\":376,\"image\":{\"@id\":\"https:\/\/portaltela.pt\/noticias\/2026\/02\/18\/apa-identifica-impactos-muito-significativos-na-central-solar-sophia\/#primaryimage\"},\"thumbnailUrl\":\"https:\/\/portaltela.pt\/s.01k8rhncp4jt1\/2026\/02\/2067967.jpg\",\"keywords\":[\"ambiente\",\"energia renov\u00e1vel\",\"Fund\u00e3o\",\"Idanha-a-Nova\",\"Paisagens\",\"Penamacor\"],\"articleSection\":[\"Not\u00edcias\"],\"inLanguage\":\"pt-PT\"},{\"@type\":\"WebPage\",\"@id\":\"https:\/\/portaltela.pt\/noticias\/2026\/02\/18\/apa-identifica-impactos-muito-significativos-na-central-solar-sophia\/\",\"url\":\"https:\/\/portaltela.pt\/noticias\/2026\/02\/18\/apa-identifica-impactos-muito-significativos-na-central-solar-sophia\/\",\"name\":\"APA identifica impactos muito significativos na central solar Sophia - Portal Tela Portugal\",\"isPartOf\":{\"@id\":\"https:\/\/portaltela.pt\/#website\"},\"primaryImageOfPage\":{\"@id\":\"https:\/\/portaltela.pt\/noticias\/2026\/02\/18\/apa-identifica-impactos-muito-significativos-na-central-solar-sophia\/#primaryimage\"},\"image\":{\"@id\":\"https:\/\/portaltela.pt\/noticias\/2026\/02\/18\/apa-identifica-impactos-muito-significativos-na-central-solar-sophia\/#primaryimage\"},\"thumbnailUrl\":\"https:\/\/portaltela.pt\/s.01k8rhncp4jt1\/2026\/02\/2067967.jpg\",\"datePublished\":\"2026-02-18T12:49:00+00:00\",\"author\":{\"@id\":\"https:\/\/portaltela.pt\/#\/schema\/person\/c4278d4a6028830caff9ee44b42d32ed\"},\"breadcrumb\":{\"@id\":\"https:\/\/portaltela.pt\/noticias\/2026\/02\/18\/apa-identifica-impactos-muito-significativos-na-central-solar-sophia\/#breadcrumb\"},\"inLanguage\":\"pt-PT\",\"potentialAction\":[{\"@type\":\"ReadAction\",\"target\":[\"https:\/\/portaltela.pt\/noticias\/2026\/02\/18\/apa-identifica-impactos-muito-significativos-na-central-solar-sophia\/\"]}]},{\"@type\":\"ImageObject\",\"inLanguage\":\"pt-PT\",\"@id\":\"https:\/\/portaltela.pt\/noticias\/2026\/02\/18\/apa-identifica-impactos-muito-significativos-na-central-solar-sophia\/#primaryimage\",\"url\":\"https:\/\/portaltela.pt\/s.01k8rhncp4jt1\/2026\/02\/2067967.jpg\",\"contentUrl\":\"https:\/\/portaltela.pt\/s.01k8rhncp4jt1\/2026\/02\/2067967.jpg\",\"width\":796,\"height\":448,\"caption\":\"Projectos centrais fotovoltaicas dispararam no distrito de Castelo Branco (na foto, um projecto em constru\u00e7\u00e3o de 2023)\"},{\"@type\":\"BreadcrumbList\",\"@id\":\"https:\/\/portaltela.pt\/noticias\/2026\/02\/18\/apa-identifica-impactos-muito-significativos-na-central-solar-sophia\/#breadcrumb\",\"itemListElement\":[{\"@type\":\"ListItem\",\"position\":1,\"name\":\"In\u00edcio\",\"item\":\"https:\/\/portaltela.pt\/\"},{\"@type\":\"ListItem\",\"position\":2,\"name\":\"APA identifica impactos muito significativos na central solar Sophia\"}]},{\"@type\":\"WebSite\",\"@id\":\"https:\/\/portaltela.pt\/#website\",\"url\":\"https:\/\/portaltela.pt\/\",\"name\":\"Portal Tela Portugal\",\"description\":\"\",\"potentialAction\":[{\"@type\":\"SearchAction\",\"target\":{\"@type\":\"EntryPoint\",\"urlTemplate\":\"https:\/\/portaltela.pt\/?s={search_term_string}\"},\"query-input\":{\"@type\":\"PropertyValueSpecification\",\"valueRequired\":true,\"valueName\":\"search_term_string\"}}],\"inLanguage\":\"pt-PT\"},{\"@type\":\"Person\",\"@id\":\"https:\/\/portaltela.pt\/#\/schema\/person\/c4278d4a6028830caff9ee44b42d32ed\",\"name\":\"Telinha\",\"image\":{\"@type\":\"ImageObject\",\"inLanguage\":\"pt-PT\",\"@id\":\"https:\/\/portaltela.pt\/s.01k8rhncp4jt1\/2025\/11\/talking-bot-125x125.png\",\"url\":\"https:\/\/portaltela.pt\/s.01k8rhncp4jt1\/2025\/11\/talking-bot-125x125.png\",\"contentUrl\":\"https:\/\/portaltela.pt\/s.01k8rhncp4jt1\/2025\/11\/talking-bot-125x125.png\",\"caption\":\"Telinha\"},\"sameAs\":[\"https:\/\/portaltela.pt\/\"],\"url\":\"https:\/\/portaltela.pt\/por\/367410592786\/\"}]}<\/script>\n<!-- \/ Yoast SEO plugin. -->","yoast_head_json":{"title":"APA identifica impactos muito significativos na central solar Sophia - Portal Tela Portugal","robots":{"index":"index","follow":"follow","max-snippet":"max-snippet:-1","max-image-preview":"max-image-preview:large","max-video-preview":"max-video-preview:-1"},"og_locale":"pt_PT","og_type":"article","og_title":"APA identifica impactos muito significativos na central solar Sophia - Portal Tela Portugal","og_description":"A Ag\u00eancia Portuguesa do Ambiente aponta impactos negativos significativos na paisagem e no uso do solo com o parque solar Sophia, que abrange Idanha-a-Nova, Penamacor e Fund\u00e3o. O projeto prev\u00ea m\u00f3dulos fotovoltaicos em 390 hectares, com \u00e1rea total ocupada a chegar a 435 hectares e veda\u00e7\u00e3o de 1.734 hectares, incluindo zonas do geoparque Naturtejo e \u00e1reas da Reserva Agr\u00edcola Nacional e da Reserva Ecol\u00f3gica Nacional. O investimento estimado \u00e9 de 590 milh\u00f5es de euros, com capacidade instalada de 867 megawatts de pot\u00eancia de pico (MWp). Em janeiro, o promotor indicou a inten\u00e7\u00e3o de reformular o projeto; a APA questionou a possibilidade de recorrer a uma modifica\u00e7\u00e3o de projeto para mitigar impactos, levando o processo a suspender-se a 20 de janeiro de 2026, com prazo de at\u00e9 seis meses para apresentar a proposta de modifica\u00e7\u00e3o. Existem resist\u00eancias locais e regionais, com parecer desfavor\u00e1vel da Comunidade Intermunicipal Beira Baixa e forte oposi\u00e7\u00e3o de autarcas, cidad\u00e3os e entidades ambientalistas, devido aos impactos na comunidade, territ\u00f3rio e \u00e1reas naturais priorit\u00e1rias.","og_url":"https:\/\/portaltela.pt\/noticias\/2026\/02\/18\/apa-identifica-impactos-muito-significativos-na-central-solar-sophia\/","og_site_name":"Portal Tela Portugal","article_published_time":"2026-02-18T12:49:00+00:00","author":"Telinha","twitter_card":"summary_large_image","twitter_misc":{"Escrito por":"Telinha","Tempo estimado de leitura":"2 minutos"},"schema":{"@context":"https:\/\/schema.org","@graph":[{"@type":"Article","@id":"https:\/\/portaltela.pt\/noticias\/2026\/02\/18\/apa-identifica-impactos-muito-significativos-na-central-solar-sophia\/#article","isPartOf":{"@id":"https:\/\/portaltela.pt\/noticias\/2026\/02\/18\/apa-identifica-impactos-muito-significativos-na-central-solar-sophia\/"},"author":{"name":"Telinha","@id":"https:\/\/portaltela.pt\/#\/schema\/person\/c4278d4a6028830caff9ee44b42d32ed"},"headline":"APA identifica impactos muito significativos na central solar Sophia","datePublished":"2026-02-18T12:49:00+00:00","mainEntityOfPage":{"@id":"https:\/\/portaltela.pt\/noticias\/2026\/02\/18\/apa-identifica-impactos-muito-significativos-na-central-solar-sophia\/"},"wordCount":376,"image":{"@id":"https:\/\/portaltela.pt\/noticias\/2026\/02\/18\/apa-identifica-impactos-muito-significativos-na-central-solar-sophia\/#primaryimage"},"thumbnailUrl":"https:\/\/portaltela.pt\/s.01k8rhncp4jt1\/2026\/02\/2067967.jpg","keywords":["ambiente","energia renov\u00e1vel","Fund\u00e3o","Idanha-a-Nova","Paisagens","Penamacor"],"articleSection":["Not\u00edcias"],"inLanguage":"pt-PT"},{"@type":"WebPage","@id":"https:\/\/portaltela.pt\/noticias\/2026\/02\/18\/apa-identifica-impactos-muito-significativos-na-central-solar-sophia\/","url":"https:\/\/portaltela.pt\/noticias\/2026\/02\/18\/apa-identifica-impactos-muito-significativos-na-central-solar-sophia\/","name":"APA identifica impactos muito significativos na central solar Sophia - Portal Tela Portugal","isPartOf":{"@id":"https:\/\/portaltela.pt\/#website"},"primaryImageOfPage":{"@id":"https:\/\/portaltela.pt\/noticias\/2026\/02\/18\/apa-identifica-impactos-muito-significativos-na-central-solar-sophia\/#primaryimage"},"image":{"@id":"https:\/\/portaltela.pt\/noticias\/2026\/02\/18\/apa-identifica-impactos-muito-significativos-na-central-solar-sophia\/#primaryimage"},"thumbnailUrl":"https:\/\/portaltela.pt\/s.01k8rhncp4jt1\/2026\/02\/2067967.jpg","datePublished":"2026-02-18T12:49:00+00:00","author":{"@id":"https:\/\/portaltela.pt\/#\/schema\/person\/c4278d4a6028830caff9ee44b42d32ed"},"breadcrumb":{"@id":"https:\/\/portaltela.pt\/noticias\/2026\/02\/18\/apa-identifica-impactos-muito-significativos-na-central-solar-sophia\/#breadcrumb"},"inLanguage":"pt-PT","potentialAction":[{"@type":"ReadAction","target":["https:\/\/portaltela.pt\/noticias\/2026\/02\/18\/apa-identifica-impactos-muito-significativos-na-central-solar-sophia\/"]}]},{"@type":"ImageObject","inLanguage":"pt-PT","@id":"https:\/\/portaltela.pt\/noticias\/2026\/02\/18\/apa-identifica-impactos-muito-significativos-na-central-solar-sophia\/#primaryimage","url":"https:\/\/portaltela.pt\/s.01k8rhncp4jt1\/2026\/02\/2067967.jpg","contentUrl":"https:\/\/portaltela.pt\/s.01k8rhncp4jt1\/2026\/02\/2067967.jpg","width":796,"height":448,"caption":"Projectos centrais fotovoltaicas dispararam no distrito de Castelo Branco (na foto, um projecto em constru\u00e7\u00e3o de 2023)"},{"@type":"BreadcrumbList","@id":"https:\/\/portaltela.pt\/noticias\/2026\/02\/18\/apa-identifica-impactos-muito-significativos-na-central-solar-sophia\/#breadcrumb","itemListElement":[{"@type":"ListItem","position":1,"name":"In\u00edcio","item":"https:\/\/portaltela.pt\/"},{"@type":"ListItem","position":2,"name":"APA identifica impactos muito significativos na central solar Sophia"}]},{"@type":"WebSite","@id":"https:\/\/portaltela.pt\/#website","url":"https:\/\/portaltela.pt\/","name":"Portal Tela Portugal","description":"","potentialAction":[{"@type":"SearchAction","target":{"@type":"EntryPoint","urlTemplate":"https:\/\/portaltela.pt\/?s={search_term_string}"},"query-input":{"@type":"PropertyValueSpecification","valueRequired":true,"valueName":"search_term_string"}}],"inLanguage":"pt-PT"},{"@type":"Person","@id":"https:\/\/portaltela.pt\/#\/schema\/person\/c4278d4a6028830caff9ee44b42d32ed","name":"Telinha","image":{"@type":"ImageObject","inLanguage":"pt-PT","@id":"https:\/\/portaltela.pt\/s.01k8rhncp4jt1\/2025\/11\/talking-bot-125x125.png","url":"https:\/\/portaltela.pt\/s.01k8rhncp4jt1\/2025\/11\/talking-bot-125x125.png","contentUrl":"https:\/\/portaltela.pt\/s.01k8rhncp4jt1\/2025\/11\/talking-bot-125x125.png","caption":"Telinha"},"sameAs":["https:\/\/portaltela.pt\/"],"url":"https:\/\/portaltela.pt\/por\/367410592786\/"}]}},"_links":{"self":[{"href":"https:\/\/portaltela.pt\/api\/wp\/v2\/posts\/215856","targetHints":{"allow":["GET"]}}],"collection":[{"href":"https:\/\/portaltela.pt\/api\/wp\/v2\/posts"}],"about":[{"href":"https:\/\/portaltela.pt\/api\/wp\/v2\/types\/post"}],"author":[{"embeddable":true,"href":"https:\/\/portaltela.pt\/api\/wp\/v2\/users\/2"}],"replies":[{"embeddable":true,"href":"https:\/\/portaltela.pt\/api\/wp\/v2\/comments?post=215856"}],"version-history":[{"count":0,"href":"https:\/\/portaltela.pt\/api\/wp\/v2\/posts\/215856\/revisions"}],"wp:featuredmedia":[{"embeddable":true,"href":"https:\/\/portaltela.pt\/api\/wp\/v2\/media\/215866"}],"wp:attachment":[{"href":"https:\/\/portaltela.pt\/api\/wp\/v2\/media?parent=215856"}],"wp:term":[{"taxonomy":"category","embeddable":true,"href":"https:\/\/portaltela.pt\/api\/wp\/v2\/categories?post=215856"},{"taxonomy":"post_tag","embeddable":true,"href":"https:\/\/portaltela.pt\/api\/wp\/v2\/tags?post=215856"}],"curies":[{"name":"wp","href":"https:\/\/api.w.org\/{rel}","templated":true}]}}