{"id":215855,"date":"2026-02-18T10:01:00","date_gmt":"2026-02-18T13:01:00","guid":{"rendered":"https:\/\/portaltela.pt\/noticias\/2026\/02\/18\/metadona-nas-farmacias-avanca-em-abril-em-tres-regioes-do-sul\/"},"modified":"2026-02-18T10:01:00","modified_gmt":"2026-02-18T13:01:00","slug":"metadona-nas-farmacias-avanca-em-abril-em-tres-regioes-do-sul","status":"publish","type":"post","link":"https:\/\/portaltela.pt\/noticias\/2026\/02\/18\/metadona-nas-farmacias-avanca-em-abril-em-tres-regioes-do-sul\/","title":{"rendered":"Metadona nas farm\u00e1cias avan\u00e7a em abril em tr\u00eas regi\u00f5es do sul"},"content":{"rendered":"<p>O Instituto para os Comportamentos Aditivos (ICA) anunciou que a dispensa e administra\u00e7\u00e3o de metadona em farm\u00e1cias comunit\u00e1rias vai arrancar na segunda quinzena de abril, em tr\u00eas regi\u00f5es do sul do pa\u00eds: Litoral Alentejano, Portalegre e Portim\u00e3o. A medida envolve doentes que receber\u00e3o o tratamento fora das unidades de sa\u00fade tradicionais.<\/p>\n<p>Cada territ\u00f3rio abranger\u00e1 12 doentes, totalizando 36 pessoas que v\u00e3o beneficiar do novo formato de gest\u00e3o da metadona. O objetivo \u00e9 facilitar o acesso ao tratamento e permitir a supervis\u00e3o farmac\u00eautica direta durante a administra\u00e7\u00e3o da subst\u00e2ncia.<\/p>\n<p>A iniciativa, j\u00e1 anunciada pelo ICA, faz parte de uma estrat\u00e9gia de aproxima\u00e7\u00e3o do tratamento de depend\u00eancia de opi\u00e1ceos \u00e0 comunidade local, com foco na continuidade do atendimento e na redu\u00e7\u00e3o de barreiras log\u00edsticas para os pacientes.<\/p>\n","protected":false},"excerpt":{"rendered":"<ul>\n<li>A dispensa e administra\u00e7\u00e3o de metadona em farm\u00e1cias comunit\u00e1rias vai arrancar na segunda quinzena de abril em tr\u00eas regi\u00f5es do sul: Litoral Alentejano, Portalegre e Portim\u00e3o.<\/li>\n<li>Cada territ\u00f3rio vai abranger 12 doentes.<\/li>\n<li>A an\u00fancio foi feito pelo Instituto para os Comportamentos Aditivos.<\/li>\n<li>O objetivo \u00e9 facilitar o acesso a tratamento de metadona para os pacientes nesta fase piloto.<\/li>\n<li>O programa vigora nas regi\u00f5es mencionadas at\u00e9 indica\u00e7\u00e3o em contr\u00e1rio.<\/li>\n<\/ul>\n","protected":false},"author":2,"featured_media":215867,"comment_status":"closed","ping_status":"closed","sticky":false,"template":"","format":"standard","meta":{"footnotes":""},"categories":[1],"tags":[3664,1859,6045,1075,1764,271],"class_list":["post-215855","post","type-post","status-publish","format-standard","has-post-thumbnail","hentry","category-noticias","tag-farmacias","tag-farmacias-comunitarias","tag-metadona","tag-portalegre","tag-portimao","tag-saude-publica"],"yoast_head":"<!-- This site is optimized with the Yoast SEO plugin v27.2 - https:\/\/yoast.com\/product\/yoast-seo-wordpress\/ -->\n<title>Metadona nas farm\u00e1cias avan\u00e7a em abril em tr\u00eas regi\u00f5es do sul - Portal Tela Portugal<\/title>\n<meta name=\"robots\" content=\"index, follow, max-snippet:-1, max-image-preview:large, max-video-preview:-1\" \/>\n<meta property=\"og:locale\" content=\"pt_PT\" \/>\n<meta property=\"og:type\" content=\"article\" \/>\n<meta property=\"og:title\" content=\"Metadona nas farm\u00e1cias avan\u00e7a em abril em tr\u00eas regi\u00f5es do sul - Portal Tela Portugal\" \/>\n<meta property=\"og:description\" content=\"A dispensa e administra\u00e7\u00e3o de metadona em farm\u00e1cias comunit\u00e1rias vai arrancar na segunda quinzena de abril em tr\u00eas regi\u00f5es do sul: Litoral Alentejano, Portalegre e Portim\u00e3o. Cada territ\u00f3rio vai abranger 12 doentes. A an\u00fancio foi feito pelo Instituto para os Comportamentos Aditivos. O objetivo \u00e9 facilitar o acesso a tratamento de metadona para os pacientes nesta fase piloto. O programa vigora nas regi\u00f5es mencionadas at\u00e9 indica\u00e7\u00e3o em contr\u00e1rio.\" \/>\n<meta property=\"og:url\" content=\"https:\/\/portaltela.pt\/noticias\/2026\/02\/18\/metadona-nas-farmacias-avanca-em-abril-em-tres-regioes-do-sul\/\" \/>\n<meta property=\"og:site_name\" content=\"Portal Tela Portugal\" \/>\n<meta property=\"article:published_time\" content=\"2026-02-18T13:01:00+00:00\" \/>\n<meta name=\"author\" content=\"Telinha\" \/>\n<meta name=\"twitter:card\" content=\"summary_large_image\" \/>\n<meta name=\"twitter:label1\" content=\"Escrito por\" \/>\n\t<meta name=\"twitter:data1\" content=\"Telinha\" \/>\n\t<meta name=\"twitter:label2\" content=\"Tempo estimado de leitura\" \/>\n\t<meta name=\"twitter:data2\" content=\"1 minuto\" \/>\n<script type=\"application\/ld+json\" class=\"yoast-schema-graph\">{\"@context\":\"https:\/\/schema.org\",\"@graph\":[{\"@type\":\"Article\",\"@id\":\"https:\/\/portaltela.pt\/noticias\/2026\/02\/18\/metadona-nas-farmacias-avanca-em-abril-em-tres-regioes-do-sul\/#article\",\"isPartOf\":{\"@id\":\"https:\/\/portaltela.pt\/noticias\/2026\/02\/18\/metadona-nas-farmacias-avanca-em-abril-em-tres-regioes-do-sul\/\"},\"author\":{\"name\":\"Telinha\",\"@id\":\"https:\/\/portaltela.pt\/#\/schema\/person\/c4278d4a6028830caff9ee44b42d32ed\"},\"headline\":\"Metadona nas farm\u00e1cias avan\u00e7a em abril em tr\u00eas regi\u00f5es do sul\",\"datePublished\":\"2026-02-18T13:01:00+00:00\",\"mainEntityOfPage\":{\"@id\":\"https:\/\/portaltela.pt\/noticias\/2026\/02\/18\/metadona-nas-farmacias-avanca-em-abril-em-tres-regioes-do-sul\/\"},\"wordCount\":158,\"image\":{\"@id\":\"https:\/\/portaltela.pt\/noticias\/2026\/02\/18\/metadona-nas-farmacias-avanca-em-abril-em-tres-regioes-do-sul\/#primaryimage\"},\"thumbnailUrl\":\"https:\/\/portaltela.pt\/s.01k8rhncp4jt1\/2026\/02\/CACHE_780X1200_ANALOG_WATERMARKED_28653929_1294546_17042020113214.jpg\",\"keywords\":[\"farm\u00e1cias\",\"farm\u00e1cias comunit\u00e1rias\",\"metadona\",\"Portalegre\",\"Portim\u00e3o\",\"sa\u00fade p\u00fablica\"],\"articleSection\":[\"Not\u00edcias\"],\"inLanguage\":\"pt-PT\"},{\"@type\":\"WebPage\",\"@id\":\"https:\/\/portaltela.pt\/noticias\/2026\/02\/18\/metadona-nas-farmacias-avanca-em-abril-em-tres-regioes-do-sul\/\",\"url\":\"https:\/\/portaltela.pt\/noticias\/2026\/02\/18\/metadona-nas-farmacias-avanca-em-abril-em-tres-regioes-do-sul\/\",\"name\":\"Metadona nas farm\u00e1cias avan\u00e7a em abril em tr\u00eas regi\u00f5es do sul - Portal Tela Portugal\",\"isPartOf\":{\"@id\":\"https:\/\/portaltela.pt\/#website\"},\"primaryImageOfPage\":{\"@id\":\"https:\/\/portaltela.pt\/noticias\/2026\/02\/18\/metadona-nas-farmacias-avanca-em-abril-em-tres-regioes-do-sul\/#primaryimage\"},\"image\":{\"@id\":\"https:\/\/portaltela.pt\/noticias\/2026\/02\/18\/metadona-nas-farmacias-avanca-em-abril-em-tres-regioes-do-sul\/#primaryimage\"},\"thumbnailUrl\":\"https:\/\/portaltela.pt\/s.01k8rhncp4jt1\/2026\/02\/CACHE_780X1200_ANALOG_WATERMARKED_28653929_1294546_17042020113214.jpg\",\"datePublished\":\"2026-02-18T13:01:00+00:00\",\"author\":{\"@id\":\"https:\/\/portaltela.pt\/#\/schema\/person\/c4278d4a6028830caff9ee44b42d32ed\"},\"breadcrumb\":{\"@id\":\"https:\/\/portaltela.pt\/noticias\/2026\/02\/18\/metadona-nas-farmacias-avanca-em-abril-em-tres-regioes-do-sul\/#breadcrumb\"},\"inLanguage\":\"pt-PT\",\"potentialAction\":[{\"@type\":\"ReadAction\",\"target\":[\"https:\/\/portaltela.pt\/noticias\/2026\/02\/18\/metadona-nas-farmacias-avanca-em-abril-em-tres-regioes-do-sul\/\"]}]},{\"@type\":\"ImageObject\",\"inLanguage\":\"pt-PT\",\"@id\":\"https:\/\/portaltela.pt\/noticias\/2026\/02\/18\/metadona-nas-farmacias-avanca-em-abril-em-tres-regioes-do-sul\/#primaryimage\",\"url\":\"https:\/\/portaltela.pt\/s.01k8rhncp4jt1\/2026\/02\/CACHE_780X1200_ANALOG_WATERMARKED_28653929_1294546_17042020113214.jpg\",\"contentUrl\":\"https:\/\/portaltela.pt\/s.01k8rhncp4jt1\/2026\/02\/CACHE_780X1200_ANALOG_WATERMARKED_28653929_1294546_17042020113214.jpg\",\"width\":796,\"height\":448,\"caption\":\"Metadona nas farm\u00e1cias avan\u00e7a em abril em tr\u00eas regi\u00f5es do sul do pa\u00eds\"},{\"@type\":\"BreadcrumbList\",\"@id\":\"https:\/\/portaltela.pt\/noticias\/2026\/02\/18\/metadona-nas-farmacias-avanca-em-abril-em-tres-regioes-do-sul\/#breadcrumb\",\"itemListElement\":[{\"@type\":\"ListItem\",\"position\":1,\"name\":\"In\u00edcio\",\"item\":\"https:\/\/portaltela.pt\/\"},{\"@type\":\"ListItem\",\"position\":2,\"name\":\"Metadona nas farm\u00e1cias avan\u00e7a em abril em tr\u00eas regi\u00f5es do sul\"}]},{\"@type\":\"WebSite\",\"@id\":\"https:\/\/portaltela.pt\/#website\",\"url\":\"https:\/\/portaltela.pt\/\",\"name\":\"Portal Tela Portugal\",\"description\":\"\",\"potentialAction\":[{\"@type\":\"SearchAction\",\"target\":{\"@type\":\"EntryPoint\",\"urlTemplate\":\"https:\/\/portaltela.pt\/?s={search_term_string}\"},\"query-input\":{\"@type\":\"PropertyValueSpecification\",\"valueRequired\":true,\"valueName\":\"search_term_string\"}}],\"inLanguage\":\"pt-PT\"},{\"@type\":\"Person\",\"@id\":\"https:\/\/portaltela.pt\/#\/schema\/person\/c4278d4a6028830caff9ee44b42d32ed\",\"name\":\"Telinha\",\"image\":{\"@type\":\"ImageObject\",\"inLanguage\":\"pt-PT\",\"@id\":\"https:\/\/portaltela.pt\/s.01k8rhncp4jt1\/2025\/11\/talking-bot-125x125.png\",\"url\":\"https:\/\/portaltela.pt\/s.01k8rhncp4jt1\/2025\/11\/talking-bot-125x125.png\",\"contentUrl\":\"https:\/\/portaltela.pt\/s.01k8rhncp4jt1\/2025\/11\/talking-bot-125x125.png\",\"caption\":\"Telinha\"},\"sameAs\":[\"https:\/\/portaltela.pt\/\"],\"url\":\"https:\/\/portaltela.pt\/por\/367410592786\/\"}]}<\/script>\n<!-- \/ Yoast SEO plugin. -->","yoast_head_json":{"title":"Metadona nas farm\u00e1cias avan\u00e7a em abril em tr\u00eas regi\u00f5es do sul - Portal Tela Portugal","robots":{"index":"index","follow":"follow","max-snippet":"max-snippet:-1","max-image-preview":"max-image-preview:large","max-video-preview":"max-video-preview:-1"},"og_locale":"pt_PT","og_type":"article","og_title":"Metadona nas farm\u00e1cias avan\u00e7a em abril em tr\u00eas regi\u00f5es do sul - Portal Tela Portugal","og_description":"A dispensa e administra\u00e7\u00e3o de metadona em farm\u00e1cias comunit\u00e1rias vai arrancar na segunda quinzena de abril em tr\u00eas regi\u00f5es do sul: Litoral Alentejano, Portalegre e Portim\u00e3o. Cada territ\u00f3rio vai abranger 12 doentes. A an\u00fancio foi feito pelo Instituto para os Comportamentos Aditivos. O objetivo \u00e9 facilitar o acesso a tratamento de metadona para os pacientes nesta fase piloto. O programa vigora nas regi\u00f5es mencionadas at\u00e9 indica\u00e7\u00e3o em contr\u00e1rio.","og_url":"https:\/\/portaltela.pt\/noticias\/2026\/02\/18\/metadona-nas-farmacias-avanca-em-abril-em-tres-regioes-do-sul\/","og_site_name":"Portal Tela Portugal","article_published_time":"2026-02-18T13:01:00+00:00","author":"Telinha","twitter_card":"summary_large_image","twitter_misc":{"Escrito por":"Telinha","Tempo estimado de leitura":"1 minuto"},"schema":{"@context":"https:\/\/schema.org","@graph":[{"@type":"Article","@id":"https:\/\/portaltela.pt\/noticias\/2026\/02\/18\/metadona-nas-farmacias-avanca-em-abril-em-tres-regioes-do-sul\/#article","isPartOf":{"@id":"https:\/\/portaltela.pt\/noticias\/2026\/02\/18\/metadona-nas-farmacias-avanca-em-abril-em-tres-regioes-do-sul\/"},"author":{"name":"Telinha","@id":"https:\/\/portaltela.pt\/#\/schema\/person\/c4278d4a6028830caff9ee44b42d32ed"},"headline":"Metadona nas farm\u00e1cias avan\u00e7a em abril em tr\u00eas regi\u00f5es do sul","datePublished":"2026-02-18T13:01:00+00:00","mainEntityOfPage":{"@id":"https:\/\/portaltela.pt\/noticias\/2026\/02\/18\/metadona-nas-farmacias-avanca-em-abril-em-tres-regioes-do-sul\/"},"wordCount":158,"image":{"@id":"https:\/\/portaltela.pt\/noticias\/2026\/02\/18\/metadona-nas-farmacias-avanca-em-abril-em-tres-regioes-do-sul\/#primaryimage"},"thumbnailUrl":"https:\/\/portaltela.pt\/s.01k8rhncp4jt1\/2026\/02\/CACHE_780X1200_ANALOG_WATERMARKED_28653929_1294546_17042020113214.jpg","keywords":["farm\u00e1cias","farm\u00e1cias comunit\u00e1rias","metadona","Portalegre","Portim\u00e3o","sa\u00fade p\u00fablica"],"articleSection":["Not\u00edcias"],"inLanguage":"pt-PT"},{"@type":"WebPage","@id":"https:\/\/portaltela.pt\/noticias\/2026\/02\/18\/metadona-nas-farmacias-avanca-em-abril-em-tres-regioes-do-sul\/","url":"https:\/\/portaltela.pt\/noticias\/2026\/02\/18\/metadona-nas-farmacias-avanca-em-abril-em-tres-regioes-do-sul\/","name":"Metadona nas farm\u00e1cias avan\u00e7a em abril em tr\u00eas regi\u00f5es do sul - Portal Tela Portugal","isPartOf":{"@id":"https:\/\/portaltela.pt\/#website"},"primaryImageOfPage":{"@id":"https:\/\/portaltela.pt\/noticias\/2026\/02\/18\/metadona-nas-farmacias-avanca-em-abril-em-tres-regioes-do-sul\/#primaryimage"},"image":{"@id":"https:\/\/portaltela.pt\/noticias\/2026\/02\/18\/metadona-nas-farmacias-avanca-em-abril-em-tres-regioes-do-sul\/#primaryimage"},"thumbnailUrl":"https:\/\/portaltela.pt\/s.01k8rhncp4jt1\/2026\/02\/CACHE_780X1200_ANALOG_WATERMARKED_28653929_1294546_17042020113214.jpg","datePublished":"2026-02-18T13:01:00+00:00","author":{"@id":"https:\/\/portaltela.pt\/#\/schema\/person\/c4278d4a6028830caff9ee44b42d32ed"},"breadcrumb":{"@id":"https:\/\/portaltela.pt\/noticias\/2026\/02\/18\/metadona-nas-farmacias-avanca-em-abril-em-tres-regioes-do-sul\/#breadcrumb"},"inLanguage":"pt-PT","potentialAction":[{"@type":"ReadAction","target":["https:\/\/portaltela.pt\/noticias\/2026\/02\/18\/metadona-nas-farmacias-avanca-em-abril-em-tres-regioes-do-sul\/"]}]},{"@type":"ImageObject","inLanguage":"pt-PT","@id":"https:\/\/portaltela.pt\/noticias\/2026\/02\/18\/metadona-nas-farmacias-avanca-em-abril-em-tres-regioes-do-sul\/#primaryimage","url":"https:\/\/portaltela.pt\/s.01k8rhncp4jt1\/2026\/02\/CACHE_780X1200_ANALOG_WATERMARKED_28653929_1294546_17042020113214.jpg","contentUrl":"https:\/\/portaltela.pt\/s.01k8rhncp4jt1\/2026\/02\/CACHE_780X1200_ANALOG_WATERMARKED_28653929_1294546_17042020113214.jpg","width":796,"height":448,"caption":"Metadona nas farm\u00e1cias avan\u00e7a em abril em tr\u00eas regi\u00f5es do sul do pa\u00eds"},{"@type":"BreadcrumbList","@id":"https:\/\/portaltela.pt\/noticias\/2026\/02\/18\/metadona-nas-farmacias-avanca-em-abril-em-tres-regioes-do-sul\/#breadcrumb","itemListElement":[{"@type":"ListItem","position":1,"name":"In\u00edcio","item":"https:\/\/portaltela.pt\/"},{"@type":"ListItem","position":2,"name":"Metadona nas farm\u00e1cias avan\u00e7a em abril em tr\u00eas regi\u00f5es do sul"}]},{"@type":"WebSite","@id":"https:\/\/portaltela.pt\/#website","url":"https:\/\/portaltela.pt\/","name":"Portal Tela Portugal","description":"","potentialAction":[{"@type":"SearchAction","target":{"@type":"EntryPoint","urlTemplate":"https:\/\/portaltela.pt\/?s={search_term_string}"},"query-input":{"@type":"PropertyValueSpecification","valueRequired":true,"valueName":"search_term_string"}}],"inLanguage":"pt-PT"},{"@type":"Person","@id":"https:\/\/portaltela.pt\/#\/schema\/person\/c4278d4a6028830caff9ee44b42d32ed","name":"Telinha","image":{"@type":"ImageObject","inLanguage":"pt-PT","@id":"https:\/\/portaltela.pt\/s.01k8rhncp4jt1\/2025\/11\/talking-bot-125x125.png","url":"https:\/\/portaltela.pt\/s.01k8rhncp4jt1\/2025\/11\/talking-bot-125x125.png","contentUrl":"https:\/\/portaltela.pt\/s.01k8rhncp4jt1\/2025\/11\/talking-bot-125x125.png","caption":"Telinha"},"sameAs":["https:\/\/portaltela.pt\/"],"url":"https:\/\/portaltela.pt\/por\/367410592786\/"}]}},"_links":{"self":[{"href":"https:\/\/portaltela.pt\/api\/wp\/v2\/posts\/215855","targetHints":{"allow":["GET"]}}],"collection":[{"href":"https:\/\/portaltela.pt\/api\/wp\/v2\/posts"}],"about":[{"href":"https:\/\/portaltela.pt\/api\/wp\/v2\/types\/post"}],"author":[{"embeddable":true,"href":"https:\/\/portaltela.pt\/api\/wp\/v2\/users\/2"}],"replies":[{"embeddable":true,"href":"https:\/\/portaltela.pt\/api\/wp\/v2\/comments?post=215855"}],"version-history":[{"count":0,"href":"https:\/\/portaltela.pt\/api\/wp\/v2\/posts\/215855\/revisions"}],"wp:featuredmedia":[{"embeddable":true,"href":"https:\/\/portaltela.pt\/api\/wp\/v2\/media\/215867"}],"wp:attachment":[{"href":"https:\/\/portaltela.pt\/api\/wp\/v2\/media?parent=215855"}],"wp:term":[{"taxonomy":"category","embeddable":true,"href":"https:\/\/portaltela.pt\/api\/wp\/v2\/categories?post=215855"},{"taxonomy":"post_tag","embeddable":true,"href":"https:\/\/portaltela.pt\/api\/wp\/v2\/tags?post=215855"}],"curies":[{"name":"wp","href":"https:\/\/api.w.org\/{rel}","templated":true}]}}