{"id":215849,"date":"2026-02-18T10:00:00","date_gmt":"2026-02-18T13:00:00","guid":{"rendered":"https:\/\/portaltela.pt\/noticias\/2026\/02\/18\/tribunal-obriga-carris-a-pagar-taxa-de-anuncios-a-camara-de-lisboa\/"},"modified":"2026-02-18T10:00:00","modified_gmt":"2026-02-18T13:00:00","slug":"tribunal-obriga-carris-a-pagar-taxa-de-anuncios-a-camara-de-lisboa","status":"publish","type":"post","link":"https:\/\/portaltela.pt\/noticias\/politica\/2026\/02\/18\/tribunal-obriga-carris-a-pagar-taxa-de-anuncios-a-camara-de-lisboa\/","title":{"rendered":"Tribunal obriga Carris a pagar taxa de an\u00fancios \u00e0 C\u00e2mara de Lisboa"},"content":{"rendered":"<p>O Supremo Tribunal Administrativo (STA) confirmou a delibera\u00e7\u00e3o de primeira inst\u00e2ncia que obrigava a Carris, atrav\u00e9s de uma parte participada, a pagar \u00e0 C\u00e2mara de Lisboa os valores das taxas cobradas pela explora\u00e7\u00e3o de publicidade interior e exterior nos autocarros e el\u00e9ctricos. A decis\u00e3o envolve ainda a Mop, empresa de publicidade que divide com a Carris o capital da Publicarris, sociedade criada para explorar a afixa\u00e7\u00e3o de an\u00fancios na frota.<\/p>\n<p>A senten\u00e7a mant\u00e9m o entendimento de que o procedimento permite \u00e0 autarquia manter o usufruto do espa\u00e7o p\u00fablico, justificando a cobran\u00e7a de taxas pela publicidade integrada na frota municipal. A Carris \u00e9 uma empresa municipal integralmente detida pela C\u00e2mara, o que torna o tema relevante no \u00e2mbito da gest\u00e3o de ativos p\u00fablicos.<\/p>\n<h3>Quem est\u00e1 envolvido<\/h3>\n<ul>\n<li>Carris, transportadora municipal de Lisboa, detida pela C\u00e2mara Municipal de Lisboa.<\/li>\n<li>Mop, empresa de publicidade parceira na Publicarris.<\/li>\n<li>Publicarris, joint venture criada para explorar comercialmente an\u00fancios na frota da Carris.<\/li>\n<\/ul>\n<h3>Contexto e implica\u00e7\u00f5es<\/h3>\n<ul>\n<li>A decis\u00e3o do STA, ao confirmar a senten\u00e7a, refor\u00e7a a legitimidade da cobran\u00e7a de taxas de publicidade pela gest\u00e3o de espa\u00e7os p\u00fablicos no transporte urbano.<\/li>\n<li>A delibera\u00e7\u00e3o pode afetar acordos comerciais entre a Carris e entidades complementares de publicidade, com impactos sobre receitas de publicidade na frota.<\/li>\n<\/ul>\n","protected":false},"excerpt":{"rendered":"<ul>\n<li>O Supremo Tribunal Administrativo confirmou a senten\u00e7a que obrigava a Carris, atrav\u00e9s de uma empresa participada, a pagar \u00e0 C\u00e2mara de Lisboa as taxas de publicidade nos autocarros e el\u00e9ctricos.<\/li>\n<li>A decis\u00e3o envolve ainda a Mop, empresa de publicidade que partilha o capital da Publicarris, criada para explorar comercialmente an\u00fancios na frota da Carris.<\/li>\n<li>A Carris \u00e9 detida pela C\u00e2mara de Lisboa, tornando-se uma rela\u00e7\u00e3o entre entidades p\u00fablicas e privadas na explora\u00e7\u00e3o publicit\u00e1ria.<\/li>\n<li>Os ju\u00edzes afirmam que o procedimento permite manter o usufruto do espa\u00e7o p\u00fablico para publicidade.<\/li>\n<li>Fica determinado o pagamento das taxas pela explora\u00e7\u00e3o de publicidade interior e exterior da frota.<\/li>\n<\/ul>\n","protected":false},"author":2,"featured_media":215859,"comment_status":"closed","ping_status":"closed","sticky":false,"template":"","format":"standard","meta":{"footnotes":""},"categories":[1,5],"tags":[3769,5449,3127,981,4651,192],"class_list":["post-215849","post","type-post","status-publish","format-standard","has-post-thumbnail","hentry","category-noticias","category-politica","tag-autocarros","tag-camara-municipal","tag-carris","tag-lisboa","tag-publicidade-dinamica","tag-transporte"],"yoast_head":"<!-- This site is optimized with the Yoast SEO plugin v27.2 - https:\/\/yoast.com\/product\/yoast-seo-wordpress\/ -->\n<title>Tribunal obriga Carris a pagar taxa de an\u00fancios \u00e0 C\u00e2mara de Lisboa - Portal Tela Portugal<\/title>\n<meta name=\"robots\" content=\"index, follow, max-snippet:-1, max-image-preview:large, max-video-preview:-1\" \/>\n<meta property=\"og:locale\" content=\"pt_PT\" \/>\n<meta property=\"og:type\" content=\"article\" \/>\n<meta property=\"og:title\" content=\"Tribunal obriga Carris a pagar taxa de an\u00fancios \u00e0 C\u00e2mara de Lisboa - Portal Tela Portugal\" \/>\n<meta property=\"og:description\" content=\"O Supremo Tribunal Administrativo confirmou a senten\u00e7a que obrigava a Carris, atrav\u00e9s de uma empresa participada, a pagar \u00e0 C\u00e2mara de Lisboa as taxas de publicidade nos autocarros e el\u00e9ctricos. A decis\u00e3o envolve ainda a Mop, empresa de publicidade que partilha o capital da Publicarris, criada para explorar comercialmente an\u00fancios na frota da Carris. A Carris \u00e9 detida pela C\u00e2mara de Lisboa, tornando-se uma rela\u00e7\u00e3o entre entidades p\u00fablicas e privadas na explora\u00e7\u00e3o publicit\u00e1ria. Os ju\u00edzes afirmam que o procedimento permite manter o usufruto do espa\u00e7o p\u00fablico para publicidade. Fica determinado o pagamento das taxas pela explora\u00e7\u00e3o de publicidade interior e exterior da frota.\" \/>\n<meta property=\"og:url\" content=\"https:\/\/portaltela.pt\/noticias\/2026\/02\/18\/tribunal-obriga-carris-a-pagar-taxa-de-anuncios-a-camara-de-lisboa\/\" \/>\n<meta property=\"og:site_name\" content=\"Portal Tela Portugal\" \/>\n<meta property=\"article:published_time\" content=\"2026-02-18T13:00:00+00:00\" \/>\n<meta name=\"author\" content=\"Telinha\" \/>\n<meta name=\"twitter:card\" content=\"summary_large_image\" \/>\n<meta name=\"twitter:label1\" content=\"Escrito por\" \/>\n\t<meta name=\"twitter:data1\" content=\"Telinha\" \/>\n\t<meta name=\"twitter:label2\" content=\"Tempo estimado de leitura\" \/>\n\t<meta name=\"twitter:data2\" content=\"1 minuto\" \/>\n<script type=\"application\/ld+json\" class=\"yoast-schema-graph\">{\"@context\":\"https:\/\/schema.org\",\"@graph\":[{\"@type\":\"Article\",\"@id\":\"https:\/\/portaltela.pt\/noticias\/2026\/02\/18\/tribunal-obriga-carris-a-pagar-taxa-de-anuncios-a-camara-de-lisboa\/#article\",\"isPartOf\":{\"@id\":\"https:\/\/portaltela.pt\/noticias\/2026\/02\/18\/tribunal-obriga-carris-a-pagar-taxa-de-anuncios-a-camara-de-lisboa\/\"},\"author\":{\"name\":\"Telinha\",\"@id\":\"https:\/\/portaltela.pt\/#\/schema\/person\/c4278d4a6028830caff9ee44b42d32ed\"},\"headline\":\"Tribunal obriga Carris a pagar taxa de an\u00fancios \u00e0 C\u00e2mara de Lisboa\",\"datePublished\":\"2026-02-18T13:00:00+00:00\",\"mainEntityOfPage\":{\"@id\":\"https:\/\/portaltela.pt\/noticias\/2026\/02\/18\/tribunal-obriga-carris-a-pagar-taxa-de-anuncios-a-camara-de-lisboa\/\"},\"wordCount\":243,\"image\":{\"@id\":\"https:\/\/portaltela.pt\/noticias\/2026\/02\/18\/tribunal-obriga-carris-a-pagar-taxa-de-anuncios-a-camara-de-lisboa\/#primaryimage\"},\"thumbnailUrl\":\"https:\/\/portaltela.pt\/s.01k8rhncp4jt1\/2026\/02\/2066797.jpg\",\"keywords\":[\"autocarros\",\"C\u00e2mara Municipal\",\"Carris\",\"Lisboa\",\"publicidade din\u00e2mica\",\"transporte\"],\"articleSection\":[\"Not\u00edcias\",\"Pol\u00edtica\"],\"inLanguage\":\"pt-PT\"},{\"@type\":\"WebPage\",\"@id\":\"https:\/\/portaltela.pt\/noticias\/2026\/02\/18\/tribunal-obriga-carris-a-pagar-taxa-de-anuncios-a-camara-de-lisboa\/\",\"url\":\"https:\/\/portaltela.pt\/noticias\/2026\/02\/18\/tribunal-obriga-carris-a-pagar-taxa-de-anuncios-a-camara-de-lisboa\/\",\"name\":\"Tribunal obriga Carris a pagar taxa de an\u00fancios \u00e0 C\u00e2mara de Lisboa - Portal Tela Portugal\",\"isPartOf\":{\"@id\":\"https:\/\/portaltela.pt\/#website\"},\"primaryImageOfPage\":{\"@id\":\"https:\/\/portaltela.pt\/noticias\/2026\/02\/18\/tribunal-obriga-carris-a-pagar-taxa-de-anuncios-a-camara-de-lisboa\/#primaryimage\"},\"image\":{\"@id\":\"https:\/\/portaltela.pt\/noticias\/2026\/02\/18\/tribunal-obriga-carris-a-pagar-taxa-de-anuncios-a-camara-de-lisboa\/#primaryimage\"},\"thumbnailUrl\":\"https:\/\/portaltela.pt\/s.01k8rhncp4jt1\/2026\/02\/2066797.jpg\",\"datePublished\":\"2026-02-18T13:00:00+00:00\",\"author\":{\"@id\":\"https:\/\/portaltela.pt\/#\/schema\/person\/c4278d4a6028830caff9ee44b42d32ed\"},\"breadcrumb\":{\"@id\":\"https:\/\/portaltela.pt\/noticias\/2026\/02\/18\/tribunal-obriga-carris-a-pagar-taxa-de-anuncios-a-camara-de-lisboa\/#breadcrumb\"},\"inLanguage\":\"pt-PT\",\"potentialAction\":[{\"@type\":\"ReadAction\",\"target\":[\"https:\/\/portaltela.pt\/noticias\/2026\/02\/18\/tribunal-obriga-carris-a-pagar-taxa-de-anuncios-a-camara-de-lisboa\/\"]}]},{\"@type\":\"ImageObject\",\"inLanguage\":\"pt-PT\",\"@id\":\"https:\/\/portaltela.pt\/noticias\/2026\/02\/18\/tribunal-obriga-carris-a-pagar-taxa-de-anuncios-a-camara-de-lisboa\/#primaryimage\",\"url\":\"https:\/\/portaltela.pt\/s.01k8rhncp4jt1\/2026\/02\/2066797.jpg\",\"contentUrl\":\"https:\/\/portaltela.pt\/s.01k8rhncp4jt1\/2026\/02\/2066797.jpg\",\"width\":796,\"height\":448,\"caption\":\"Publicidade nos autocarros da Carris \u00e9 explorada pela empresa Publicarris, criada em 1993\"},{\"@type\":\"BreadcrumbList\",\"@id\":\"https:\/\/portaltela.pt\/noticias\/2026\/02\/18\/tribunal-obriga-carris-a-pagar-taxa-de-anuncios-a-camara-de-lisboa\/#breadcrumb\",\"itemListElement\":[{\"@type\":\"ListItem\",\"position\":1,\"name\":\"In\u00edcio\",\"item\":\"https:\/\/portaltela.pt\/\"},{\"@type\":\"ListItem\",\"position\":2,\"name\":\"Tribunal obriga Carris a pagar taxa de an\u00fancios \u00e0 C\u00e2mara de Lisboa\"}]},{\"@type\":\"WebSite\",\"@id\":\"https:\/\/portaltela.pt\/#website\",\"url\":\"https:\/\/portaltela.pt\/\",\"name\":\"Portal Tela Portugal\",\"description\":\"\",\"potentialAction\":[{\"@type\":\"SearchAction\",\"target\":{\"@type\":\"EntryPoint\",\"urlTemplate\":\"https:\/\/portaltela.pt\/?s={search_term_string}\"},\"query-input\":{\"@type\":\"PropertyValueSpecification\",\"valueRequired\":true,\"valueName\":\"search_term_string\"}}],\"inLanguage\":\"pt-PT\"},{\"@type\":\"Person\",\"@id\":\"https:\/\/portaltela.pt\/#\/schema\/person\/c4278d4a6028830caff9ee44b42d32ed\",\"name\":\"Telinha\",\"image\":{\"@type\":\"ImageObject\",\"inLanguage\":\"pt-PT\",\"@id\":\"https:\/\/portaltela.pt\/s.01k8rhncp4jt1\/2025\/11\/talking-bot-125x125.png\",\"url\":\"https:\/\/portaltela.pt\/s.01k8rhncp4jt1\/2025\/11\/talking-bot-125x125.png\",\"contentUrl\":\"https:\/\/portaltela.pt\/s.01k8rhncp4jt1\/2025\/11\/talking-bot-125x125.png\",\"caption\":\"Telinha\"},\"sameAs\":[\"https:\/\/portaltela.pt\/\"],\"url\":\"https:\/\/portaltela.pt\/por\/367410592786\/\"}]}<\/script>\n<!-- \/ Yoast SEO plugin. -->","yoast_head_json":{"title":"Tribunal obriga Carris a pagar taxa de an\u00fancios \u00e0 C\u00e2mara de Lisboa - Portal Tela Portugal","robots":{"index":"index","follow":"follow","max-snippet":"max-snippet:-1","max-image-preview":"max-image-preview:large","max-video-preview":"max-video-preview:-1"},"og_locale":"pt_PT","og_type":"article","og_title":"Tribunal obriga Carris a pagar taxa de an\u00fancios \u00e0 C\u00e2mara de Lisboa - Portal Tela Portugal","og_description":"O Supremo Tribunal Administrativo confirmou a senten\u00e7a que obrigava a Carris, atrav\u00e9s de uma empresa participada, a pagar \u00e0 C\u00e2mara de Lisboa as taxas de publicidade nos autocarros e el\u00e9ctricos. A decis\u00e3o envolve ainda a Mop, empresa de publicidade que partilha o capital da Publicarris, criada para explorar comercialmente an\u00fancios na frota da Carris. A Carris \u00e9 detida pela C\u00e2mara de Lisboa, tornando-se uma rela\u00e7\u00e3o entre entidades p\u00fablicas e privadas na explora\u00e7\u00e3o publicit\u00e1ria. Os ju\u00edzes afirmam que o procedimento permite manter o usufruto do espa\u00e7o p\u00fablico para publicidade. Fica determinado o pagamento das taxas pela explora\u00e7\u00e3o de publicidade interior e exterior da frota.","og_url":"https:\/\/portaltela.pt\/noticias\/2026\/02\/18\/tribunal-obriga-carris-a-pagar-taxa-de-anuncios-a-camara-de-lisboa\/","og_site_name":"Portal Tela Portugal","article_published_time":"2026-02-18T13:00:00+00:00","author":"Telinha","twitter_card":"summary_large_image","twitter_misc":{"Escrito por":"Telinha","Tempo estimado de leitura":"1 minuto"},"schema":{"@context":"https:\/\/schema.org","@graph":[{"@type":"Article","@id":"https:\/\/portaltela.pt\/noticias\/2026\/02\/18\/tribunal-obriga-carris-a-pagar-taxa-de-anuncios-a-camara-de-lisboa\/#article","isPartOf":{"@id":"https:\/\/portaltela.pt\/noticias\/2026\/02\/18\/tribunal-obriga-carris-a-pagar-taxa-de-anuncios-a-camara-de-lisboa\/"},"author":{"name":"Telinha","@id":"https:\/\/portaltela.pt\/#\/schema\/person\/c4278d4a6028830caff9ee44b42d32ed"},"headline":"Tribunal obriga Carris a pagar taxa de an\u00fancios \u00e0 C\u00e2mara de Lisboa","datePublished":"2026-02-18T13:00:00+00:00","mainEntityOfPage":{"@id":"https:\/\/portaltela.pt\/noticias\/2026\/02\/18\/tribunal-obriga-carris-a-pagar-taxa-de-anuncios-a-camara-de-lisboa\/"},"wordCount":243,"image":{"@id":"https:\/\/portaltela.pt\/noticias\/2026\/02\/18\/tribunal-obriga-carris-a-pagar-taxa-de-anuncios-a-camara-de-lisboa\/#primaryimage"},"thumbnailUrl":"https:\/\/portaltela.pt\/s.01k8rhncp4jt1\/2026\/02\/2066797.jpg","keywords":["autocarros","C\u00e2mara Municipal","Carris","Lisboa","publicidade din\u00e2mica","transporte"],"articleSection":["Not\u00edcias","Pol\u00edtica"],"inLanguage":"pt-PT"},{"@type":"WebPage","@id":"https:\/\/portaltela.pt\/noticias\/2026\/02\/18\/tribunal-obriga-carris-a-pagar-taxa-de-anuncios-a-camara-de-lisboa\/","url":"https:\/\/portaltela.pt\/noticias\/2026\/02\/18\/tribunal-obriga-carris-a-pagar-taxa-de-anuncios-a-camara-de-lisboa\/","name":"Tribunal obriga Carris a pagar taxa de an\u00fancios \u00e0 C\u00e2mara de Lisboa - Portal Tela Portugal","isPartOf":{"@id":"https:\/\/portaltela.pt\/#website"},"primaryImageOfPage":{"@id":"https:\/\/portaltela.pt\/noticias\/2026\/02\/18\/tribunal-obriga-carris-a-pagar-taxa-de-anuncios-a-camara-de-lisboa\/#primaryimage"},"image":{"@id":"https:\/\/portaltela.pt\/noticias\/2026\/02\/18\/tribunal-obriga-carris-a-pagar-taxa-de-anuncios-a-camara-de-lisboa\/#primaryimage"},"thumbnailUrl":"https:\/\/portaltela.pt\/s.01k8rhncp4jt1\/2026\/02\/2066797.jpg","datePublished":"2026-02-18T13:00:00+00:00","author":{"@id":"https:\/\/portaltela.pt\/#\/schema\/person\/c4278d4a6028830caff9ee44b42d32ed"},"breadcrumb":{"@id":"https:\/\/portaltela.pt\/noticias\/2026\/02\/18\/tribunal-obriga-carris-a-pagar-taxa-de-anuncios-a-camara-de-lisboa\/#breadcrumb"},"inLanguage":"pt-PT","potentialAction":[{"@type":"ReadAction","target":["https:\/\/portaltela.pt\/noticias\/2026\/02\/18\/tribunal-obriga-carris-a-pagar-taxa-de-anuncios-a-camara-de-lisboa\/"]}]},{"@type":"ImageObject","inLanguage":"pt-PT","@id":"https:\/\/portaltela.pt\/noticias\/2026\/02\/18\/tribunal-obriga-carris-a-pagar-taxa-de-anuncios-a-camara-de-lisboa\/#primaryimage","url":"https:\/\/portaltela.pt\/s.01k8rhncp4jt1\/2026\/02\/2066797.jpg","contentUrl":"https:\/\/portaltela.pt\/s.01k8rhncp4jt1\/2026\/02\/2066797.jpg","width":796,"height":448,"caption":"Publicidade nos autocarros da Carris \u00e9 explorada pela empresa Publicarris, criada em 1993"},{"@type":"BreadcrumbList","@id":"https:\/\/portaltela.pt\/noticias\/2026\/02\/18\/tribunal-obriga-carris-a-pagar-taxa-de-anuncios-a-camara-de-lisboa\/#breadcrumb","itemListElement":[{"@type":"ListItem","position":1,"name":"In\u00edcio","item":"https:\/\/portaltela.pt\/"},{"@type":"ListItem","position":2,"name":"Tribunal obriga Carris a pagar taxa de an\u00fancios \u00e0 C\u00e2mara de Lisboa"}]},{"@type":"WebSite","@id":"https:\/\/portaltela.pt\/#website","url":"https:\/\/portaltela.pt\/","name":"Portal Tela Portugal","description":"","potentialAction":[{"@type":"SearchAction","target":{"@type":"EntryPoint","urlTemplate":"https:\/\/portaltela.pt\/?s={search_term_string}"},"query-input":{"@type":"PropertyValueSpecification","valueRequired":true,"valueName":"search_term_string"}}],"inLanguage":"pt-PT"},{"@type":"Person","@id":"https:\/\/portaltela.pt\/#\/schema\/person\/c4278d4a6028830caff9ee44b42d32ed","name":"Telinha","image":{"@type":"ImageObject","inLanguage":"pt-PT","@id":"https:\/\/portaltela.pt\/s.01k8rhncp4jt1\/2025\/11\/talking-bot-125x125.png","url":"https:\/\/portaltela.pt\/s.01k8rhncp4jt1\/2025\/11\/talking-bot-125x125.png","contentUrl":"https:\/\/portaltela.pt\/s.01k8rhncp4jt1\/2025\/11\/talking-bot-125x125.png","caption":"Telinha"},"sameAs":["https:\/\/portaltela.pt\/"],"url":"https:\/\/portaltela.pt\/por\/367410592786\/"}]}},"_links":{"self":[{"href":"https:\/\/portaltela.pt\/api\/wp\/v2\/posts\/215849","targetHints":{"allow":["GET"]}}],"collection":[{"href":"https:\/\/portaltela.pt\/api\/wp\/v2\/posts"}],"about":[{"href":"https:\/\/portaltela.pt\/api\/wp\/v2\/types\/post"}],"author":[{"embeddable":true,"href":"https:\/\/portaltela.pt\/api\/wp\/v2\/users\/2"}],"replies":[{"embeddable":true,"href":"https:\/\/portaltela.pt\/api\/wp\/v2\/comments?post=215849"}],"version-history":[{"count":0,"href":"https:\/\/portaltela.pt\/api\/wp\/v2\/posts\/215849\/revisions"}],"wp:featuredmedia":[{"embeddable":true,"href":"https:\/\/portaltela.pt\/api\/wp\/v2\/media\/215859"}],"wp:attachment":[{"href":"https:\/\/portaltela.pt\/api\/wp\/v2\/media?parent=215849"}],"wp:term":[{"taxonomy":"category","embeddable":true,"href":"https:\/\/portaltela.pt\/api\/wp\/v2\/categories?post=215849"},{"taxonomy":"post_tag","embeddable":true,"href":"https:\/\/portaltela.pt\/api\/wp\/v2\/tags?post=215849"}],"curies":[{"name":"wp","href":"https:\/\/api.w.org\/{rel}","templated":true}]}}