{"id":215840,"date":"2026-02-18T09:57:47","date_gmt":"2026-02-18T12:57:47","guid":{"rendered":"https:\/\/portaltela.pt\/noticias\/2026\/02\/18\/reuniao-em-genebra-termina-sem-acordo-sobre-questoes-chave-para-a-paz\/"},"modified":"2026-02-18T09:57:47","modified_gmt":"2026-02-18T12:57:47","slug":"reuniao-em-genebra-termina-sem-acordo-sobre-questoes-chave-para-a-paz","status":"publish","type":"post","link":"https:\/\/portaltela.pt\/noticias\/2026\/02\/18\/reuniao-em-genebra-termina-sem-acordo-sobre-questoes-chave-para-a-paz\/","title":{"rendered":"Reuni\u00e3o em Genebra termina sem acordo sobre quest\u00f5es-chave para a paz"},"content":{"rendered":"<p>Terminou a reuni\u00e3o de paz em Genebra, Su\u00ed\u00e7a, com a Ucr\u00e2nia a afirmar que n\u00e3o houve acordo entre Kiev e Moscovo sobre as principais quest\u00f5es. A sess\u00e3o, mediada pelos EUA, decorreu na ter\u00e7a-feira, a poucos dias de completar quatro anos desde o in\u00edcio do conflito.<\/p>\n<p>Foi a terceira ronda de negocia\u00e7\u00f5es diretas entre as partes, ap\u00f3s encontros em Abu Dhabi. As partes indicaram progressos limitados, mantendo posi\u00e7\u00f5es divergentes sobre temas centrais. Entre eles, as quest\u00f5es territoriais no leste do pa\u00eds e o futuro da central nuclear de Zaporizhzhia, sob controlo russo.<\/p>\n<p>Apesar das dificuldades, houve avan\u00e7os em \u00e1reas militares, segundo quem participou nas reuni\u00f5es. O chefe da delega\u00e7\u00e3o russa descreveu as negocia\u00e7\u00f5es como dif\u00edceis, mas profissionais. O representante dos EUA na opera\u00e7\u00e3o apontou que houve progresso, sem detalhar. O Kremlin indicou que ainda \u00e9 cedo para avaliar os resultados.<\/p>\n<p>Ambos os lados sinalizaram que haver\u00e1 nova ronda de negocia\u00e7\u00f5es em breve, mantendo o ritmo de contactos. N\u00e3o foram divulgadas datas oficiais, nem detalhes sobre cronogramas ou condi\u00e7\u00f5es para futuras conversas.<\/p>\n","protected":false},"excerpt":{"rendered":"<ul>\n<li>Em Genebra, na Su\u00ed\u00e7a, n\u00e3o houve acordo entre a Ucr\u00e2nia e a R\u00fassia sobre as quest\u00f5es-chave para a paz.<\/li>\n<li>Zelensky destacou os territ\u00f3rios ocupados no leste da Ucr\u00e2nia e o futuro da central nuclear de Zaporijia como temas sens\u00edveis n\u00e3o resolvidos.<\/li>\n<li>Houve progresso em quest\u00f5es militares, mas persiste a diverg\u00eancia sobre aspetos pol\u00edticos.<\/li>\n<li>O chefe da delega\u00e7\u00e3o russa, Vladimir Medinsky, disse que as negocia\u00e7\u00f5es foram dif\u00edceis, por\u00e9m profissionais; o porta-voz do Kremlin, Dmitry Peskov, afirmou que \u00e9 muito cedo para avaliar o resultado.<\/li>\n<li>Ambas as partes indicaram que haver\u00e1 nova ronda de negocia\u00e7\u00f5es em breve.<\/li>\n<\/ul>\n","protected":false},"author":2,"featured_media":215843,"comment_status":"closed","ping_status":"closed","sticky":false,"template":"","format":"standard","meta":{"footnotes":""},"categories":[1],"tags":[2198,5207,1817,2036,3110,2134],"class_list":["post-215840","post","type-post","status-publish","format-standard","has-post-thumbnail","hentry","category-noticias","tag-conflitos-internacionais","tag-dialogo-internacional","tag-dialogo-politico","tag-negociacoes-internacionais","tag-russia","tag-ucrania"],"yoast_head":"<!-- This site is optimized with the Yoast SEO plugin v27.2 - https:\/\/yoast.com\/product\/yoast-seo-wordpress\/ -->\n<title>Reuni\u00e3o em Genebra termina sem acordo sobre quest\u00f5es-chave para a paz - Portal Tela Portugal<\/title>\n<meta name=\"robots\" content=\"index, follow, max-snippet:-1, max-image-preview:large, max-video-preview:-1\" \/>\n<meta property=\"og:locale\" content=\"pt_PT\" \/>\n<meta property=\"og:type\" content=\"article\" \/>\n<meta property=\"og:title\" content=\"Reuni\u00e3o em Genebra termina sem acordo sobre quest\u00f5es-chave para a paz - Portal Tela Portugal\" \/>\n<meta property=\"og:description\" content=\"Em Genebra, na Su\u00ed\u00e7a, n\u00e3o houve acordo entre a Ucr\u00e2nia e a R\u00fassia sobre as quest\u00f5es-chave para a paz. Zelensky destacou os territ\u00f3rios ocupados no leste da Ucr\u00e2nia e o futuro da central nuclear de Zaporijia como temas sens\u00edveis n\u00e3o resolvidos. Houve progresso em quest\u00f5es militares, mas persiste a diverg\u00eancia sobre aspetos pol\u00edticos. O chefe da delega\u00e7\u00e3o russa, Vladimir Medinsky, disse que as negocia\u00e7\u00f5es foram dif\u00edceis, por\u00e9m profissionais; o porta-voz do Kremlin, Dmitry Peskov, afirmou que \u00e9 muito cedo para avaliar o resultado. Ambas as partes indicaram que haver\u00e1 nova ronda de negocia\u00e7\u00f5es em breve.\" \/>\n<meta property=\"og:url\" content=\"https:\/\/portaltela.pt\/noticias\/2026\/02\/18\/reuniao-em-genebra-termina-sem-acordo-sobre-questoes-chave-para-a-paz\/\" \/>\n<meta property=\"og:site_name\" content=\"Portal Tela Portugal\" \/>\n<meta property=\"article:published_time\" content=\"2026-02-18T12:57:47+00:00\" \/>\n<meta name=\"author\" content=\"Telinha\" \/>\n<meta name=\"twitter:card\" content=\"summary_large_image\" \/>\n<meta name=\"twitter:label1\" content=\"Escrito por\" \/>\n\t<meta name=\"twitter:data1\" content=\"Telinha\" \/>\n\t<meta name=\"twitter:label2\" content=\"Tempo estimado de leitura\" \/>\n\t<meta name=\"twitter:data2\" content=\"1 minuto\" \/>\n<script type=\"application\/ld+json\" class=\"yoast-schema-graph\">{\"@context\":\"https:\/\/schema.org\",\"@graph\":[{\"@type\":\"Article\",\"@id\":\"https:\/\/portaltela.pt\/noticias\/2026\/02\/18\/reuniao-em-genebra-termina-sem-acordo-sobre-questoes-chave-para-a-paz\/#article\",\"isPartOf\":{\"@id\":\"https:\/\/portaltela.pt\/noticias\/2026\/02\/18\/reuniao-em-genebra-termina-sem-acordo-sobre-questoes-chave-para-a-paz\/\"},\"author\":{\"name\":\"Telinha\",\"@id\":\"https:\/\/portaltela.pt\/#\/schema\/person\/c4278d4a6028830caff9ee44b42d32ed\"},\"headline\":\"Reuni\u00e3o em Genebra termina sem acordo sobre quest\u00f5es-chave para a paz\",\"datePublished\":\"2026-02-18T12:57:47+00:00\",\"mainEntityOfPage\":{\"@id\":\"https:\/\/portaltela.pt\/noticias\/2026\/02\/18\/reuniao-em-genebra-termina-sem-acordo-sobre-questoes-chave-para-a-paz\/\"},\"wordCount\":204,\"image\":{\"@id\":\"https:\/\/portaltela.pt\/noticias\/2026\/02\/18\/reuniao-em-genebra-termina-sem-acordo-sobre-questoes-chave-para-a-paz\/#primaryimage\"},\"thumbnailUrl\":\"https:\/\/portaltela.pt\/s.01k8rhncp4jt1\/2026\/02\/img_1280x721uu2025-12-29-22-50-08-2257112-1.jpg\",\"keywords\":[\"conflitos internacionais\",\"Di\u00e1logo internacional\",\"Di\u00e1logo pol\u00edtico\",\"negocia\u00e7\u00f5es internacionais\",\"R\u00fassia\",\"Ucr\u00e2nia\"],\"articleSection\":[\"Not\u00edcias\"],\"inLanguage\":\"pt-PT\"},{\"@type\":\"WebPage\",\"@id\":\"https:\/\/portaltela.pt\/noticias\/2026\/02\/18\/reuniao-em-genebra-termina-sem-acordo-sobre-questoes-chave-para-a-paz\/\",\"url\":\"https:\/\/portaltela.pt\/noticias\/2026\/02\/18\/reuniao-em-genebra-termina-sem-acordo-sobre-questoes-chave-para-a-paz\/\",\"name\":\"Reuni\u00e3o em Genebra termina sem acordo sobre quest\u00f5es-chave para a paz - Portal Tela Portugal\",\"isPartOf\":{\"@id\":\"https:\/\/portaltela.pt\/#website\"},\"primaryImageOfPage\":{\"@id\":\"https:\/\/portaltela.pt\/noticias\/2026\/02\/18\/reuniao-em-genebra-termina-sem-acordo-sobre-questoes-chave-para-a-paz\/#primaryimage\"},\"image\":{\"@id\":\"https:\/\/portaltela.pt\/noticias\/2026\/02\/18\/reuniao-em-genebra-termina-sem-acordo-sobre-questoes-chave-para-a-paz\/#primaryimage\"},\"thumbnailUrl\":\"https:\/\/portaltela.pt\/s.01k8rhncp4jt1\/2026\/02\/img_1280x721uu2025-12-29-22-50-08-2257112-1.jpg\",\"datePublished\":\"2026-02-18T12:57:47+00:00\",\"author\":{\"@id\":\"https:\/\/portaltela.pt\/#\/schema\/person\/c4278d4a6028830caff9ee44b42d32ed\"},\"breadcrumb\":{\"@id\":\"https:\/\/portaltela.pt\/noticias\/2026\/02\/18\/reuniao-em-genebra-termina-sem-acordo-sobre-questoes-chave-para-a-paz\/#breadcrumb\"},\"inLanguage\":\"pt-PT\",\"potentialAction\":[{\"@type\":\"ReadAction\",\"target\":[\"https:\/\/portaltela.pt\/noticias\/2026\/02\/18\/reuniao-em-genebra-termina-sem-acordo-sobre-questoes-chave-para-a-paz\/\"]}]},{\"@type\":\"ImageObject\",\"inLanguage\":\"pt-PT\",\"@id\":\"https:\/\/portaltela.pt\/noticias\/2026\/02\/18\/reuniao-em-genebra-termina-sem-acordo-sobre-questoes-chave-para-a-paz\/#primaryimage\",\"url\":\"https:\/\/portaltela.pt\/s.01k8rhncp4jt1\/2026\/02\/img_1280x721uu2025-12-29-22-50-08-2257112-1.jpg\",\"contentUrl\":\"https:\/\/portaltela.pt\/s.01k8rhncp4jt1\/2026\/02\/img_1280x721uu2025-12-29-22-50-08-2257112-1.jpg\",\"width\":796,\"height\":448,\"caption\":\"Volodymyr Zelensky\"},{\"@type\":\"BreadcrumbList\",\"@id\":\"https:\/\/portaltela.pt\/noticias\/2026\/02\/18\/reuniao-em-genebra-termina-sem-acordo-sobre-questoes-chave-para-a-paz\/#breadcrumb\",\"itemListElement\":[{\"@type\":\"ListItem\",\"position\":1,\"name\":\"In\u00edcio\",\"item\":\"https:\/\/portaltela.pt\/\"},{\"@type\":\"ListItem\",\"position\":2,\"name\":\"Reuni\u00e3o em Genebra termina sem acordo sobre quest\u00f5es-chave para a paz\"}]},{\"@type\":\"WebSite\",\"@id\":\"https:\/\/portaltela.pt\/#website\",\"url\":\"https:\/\/portaltela.pt\/\",\"name\":\"Portal Tela Portugal\",\"description\":\"\",\"potentialAction\":[{\"@type\":\"SearchAction\",\"target\":{\"@type\":\"EntryPoint\",\"urlTemplate\":\"https:\/\/portaltela.pt\/?s={search_term_string}\"},\"query-input\":{\"@type\":\"PropertyValueSpecification\",\"valueRequired\":true,\"valueName\":\"search_term_string\"}}],\"inLanguage\":\"pt-PT\"},{\"@type\":\"Person\",\"@id\":\"https:\/\/portaltela.pt\/#\/schema\/person\/c4278d4a6028830caff9ee44b42d32ed\",\"name\":\"Telinha\",\"image\":{\"@type\":\"ImageObject\",\"inLanguage\":\"pt-PT\",\"@id\":\"https:\/\/portaltela.pt\/s.01k8rhncp4jt1\/2025\/11\/talking-bot-125x125.png\",\"url\":\"https:\/\/portaltela.pt\/s.01k8rhncp4jt1\/2025\/11\/talking-bot-125x125.png\",\"contentUrl\":\"https:\/\/portaltela.pt\/s.01k8rhncp4jt1\/2025\/11\/talking-bot-125x125.png\",\"caption\":\"Telinha\"},\"sameAs\":[\"https:\/\/portaltela.pt\/\"],\"url\":\"https:\/\/portaltela.pt\/por\/367410592786\/\"}]}<\/script>\n<!-- \/ Yoast SEO plugin. -->","yoast_head_json":{"title":"Reuni\u00e3o em Genebra termina sem acordo sobre quest\u00f5es-chave para a paz - Portal Tela Portugal","robots":{"index":"index","follow":"follow","max-snippet":"max-snippet:-1","max-image-preview":"max-image-preview:large","max-video-preview":"max-video-preview:-1"},"og_locale":"pt_PT","og_type":"article","og_title":"Reuni\u00e3o em Genebra termina sem acordo sobre quest\u00f5es-chave para a paz - Portal Tela Portugal","og_description":"Em Genebra, na Su\u00ed\u00e7a, n\u00e3o houve acordo entre a Ucr\u00e2nia e a R\u00fassia sobre as quest\u00f5es-chave para a paz. Zelensky destacou os territ\u00f3rios ocupados no leste da Ucr\u00e2nia e o futuro da central nuclear de Zaporijia como temas sens\u00edveis n\u00e3o resolvidos. Houve progresso em quest\u00f5es militares, mas persiste a diverg\u00eancia sobre aspetos pol\u00edticos. O chefe da delega\u00e7\u00e3o russa, Vladimir Medinsky, disse que as negocia\u00e7\u00f5es foram dif\u00edceis, por\u00e9m profissionais; o porta-voz do Kremlin, Dmitry Peskov, afirmou que \u00e9 muito cedo para avaliar o resultado. Ambas as partes indicaram que haver\u00e1 nova ronda de negocia\u00e7\u00f5es em breve.","og_url":"https:\/\/portaltela.pt\/noticias\/2026\/02\/18\/reuniao-em-genebra-termina-sem-acordo-sobre-questoes-chave-para-a-paz\/","og_site_name":"Portal Tela Portugal","article_published_time":"2026-02-18T12:57:47+00:00","author":"Telinha","twitter_card":"summary_large_image","twitter_misc":{"Escrito por":"Telinha","Tempo estimado de leitura":"1 minuto"},"schema":{"@context":"https:\/\/schema.org","@graph":[{"@type":"Article","@id":"https:\/\/portaltela.pt\/noticias\/2026\/02\/18\/reuniao-em-genebra-termina-sem-acordo-sobre-questoes-chave-para-a-paz\/#article","isPartOf":{"@id":"https:\/\/portaltela.pt\/noticias\/2026\/02\/18\/reuniao-em-genebra-termina-sem-acordo-sobre-questoes-chave-para-a-paz\/"},"author":{"name":"Telinha","@id":"https:\/\/portaltela.pt\/#\/schema\/person\/c4278d4a6028830caff9ee44b42d32ed"},"headline":"Reuni\u00e3o em Genebra termina sem acordo sobre quest\u00f5es-chave para a paz","datePublished":"2026-02-18T12:57:47+00:00","mainEntityOfPage":{"@id":"https:\/\/portaltela.pt\/noticias\/2026\/02\/18\/reuniao-em-genebra-termina-sem-acordo-sobre-questoes-chave-para-a-paz\/"},"wordCount":204,"image":{"@id":"https:\/\/portaltela.pt\/noticias\/2026\/02\/18\/reuniao-em-genebra-termina-sem-acordo-sobre-questoes-chave-para-a-paz\/#primaryimage"},"thumbnailUrl":"https:\/\/portaltela.pt\/s.01k8rhncp4jt1\/2026\/02\/img_1280x721uu2025-12-29-22-50-08-2257112-1.jpg","keywords":["conflitos internacionais","Di\u00e1logo internacional","Di\u00e1logo pol\u00edtico","negocia\u00e7\u00f5es internacionais","R\u00fassia","Ucr\u00e2nia"],"articleSection":["Not\u00edcias"],"inLanguage":"pt-PT"},{"@type":"WebPage","@id":"https:\/\/portaltela.pt\/noticias\/2026\/02\/18\/reuniao-em-genebra-termina-sem-acordo-sobre-questoes-chave-para-a-paz\/","url":"https:\/\/portaltela.pt\/noticias\/2026\/02\/18\/reuniao-em-genebra-termina-sem-acordo-sobre-questoes-chave-para-a-paz\/","name":"Reuni\u00e3o em Genebra termina sem acordo sobre quest\u00f5es-chave para a paz - Portal Tela Portugal","isPartOf":{"@id":"https:\/\/portaltela.pt\/#website"},"primaryImageOfPage":{"@id":"https:\/\/portaltela.pt\/noticias\/2026\/02\/18\/reuniao-em-genebra-termina-sem-acordo-sobre-questoes-chave-para-a-paz\/#primaryimage"},"image":{"@id":"https:\/\/portaltela.pt\/noticias\/2026\/02\/18\/reuniao-em-genebra-termina-sem-acordo-sobre-questoes-chave-para-a-paz\/#primaryimage"},"thumbnailUrl":"https:\/\/portaltela.pt\/s.01k8rhncp4jt1\/2026\/02\/img_1280x721uu2025-12-29-22-50-08-2257112-1.jpg","datePublished":"2026-02-18T12:57:47+00:00","author":{"@id":"https:\/\/portaltela.pt\/#\/schema\/person\/c4278d4a6028830caff9ee44b42d32ed"},"breadcrumb":{"@id":"https:\/\/portaltela.pt\/noticias\/2026\/02\/18\/reuniao-em-genebra-termina-sem-acordo-sobre-questoes-chave-para-a-paz\/#breadcrumb"},"inLanguage":"pt-PT","potentialAction":[{"@type":"ReadAction","target":["https:\/\/portaltela.pt\/noticias\/2026\/02\/18\/reuniao-em-genebra-termina-sem-acordo-sobre-questoes-chave-para-a-paz\/"]}]},{"@type":"ImageObject","inLanguage":"pt-PT","@id":"https:\/\/portaltela.pt\/noticias\/2026\/02\/18\/reuniao-em-genebra-termina-sem-acordo-sobre-questoes-chave-para-a-paz\/#primaryimage","url":"https:\/\/portaltela.pt\/s.01k8rhncp4jt1\/2026\/02\/img_1280x721uu2025-12-29-22-50-08-2257112-1.jpg","contentUrl":"https:\/\/portaltela.pt\/s.01k8rhncp4jt1\/2026\/02\/img_1280x721uu2025-12-29-22-50-08-2257112-1.jpg","width":796,"height":448,"caption":"Volodymyr Zelensky"},{"@type":"BreadcrumbList","@id":"https:\/\/portaltela.pt\/noticias\/2026\/02\/18\/reuniao-em-genebra-termina-sem-acordo-sobre-questoes-chave-para-a-paz\/#breadcrumb","itemListElement":[{"@type":"ListItem","position":1,"name":"In\u00edcio","item":"https:\/\/portaltela.pt\/"},{"@type":"ListItem","position":2,"name":"Reuni\u00e3o em Genebra termina sem acordo sobre quest\u00f5es-chave para a paz"}]},{"@type":"WebSite","@id":"https:\/\/portaltela.pt\/#website","url":"https:\/\/portaltela.pt\/","name":"Portal Tela Portugal","description":"","potentialAction":[{"@type":"SearchAction","target":{"@type":"EntryPoint","urlTemplate":"https:\/\/portaltela.pt\/?s={search_term_string}"},"query-input":{"@type":"PropertyValueSpecification","valueRequired":true,"valueName":"search_term_string"}}],"inLanguage":"pt-PT"},{"@type":"Person","@id":"https:\/\/portaltela.pt\/#\/schema\/person\/c4278d4a6028830caff9ee44b42d32ed","name":"Telinha","image":{"@type":"ImageObject","inLanguage":"pt-PT","@id":"https:\/\/portaltela.pt\/s.01k8rhncp4jt1\/2025\/11\/talking-bot-125x125.png","url":"https:\/\/portaltela.pt\/s.01k8rhncp4jt1\/2025\/11\/talking-bot-125x125.png","contentUrl":"https:\/\/portaltela.pt\/s.01k8rhncp4jt1\/2025\/11\/talking-bot-125x125.png","caption":"Telinha"},"sameAs":["https:\/\/portaltela.pt\/"],"url":"https:\/\/portaltela.pt\/por\/367410592786\/"}]}},"_links":{"self":[{"href":"https:\/\/portaltela.pt\/api\/wp\/v2\/posts\/215840","targetHints":{"allow":["GET"]}}],"collection":[{"href":"https:\/\/portaltela.pt\/api\/wp\/v2\/posts"}],"about":[{"href":"https:\/\/portaltela.pt\/api\/wp\/v2\/types\/post"}],"author":[{"embeddable":true,"href":"https:\/\/portaltela.pt\/api\/wp\/v2\/users\/2"}],"replies":[{"embeddable":true,"href":"https:\/\/portaltela.pt\/api\/wp\/v2\/comments?post=215840"}],"version-history":[{"count":0,"href":"https:\/\/portaltela.pt\/api\/wp\/v2\/posts\/215840\/revisions"}],"wp:featuredmedia":[{"embeddable":true,"href":"https:\/\/portaltela.pt\/api\/wp\/v2\/media\/215843"}],"wp:attachment":[{"href":"https:\/\/portaltela.pt\/api\/wp\/v2\/media?parent=215840"}],"wp:term":[{"taxonomy":"category","embeddable":true,"href":"https:\/\/portaltela.pt\/api\/wp\/v2\/categories?post=215840"},{"taxonomy":"post_tag","embeddable":true,"href":"https:\/\/portaltela.pt\/api\/wp\/v2\/tags?post=215840"}],"curies":[{"name":"wp","href":"https:\/\/api.w.org\/{rel}","templated":true}]}}