{"id":215837,"date":"2026-02-18T09:50:00","date_gmt":"2026-02-18T12:50:00","guid":{"rendered":"https:\/\/portaltela.pt\/noticias\/2026\/02\/18\/camionista-apanhado-a-conduzir-com-322-g-l-de-alcool-no-sangue\/"},"modified":"2026-02-18T09:50:00","modified_gmt":"2026-02-18T12:50:00","slug":"camionista-apanhado-a-conduzir-com-322-g-l-de-alcool-no-sangue","status":"publish","type":"post","link":"https:\/\/portaltela.pt\/noticias\/2026\/02\/18\/camionista-apanhado-a-conduzir-com-322-g-l-de-alcool-no-sangue\/","title":{"rendered":"Camionista apanhado a conduzir com 3,22 g\/l de \u00e1lcool no sangue"},"content":{"rendered":"<p>A Guarda Nacional Republicana (GNR) de Campo Maior deteve, no dia 15 de fevereiro, um condutor de ve\u00edculo pesado por condu\u00e7\u00e3o sob o efeito de \u00e1lcool. O homem, de 46 anos, apresentava uma TAS de 3,22 g\/l.<\/p>\n<p>A deten\u00e7\u00e3o ocorreu ap\u00f3s os militares receberem uma den\u00fancia sobre a circula\u00e7\u00e3o irregular do ve\u00edculo na via. Uma patrulha deslocou-se de imediato para assegurar a prote\u00e7\u00e3o dos utentes da estrada e abordou a viatura \u00e0 entrada de Campo Maior.<\/p>\n<p>No teste de alcoolemia, o condutor acusou 3,22 g\/l, valor muito acima do permitido. Os factos foram comunicados ao Tribunal Judicial de Elvas, conforme os procedimentos legais aplic\u00e1veis.<\/p>\n<p>A GNR sublinha que conduzir sob o efeito do \u00e1lcool compromete a perce\u00e7\u00e3o, os reflexos e a tomada de decis\u00e3o, sendo um dos principais fatores de acidentes graves. O organismo explica o limiar legal, com 0,5 g\/l para a maioria dos condutores, e 0,2 g\/l para grupos espec\u00edficos, incluindo ve\u00edculos pesados.<\/p>\n","protected":false},"excerpt":{"rendered":"<ul>\n<li>A GNR de Campo Maior deteve um condutor de ve\u00edculo pesado por condu\u00e7\u00e3o sob o efeito de \u00e1lcool, com TAS de 3,22 g\/l.<\/li>\n<li>O homem tem 46 anos e a interven\u00e7\u00e3o ocorreu a 15 de fevereiro, ap\u00f3s uma den\u00fancia de circula\u00e7\u00e3o irregular do ve\u00edculo na via.<\/li>\n<li>A patrulha interceptou a viatura no acesso a Campo Maior e o teste de alcoolemia confirmou a taxa acima do permitido.<\/li>\n<li>O condutor foi detido e os factos foram comunicados ao Tribunal Judicial de Elvas.<\/li>\n<li>A GNR reitera que condu\u00e7\u00e3o sob \u00e1lcool compromete a perce\u00e7\u00e3o, reflexos e decis\u00e3o, e recorda os limites legais (0,5 g\/l, com redu\u00e7\u00e3o para 0,2 g\/l para certos condutores, incluindo peso pesado).<\/li>\n<\/ul>\n","protected":false},"author":2,"featured_media":215841,"comment_status":"closed","ping_status":"closed","sticky":false,"template":"","format":"standard","meta":{"footnotes":""},"categories":[1],"tags":[3256,6051,1727,2074,5669,1124],"class_list":["post-215837","post","type-post","status-publish","format-standard","has-post-thumbnail","hentry","category-noticias","tag-acidentes","tag-alcool","tag-conducao-sob-o-alcool","tag-conducao-sob-o-efeito-de-alcool","tag-crime-de-conducao-sob-efeito-do-alcool","tag-infracoes-de-transito"],"yoast_head":"<!-- This site is optimized with the Yoast SEO plugin v27.2 - https:\/\/yoast.com\/product\/yoast-seo-wordpress\/ -->\n<title>Camionista apanhado a conduzir com 3,22 g\/l de \u00e1lcool no sangue - Portal Tela Portugal<\/title>\n<meta name=\"robots\" content=\"index, follow, max-snippet:-1, max-image-preview:large, max-video-preview:-1\" \/>\n<meta property=\"og:locale\" content=\"pt_PT\" \/>\n<meta property=\"og:type\" content=\"article\" \/>\n<meta property=\"og:title\" content=\"Camionista apanhado a conduzir com 3,22 g\/l de \u00e1lcool no sangue - Portal Tela Portugal\" \/>\n<meta property=\"og:description\" content=\"A GNR de Campo Maior deteve um condutor de ve\u00edculo pesado por condu\u00e7\u00e3o sob o efeito de \u00e1lcool, com TAS de 3,22 g\/l. O homem tem 46 anos e a interven\u00e7\u00e3o ocorreu a 15 de fevereiro, ap\u00f3s uma den\u00fancia de circula\u00e7\u00e3o irregular do ve\u00edculo na via. A patrulha interceptou a viatura no acesso a Campo Maior e o teste de alcoolemia confirmou a taxa acima do permitido. O condutor foi detido e os factos foram comunicados ao Tribunal Judicial de Elvas. A GNR reitera que condu\u00e7\u00e3o sob \u00e1lcool compromete a perce\u00e7\u00e3o, reflexos e decis\u00e3o, e recorda os limites legais (0,5 g\/l, com redu\u00e7\u00e3o para 0,2 g\/l para certos condutores, incluindo peso pesado).\" \/>\n<meta property=\"og:url\" content=\"https:\/\/portaltela.pt\/noticias\/2026\/02\/18\/camionista-apanhado-a-conduzir-com-322-g-l-de-alcool-no-sangue\/\" \/>\n<meta property=\"og:site_name\" content=\"Portal Tela Portugal\" \/>\n<meta property=\"article:published_time\" content=\"2026-02-18T12:50:00+00:00\" \/>\n<meta name=\"author\" content=\"Telinha\" \/>\n<meta name=\"twitter:card\" content=\"summary_large_image\" \/>\n<meta name=\"twitter:label1\" content=\"Escrito por\" \/>\n\t<meta name=\"twitter:data1\" content=\"Telinha\" \/>\n\t<meta name=\"twitter:label2\" content=\"Tempo estimado de leitura\" \/>\n\t<meta name=\"twitter:data2\" content=\"1 minuto\" \/>\n<script type=\"application\/ld+json\" class=\"yoast-schema-graph\">{\"@context\":\"https:\/\/schema.org\",\"@graph\":[{\"@type\":\"Article\",\"@id\":\"https:\/\/portaltela.pt\/noticias\/2026\/02\/18\/camionista-apanhado-a-conduzir-com-322-g-l-de-alcool-no-sangue\/#article\",\"isPartOf\":{\"@id\":\"https:\/\/portaltela.pt\/noticias\/2026\/02\/18\/camionista-apanhado-a-conduzir-com-322-g-l-de-alcool-no-sangue\/\"},\"author\":{\"name\":\"Telinha\",\"@id\":\"https:\/\/portaltela.pt\/#\/schema\/person\/c4278d4a6028830caff9ee44b42d32ed\"},\"headline\":\"Camionista apanhado a conduzir com 3,22 g\/l de \u00e1lcool no sangue\",\"datePublished\":\"2026-02-18T12:50:00+00:00\",\"mainEntityOfPage\":{\"@id\":\"https:\/\/portaltela.pt\/noticias\/2026\/02\/18\/camionista-apanhado-a-conduzir-com-322-g-l-de-alcool-no-sangue\/\"},\"wordCount\":176,\"image\":{\"@id\":\"https:\/\/portaltela.pt\/noticias\/2026\/02\/18\/camionista-apanhado-a-conduzir-com-322-g-l-de-alcool-no-sangue\/#primaryimage\"},\"thumbnailUrl\":\"https:\/\/portaltela.pt\/s.01k8rhncp4jt1\/2026\/02\/image-1323.jpg\",\"keywords\":[\"acidentes\",\"\u00e1lcool\",\"condu\u00e7\u00e3o sob o \u00e1lcool\",\"condu\u00e7\u00e3o sob o efeito de \u00e1lcool\",\"crime de condu\u00e7\u00e3o sob efeito do \u00e1lcool\",\"infra\u00e7\u00f5es de tr\u00e2nsito\"],\"articleSection\":[\"Not\u00edcias\"],\"inLanguage\":\"pt-PT\"},{\"@type\":\"WebPage\",\"@id\":\"https:\/\/portaltela.pt\/noticias\/2026\/02\/18\/camionista-apanhado-a-conduzir-com-322-g-l-de-alcool-no-sangue\/\",\"url\":\"https:\/\/portaltela.pt\/noticias\/2026\/02\/18\/camionista-apanhado-a-conduzir-com-322-g-l-de-alcool-no-sangue\/\",\"name\":\"Camionista apanhado a conduzir com 3,22 g\/l de \u00e1lcool no sangue - Portal Tela Portugal\",\"isPartOf\":{\"@id\":\"https:\/\/portaltela.pt\/#website\"},\"primaryImageOfPage\":{\"@id\":\"https:\/\/portaltela.pt\/noticias\/2026\/02\/18\/camionista-apanhado-a-conduzir-com-322-g-l-de-alcool-no-sangue\/#primaryimage\"},\"image\":{\"@id\":\"https:\/\/portaltela.pt\/noticias\/2026\/02\/18\/camionista-apanhado-a-conduzir-com-322-g-l-de-alcool-no-sangue\/#primaryimage\"},\"thumbnailUrl\":\"https:\/\/portaltela.pt\/s.01k8rhncp4jt1\/2026\/02\/image-1323.jpg\",\"datePublished\":\"2026-02-18T12:50:00+00:00\",\"author\":{\"@id\":\"https:\/\/portaltela.pt\/#\/schema\/person\/c4278d4a6028830caff9ee44b42d32ed\"},\"breadcrumb\":{\"@id\":\"https:\/\/portaltela.pt\/noticias\/2026\/02\/18\/camionista-apanhado-a-conduzir-com-322-g-l-de-alcool-no-sangue\/#breadcrumb\"},\"inLanguage\":\"pt-PT\",\"potentialAction\":[{\"@type\":\"ReadAction\",\"target\":[\"https:\/\/portaltela.pt\/noticias\/2026\/02\/18\/camionista-apanhado-a-conduzir-com-322-g-l-de-alcool-no-sangue\/\"]}]},{\"@type\":\"ImageObject\",\"inLanguage\":\"pt-PT\",\"@id\":\"https:\/\/portaltela.pt\/noticias\/2026\/02\/18\/camionista-apanhado-a-conduzir-com-322-g-l-de-alcool-no-sangue\/#primaryimage\",\"url\":\"https:\/\/portaltela.pt\/s.01k8rhncp4jt1\/2026\/02\/image-1323.jpg\",\"contentUrl\":\"https:\/\/portaltela.pt\/s.01k8rhncp4jt1\/2026\/02\/image-1323.jpg\",\"width\":796,\"height\":448,\"caption\":\"GNR intercetou e abordou condutor que acusou 3,22 g\/l de \u00e1lcool no sangue\"},{\"@type\":\"BreadcrumbList\",\"@id\":\"https:\/\/portaltela.pt\/noticias\/2026\/02\/18\/camionista-apanhado-a-conduzir-com-322-g-l-de-alcool-no-sangue\/#breadcrumb\",\"itemListElement\":[{\"@type\":\"ListItem\",\"position\":1,\"name\":\"In\u00edcio\",\"item\":\"https:\/\/portaltela.pt\/\"},{\"@type\":\"ListItem\",\"position\":2,\"name\":\"Camionista apanhado a conduzir com 3,22 g\/l de \u00e1lcool no sangue\"}]},{\"@type\":\"WebSite\",\"@id\":\"https:\/\/portaltela.pt\/#website\",\"url\":\"https:\/\/portaltela.pt\/\",\"name\":\"Portal Tela Portugal\",\"description\":\"\",\"potentialAction\":[{\"@type\":\"SearchAction\",\"target\":{\"@type\":\"EntryPoint\",\"urlTemplate\":\"https:\/\/portaltela.pt\/?s={search_term_string}\"},\"query-input\":{\"@type\":\"PropertyValueSpecification\",\"valueRequired\":true,\"valueName\":\"search_term_string\"}}],\"inLanguage\":\"pt-PT\"},{\"@type\":\"Person\",\"@id\":\"https:\/\/portaltela.pt\/#\/schema\/person\/c4278d4a6028830caff9ee44b42d32ed\",\"name\":\"Telinha\",\"image\":{\"@type\":\"ImageObject\",\"inLanguage\":\"pt-PT\",\"@id\":\"https:\/\/portaltela.pt\/s.01k8rhncp4jt1\/2025\/11\/talking-bot-125x125.png\",\"url\":\"https:\/\/portaltela.pt\/s.01k8rhncp4jt1\/2025\/11\/talking-bot-125x125.png\",\"contentUrl\":\"https:\/\/portaltela.pt\/s.01k8rhncp4jt1\/2025\/11\/talking-bot-125x125.png\",\"caption\":\"Telinha\"},\"sameAs\":[\"https:\/\/portaltela.pt\/\"],\"url\":\"https:\/\/portaltela.pt\/por\/367410592786\/\"}]}<\/script>\n<!-- \/ Yoast SEO plugin. -->","yoast_head_json":{"title":"Camionista apanhado a conduzir com 3,22 g\/l de \u00e1lcool no sangue - Portal Tela Portugal","robots":{"index":"index","follow":"follow","max-snippet":"max-snippet:-1","max-image-preview":"max-image-preview:large","max-video-preview":"max-video-preview:-1"},"og_locale":"pt_PT","og_type":"article","og_title":"Camionista apanhado a conduzir com 3,22 g\/l de \u00e1lcool no sangue - Portal Tela Portugal","og_description":"A GNR de Campo Maior deteve um condutor de ve\u00edculo pesado por condu\u00e7\u00e3o sob o efeito de \u00e1lcool, com TAS de 3,22 g\/l. O homem tem 46 anos e a interven\u00e7\u00e3o ocorreu a 15 de fevereiro, ap\u00f3s uma den\u00fancia de circula\u00e7\u00e3o irregular do ve\u00edculo na via. A patrulha interceptou a viatura no acesso a Campo Maior e o teste de alcoolemia confirmou a taxa acima do permitido. O condutor foi detido e os factos foram comunicados ao Tribunal Judicial de Elvas. A GNR reitera que condu\u00e7\u00e3o sob \u00e1lcool compromete a perce\u00e7\u00e3o, reflexos e decis\u00e3o, e recorda os limites legais (0,5 g\/l, com redu\u00e7\u00e3o para 0,2 g\/l para certos condutores, incluindo peso pesado).","og_url":"https:\/\/portaltela.pt\/noticias\/2026\/02\/18\/camionista-apanhado-a-conduzir-com-322-g-l-de-alcool-no-sangue\/","og_site_name":"Portal Tela Portugal","article_published_time":"2026-02-18T12:50:00+00:00","author":"Telinha","twitter_card":"summary_large_image","twitter_misc":{"Escrito por":"Telinha","Tempo estimado de leitura":"1 minuto"},"schema":{"@context":"https:\/\/schema.org","@graph":[{"@type":"Article","@id":"https:\/\/portaltela.pt\/noticias\/2026\/02\/18\/camionista-apanhado-a-conduzir-com-322-g-l-de-alcool-no-sangue\/#article","isPartOf":{"@id":"https:\/\/portaltela.pt\/noticias\/2026\/02\/18\/camionista-apanhado-a-conduzir-com-322-g-l-de-alcool-no-sangue\/"},"author":{"name":"Telinha","@id":"https:\/\/portaltela.pt\/#\/schema\/person\/c4278d4a6028830caff9ee44b42d32ed"},"headline":"Camionista apanhado a conduzir com 3,22 g\/l de \u00e1lcool no sangue","datePublished":"2026-02-18T12:50:00+00:00","mainEntityOfPage":{"@id":"https:\/\/portaltela.pt\/noticias\/2026\/02\/18\/camionista-apanhado-a-conduzir-com-322-g-l-de-alcool-no-sangue\/"},"wordCount":176,"image":{"@id":"https:\/\/portaltela.pt\/noticias\/2026\/02\/18\/camionista-apanhado-a-conduzir-com-322-g-l-de-alcool-no-sangue\/#primaryimage"},"thumbnailUrl":"https:\/\/portaltela.pt\/s.01k8rhncp4jt1\/2026\/02\/image-1323.jpg","keywords":["acidentes","\u00e1lcool","condu\u00e7\u00e3o sob o \u00e1lcool","condu\u00e7\u00e3o sob o efeito de \u00e1lcool","crime de condu\u00e7\u00e3o sob efeito do \u00e1lcool","infra\u00e7\u00f5es de tr\u00e2nsito"],"articleSection":["Not\u00edcias"],"inLanguage":"pt-PT"},{"@type":"WebPage","@id":"https:\/\/portaltela.pt\/noticias\/2026\/02\/18\/camionista-apanhado-a-conduzir-com-322-g-l-de-alcool-no-sangue\/","url":"https:\/\/portaltela.pt\/noticias\/2026\/02\/18\/camionista-apanhado-a-conduzir-com-322-g-l-de-alcool-no-sangue\/","name":"Camionista apanhado a conduzir com 3,22 g\/l de \u00e1lcool no sangue - Portal Tela Portugal","isPartOf":{"@id":"https:\/\/portaltela.pt\/#website"},"primaryImageOfPage":{"@id":"https:\/\/portaltela.pt\/noticias\/2026\/02\/18\/camionista-apanhado-a-conduzir-com-322-g-l-de-alcool-no-sangue\/#primaryimage"},"image":{"@id":"https:\/\/portaltela.pt\/noticias\/2026\/02\/18\/camionista-apanhado-a-conduzir-com-322-g-l-de-alcool-no-sangue\/#primaryimage"},"thumbnailUrl":"https:\/\/portaltela.pt\/s.01k8rhncp4jt1\/2026\/02\/image-1323.jpg","datePublished":"2026-02-18T12:50:00+00:00","author":{"@id":"https:\/\/portaltela.pt\/#\/schema\/person\/c4278d4a6028830caff9ee44b42d32ed"},"breadcrumb":{"@id":"https:\/\/portaltela.pt\/noticias\/2026\/02\/18\/camionista-apanhado-a-conduzir-com-322-g-l-de-alcool-no-sangue\/#breadcrumb"},"inLanguage":"pt-PT","potentialAction":[{"@type":"ReadAction","target":["https:\/\/portaltela.pt\/noticias\/2026\/02\/18\/camionista-apanhado-a-conduzir-com-322-g-l-de-alcool-no-sangue\/"]}]},{"@type":"ImageObject","inLanguage":"pt-PT","@id":"https:\/\/portaltela.pt\/noticias\/2026\/02\/18\/camionista-apanhado-a-conduzir-com-322-g-l-de-alcool-no-sangue\/#primaryimage","url":"https:\/\/portaltela.pt\/s.01k8rhncp4jt1\/2026\/02\/image-1323.jpg","contentUrl":"https:\/\/portaltela.pt\/s.01k8rhncp4jt1\/2026\/02\/image-1323.jpg","width":796,"height":448,"caption":"GNR intercetou e abordou condutor que acusou 3,22 g\/l de \u00e1lcool no sangue"},{"@type":"BreadcrumbList","@id":"https:\/\/portaltela.pt\/noticias\/2026\/02\/18\/camionista-apanhado-a-conduzir-com-322-g-l-de-alcool-no-sangue\/#breadcrumb","itemListElement":[{"@type":"ListItem","position":1,"name":"In\u00edcio","item":"https:\/\/portaltela.pt\/"},{"@type":"ListItem","position":2,"name":"Camionista apanhado a conduzir com 3,22 g\/l de \u00e1lcool no sangue"}]},{"@type":"WebSite","@id":"https:\/\/portaltela.pt\/#website","url":"https:\/\/portaltela.pt\/","name":"Portal Tela Portugal","description":"","potentialAction":[{"@type":"SearchAction","target":{"@type":"EntryPoint","urlTemplate":"https:\/\/portaltela.pt\/?s={search_term_string}"},"query-input":{"@type":"PropertyValueSpecification","valueRequired":true,"valueName":"search_term_string"}}],"inLanguage":"pt-PT"},{"@type":"Person","@id":"https:\/\/portaltela.pt\/#\/schema\/person\/c4278d4a6028830caff9ee44b42d32ed","name":"Telinha","image":{"@type":"ImageObject","inLanguage":"pt-PT","@id":"https:\/\/portaltela.pt\/s.01k8rhncp4jt1\/2025\/11\/talking-bot-125x125.png","url":"https:\/\/portaltela.pt\/s.01k8rhncp4jt1\/2025\/11\/talking-bot-125x125.png","contentUrl":"https:\/\/portaltela.pt\/s.01k8rhncp4jt1\/2025\/11\/talking-bot-125x125.png","caption":"Telinha"},"sameAs":["https:\/\/portaltela.pt\/"],"url":"https:\/\/portaltela.pt\/por\/367410592786\/"}]}},"_links":{"self":[{"href":"https:\/\/portaltela.pt\/api\/wp\/v2\/posts\/215837","targetHints":{"allow":["GET"]}}],"collection":[{"href":"https:\/\/portaltela.pt\/api\/wp\/v2\/posts"}],"about":[{"href":"https:\/\/portaltela.pt\/api\/wp\/v2\/types\/post"}],"author":[{"embeddable":true,"href":"https:\/\/portaltela.pt\/api\/wp\/v2\/users\/2"}],"replies":[{"embeddable":true,"href":"https:\/\/portaltela.pt\/api\/wp\/v2\/comments?post=215837"}],"version-history":[{"count":0,"href":"https:\/\/portaltela.pt\/api\/wp\/v2\/posts\/215837\/revisions"}],"wp:featuredmedia":[{"embeddable":true,"href":"https:\/\/portaltela.pt\/api\/wp\/v2\/media\/215841"}],"wp:attachment":[{"href":"https:\/\/portaltela.pt\/api\/wp\/v2\/media?parent=215837"}],"wp:term":[{"taxonomy":"category","embeddable":true,"href":"https:\/\/portaltela.pt\/api\/wp\/v2\/categories?post=215837"},{"taxonomy":"post_tag","embeddable":true,"href":"https:\/\/portaltela.pt\/api\/wp\/v2\/tags?post=215837"}],"curies":[{"name":"wp","href":"https:\/\/api.w.org\/{rel}","templated":true}]}}